{"id":11633,"date":"2022-02-16T15:00:19","date_gmt":"2022-02-16T14:00:19","guid":{"rendered":"https:\/\/www.naturparkmagazin.de\/stechlin\/?p=11633"},"modified":"2025-06-19T13:39:51","modified_gmt":"2025-06-19T11:39:51","slug":"fotoausstellung-unterwegs-alleen-in-ostprignitz-ruppin","status":"publish","type":"post","link":"https:\/\/www.naturparkmagazin.de\/stechlin\/fotoausstellung-unterwegs-alleen-in-ostprignitz-ruppin\/","title":{"rendered":"Fotoausstellung &#8222;UNTERWEGS &#8211; Alleen in Ostprignitz-Ruppin&#8220; (2022)"},"content":{"rendered":"<p>Ab sofort kann im Saal der Regionalwerkstatt Stechlin in Menz eine Fotoausstellung mit dem Titel &#8222;UNTERWEGS &#8211; Alleen in Ostprignitz-Ruppin&#8220; besichtigt werden. Die Ausstellung ist ein Projekt der Erwachsenenfotogruppe der Jugendkunstschule Neuruppin, unter der k\u00fcnsterischen Leitung von Mathias Richter.<\/p>\n<div id=\"attachment_11693\" style=\"width: 310px\" class=\"wp-caption aligncenter\"><a href=\"https:\/\/www.naturparkmagazin.de\/stechlin\/wp-content\/uploads\/sites\/38\/Foto-f\u00fcr-Ausstellung_UNTERWEGS-Alleen-in-Ostprignitz-Ruppin_-Martina_Pape.jpg\"><img aria-describedby=\"caption-attachment-11693\" decoding=\"async\" loading=\"lazy\" class=\"size-thumbnail wp-image-11693\" src=\"https:\/\/www.naturparkmagazin.de\/stechlin\/wp-content\/uploads\/sites\/38\/Foto-f\u00fcr-Ausstellung_UNTERWEGS-Alleen-in-Ostprignitz-Ruppin_-Martina_Pape-300x180.jpg\" alt=\"\u00a9 Martina Pape\" width=\"300\" height=\"180\" srcset=\"https:\/\/www.naturparkmagazin.de\/stechlin\/wp-content\/uploads\/sites\/38\/Foto-f\u00fcr-Ausstellung_UNTERWEGS-Alleen-in-Ostprignitz-Ruppin_-Martina_Pape-300x180.jpg 300w, https:\/\/www.naturparkmagazin.de\/stechlin\/wp-content\/uploads\/sites\/38\/Foto-f\u00fcr-Ausstellung_UNTERWEGS-Alleen-in-Ostprignitz-Ruppin_-Martina_Pape.jpg 500w, https:\/\/www.naturparkmagazin.de\/stechlin\/wp-content\/uploads\/sites\/38\/Foto-f\u00fcr-Ausstellung_UNTERWEGS-Alleen-in-Ostprignitz-Ruppin_-Martina_Pape-200x120.jpg 200w\" sizes=\"(max-width: 300px) 100vw, 300px\" \/><\/a><p id=\"caption-attachment-11693\" class=\"wp-caption-text\">\u00a9 Martina Pape<\/p><\/div>\n<p>Sie wurde im Rahmen des Projektes &#8222;LandKULTUR &#8211; Kunst am Anger&#8220; (Projekttr\u00e4ger: Bundesanstalt f\u00fcr Ern\u00e4hrung und Landwirtschaft) f\u00fcr die Ortsteile von Neuruppin initiiert und durch die Fontanestadt Neuruppin und das Bundesministerium f\u00fcr Ern\u00e4hrung und Landwirtschaft gef\u00f6rdert.<\/p>\n<div id=\"attachment_11638\" style=\"width: 310px\" class=\"wp-caption aligncenter\"><a href=\"https:\/\/www.naturparkmagazin.de\/stechlin\/wp-content\/uploads\/sites\/38\/Mathias-Richter-Jugendkunstschule-Neuruppin-beim-H\u00e4ngen-der-Bilder.jpg\"><img aria-describedby=\"caption-attachment-11638\" decoding=\"async\" loading=\"lazy\" class=\"size-thumbnail wp-image-11638\" src=\"https:\/\/www.naturparkmagazin.de\/stechlin\/wp-content\/uploads\/sites\/38\/Mathias-Richter-Jugendkunstschule-Neuruppin-beim-H\u00e4ngen-der-Bilder-300x180.jpg\" alt=\"\u00a9 Foto: Dr. Mario Schrumpf\" width=\"300\" height=\"180\" srcset=\"https:\/\/www.naturparkmagazin.de\/stechlin\/wp-content\/uploads\/sites\/38\/Mathias-Richter-Jugendkunstschule-Neuruppin-beim-H\u00e4ngen-der-Bilder-300x180.jpg 300w, https:\/\/www.naturparkmagazin.de\/stechlin\/wp-content\/uploads\/sites\/38\/Mathias-Richter-Jugendkunstschule-Neuruppin-beim-H\u00e4ngen-der-Bilder.jpg 500w, https:\/\/www.naturparkmagazin.de\/stechlin\/wp-content\/uploads\/sites\/38\/Mathias-Richter-Jugendkunstschule-Neuruppin-beim-H\u00e4ngen-der-Bilder-200x120.jpg 200w\" sizes=\"(max-width: 300px) 100vw, 300px\" \/><\/a><p id=\"caption-attachment-11638\" class=\"wp-caption-text\">Der Leiter der Erwachsenenfotogruppe Mathias Richter beim H\u00e4ngen der Ausstellung \u00a9 Foto: Dr. Mario Schrumpf<\/p><\/div>\n<p>Die Ausstellung kann bis zum 30. April w\u00e4hrend der \u00d6ffnungszeiten des Besucherzentrums NaturParkHaus Stechlin besichtigt werden.<\/p>\n<p>Aufgrund der Corona-Pandemie wird auf die sonst \u00fcbliche feierliche Er\u00f6ffnung verzichtet.<\/p>\n<p>Besucher melden sich bitte im benachbarten NaturParkHaus. Der Besuch der Ausstellung ist kostenfrei. Es gelten die aktuellen Corona-Bestimmungen.<\/p>\n","protected":false},"excerpt":{"rendered":"<p>Ab sofort kann im Saal der Regionalwerkstatt Stechlin in Menz eine Fotoausstellung der Erwachsenenfotogruppe der Jugendkunstschule Neuruppin besichtigt werden.<\/p>\n","protected":false},"author":39,"featured_media":11639,"comment_status":"open","ping_status":"open","sticky":false,"template":"","format":"standard","meta":[],"categories":[11],"tags":[],"yoast_head":"<!-- This site is optimized with the Yoast SEO plugin v19.10 - https:\/\/yoast.com\/wordpress\/plugins\/seo\/ -->\n<title>Fotoausstellung &quot;UNTERWEGS - Alleen in Ostprignitz-Ruppin&quot; (2022) - Naturpark Stechlin-Ruppiner Land<\/title>\n<meta name=\"robots\" content=\"index, follow, max-snippet:-1, max-image-preview:large, max-video-preview:-1\" \/>\n<link rel=\"canonical\" href=\"https:\/\/www.naturparkmagazin.de\/stechlin\/fotoausstellung-unterwegs-alleen-in-ostprignitz-ruppin\/\" \/>\n<meta property=\"og:locale\" content=\"de_DE\" \/>\n<meta property=\"og:type\" content=\"article\" \/>\n<meta property=\"og:title\" content=\"Fotoausstellung &quot;UNTERWEGS - Alleen in Ostprignitz-Ruppin&quot; (2022) - Naturpark Stechlin-Ruppiner Land\" \/>\n<meta property=\"og:description\" content=\"Ab sofort kann im Saal der Regionalwerkstatt Stechlin in Menz eine Fotoausstellung der Erwachsenenfotogruppe der Jugendkunstschule Neuruppin besichtigt werden.\" \/>\n<meta property=\"og:url\" content=\"https:\/\/www.naturparkmagazin.de\/stechlin\/fotoausstellung-unterwegs-alleen-in-ostprignitz-ruppin\/\" \/>\n<meta property=\"og:site_name\" content=\"Naturpark Stechlin-Ruppiner Land\" \/>\n<meta property=\"article:published_time\" content=\"2022-02-16T14:00:19+00:00\" \/>\n<meta property=\"article:modified_time\" content=\"2025-06-19T11:39:51+00:00\" \/>\n<meta property=\"og:image\" content=\"https:\/\/www.naturparkmagazin.de\/stechlin\/wp-content\/uploads\/sites\/38\/Mathias-Richter-Jugendkunstschule-Neuruppin-beim-H\u00e4ngen-der-Bilder_a.jpg\" \/>\n\t<meta property=\"og:image:width\" content=\"200\" \/>\n\t<meta property=\"og:image:height\" content=\"200\" \/>\n\t<meta property=\"og:image:type\" content=\"image\/jpeg\" \/>\n<meta name=\"author\" content=\"marioschrumpf\" \/>\n<meta name=\"twitter:label1\" content=\"Verfasst von\" \/>\n\t<meta name=\"twitter:data1\" content=\"marioschrumpf\" \/>\n\t<meta name=\"twitter:label2\" content=\"Gesch\u00e4tzte Lesezeit\" \/>\n\t<meta name=\"twitter:data2\" content=\"1\u00a0Minute\" \/>\n<script type=\"application\/ld+json\" class=\"yoast-schema-graph\">{\"@context\":\"https:\/\/schema.org\",\"@graph\":[{\"@type\":\"WebPage\",\"@id\":\"https:\/\/www.naturparkmagazin.de\/stechlin\/fotoausstellung-unterwegs-alleen-in-ostprignitz-ruppin\/\",\"url\":\"https:\/\/www.naturparkmagazin.de\/stechlin\/fotoausstellung-unterwegs-alleen-in-ostprignitz-ruppin\/\",\"name\":\"Fotoausstellung \\\"UNTERWEGS - Alleen in Ostprignitz-Ruppin\\\" (2022) - Naturpark Stechlin-Ruppiner Land\",\"isPartOf\":{\"@id\":\"https:\/\/www.naturparkmagazin.de\/stechlin\/#website\"},\"datePublished\":\"2022-02-16T14:00:19+00:00\",\"dateModified\":\"2025-06-19T11:39:51+00:00\",\"author\":{\"@id\":\"https:\/\/www.naturparkmagazin.de\/stechlin\/#\/schema\/person\/3f0d93203df21c806dd63c76d9bb28bc\"},\"breadcrumb\":{\"@id\":\"https:\/\/www.naturparkmagazin.de\/stechlin\/fotoausstellung-unterwegs-alleen-in-ostprignitz-ruppin\/#breadcrumb\"},\"inLanguage\":\"de\",\"potentialAction\":[{\"@type\":\"ReadAction\",\"target\":[\"https:\/\/www.naturparkmagazin.de\/stechlin\/fotoausstellung-unterwegs-alleen-in-ostprignitz-ruppin\/\"]}]},{\"@type\":\"BreadcrumbList\",\"@id\":\"https:\/\/www.naturparkmagazin.de\/stechlin\/fotoausstellung-unterwegs-alleen-in-ostprignitz-ruppin\/#breadcrumb\",\"itemListElement\":[{\"@type\":\"ListItem\",\"position\":1,\"name\":\"Home\",\"item\":\"https:\/\/www.naturparkmagazin.de\/stechlin\/\"},{\"@type\":\"ListItem\",\"position\":2,\"name\":\"Fotoausstellung &#8222;UNTERWEGS &#8211; Alleen in Ostprignitz-Ruppin&#8220; (2022)\"}]},{\"@type\":\"WebSite\",\"@id\":\"https:\/\/www.naturparkmagazin.de\/stechlin\/#website\",\"url\":\"https:\/\/www.naturparkmagazin.de\/stechlin\/\",\"name\":\"Naturpark Stechlin-Ruppiner Land\",\"description\":\"\",\"potentialAction\":[{\"@type\":\"SearchAction\",\"target\":{\"@type\":\"EntryPoint\",\"urlTemplate\":\"https:\/\/www.naturparkmagazin.de\/stechlin\/?s={search_term_string}\"},\"query-input\":\"required name=search_term_string\"}],\"inLanguage\":\"de\"},{\"@type\":\"Person\",\"@id\":\"https:\/\/www.naturparkmagazin.de\/stechlin\/#\/schema\/person\/3f0d93203df21c806dd63c76d9bb28bc\",\"name\":\"marioschrumpf\",\"url\":\"https:\/\/www.naturparkmagazin.de\/stechlin\/author\/marioschrumpf\/\"}]}<\/script>\n<!-- \/ Yoast SEO plugin. -->","yoast_head_json":{"title":"Fotoausstellung \"UNTERWEGS - Alleen in Ostprignitz-Ruppin\" (2022) - Naturpark Stechlin-Ruppiner Land","robots":{"index":"index","follow":"follow","max-snippet":"max-snippet:-1","max-image-preview":"max-image-preview:large","max-video-preview":"max-video-preview:-1"},"canonical":"https:\/\/www.naturparkmagazin.de\/stechlin\/fotoausstellung-unterwegs-alleen-in-ostprignitz-ruppin\/","og_locale":"de_DE","og_type":"article","og_title":"Fotoausstellung \"UNTERWEGS - Alleen in Ostprignitz-Ruppin\" (2022) - Naturpark Stechlin-Ruppiner Land","og_description":"Ab sofort kann im Saal der Regionalwerkstatt Stechlin in Menz eine Fotoausstellung der Erwachsenenfotogruppe der Jugendkunstschule Neuruppin besichtigt werden.","og_url":"https:\/\/www.naturparkmagazin.de\/stechlin\/fotoausstellung-unterwegs-alleen-in-ostprignitz-ruppin\/","og_site_name":"Naturpark Stechlin-Ruppiner Land","article_published_time":"2022-02-16T14:00:19+00:00","article_modified_time":"2025-06-19T11:39:51+00:00","og_image":[{"width":200,"height":200,"url":"https:\/\/www.naturparkmagazin.de\/stechlin\/wp-content\/uploads\/sites\/38\/Mathias-Richter-Jugendkunstschule-Neuruppin-beim-H\u00e4ngen-der-Bilder_a.jpg","type":"image\/jpeg"}],"author":"marioschrumpf","twitter_misc":{"Verfasst von":"marioschrumpf","Gesch\u00e4tzte Lesezeit":"1\u00a0Minute"},"schema":{"@context":"https:\/\/schema.org","@graph":[{"@type":"WebPage","@id":"https:\/\/www.naturparkmagazin.de\/stechlin\/fotoausstellung-unterwegs-alleen-in-ostprignitz-ruppin\/","url":"https:\/\/www.naturparkmagazin.de\/stechlin\/fotoausstellung-unterwegs-alleen-in-ostprignitz-ruppin\/","name":"Fotoausstellung \"UNTERWEGS - Alleen in Ostprignitz-Ruppin\" (2022) - Naturpark Stechlin-Ruppiner Land","isPartOf":{"@id":"https:\/\/www.naturparkmagazin.de\/stechlin\/#website"},"datePublished":"2022-02-16T14:00:19+00:00","dateModified":"2025-06-19T11:39:51+00:00","author":{"@id":"https:\/\/www.naturparkmagazin.de\/stechlin\/#\/schema\/person\/3f0d93203df21c806dd63c76d9bb28bc"},"breadcrumb":{"@id":"https:\/\/www.naturparkmagazin.de\/stechlin\/fotoausstellung-unterwegs-alleen-in-ostprignitz-ruppin\/#breadcrumb"},"inLanguage":"de","potentialAction":[{"@type":"ReadAction","target":["https:\/\/www.naturparkmagazin.de\/stechlin\/fotoausstellung-unterwegs-alleen-in-ostprignitz-ruppin\/"]}]},{"@type":"BreadcrumbList","@id":"https:\/\/www.naturparkmagazin.de\/stechlin\/fotoausstellung-unterwegs-alleen-in-ostprignitz-ruppin\/#breadcrumb","itemListElement":[{"@type":"ListItem","position":1,"name":"Home","item":"https:\/\/www.naturparkmagazin.de\/stechlin\/"},{"@type":"ListItem","position":2,"name":"Fotoausstellung &#8222;UNTERWEGS &#8211; Alleen in Ostprignitz-Ruppin&#8220; (2022)"}]},{"@type":"WebSite","@id":"https:\/\/www.naturparkmagazin.de\/stechlin\/#website","url":"https:\/\/www.naturparkmagazin.de\/stechlin\/","name":"Naturpark Stechlin-Ruppiner Land","description":"","potentialAction":[{"@type":"SearchAction","target":{"@type":"EntryPoint","urlTemplate":"https:\/\/www.naturparkmagazin.de\/stechlin\/?s={search_term_string}"},"query-input":"required name=search_term_string"}],"inLanguage":"de"},{"@type":"Person","@id":"https:\/\/www.naturparkmagazin.de\/stechlin\/#\/schema\/person\/3f0d93203df21c806dd63c76d9bb28bc","name":"marioschrumpf","url":"https:\/\/www.naturparkmagazin.de\/stechlin\/author\/marioschrumpf\/"}]}},"_links":{"self":[{"href":"https:\/\/www.naturparkmagazin.de\/stechlin\/wp-json\/wp\/v2\/posts\/11633"}],"collection":[{"href":"https:\/\/www.naturparkmagazin.de\/stechlin\/wp-json\/wp\/v2\/posts"}],"about":[{"href":"https:\/\/www.naturparkmagazin.de\/stechlin\/wp-json\/wp\/v2\/types\/post"}],"author":[{"embeddable":true,"href":"https:\/\/www.naturparkmagazin.de\/stechlin\/wp-json\/wp\/v2\/users\/39"}],"replies":[{"embeddable":true,"href":"https:\/\/www.naturparkmagazin.de\/stechlin\/wp-json\/wp\/v2\/comments?post=11633"}],"version-history":[{"count":6,"href":"https:\/\/www.naturparkmagazin.de\/stechlin\/wp-json\/wp\/v2\/posts\/11633\/revisions"}],"predecessor-version":[{"id":17509,"href":"https:\/\/www.naturparkmagazin.de\/stechlin\/wp-json\/wp\/v2\/posts\/11633\/revisions\/17509"}],"wp:featuredmedia":[{"embeddable":true,"href":"https:\/\/www.naturparkmagazin.de\/stechlin\/wp-json\/wp\/v2\/media\/11639"}],"wp:attachment":[{"href":"https:\/\/www.naturparkmagazin.de\/stechlin\/wp-json\/wp\/v2\/media?parent=11633"}],"wp:term":[{"taxonomy":"category","embeddable":true,"href":"https:\/\/www.naturparkmagazin.de\/stechlin\/wp-json\/wp\/v2\/categories?post=11633"},{"taxonomy":"post_tag","embeddable":true,"href":"https:\/\/www.naturparkmagazin.de\/stechlin\/wp-json\/wp\/v2\/tags?post=11633"}],"curies":[{"name":"wp","href":"https:\/\/api.w.org\/{rel}","templated":true}]}}