{"id":11655,"date":"2022-02-16T15:00:22","date_gmt":"2022-02-16T14:00:22","guid":{"rendered":"https:\/\/www.naturparkmagazin.de\/stechlin\/?p=11655"},"modified":"2022-02-18T11:20:45","modified_gmt":"2022-02-18T10:20:45","slug":"uhr-auf-natour-wanderung-in-den-fruehling","status":"publish","type":"post","link":"https:\/\/www.naturparkmagazin.de\/stechlin\/uhr-auf-natour-wanderung-in-den-fruehling\/","title":{"rendered":"Uhr auf NaTour &#8211; Wanderung in den Fr\u00fchling"},"content":{"rendered":"<p>Die Zeitumstellung von Winter- auf Sommerzeit ist der Start in den Fr\u00fchling. Die Natur erwacht aus ihrem Winterschlaf. Erste Fr\u00fchlingsbl\u00fcher werden gesichtet. V\u00f6gel gehen auf Partnersuche, bauen Nester und br\u00fcten ihren Nachwuchs aus. B\u00e4ume, Str\u00e4ucher zeigen ihr erstes Gr\u00fcn\u2026<\/p>\n<div id=\"attachment_11661\" style=\"width: 310px\" class=\"wp-caption aligncenter\"><a href=\"https:\/\/www.naturparkmagazin.de\/stechlin\/wp-content\/uploads\/sites\/38\/uhr-auf-natur_1.jpg\"><img aria-describedby=\"caption-attachment-11661\" decoding=\"async\" loading=\"lazy\" class=\"size-thumbnail wp-image-11661\" src=\"https:\/\/www.naturparkmagazin.de\/stechlin\/wp-content\/uploads\/sites\/38\/uhr-auf-natur_1-300x180.jpg\" alt=\"\u00a9 NaturParkHaus Stechlin\" width=\"300\" height=\"180\" srcset=\"https:\/\/www.naturparkmagazin.de\/stechlin\/wp-content\/uploads\/sites\/38\/uhr-auf-natur_1-300x180.jpg 300w, https:\/\/www.naturparkmagazin.de\/stechlin\/wp-content\/uploads\/sites\/38\/uhr-auf-natur_1.jpg 500w, https:\/\/www.naturparkmagazin.de\/stechlin\/wp-content\/uploads\/sites\/38\/uhr-auf-natur_1-200x120.jpg 200w\" sizes=\"(max-width: 300px) 100vw, 300px\" \/><\/a><p id=\"caption-attachment-11661\" class=\"wp-caption-text\">Die ersten Fr\u00fchlingsboten \u00a9 NaturParkHaus Stechlin<\/p><\/div>\n<p>All dies wollen wir auf einer Wanderung rund um den Roofensee erkunden.<\/p>\n<p>&nbsp;<\/p>\n<div id=\"attachment_9897\" style=\"width: 310px\" class=\"wp-caption aligncenter\"><a href=\"https:\/\/www.naturparkmagazin.de\/stechlin\/wp-content\/uploads\/sites\/38\/moor-zauft.jpg\"><img aria-describedby=\"caption-attachment-9897\" decoding=\"async\" loading=\"lazy\" class=\"wp-image-9897 size-thumbnail\" src=\"https:\/\/www.naturparkmagazin.de\/stechlin\/wp-content\/uploads\/sites\/38\/moor-zauft-300x180.jpg\" alt=\"Michael Zauft beschreibt bei str\u00f6mendem Regen aber geduldigen Zuh\u00f6rer*innen Wiedervern\u00e4ssungsma\u00dfnahmen von Waldmooren\" width=\"300\" height=\"180\" srcset=\"https:\/\/www.naturparkmagazin.de\/stechlin\/wp-content\/uploads\/sites\/38\/moor-zauft-300x180.jpg 300w, https:\/\/www.naturparkmagazin.de\/stechlin\/wp-content\/uploads\/sites\/38\/moor-zauft.jpg 500w, https:\/\/www.naturparkmagazin.de\/stechlin\/wp-content\/uploads\/sites\/38\/moor-zauft-200x120.jpg 200w\" sizes=\"(max-width: 300px) 100vw, 300px\" \/><\/a><p id=\"caption-attachment-9897\" class=\"wp-caption-text\">Wanderungen um den Roofensee sind bei jedem Wetter und zu jeder Jahreszeit ein Erlebnis\u00a0 \u00a9 Heiko Strobel<\/p><\/div>\n<p>&nbsp;<\/p>\n<p>&nbsp;<\/p>\n<p><span style=\"text-decoration: underline\">Kontakt:<\/span><\/p>\n<p>NaturParkHaus Stechlin<\/p>\n<p>Kirchstra\u00dfe 4<\/p>\n<p>16775 Stechlin OT Menz<\/p>\n<p>Tel.: +49 033082-51210<\/p>\n<p>post@naturparkhaus.de<\/p>\n<p><a href=\"http:\/\/www.naturparkhaus.de\">www.naturparkhaus.de<\/a><\/p>\n<p>&nbsp;<\/p>\n","protected":false},"excerpt":{"rendered":"<p>Das Besucherzentrum NaturParkHaus Stechlin l\u00e4dt am 27. M\u00e4rz, 10 Uhr zu einer Wanderung um den Roofensee ein.<\/p>\n","protected":false},"author":39,"featured_media":11662,"comment_status":"open","ping_status":"open","sticky":false,"template":"","format":"standard","meta":[],"categories":[11],"tags":[],"yoast_head":"<!-- This site is optimized with the Yoast SEO plugin v19.10 - https:\/\/yoast.com\/wordpress\/plugins\/seo\/ -->\n<title>Uhr auf NaTour - Wanderung in den Fr\u00fchling - Naturpark Stechlin-Ruppiner Land<\/title>\n<meta name=\"robots\" content=\"index, follow, max-snippet:-1, max-image-preview:large, max-video-preview:-1\" \/>\n<link rel=\"canonical\" href=\"https:\/\/www.naturparkmagazin.de\/stechlin\/uhr-auf-natour-wanderung-in-den-fruehling\/\" \/>\n<meta property=\"og:locale\" content=\"de_DE\" \/>\n<meta property=\"og:type\" content=\"article\" \/>\n<meta property=\"og:title\" content=\"Uhr auf NaTour - Wanderung in den Fr\u00fchling - Naturpark Stechlin-Ruppiner Land\" \/>\n<meta property=\"og:description\" content=\"Das Besucherzentrum NaturParkHaus Stechlin l\u00e4dt am 27. M\u00e4rz, 10 Uhr zu einer Wanderung um den Roofensee ein.\" \/>\n<meta property=\"og:url\" content=\"https:\/\/www.naturparkmagazin.de\/stechlin\/uhr-auf-natour-wanderung-in-den-fruehling\/\" \/>\n<meta property=\"og:site_name\" content=\"Naturpark Stechlin-Ruppiner Land\" \/>\n<meta property=\"article:published_time\" content=\"2022-02-16T14:00:22+00:00\" \/>\n<meta property=\"article:modified_time\" content=\"2022-02-18T10:20:45+00:00\" \/>\n<meta property=\"og:image\" content=\"https:\/\/www.naturparkmagazin.de\/stechlin\/wp-content\/uploads\/sites\/38\/uhr-auf-natur_a.jpg\" \/>\n\t<meta property=\"og:image:width\" content=\"200\" \/>\n\t<meta property=\"og:image:height\" content=\"200\" \/>\n\t<meta property=\"og:image:type\" content=\"image\/jpeg\" \/>\n<meta name=\"author\" content=\"marioschrumpf\" \/>\n<meta name=\"twitter:label1\" content=\"Verfasst von\" \/>\n\t<meta name=\"twitter:data1\" content=\"marioschrumpf\" \/>\n\t<meta name=\"twitter:label2\" content=\"Gesch\u00e4tzte Lesezeit\" \/>\n\t<meta name=\"twitter:data2\" content=\"1\u00a0Minute\" \/>\n<script type=\"application\/ld+json\" class=\"yoast-schema-graph\">{\"@context\":\"https:\/\/schema.org\",\"@graph\":[{\"@type\":\"WebPage\",\"@id\":\"https:\/\/www.naturparkmagazin.de\/stechlin\/uhr-auf-natour-wanderung-in-den-fruehling\/\",\"url\":\"https:\/\/www.naturparkmagazin.de\/stechlin\/uhr-auf-natour-wanderung-in-den-fruehling\/\",\"name\":\"Uhr auf NaTour - Wanderung in den Fr\u00fchling - Naturpark Stechlin-Ruppiner Land\",\"isPartOf\":{\"@id\":\"https:\/\/www.naturparkmagazin.de\/stechlin\/#website\"},\"datePublished\":\"2022-02-16T14:00:22+00:00\",\"dateModified\":\"2022-02-18T10:20:45+00:00\",\"author\":{\"@id\":\"https:\/\/www.naturparkmagazin.de\/stechlin\/#\/schema\/person\/3f0d93203df21c806dd63c76d9bb28bc\"},\"breadcrumb\":{\"@id\":\"https:\/\/www.naturparkmagazin.de\/stechlin\/uhr-auf-natour-wanderung-in-den-fruehling\/#breadcrumb\"},\"inLanguage\":\"de\",\"potentialAction\":[{\"@type\":\"ReadAction\",\"target\":[\"https:\/\/www.naturparkmagazin.de\/stechlin\/uhr-auf-natour-wanderung-in-den-fruehling\/\"]}]},{\"@type\":\"BreadcrumbList\",\"@id\":\"https:\/\/www.naturparkmagazin.de\/stechlin\/uhr-auf-natour-wanderung-in-den-fruehling\/#breadcrumb\",\"itemListElement\":[{\"@type\":\"ListItem\",\"position\":1,\"name\":\"Home\",\"item\":\"https:\/\/www.naturparkmagazin.de\/stechlin\/\"},{\"@type\":\"ListItem\",\"position\":2,\"name\":\"Uhr auf NaTour &#8211; Wanderung in den Fr\u00fchling\"}]},{\"@type\":\"WebSite\",\"@id\":\"https:\/\/www.naturparkmagazin.de\/stechlin\/#website\",\"url\":\"https:\/\/www.naturparkmagazin.de\/stechlin\/\",\"name\":\"Naturpark Stechlin-Ruppiner Land\",\"description\":\"\",\"potentialAction\":[{\"@type\":\"SearchAction\",\"target\":{\"@type\":\"EntryPoint\",\"urlTemplate\":\"https:\/\/www.naturparkmagazin.de\/stechlin\/?s={search_term_string}\"},\"query-input\":\"required name=search_term_string\"}],\"inLanguage\":\"de\"},{\"@type\":\"Person\",\"@id\":\"https:\/\/www.naturparkmagazin.de\/stechlin\/#\/schema\/person\/3f0d93203df21c806dd63c76d9bb28bc\",\"name\":\"marioschrumpf\",\"url\":\"https:\/\/www.naturparkmagazin.de\/stechlin\/author\/marioschrumpf\/\"}]}<\/script>\n<!-- \/ Yoast SEO plugin. -->","yoast_head_json":{"title":"Uhr auf NaTour - Wanderung in den Fr\u00fchling - Naturpark Stechlin-Ruppiner Land","robots":{"index":"index","follow":"follow","max-snippet":"max-snippet:-1","max-image-preview":"max-image-preview:large","max-video-preview":"max-video-preview:-1"},"canonical":"https:\/\/www.naturparkmagazin.de\/stechlin\/uhr-auf-natour-wanderung-in-den-fruehling\/","og_locale":"de_DE","og_type":"article","og_title":"Uhr auf NaTour - Wanderung in den Fr\u00fchling - Naturpark Stechlin-Ruppiner Land","og_description":"Das Besucherzentrum NaturParkHaus Stechlin l\u00e4dt am 27. M\u00e4rz, 10 Uhr zu einer Wanderung um den Roofensee ein.","og_url":"https:\/\/www.naturparkmagazin.de\/stechlin\/uhr-auf-natour-wanderung-in-den-fruehling\/","og_site_name":"Naturpark Stechlin-Ruppiner Land","article_published_time":"2022-02-16T14:00:22+00:00","article_modified_time":"2022-02-18T10:20:45+00:00","og_image":[{"width":200,"height":200,"url":"https:\/\/www.naturparkmagazin.de\/stechlin\/wp-content\/uploads\/sites\/38\/uhr-auf-natur_a.jpg","type":"image\/jpeg"}],"author":"marioschrumpf","twitter_misc":{"Verfasst von":"marioschrumpf","Gesch\u00e4tzte Lesezeit":"1\u00a0Minute"},"schema":{"@context":"https:\/\/schema.org","@graph":[{"@type":"WebPage","@id":"https:\/\/www.naturparkmagazin.de\/stechlin\/uhr-auf-natour-wanderung-in-den-fruehling\/","url":"https:\/\/www.naturparkmagazin.de\/stechlin\/uhr-auf-natour-wanderung-in-den-fruehling\/","name":"Uhr auf NaTour - Wanderung in den Fr\u00fchling - Naturpark Stechlin-Ruppiner Land","isPartOf":{"@id":"https:\/\/www.naturparkmagazin.de\/stechlin\/#website"},"datePublished":"2022-02-16T14:00:22+00:00","dateModified":"2022-02-18T10:20:45+00:00","author":{"@id":"https:\/\/www.naturparkmagazin.de\/stechlin\/#\/schema\/person\/3f0d93203df21c806dd63c76d9bb28bc"},"breadcrumb":{"@id":"https:\/\/www.naturparkmagazin.de\/stechlin\/uhr-auf-natour-wanderung-in-den-fruehling\/#breadcrumb"},"inLanguage":"de","potentialAction":[{"@type":"ReadAction","target":["https:\/\/www.naturparkmagazin.de\/stechlin\/uhr-auf-natour-wanderung-in-den-fruehling\/"]}]},{"@type":"BreadcrumbList","@id":"https:\/\/www.naturparkmagazin.de\/stechlin\/uhr-auf-natour-wanderung-in-den-fruehling\/#breadcrumb","itemListElement":[{"@type":"ListItem","position":1,"name":"Home","item":"https:\/\/www.naturparkmagazin.de\/stechlin\/"},{"@type":"ListItem","position":2,"name":"Uhr auf NaTour &#8211; Wanderung in den Fr\u00fchling"}]},{"@type":"WebSite","@id":"https:\/\/www.naturparkmagazin.de\/stechlin\/#website","url":"https:\/\/www.naturparkmagazin.de\/stechlin\/","name":"Naturpark Stechlin-Ruppiner Land","description":"","potentialAction":[{"@type":"SearchAction","target":{"@type":"EntryPoint","urlTemplate":"https:\/\/www.naturparkmagazin.de\/stechlin\/?s={search_term_string}"},"query-input":"required name=search_term_string"}],"inLanguage":"de"},{"@type":"Person","@id":"https:\/\/www.naturparkmagazin.de\/stechlin\/#\/schema\/person\/3f0d93203df21c806dd63c76d9bb28bc","name":"marioschrumpf","url":"https:\/\/www.naturparkmagazin.de\/stechlin\/author\/marioschrumpf\/"}]}},"_links":{"self":[{"href":"https:\/\/www.naturparkmagazin.de\/stechlin\/wp-json\/wp\/v2\/posts\/11655"}],"collection":[{"href":"https:\/\/www.naturparkmagazin.de\/stechlin\/wp-json\/wp\/v2\/posts"}],"about":[{"href":"https:\/\/www.naturparkmagazin.de\/stechlin\/wp-json\/wp\/v2\/types\/post"}],"author":[{"embeddable":true,"href":"https:\/\/www.naturparkmagazin.de\/stechlin\/wp-json\/wp\/v2\/users\/39"}],"replies":[{"embeddable":true,"href":"https:\/\/www.naturparkmagazin.de\/stechlin\/wp-json\/wp\/v2\/comments?post=11655"}],"version-history":[{"count":8,"href":"https:\/\/www.naturparkmagazin.de\/stechlin\/wp-json\/wp\/v2\/posts\/11655\/revisions"}],"predecessor-version":[{"id":11709,"href":"https:\/\/www.naturparkmagazin.de\/stechlin\/wp-json\/wp\/v2\/posts\/11655\/revisions\/11709"}],"wp:featuredmedia":[{"embeddable":true,"href":"https:\/\/www.naturparkmagazin.de\/stechlin\/wp-json\/wp\/v2\/media\/11662"}],"wp:attachment":[{"href":"https:\/\/www.naturparkmagazin.de\/stechlin\/wp-json\/wp\/v2\/media?parent=11655"}],"wp:term":[{"taxonomy":"category","embeddable":true,"href":"https:\/\/www.naturparkmagazin.de\/stechlin\/wp-json\/wp\/v2\/categories?post=11655"},{"taxonomy":"post_tag","embeddable":true,"href":"https:\/\/www.naturparkmagazin.de\/stechlin\/wp-json\/wp\/v2\/tags?post=11655"}],"curies":[{"name":"wp","href":"https:\/\/api.w.org\/{rel}","templated":true}]}}