{"id":11657,"date":"2023-02-16T16:04:02","date_gmt":"2023-02-16T15:04:02","guid":{"rendered":"https:\/\/www.naturparkmagazin.de\/stechlin\/?p=11657"},"modified":"2025-04-25T08:39:23","modified_gmt":"2025-04-25T06:39:23","slug":"die-alte-sorten-fragestunde-in-menz","status":"publish","type":"post","link":"https:\/\/www.naturparkmagazin.de\/stechlin\/die-alte-sorten-fragestunde-in-menz\/","title":{"rendered":"&#8222;Die Alte Sorten Fragestunde&#8220; in Menz (2023)"},"content":{"rendered":"<p>Viele Gartenfreunde warten schon ungeduldig auf den Beginn der Gartensaison. Wenn die Sonne h\u00f6her steigt und mit ihr fr\u00fchlingshafte Temparaturen ins Freie locken, dann ist am <strong>31.3. um 18:00 Uhr<\/strong> auch Zeit f\u00fcr die schon fast zur Tradition gewordenen &#8222;<em>Alte Sorten Fragestunde<\/em>&#8220; in der <strong>Regionalwerkstatt Stechlin in Menz<\/strong>.<\/p>\n<div id=\"attachment_5340\" style=\"width: 210px\" class=\"wp-caption aligncenter\"><a href=\"https:\/\/www.naturparkmagazin.de\/stechlin\/wp-content\/uploads\/sites\/38\/tomaten_gr\u00fcnzeug.jpg\"><img aria-describedby=\"caption-attachment-5340\" decoding=\"async\" loading=\"lazy\" class=\"wp-image-5340 size-full\" src=\"https:\/\/www.naturparkmagazin.de\/stechlin\/wp-content\/uploads\/sites\/38\/tomaten_gr\u00fcnzeug.jpg\" alt=\"Die Kleine Tomtenpflanzenb\u00f6rse ist ein Besuchermagnet.\" width=\"200\" height=\"200\" srcset=\"https:\/\/www.naturparkmagazin.de\/stechlin\/wp-content\/uploads\/sites\/38\/tomaten_gr\u00fcnzeug.jpg 200w, https:\/\/www.naturparkmagazin.de\/stechlin\/wp-content\/uploads\/sites\/38\/tomaten_gr\u00fcnzeug-30x30.jpg 30w\" sizes=\"(max-width: 200px) 100vw, 200px\" \/><\/a><p id=\"caption-attachment-5340\" class=\"wp-caption-text\">Der VERN engagiert sich f\u00fcr den Erhalt alter Sorten &#8211; Anfang Mai k\u00f6nnen aus dem Sortiment alter Tomatensorten bei der Pflanzenb\u00f6rse in Menz Jungpflanzen erworben werden. \u00a9 Archiv NaturParkHaus<\/p><\/div>\n<p>Zu Beginn werden in einem Vortrag Informationen zur Erhaltung alter Nutzpflanzensorten gegeben.<\/p>\n<p>Danach k\u00f6nnen alle interessierten Besucherinnen und Besucher Fragen zu den alten Sorten, zum Anbau, Pflege und Vermehrung stellen, die vom Verein zur Erhaltung und Rekultivierung von Nutzpflanzen \u201eVERN\u201c e.V. beantwortet werden.<\/p>\n<p>Der VERN-Katalog mit Sortenbeschreibung liegt im NaturParkHaus Stechlin aus bzw. kann unter <a href=\"http:\/\/www.vern.de\">www.vern.de<\/a> eingesehen werden.<\/p>\n<p>An diesem Abend werden Pflanzkartoffeln und S\u00e4mereien abgegeben.<\/p>\n<div id=\"attachment_11659\" style=\"width: 310px\" class=\"wp-caption aligncenter\"><a href=\"https:\/\/www.naturparkmagazin.de\/stechlin\/wp-content\/uploads\/sites\/38\/alte-sorten_1.jpg\"><img aria-describedby=\"caption-attachment-11659\" decoding=\"async\" loading=\"lazy\" class=\"size-thumbnail wp-image-11659\" src=\"https:\/\/www.naturparkmagazin.de\/stechlin\/wp-content\/uploads\/sites\/38\/alte-sorten_1-300x180.jpg\" alt=\"\u00a9 NaturParkHaus Stechlin\" width=\"300\" height=\"180\" \/><\/a><p id=\"caption-attachment-11659\" class=\"wp-caption-text\">\u00a9 NaturParkHaus Stechlin<\/p><\/div>\n<p><span style=\"text-decoration: underline\">Kontakt:<\/span><\/p>\n<p>NaturParkHaus Stechlin in Menz<\/p>\n<p>Kirchstra\u00dfe 4<\/p>\n<p>16775 Stechlin OT Menz<\/p>\n<p>Tel.: +49 033082-51210<\/p>\n<p>post@naturparkhaus.de<\/p>\n<p><a href=\"http:\/\/www.naturparkhaus.de\">www.naturparkhaus.de<\/a><\/p>\n","protected":false},"excerpt":{"rendered":"<p>Das Besucherzentrum NaturParkHaus Stechlin l\u00e4dt am 31. M\u00e4rz, 18 Uhr zur &#8222;Alte Sorten Fragestunde&#8220; in die Regionalwerkstatt Stechlin in Menz ein.<\/p>\n","protected":false},"author":39,"featured_media":11660,"comment_status":"open","ping_status":"open","sticky":false,"template":"","format":"standard","meta":[],"categories":[11],"tags":[],"yoast_head":"<!-- This site is optimized with the Yoast SEO plugin v19.10 - https:\/\/yoast.com\/wordpress\/plugins\/seo\/ -->\n<title>&quot;Die Alte Sorten Fragestunde&quot; in Menz (2023) - Naturpark Stechlin-Ruppiner Land<\/title>\n<meta name=\"robots\" content=\"index, follow, max-snippet:-1, max-image-preview:large, max-video-preview:-1\" \/>\n<link rel=\"canonical\" href=\"https:\/\/www.naturparkmagazin.de\/stechlin\/die-alte-sorten-fragestunde-in-menz\/\" \/>\n<meta property=\"og:locale\" content=\"de_DE\" \/>\n<meta property=\"og:type\" content=\"article\" \/>\n<meta property=\"og:title\" content=\"&quot;Die Alte Sorten Fragestunde&quot; in Menz (2023) - Naturpark Stechlin-Ruppiner Land\" \/>\n<meta property=\"og:description\" content=\"Das Besucherzentrum NaturParkHaus Stechlin l\u00e4dt am 31. M\u00e4rz, 18 Uhr zur &quot;Alte Sorten Fragestunde&quot; in die Regionalwerkstatt Stechlin in Menz ein.\" \/>\n<meta property=\"og:url\" content=\"https:\/\/www.naturparkmagazin.de\/stechlin\/die-alte-sorten-fragestunde-in-menz\/\" \/>\n<meta property=\"og:site_name\" content=\"Naturpark Stechlin-Ruppiner Land\" \/>\n<meta property=\"article:published_time\" content=\"2023-02-16T15:04:02+00:00\" \/>\n<meta property=\"article:modified_time\" content=\"2025-04-25T06:39:23+00:00\" \/>\n<meta property=\"og:image\" content=\"https:\/\/www.naturparkmagazin.de\/stechlin\/wp-content\/uploads\/sites\/38\/alte-sorten_a.jpg\" \/>\n\t<meta property=\"og:image:width\" content=\"200\" \/>\n\t<meta property=\"og:image:height\" content=\"200\" \/>\n\t<meta property=\"og:image:type\" content=\"image\/jpeg\" \/>\n<meta name=\"author\" content=\"marioschrumpf\" \/>\n<meta name=\"twitter:label1\" content=\"Verfasst von\" \/>\n\t<meta name=\"twitter:data1\" content=\"marioschrumpf\" \/>\n\t<meta name=\"twitter:label2\" content=\"Gesch\u00e4tzte Lesezeit\" \/>\n\t<meta name=\"twitter:data2\" content=\"2\u00a0Minuten\" \/>\n<script type=\"application\/ld+json\" class=\"yoast-schema-graph\">{\"@context\":\"https:\/\/schema.org\",\"@graph\":[{\"@type\":\"WebPage\",\"@id\":\"https:\/\/www.naturparkmagazin.de\/stechlin\/die-alte-sorten-fragestunde-in-menz\/\",\"url\":\"https:\/\/www.naturparkmagazin.de\/stechlin\/die-alte-sorten-fragestunde-in-menz\/\",\"name\":\"\\\"Die Alte Sorten Fragestunde\\\" in Menz (2023) - Naturpark Stechlin-Ruppiner Land\",\"isPartOf\":{\"@id\":\"https:\/\/www.naturparkmagazin.de\/stechlin\/#website\"},\"datePublished\":\"2023-02-16T15:04:02+00:00\",\"dateModified\":\"2025-04-25T06:39:23+00:00\",\"author\":{\"@id\":\"https:\/\/www.naturparkmagazin.de\/stechlin\/#\/schema\/person\/3f0d93203df21c806dd63c76d9bb28bc\"},\"breadcrumb\":{\"@id\":\"https:\/\/www.naturparkmagazin.de\/stechlin\/die-alte-sorten-fragestunde-in-menz\/#breadcrumb\"},\"inLanguage\":\"de\",\"potentialAction\":[{\"@type\":\"ReadAction\",\"target\":[\"https:\/\/www.naturparkmagazin.de\/stechlin\/die-alte-sorten-fragestunde-in-menz\/\"]}]},{\"@type\":\"BreadcrumbList\",\"@id\":\"https:\/\/www.naturparkmagazin.de\/stechlin\/die-alte-sorten-fragestunde-in-menz\/#breadcrumb\",\"itemListElement\":[{\"@type\":\"ListItem\",\"position\":1,\"name\":\"Home\",\"item\":\"https:\/\/www.naturparkmagazin.de\/stechlin\/\"},{\"@type\":\"ListItem\",\"position\":2,\"name\":\"&#8222;Die Alte Sorten Fragestunde&#8220; in Menz (2023)\"}]},{\"@type\":\"WebSite\",\"@id\":\"https:\/\/www.naturparkmagazin.de\/stechlin\/#website\",\"url\":\"https:\/\/www.naturparkmagazin.de\/stechlin\/\",\"name\":\"Naturpark Stechlin-Ruppiner Land\",\"description\":\"\",\"potentialAction\":[{\"@type\":\"SearchAction\",\"target\":{\"@type\":\"EntryPoint\",\"urlTemplate\":\"https:\/\/www.naturparkmagazin.de\/stechlin\/?s={search_term_string}\"},\"query-input\":\"required name=search_term_string\"}],\"inLanguage\":\"de\"},{\"@type\":\"Person\",\"@id\":\"https:\/\/www.naturparkmagazin.de\/stechlin\/#\/schema\/person\/3f0d93203df21c806dd63c76d9bb28bc\",\"name\":\"marioschrumpf\",\"url\":\"https:\/\/www.naturparkmagazin.de\/stechlin\/author\/marioschrumpf\/\"}]}<\/script>\n<!-- \/ Yoast SEO plugin. -->","yoast_head_json":{"title":"\"Die Alte Sorten Fragestunde\" in Menz (2023) - Naturpark Stechlin-Ruppiner Land","robots":{"index":"index","follow":"follow","max-snippet":"max-snippet:-1","max-image-preview":"max-image-preview:large","max-video-preview":"max-video-preview:-1"},"canonical":"https:\/\/www.naturparkmagazin.de\/stechlin\/die-alte-sorten-fragestunde-in-menz\/","og_locale":"de_DE","og_type":"article","og_title":"\"Die Alte Sorten Fragestunde\" in Menz (2023) - Naturpark Stechlin-Ruppiner Land","og_description":"Das Besucherzentrum NaturParkHaus Stechlin l\u00e4dt am 31. M\u00e4rz, 18 Uhr zur \"Alte Sorten Fragestunde\" in die Regionalwerkstatt Stechlin in Menz ein.","og_url":"https:\/\/www.naturparkmagazin.de\/stechlin\/die-alte-sorten-fragestunde-in-menz\/","og_site_name":"Naturpark Stechlin-Ruppiner Land","article_published_time":"2023-02-16T15:04:02+00:00","article_modified_time":"2025-04-25T06:39:23+00:00","og_image":[{"width":200,"height":200,"url":"https:\/\/www.naturparkmagazin.de\/stechlin\/wp-content\/uploads\/sites\/38\/alte-sorten_a.jpg","type":"image\/jpeg"}],"author":"marioschrumpf","twitter_misc":{"Verfasst von":"marioschrumpf","Gesch\u00e4tzte Lesezeit":"2\u00a0Minuten"},"schema":{"@context":"https:\/\/schema.org","@graph":[{"@type":"WebPage","@id":"https:\/\/www.naturparkmagazin.de\/stechlin\/die-alte-sorten-fragestunde-in-menz\/","url":"https:\/\/www.naturparkmagazin.de\/stechlin\/die-alte-sorten-fragestunde-in-menz\/","name":"\"Die Alte Sorten Fragestunde\" in Menz (2023) - Naturpark Stechlin-Ruppiner Land","isPartOf":{"@id":"https:\/\/www.naturparkmagazin.de\/stechlin\/#website"},"datePublished":"2023-02-16T15:04:02+00:00","dateModified":"2025-04-25T06:39:23+00:00","author":{"@id":"https:\/\/www.naturparkmagazin.de\/stechlin\/#\/schema\/person\/3f0d93203df21c806dd63c76d9bb28bc"},"breadcrumb":{"@id":"https:\/\/www.naturparkmagazin.de\/stechlin\/die-alte-sorten-fragestunde-in-menz\/#breadcrumb"},"inLanguage":"de","potentialAction":[{"@type":"ReadAction","target":["https:\/\/www.naturparkmagazin.de\/stechlin\/die-alte-sorten-fragestunde-in-menz\/"]}]},{"@type":"BreadcrumbList","@id":"https:\/\/www.naturparkmagazin.de\/stechlin\/die-alte-sorten-fragestunde-in-menz\/#breadcrumb","itemListElement":[{"@type":"ListItem","position":1,"name":"Home","item":"https:\/\/www.naturparkmagazin.de\/stechlin\/"},{"@type":"ListItem","position":2,"name":"&#8222;Die Alte Sorten Fragestunde&#8220; in Menz (2023)"}]},{"@type":"WebSite","@id":"https:\/\/www.naturparkmagazin.de\/stechlin\/#website","url":"https:\/\/www.naturparkmagazin.de\/stechlin\/","name":"Naturpark Stechlin-Ruppiner Land","description":"","potentialAction":[{"@type":"SearchAction","target":{"@type":"EntryPoint","urlTemplate":"https:\/\/www.naturparkmagazin.de\/stechlin\/?s={search_term_string}"},"query-input":"required name=search_term_string"}],"inLanguage":"de"},{"@type":"Person","@id":"https:\/\/www.naturparkmagazin.de\/stechlin\/#\/schema\/person\/3f0d93203df21c806dd63c76d9bb28bc","name":"marioschrumpf","url":"https:\/\/www.naturparkmagazin.de\/stechlin\/author\/marioschrumpf\/"}]}},"_links":{"self":[{"href":"https:\/\/www.naturparkmagazin.de\/stechlin\/wp-json\/wp\/v2\/posts\/11657"}],"collection":[{"href":"https:\/\/www.naturparkmagazin.de\/stechlin\/wp-json\/wp\/v2\/posts"}],"about":[{"href":"https:\/\/www.naturparkmagazin.de\/stechlin\/wp-json\/wp\/v2\/types\/post"}],"author":[{"embeddable":true,"href":"https:\/\/www.naturparkmagazin.de\/stechlin\/wp-json\/wp\/v2\/users\/39"}],"replies":[{"embeddable":true,"href":"https:\/\/www.naturparkmagazin.de\/stechlin\/wp-json\/wp\/v2\/comments?post=11657"}],"version-history":[{"count":14,"href":"https:\/\/www.naturparkmagazin.de\/stechlin\/wp-json\/wp\/v2\/posts\/11657\/revisions"}],"predecessor-version":[{"id":17155,"href":"https:\/\/www.naturparkmagazin.de\/stechlin\/wp-json\/wp\/v2\/posts\/11657\/revisions\/17155"}],"wp:featuredmedia":[{"embeddable":true,"href":"https:\/\/www.naturparkmagazin.de\/stechlin\/wp-json\/wp\/v2\/media\/11660"}],"wp:attachment":[{"href":"https:\/\/www.naturparkmagazin.de\/stechlin\/wp-json\/wp\/v2\/media?parent=11657"}],"wp:term":[{"taxonomy":"category","embeddable":true,"href":"https:\/\/www.naturparkmagazin.de\/stechlin\/wp-json\/wp\/v2\/categories?post=11657"},{"taxonomy":"post_tag","embeddable":true,"href":"https:\/\/www.naturparkmagazin.de\/stechlin\/wp-json\/wp\/v2\/tags?post=11657"}],"curies":[{"name":"wp","href":"https:\/\/api.w.org\/{rel}","templated":true}]}}