{"id":1168,"date":"2014-07-21T10:53:15","date_gmt":"2014-07-21T08:53:15","guid":{"rendered":"http:\/\/www.naturparkmagazin.de\/stechlin\/?p=1168"},"modified":"2025-01-24T10:19:12","modified_gmt":"2025-01-24T09:19:12","slug":"angeblasen-ist","status":"publish","type":"post","link":"https:\/\/www.naturparkmagazin.de\/stechlin\/angeblasen-ist\/","title":{"rendered":"Angeblasen ist! (2014)"},"content":{"rendered":"<p>&nbsp;<\/p>\n<div id=\"attachment_1170\" style=\"width: 310px\" class=\"wp-caption alignnone\"><a href=\"https:\/\/www.naturparkmagazin.de\/stechlin\/wp-content\/uploads\/sites\/38\/Waldfest-2014-Iron-Menz.jpg\"><img aria-describedby=\"caption-attachment-1170\" decoding=\"async\" loading=\"lazy\" class=\"size-full wp-image-1170\" src=\"https:\/\/www.naturparkmagazin.de\/stechlin\/wp-content\/uploads\/sites\/38\/Waldfest-2014-Iron-Menz.jpg\" alt=\"Start des &quot;Iron Menz&quot;\" width=\"300\" height=\"201\" srcset=\"https:\/\/www.naturparkmagazin.de\/stechlin\/wp-content\/uploads\/sites\/38\/Waldfest-2014-Iron-Menz.jpg 300w, https:\/\/www.naturparkmagazin.de\/stechlin\/wp-content\/uploads\/sites\/38\/Waldfest-2014-Iron-Menz-200x134.jpg 200w\" sizes=\"(max-width: 300px) 100vw, 300px\" \/><\/a><p id=\"caption-attachment-1170\" class=\"wp-caption-text\">Start des &#8222;Iron Menz&#8220;<\/p><\/div>\n<div id=\"attachment_1171\" style=\"width: 310px\" class=\"wp-caption alignnone\"><a href=\"https:\/\/www.naturparkmagazin.de\/stechlin\/wp-content\/uploads\/sites\/38\/Waldfest-2014-Handwerk.jpg\"><img aria-describedby=\"caption-attachment-1171\" decoding=\"async\" loading=\"lazy\" class=\"size-full wp-image-1171 \" src=\"https:\/\/www.naturparkmagazin.de\/stechlin\/wp-content\/uploads\/sites\/38\/Waldfest-2014-Handwerk.jpg\" alt=\"Traditionelles Handwerk beim Waldfest wird pr\u00e4sentiert.\" width=\"300\" height=\"225\" srcset=\"https:\/\/www.naturparkmagazin.de\/stechlin\/wp-content\/uploads\/sites\/38\/Waldfest-2014-Handwerk.jpg 300w, https:\/\/www.naturparkmagazin.de\/stechlin\/wp-content\/uploads\/sites\/38\/Waldfest-2014-Handwerk-180x135.jpg 180w, https:\/\/www.naturparkmagazin.de\/stechlin\/wp-content\/uploads\/sites\/38\/Waldfest-2014-Handwerk-95x71.jpg 95w, https:\/\/www.naturparkmagazin.de\/stechlin\/wp-content\/uploads\/sites\/38\/Waldfest-2014-Handwerk-200x150.jpg 200w\" sizes=\"(max-width: 300px) 100vw, 300px\" \/><\/a><p id=\"caption-attachment-1171\" class=\"wp-caption-text\">Traditionelles Handwerk beim Waldfest wird pr\u00e4sentiert.<\/p><\/div>\n<p>Zum 20. Mal feierten vom 27. bis 29. Juni der Landesbetrieb Forst Brandenburg, die Gemeinde Stechlin, der F\u00f6rderverein \u201eNaturlandschaft Stechlin und Menzer Heide\u201c e.V. und der Naturpark Stechlin-Ruppiner Land das Menzer Waldfest.<\/p>\n<p>Schon am Freitagabend pr\u00e4sentierte Regisseur Christoph Hauschild in der Regionalwerkstatt pers\u00f6nlich seinen Film \u201eDer Stechlin \u2013 Im Reich der klaren Seen\u201c. Im Anschluss daran startete die traditionelle Er\u00f6ffnung des Waldfestes, untermalt mit Lagerfeuerromantik am\u00a0sowie sportlicher Bet\u00e4tigung \u00fcber den Roofensee.<\/p>\n<p>P\u00fcnktlich am Samstagmorgen klarte das Wetter auf und erm\u00f6glichte so den mehr als 1600 G\u00e4sten einen traumhaften Tag auf dem Menzer Friedenplatz. Abwechslungsreiche Attraktionen unter Linden, Eichen und Kastanien wurden begleitet durch ein umfangreiches Rahmenprogramm auf der B\u00fchne, durch das die rbb-Moderatorin Carla Kniestedt auf ihre unverwechselbare Art f\u00fchrte. Der Triathlon \u201eIron Menz&#8220; entpuppt sich dabei mit jedem weiteren Jahr als Sportliches Highlight der Region und feste Gr\u00f6\u00dfe des Waldfestes. Handwerker, Kletterverein, Falkner, Feuerzelt, Kinderforstamt \u201eEichkater\u201c und viele weitere Akteure fesselten durch Mitmachangebote \u00fcber den ganzen Tag hinweg Jung und Alt. Gut versorgt und frisch gest\u00e4rkt durch heimische Spezialit\u00e4ten wurde der Aufenthalt zur kulinarischen Schlemmertour.<\/p>\n<p>Ausklang bildete am Sonntag die traditionelle Waldandacht auf dem Wallberg, sowie Wanderungen mit F\u00f6rster und Naturwacht. Am Nachmittag konnte man sich zum endg\u00fcltigen Abschluss des Waldfestes durch das A-capella-Ensemble \u201eOrenda\u201c verzaubern lassen.<\/p>\n<p>&nbsp;<\/p>\n<div id=\"attachment_1172\" style=\"width: 310px\" class=\"wp-caption alignnone\"><a href=\"https:\/\/www.naturparkmagazin.de\/stechlin\/wp-content\/uploads\/sites\/38\/Waldfest-2014-Handwerk2.jpg\"><img aria-describedby=\"caption-attachment-1172\" decoding=\"async\" loading=\"lazy\" class=\"size-full wp-image-1172\" src=\"https:\/\/www.naturparkmagazin.de\/stechlin\/wp-content\/uploads\/sites\/38\/Waldfest-2014-Handwerk2.jpg\" alt=\"Traditionelles Handwerk zum Waldfest.\" width=\"300\" height=\"225\" srcset=\"https:\/\/www.naturparkmagazin.de\/stechlin\/wp-content\/uploads\/sites\/38\/Waldfest-2014-Handwerk2.jpg 300w, https:\/\/www.naturparkmagazin.de\/stechlin\/wp-content\/uploads\/sites\/38\/Waldfest-2014-Handwerk2-180x135.jpg 180w, https:\/\/www.naturparkmagazin.de\/stechlin\/wp-content\/uploads\/sites\/38\/Waldfest-2014-Handwerk2-95x71.jpg 95w, https:\/\/www.naturparkmagazin.de\/stechlin\/wp-content\/uploads\/sites\/38\/Waldfest-2014-Handwerk2-200x150.jpg 200w\" sizes=\"(max-width: 300px) 100vw, 300px\" \/><\/a><p id=\"caption-attachment-1172\" class=\"wp-caption-text\">Traditionelles Handwerk zum Waldfest.<\/p><\/div>\n","protected":false},"excerpt":{"rendered":"<p>Zum 20. Mal feierten vom 27. bis 29. Juni der Landesbetrieb Forst Brandenburg, die Gemeinde Stechlin, der F\u00f6rderverein \u201eNaturlandschaft Stechlin und Menzer Heide\u201c e.V. und der Naturpark das Menzer Waldfest. <\/p>\n","protected":false},"author":39,"featured_media":1169,"comment_status":"open","ping_status":"open","sticky":false,"template":"","format":"standard","meta":[],"categories":[7],"tags":[],"yoast_head":"<!-- This site is optimized with the Yoast SEO plugin v19.10 - https:\/\/yoast.com\/wordpress\/plugins\/seo\/ -->\n<title>Angeblasen ist! (2014) - Naturpark Stechlin-Ruppiner Land<\/title>\n<meta name=\"robots\" content=\"index, follow, max-snippet:-1, max-image-preview:large, max-video-preview:-1\" \/>\n<link rel=\"canonical\" href=\"https:\/\/www.naturparkmagazin.de\/stechlin\/angeblasen-ist\/\" \/>\n<meta property=\"og:locale\" content=\"de_DE\" \/>\n<meta property=\"og:type\" content=\"article\" \/>\n<meta property=\"og:title\" content=\"Angeblasen ist! (2014) - Naturpark Stechlin-Ruppiner Land\" \/>\n<meta property=\"og:description\" content=\"Zum 20. Mal feierten vom 27. bis 29. Juni der Landesbetrieb Forst Brandenburg, die Gemeinde Stechlin, der F\u00f6rderverein \u201eNaturlandschaft Stechlin und Menzer Heide\u201c e.V. und der Naturpark das Menzer Waldfest.\" \/>\n<meta property=\"og:url\" content=\"https:\/\/www.naturparkmagazin.de\/stechlin\/angeblasen-ist\/\" \/>\n<meta property=\"og:site_name\" content=\"Naturpark Stechlin-Ruppiner Land\" \/>\n<meta property=\"article:published_time\" content=\"2014-07-21T08:53:15+00:00\" \/>\n<meta property=\"article:modified_time\" content=\"2025-01-24T09:19:12+00:00\" \/>\n<meta property=\"og:image\" content=\"https:\/\/www.naturparkmagazin.de\/stechlin\/wp-content\/uploads\/sites\/38\/Waldfest-2014_Beitragsbild.jpg\" \/>\n\t<meta property=\"og:image:width\" content=\"500\" \/>\n\t<meta property=\"og:image:height\" content=\"375\" \/>\n\t<meta property=\"og:image:type\" content=\"image\/jpeg\" \/>\n<meta name=\"author\" content=\"marioschrumpf\" \/>\n<meta name=\"twitter:label1\" content=\"Verfasst von\" \/>\n\t<meta name=\"twitter:data1\" content=\"marioschrumpf\" \/>\n\t<meta name=\"twitter:label2\" content=\"Gesch\u00e4tzte Lesezeit\" \/>\n\t<meta name=\"twitter:data2\" content=\"2\u00a0Minuten\" \/>\n<script type=\"application\/ld+json\" class=\"yoast-schema-graph\">{\"@context\":\"https:\/\/schema.org\",\"@graph\":[{\"@type\":\"WebPage\",\"@id\":\"https:\/\/www.naturparkmagazin.de\/stechlin\/angeblasen-ist\/\",\"url\":\"https:\/\/www.naturparkmagazin.de\/stechlin\/angeblasen-ist\/\",\"name\":\"Angeblasen ist! (2014) - Naturpark Stechlin-Ruppiner Land\",\"isPartOf\":{\"@id\":\"https:\/\/www.naturparkmagazin.de\/stechlin\/#website\"},\"datePublished\":\"2014-07-21T08:53:15+00:00\",\"dateModified\":\"2025-01-24T09:19:12+00:00\",\"author\":{\"@id\":\"https:\/\/www.naturparkmagazin.de\/stechlin\/#\/schema\/person\/3f0d93203df21c806dd63c76d9bb28bc\"},\"breadcrumb\":{\"@id\":\"https:\/\/www.naturparkmagazin.de\/stechlin\/angeblasen-ist\/#breadcrumb\"},\"inLanguage\":\"de\",\"potentialAction\":[{\"@type\":\"ReadAction\",\"target\":[\"https:\/\/www.naturparkmagazin.de\/stechlin\/angeblasen-ist\/\"]}]},{\"@type\":\"BreadcrumbList\",\"@id\":\"https:\/\/www.naturparkmagazin.de\/stechlin\/angeblasen-ist\/#breadcrumb\",\"itemListElement\":[{\"@type\":\"ListItem\",\"position\":1,\"name\":\"Home\",\"item\":\"https:\/\/www.naturparkmagazin.de\/stechlin\/\"},{\"@type\":\"ListItem\",\"position\":2,\"name\":\"Angeblasen ist! (2014)\"}]},{\"@type\":\"WebSite\",\"@id\":\"https:\/\/www.naturparkmagazin.de\/stechlin\/#website\",\"url\":\"https:\/\/www.naturparkmagazin.de\/stechlin\/\",\"name\":\"Naturpark Stechlin-Ruppiner Land\",\"description\":\"\",\"potentialAction\":[{\"@type\":\"SearchAction\",\"target\":{\"@type\":\"EntryPoint\",\"urlTemplate\":\"https:\/\/www.naturparkmagazin.de\/stechlin\/?s={search_term_string}\"},\"query-input\":\"required name=search_term_string\"}],\"inLanguage\":\"de\"},{\"@type\":\"Person\",\"@id\":\"https:\/\/www.naturparkmagazin.de\/stechlin\/#\/schema\/person\/3f0d93203df21c806dd63c76d9bb28bc\",\"name\":\"marioschrumpf\",\"url\":\"https:\/\/www.naturparkmagazin.de\/stechlin\/author\/marioschrumpf\/\"}]}<\/script>\n<!-- \/ Yoast SEO plugin. -->","yoast_head_json":{"title":"Angeblasen ist! (2014) - Naturpark Stechlin-Ruppiner Land","robots":{"index":"index","follow":"follow","max-snippet":"max-snippet:-1","max-image-preview":"max-image-preview:large","max-video-preview":"max-video-preview:-1"},"canonical":"https:\/\/www.naturparkmagazin.de\/stechlin\/angeblasen-ist\/","og_locale":"de_DE","og_type":"article","og_title":"Angeblasen ist! (2014) - Naturpark Stechlin-Ruppiner Land","og_description":"Zum 20. Mal feierten vom 27. bis 29. Juni der Landesbetrieb Forst Brandenburg, die Gemeinde Stechlin, der F\u00f6rderverein \u201eNaturlandschaft Stechlin und Menzer Heide\u201c e.V. und der Naturpark das Menzer Waldfest.","og_url":"https:\/\/www.naturparkmagazin.de\/stechlin\/angeblasen-ist\/","og_site_name":"Naturpark Stechlin-Ruppiner Land","article_published_time":"2014-07-21T08:53:15+00:00","article_modified_time":"2025-01-24T09:19:12+00:00","og_image":[{"width":500,"height":375,"url":"https:\/\/www.naturparkmagazin.de\/stechlin\/wp-content\/uploads\/sites\/38\/Waldfest-2014_Beitragsbild.jpg","type":"image\/jpeg"}],"author":"marioschrumpf","twitter_misc":{"Verfasst von":"marioschrumpf","Gesch\u00e4tzte Lesezeit":"2\u00a0Minuten"},"schema":{"@context":"https:\/\/schema.org","@graph":[{"@type":"WebPage","@id":"https:\/\/www.naturparkmagazin.de\/stechlin\/angeblasen-ist\/","url":"https:\/\/www.naturparkmagazin.de\/stechlin\/angeblasen-ist\/","name":"Angeblasen ist! (2014) - Naturpark Stechlin-Ruppiner Land","isPartOf":{"@id":"https:\/\/www.naturparkmagazin.de\/stechlin\/#website"},"datePublished":"2014-07-21T08:53:15+00:00","dateModified":"2025-01-24T09:19:12+00:00","author":{"@id":"https:\/\/www.naturparkmagazin.de\/stechlin\/#\/schema\/person\/3f0d93203df21c806dd63c76d9bb28bc"},"breadcrumb":{"@id":"https:\/\/www.naturparkmagazin.de\/stechlin\/angeblasen-ist\/#breadcrumb"},"inLanguage":"de","potentialAction":[{"@type":"ReadAction","target":["https:\/\/www.naturparkmagazin.de\/stechlin\/angeblasen-ist\/"]}]},{"@type":"BreadcrumbList","@id":"https:\/\/www.naturparkmagazin.de\/stechlin\/angeblasen-ist\/#breadcrumb","itemListElement":[{"@type":"ListItem","position":1,"name":"Home","item":"https:\/\/www.naturparkmagazin.de\/stechlin\/"},{"@type":"ListItem","position":2,"name":"Angeblasen ist! (2014)"}]},{"@type":"WebSite","@id":"https:\/\/www.naturparkmagazin.de\/stechlin\/#website","url":"https:\/\/www.naturparkmagazin.de\/stechlin\/","name":"Naturpark Stechlin-Ruppiner Land","description":"","potentialAction":[{"@type":"SearchAction","target":{"@type":"EntryPoint","urlTemplate":"https:\/\/www.naturparkmagazin.de\/stechlin\/?s={search_term_string}"},"query-input":"required name=search_term_string"}],"inLanguage":"de"},{"@type":"Person","@id":"https:\/\/www.naturparkmagazin.de\/stechlin\/#\/schema\/person\/3f0d93203df21c806dd63c76d9bb28bc","name":"marioschrumpf","url":"https:\/\/www.naturparkmagazin.de\/stechlin\/author\/marioschrumpf\/"}]}},"_links":{"self":[{"href":"https:\/\/www.naturparkmagazin.de\/stechlin\/wp-json\/wp\/v2\/posts\/1168"}],"collection":[{"href":"https:\/\/www.naturparkmagazin.de\/stechlin\/wp-json\/wp\/v2\/posts"}],"about":[{"href":"https:\/\/www.naturparkmagazin.de\/stechlin\/wp-json\/wp\/v2\/types\/post"}],"author":[{"embeddable":true,"href":"https:\/\/www.naturparkmagazin.de\/stechlin\/wp-json\/wp\/v2\/users\/39"}],"replies":[{"embeddable":true,"href":"https:\/\/www.naturparkmagazin.de\/stechlin\/wp-json\/wp\/v2\/comments?post=1168"}],"version-history":[{"count":6,"href":"https:\/\/www.naturparkmagazin.de\/stechlin\/wp-json\/wp\/v2\/posts\/1168\/revisions"}],"predecessor-version":[{"id":16602,"href":"https:\/\/www.naturparkmagazin.de\/stechlin\/wp-json\/wp\/v2\/posts\/1168\/revisions\/16602"}],"wp:featuredmedia":[{"embeddable":true,"href":"https:\/\/www.naturparkmagazin.de\/stechlin\/wp-json\/wp\/v2\/media\/1169"}],"wp:attachment":[{"href":"https:\/\/www.naturparkmagazin.de\/stechlin\/wp-json\/wp\/v2\/media?parent=1168"}],"wp:term":[{"taxonomy":"category","embeddable":true,"href":"https:\/\/www.naturparkmagazin.de\/stechlin\/wp-json\/wp\/v2\/categories?post=1168"},{"taxonomy":"post_tag","embeddable":true,"href":"https:\/\/www.naturparkmagazin.de\/stechlin\/wp-json\/wp\/v2\/tags?post=1168"}],"curies":[{"name":"wp","href":"https:\/\/api.w.org\/{rel}","templated":true}]}}