{"id":11731,"date":"2022-02-18T13:58:33","date_gmt":"2022-02-18T12:58:33","guid":{"rendered":"https:\/\/www.naturparkmagazin.de\/stechlin\/?p=11731"},"modified":"2022-02-22T09:58:12","modified_gmt":"2022-02-22T08:58:12","slug":"wibke-avenhaus-verlaesst-den-naturpark","status":"publish","type":"post","link":"https:\/\/www.naturparkmagazin.de\/stechlin\/wibke-avenhaus-verlaesst-den-naturpark\/","title":{"rendered":"Wibke Avenhaus verl\u00e4\u00dft den Naturpark"},"content":{"rendered":"<p>Wibke Avenhaus, bisher Rangerin in unserem Naturpark, hat ab 1. Februar die Leitung der Naturwacht im benachbarten Naturpark Uckerm\u00e4rkische Seen \u00fcbernommen.<\/p>\n<div id=\"attachment_10057\" style=\"width: 210px\" class=\"wp-caption aligncenter\"><a href=\"https:\/\/www.naturparkmagazin.de\/stechlin\/wp-content\/uploads\/sites\/38\/aufh\u00e4nger-hobelarbeiten.jpg\"><img aria-describedby=\"caption-attachment-10057\" decoding=\"async\" loading=\"lazy\" class=\"wp-image-10057\" src=\"https:\/\/www.naturparkmagazin.de\/stechlin\/wp-content\/uploads\/sites\/38\/aufh\u00e4nger-hobelarbeiten.jpg\" alt=\"Foto: Archiv NW SRL\" width=\"200\" height=\"200\" srcset=\"https:\/\/www.naturparkmagazin.de\/stechlin\/wp-content\/uploads\/sites\/38\/aufh\u00e4nger-hobelarbeiten.jpg 200w, https:\/\/www.naturparkmagazin.de\/stechlin\/wp-content\/uploads\/sites\/38\/aufh\u00e4nger-hobelarbeiten-30x30.jpg 30w\" sizes=\"(max-width: 200px) 100vw, 200px\" \/><\/a><p id=\"caption-attachment-10057\" class=\"wp-caption-text\">Wibke Avenhaus beim gemeinsamen Arbeitseinsatz mit den Freiwilligen der Naturwacht am Rastplatz Gr\u00fcnhof. Foto: Archiv Naturwacht<\/p><\/div>\n<p>Nach der Verabschiedung von R\u00fcdiger Meyer in den wohlverdienten Ruhestand, war sie seit Februar 2019 gemeinsam mit Karen Steinberg im Revier Banzendorf t\u00e4tig.<\/p>\n<div id=\"attachment_9828\" style=\"width: 210px\" class=\"wp-caption aligncenter\"><a href=\"https:\/\/www.naturparkmagazin.de\/stechlin\/wp-content\/uploads\/sites\/38\/30-Jahre_2515.jpg\"><img aria-describedby=\"caption-attachment-9828\" decoding=\"async\" loading=\"lazy\" class=\"size-full wp-image-9828\" src=\"https:\/\/www.naturparkmagazin.de\/stechlin\/wp-content\/uploads\/sites\/38\/30-Jahre_2515.jpg\" alt=\"Wibke Avenhaus, Rangerin in unserem Naturpark, stellte sich der Podiumsdiskussion.\" width=\"200\" height=\"300\" \/><\/a><p id=\"caption-attachment-9828\" class=\"wp-caption-text\">Wibke Avenhaus als Teilnehmerin der Podiumsdiskussion zur Festveranstaltung &#8222;30 Jahre Nationalparkprogramm in Brandenburg&#8220; im Kloster Chorin.<\/p><\/div>\n<p>Wir freuen uns, dass sie als Leiterin ausgew\u00e4hlt wurde und w\u00fcnschen ihr alles Gute, viel Erfolg und das n\u00f6tige Stehverm\u00f6gen f\u00fcr die neue Aufgabe bei unseren Nachbarn.<\/p>\n<p>&nbsp;<\/p>\n<p>Dr. Mario Schrumpf<\/p>\n<p>Naturparkleiter<\/p>\n<p>&nbsp;<\/p>\n","protected":false},"excerpt":{"rendered":"<p>Wibke Avenhaus, bisher Rangerin in unserem Naturpark, hat ab 1. Februar die Leitung der Naturwacht im benachbarten Naturpark Uckerm\u00e4rkische Seen \u00fcbernommen.<\/p>\n","protected":false},"author":39,"featured_media":8290,"comment_status":"open","ping_status":"open","sticky":false,"template":"","format":"standard","meta":[],"categories":[8],"tags":[],"yoast_head":"<!-- This site is optimized with the Yoast SEO plugin v19.10 - https:\/\/yoast.com\/wordpress\/plugins\/seo\/ -->\n<title>Wibke Avenhaus verl\u00e4\u00dft den Naturpark - Naturpark Stechlin-Ruppiner Land<\/title>\n<meta name=\"robots\" content=\"index, follow, max-snippet:-1, max-image-preview:large, max-video-preview:-1\" \/>\n<link rel=\"canonical\" href=\"https:\/\/www.naturparkmagazin.de\/stechlin\/wibke-avenhaus-verlaesst-den-naturpark\/\" \/>\n<meta property=\"og:locale\" content=\"de_DE\" \/>\n<meta property=\"og:type\" content=\"article\" \/>\n<meta property=\"og:title\" content=\"Wibke Avenhaus verl\u00e4\u00dft den Naturpark - Naturpark Stechlin-Ruppiner Land\" \/>\n<meta property=\"og:description\" content=\"Wibke Avenhaus, bisher Rangerin in unserem Naturpark, hat ab 1. Februar die Leitung der Naturwacht im benachbarten Naturpark Uckerm\u00e4rkische Seen \u00fcbernommen.\" \/>\n<meta property=\"og:url\" content=\"https:\/\/www.naturparkmagazin.de\/stechlin\/wibke-avenhaus-verlaesst-den-naturpark\/\" \/>\n<meta property=\"og:site_name\" content=\"Naturpark Stechlin-Ruppiner Land\" \/>\n<meta property=\"article:published_time\" content=\"2022-02-18T12:58:33+00:00\" \/>\n<meta property=\"article:modified_time\" content=\"2022-02-22T08:58:12+00:00\" \/>\n<meta property=\"og:image\" content=\"https:\/\/www.naturparkmagazin.de\/stechlin\/wp-content\/uploads\/sites\/38\/portrait-w-avenhaus_k.jpg\" \/>\n\t<meta property=\"og:image:width\" content=\"200\" \/>\n\t<meta property=\"og:image:height\" content=\"200\" \/>\n\t<meta property=\"og:image:type\" content=\"image\/jpeg\" \/>\n<meta name=\"author\" content=\"marioschrumpf\" \/>\n<meta name=\"twitter:label1\" content=\"Verfasst von\" \/>\n\t<meta name=\"twitter:data1\" content=\"marioschrumpf\" \/>\n\t<meta name=\"twitter:label2\" content=\"Gesch\u00e4tzte Lesezeit\" \/>\n\t<meta name=\"twitter:data2\" content=\"1\u00a0Minute\" \/>\n<script type=\"application\/ld+json\" class=\"yoast-schema-graph\">{\"@context\":\"https:\/\/schema.org\",\"@graph\":[{\"@type\":\"WebPage\",\"@id\":\"https:\/\/www.naturparkmagazin.de\/stechlin\/wibke-avenhaus-verlaesst-den-naturpark\/\",\"url\":\"https:\/\/www.naturparkmagazin.de\/stechlin\/wibke-avenhaus-verlaesst-den-naturpark\/\",\"name\":\"Wibke Avenhaus verl\u00e4\u00dft den Naturpark - Naturpark Stechlin-Ruppiner Land\",\"isPartOf\":{\"@id\":\"https:\/\/www.naturparkmagazin.de\/stechlin\/#website\"},\"datePublished\":\"2022-02-18T12:58:33+00:00\",\"dateModified\":\"2022-02-22T08:58:12+00:00\",\"author\":{\"@id\":\"https:\/\/www.naturparkmagazin.de\/stechlin\/#\/schema\/person\/3f0d93203df21c806dd63c76d9bb28bc\"},\"breadcrumb\":{\"@id\":\"https:\/\/www.naturparkmagazin.de\/stechlin\/wibke-avenhaus-verlaesst-den-naturpark\/#breadcrumb\"},\"inLanguage\":\"de\",\"potentialAction\":[{\"@type\":\"ReadAction\",\"target\":[\"https:\/\/www.naturparkmagazin.de\/stechlin\/wibke-avenhaus-verlaesst-den-naturpark\/\"]}]},{\"@type\":\"BreadcrumbList\",\"@id\":\"https:\/\/www.naturparkmagazin.de\/stechlin\/wibke-avenhaus-verlaesst-den-naturpark\/#breadcrumb\",\"itemListElement\":[{\"@type\":\"ListItem\",\"position\":1,\"name\":\"Home\",\"item\":\"https:\/\/www.naturparkmagazin.de\/stechlin\/\"},{\"@type\":\"ListItem\",\"position\":2,\"name\":\"Wibke Avenhaus verl\u00e4\u00dft den Naturpark\"}]},{\"@type\":\"WebSite\",\"@id\":\"https:\/\/www.naturparkmagazin.de\/stechlin\/#website\",\"url\":\"https:\/\/www.naturparkmagazin.de\/stechlin\/\",\"name\":\"Naturpark Stechlin-Ruppiner Land\",\"description\":\"\",\"potentialAction\":[{\"@type\":\"SearchAction\",\"target\":{\"@type\":\"EntryPoint\",\"urlTemplate\":\"https:\/\/www.naturparkmagazin.de\/stechlin\/?s={search_term_string}\"},\"query-input\":\"required name=search_term_string\"}],\"inLanguage\":\"de\"},{\"@type\":\"Person\",\"@id\":\"https:\/\/www.naturparkmagazin.de\/stechlin\/#\/schema\/person\/3f0d93203df21c806dd63c76d9bb28bc\",\"name\":\"marioschrumpf\",\"url\":\"https:\/\/www.naturparkmagazin.de\/stechlin\/author\/marioschrumpf\/\"}]}<\/script>\n<!-- \/ Yoast SEO plugin. -->","yoast_head_json":{"title":"Wibke Avenhaus verl\u00e4\u00dft den Naturpark - Naturpark Stechlin-Ruppiner Land","robots":{"index":"index","follow":"follow","max-snippet":"max-snippet:-1","max-image-preview":"max-image-preview:large","max-video-preview":"max-video-preview:-1"},"canonical":"https:\/\/www.naturparkmagazin.de\/stechlin\/wibke-avenhaus-verlaesst-den-naturpark\/","og_locale":"de_DE","og_type":"article","og_title":"Wibke Avenhaus verl\u00e4\u00dft den Naturpark - Naturpark Stechlin-Ruppiner Land","og_description":"Wibke Avenhaus, bisher Rangerin in unserem Naturpark, hat ab 1. Februar die Leitung der Naturwacht im benachbarten Naturpark Uckerm\u00e4rkische Seen \u00fcbernommen.","og_url":"https:\/\/www.naturparkmagazin.de\/stechlin\/wibke-avenhaus-verlaesst-den-naturpark\/","og_site_name":"Naturpark Stechlin-Ruppiner Land","article_published_time":"2022-02-18T12:58:33+00:00","article_modified_time":"2022-02-22T08:58:12+00:00","og_image":[{"width":200,"height":200,"url":"https:\/\/www.naturparkmagazin.de\/stechlin\/wp-content\/uploads\/sites\/38\/portrait-w-avenhaus_k.jpg","type":"image\/jpeg"}],"author":"marioschrumpf","twitter_misc":{"Verfasst von":"marioschrumpf","Gesch\u00e4tzte Lesezeit":"1\u00a0Minute"},"schema":{"@context":"https:\/\/schema.org","@graph":[{"@type":"WebPage","@id":"https:\/\/www.naturparkmagazin.de\/stechlin\/wibke-avenhaus-verlaesst-den-naturpark\/","url":"https:\/\/www.naturparkmagazin.de\/stechlin\/wibke-avenhaus-verlaesst-den-naturpark\/","name":"Wibke Avenhaus verl\u00e4\u00dft den Naturpark - Naturpark Stechlin-Ruppiner Land","isPartOf":{"@id":"https:\/\/www.naturparkmagazin.de\/stechlin\/#website"},"datePublished":"2022-02-18T12:58:33+00:00","dateModified":"2022-02-22T08:58:12+00:00","author":{"@id":"https:\/\/www.naturparkmagazin.de\/stechlin\/#\/schema\/person\/3f0d93203df21c806dd63c76d9bb28bc"},"breadcrumb":{"@id":"https:\/\/www.naturparkmagazin.de\/stechlin\/wibke-avenhaus-verlaesst-den-naturpark\/#breadcrumb"},"inLanguage":"de","potentialAction":[{"@type":"ReadAction","target":["https:\/\/www.naturparkmagazin.de\/stechlin\/wibke-avenhaus-verlaesst-den-naturpark\/"]}]},{"@type":"BreadcrumbList","@id":"https:\/\/www.naturparkmagazin.de\/stechlin\/wibke-avenhaus-verlaesst-den-naturpark\/#breadcrumb","itemListElement":[{"@type":"ListItem","position":1,"name":"Home","item":"https:\/\/www.naturparkmagazin.de\/stechlin\/"},{"@type":"ListItem","position":2,"name":"Wibke Avenhaus verl\u00e4\u00dft den Naturpark"}]},{"@type":"WebSite","@id":"https:\/\/www.naturparkmagazin.de\/stechlin\/#website","url":"https:\/\/www.naturparkmagazin.de\/stechlin\/","name":"Naturpark Stechlin-Ruppiner Land","description":"","potentialAction":[{"@type":"SearchAction","target":{"@type":"EntryPoint","urlTemplate":"https:\/\/www.naturparkmagazin.de\/stechlin\/?s={search_term_string}"},"query-input":"required name=search_term_string"}],"inLanguage":"de"},{"@type":"Person","@id":"https:\/\/www.naturparkmagazin.de\/stechlin\/#\/schema\/person\/3f0d93203df21c806dd63c76d9bb28bc","name":"marioschrumpf","url":"https:\/\/www.naturparkmagazin.de\/stechlin\/author\/marioschrumpf\/"}]}},"_links":{"self":[{"href":"https:\/\/www.naturparkmagazin.de\/stechlin\/wp-json\/wp\/v2\/posts\/11731"}],"collection":[{"href":"https:\/\/www.naturparkmagazin.de\/stechlin\/wp-json\/wp\/v2\/posts"}],"about":[{"href":"https:\/\/www.naturparkmagazin.de\/stechlin\/wp-json\/wp\/v2\/types\/post"}],"author":[{"embeddable":true,"href":"https:\/\/www.naturparkmagazin.de\/stechlin\/wp-json\/wp\/v2\/users\/39"}],"replies":[{"embeddable":true,"href":"https:\/\/www.naturparkmagazin.de\/stechlin\/wp-json\/wp\/v2\/comments?post=11731"}],"version-history":[{"count":3,"href":"https:\/\/www.naturparkmagazin.de\/stechlin\/wp-json\/wp\/v2\/posts\/11731\/revisions"}],"predecessor-version":[{"id":11744,"href":"https:\/\/www.naturparkmagazin.de\/stechlin\/wp-json\/wp\/v2\/posts\/11731\/revisions\/11744"}],"wp:featuredmedia":[{"embeddable":true,"href":"https:\/\/www.naturparkmagazin.de\/stechlin\/wp-json\/wp\/v2\/media\/8290"}],"wp:attachment":[{"href":"https:\/\/www.naturparkmagazin.de\/stechlin\/wp-json\/wp\/v2\/media?parent=11731"}],"wp:term":[{"taxonomy":"category","embeddable":true,"href":"https:\/\/www.naturparkmagazin.de\/stechlin\/wp-json\/wp\/v2\/categories?post=11731"},{"taxonomy":"post_tag","embeddable":true,"href":"https:\/\/www.naturparkmagazin.de\/stechlin\/wp-json\/wp\/v2\/tags?post=11731"}],"curies":[{"name":"wp","href":"https:\/\/api.w.org\/{rel}","templated":true}]}}