{"id":1174,"date":"2014-07-21T12:22:56","date_gmt":"2014-07-21T10:22:56","guid":{"rendered":"http:\/\/www.naturparkmagazin.de\/stechlin\/?p=1174"},"modified":"2014-07-29T06:55:46","modified_gmt":"2014-07-29T04:55:46","slug":"von-trocken-zu-nass","status":"publish","type":"post","link":"https:\/\/www.naturparkmagazin.de\/stechlin\/von-trocken-zu-nass\/","title":{"rendered":"Von \u201etrocken\u201c zu \u201enass\u201c"},"content":{"rendered":"<div id=\"attachment_1176\" style=\"width: 190px\" class=\"wp-caption alignnone\"><a href=\"https:\/\/www.naturparkmagazin.de\/stechlin\/wp-content\/uploads\/sites\/38\/Exkursion-\u00d64.jpg\"><img aria-describedby=\"caption-attachment-1176\" decoding=\"async\" loading=\"lazy\" class=\"size-full wp-image-1176 \" alt=\"12.000 ha umfasst das Areal der Kyritz-Ruppiner Heide (Bombodrom)\" src=\"https:\/\/www.naturparkmagazin.de\/stechlin\/wp-content\/uploads\/sites\/38\/Exkursion-\u00d64.jpg\" width=\"180\" height=\"270\" \/><\/a><p id=\"caption-attachment-1176\" class=\"wp-caption-text\">12.000 ha umfasst das Areal der Kyritz-Ruppiner Heide (Bombodrom)<\/p><\/div>\n<p>Geballtes Fachwissen \u201eWasser\u201c traf sich am 1. Juli im Naturpark, um auch einmal die Kehrseite der Medaille hautnah zu erleben. \u00d64 \u2013 so die etwas kryptische Bezeichnung des 30-k\u00f6pfigen Referates im Landesumweltamt Brandenburg \u2013 besch\u00e4ftigt sich mit allen Aufgabenbereichen, die im Zusammenhang mit der Europ\u00e4ischen Wasserrahmenrichtlinie stehen. Allj\u00e4hrlich machen sich diese Kolleginnen und Kollegen auf den gemeinsamen Weg ins Land. So k\u00f6nnen sich die ansonsten sehr zentral in Potsdam agierenden Mitarbeiter, praxisnah und am Objekt fortbilden und untereinander austauschen. H\u00e4ufig ist dieser \u201eBlick \u00fcber den Tellerrand\u201c trotzdem klar themenbezogen zur eigentlichen Arbeit. Diesmal sollte es nur teilweise so sein: Der erste, sehr vom Thema Wasser abweichende Exkursionspunkt f\u00fchrte die 25 Personen z\u00e4hlende Gruppe auf den ehemaligen Truppen\u00fcbungsplatz Wittstock-Ruppiner Heide. Unter der fachlich hoch anspruchsvollen Leitung durch Rainer Entrup und Gerald Lemke vom Bundesforstbetrieb Westbrandenburg\u00a0sowie Lothar Lankow von der Heinz-Sielmann-Stiftung bekamen die Teilnehmer einen reichhaltigen Wissenscocktail von der milit\u00e4rischen Nutzung des Areals, \u00fcber die Bew\u00e4ltigung des Problems milit\u00e4rischer Altlasten, bis hin zu naturschutzfachlichen Zielstellungen und deren praktischer Umsetzung zu kosten. Zuf\u00e4llig traf die Gruppe auch noch auf den Feuerwerker des Platzes, der auch sogleich am \u201elebenden\u201c Objekt, einer gl\u00fccklicherweise nicht scharfen \u00dcbungsgranate das Gef\u00e4hrdungspotential der verschiedenen Munitionen erl\u00e4uterte.<\/p>\n<p>Nach kurzer St\u00e4rkung auf dem Menzer Friedenplatz f\u00fchrte der Weg ins Moor. Der Leiter des EU-Life-Projektes \u201eKalkmoore Brandenburg\u201c, Michael Zauft, begleitete die Gruppe ins FFH-Gebiet Gramzowseen. Der Weg f\u00fchrte hier durch eine der regelm\u00e4\u00dfig gem\u00e4hten, schwach geneigten Feuchtwiesen. Durch kaskadenartige Flachabtorfungen und Grabenverschl\u00fcsse (Volksmund: \u201eReisfelder\u201c) konnte hier ein flach \u00fcberstr\u00f6mter, wachsender Moork\u00f6rper wiederhergestellt werden. Auf der Rundwanderung ins Gebiet erl\u00e4uterte Michael Zauft, wie mit relativ geringem Aufwand gro\u00dfe Effekte bei der Gew\u00e4ssersanierung erzielt werden k\u00f6nnen.<\/p>\n<p><a href=\"https:\/\/www.naturparkmagazin.de\/stechlin\/wp-content\/uploads\/sites\/38\/Exkursion-\u00d64_2.jpg\"><img decoding=\"async\" loading=\"lazy\" class=\"size-full wp-image-1178\" alt=\"Exkursion ins FFH-Gebiet Gramzowseen\" src=\"https:\/\/www.naturparkmagazin.de\/stechlin\/wp-content\/uploads\/sites\/38\/Exkursion-\u00d64_2.jpg\" width=\"300\" height=\"201\" srcset=\"https:\/\/www.naturparkmagazin.de\/stechlin\/wp-content\/uploads\/sites\/38\/Exkursion-\u00d64_2.jpg 300w, https:\/\/www.naturparkmagazin.de\/stechlin\/wp-content\/uploads\/sites\/38\/Exkursion-\u00d64_2-200x134.jpg 200w\" sizes=\"(max-width: 300px) 100vw, 300px\" \/><\/a><\/p>\n<dl class=\"wp-caption alignnone\" id=\"attachment_1178\" style=\"width: 310px\">\n<dt class=\"wp-caption-dt\">\u00a0<\/dt>\n<dd class=\"wp-caption-dd\">Exkursion ins FFH-Gebiet Gramzowseen<\/dd>\n<\/dl>\n<p>&nbsp;<\/p>\n","protected":false},"excerpt":{"rendered":"<p>Das geballte Fachwissen \u201eWasser\u201c des Landesumweltamtes Brandenburg traf sich am 1. Juli im Naturpark, um auch einmal die trockene Kehrseite der Medaille hautnah zu erleben.<\/p>\n","protected":false},"author":39,"featured_media":1175,"comment_status":"open","ping_status":"open","sticky":false,"template":"","format":"standard","meta":[],"categories":[7],"tags":[],"yoast_head":"<!-- This site is optimized with the Yoast SEO plugin v19.10 - https:\/\/yoast.com\/wordpress\/plugins\/seo\/ -->\n<title>Von \u201etrocken\u201c zu \u201enass\u201c - Naturpark Stechlin-Ruppiner Land<\/title>\n<meta name=\"robots\" content=\"index, follow, max-snippet:-1, max-image-preview:large, max-video-preview:-1\" \/>\n<link rel=\"canonical\" href=\"https:\/\/www.naturparkmagazin.de\/stechlin\/von-trocken-zu-nass\/\" \/>\n<meta property=\"og:locale\" content=\"de_DE\" \/>\n<meta property=\"og:type\" content=\"article\" \/>\n<meta property=\"og:title\" content=\"Von \u201etrocken\u201c zu \u201enass\u201c - Naturpark Stechlin-Ruppiner Land\" \/>\n<meta property=\"og:description\" content=\"Das geballte Fachwissen \u201eWasser\u201c des Landesumweltamtes Brandenburg traf sich am 1. Juli im Naturpark, um auch einmal die trockene Kehrseite der Medaille hautnah zu erleben.\" \/>\n<meta property=\"og:url\" content=\"https:\/\/www.naturparkmagazin.de\/stechlin\/von-trocken-zu-nass\/\" \/>\n<meta property=\"og:site_name\" content=\"Naturpark Stechlin-Ruppiner Land\" \/>\n<meta property=\"article:published_time\" content=\"2014-07-21T10:22:56+00:00\" \/>\n<meta property=\"article:modified_time\" content=\"2014-07-29T04:55:46+00:00\" \/>\n<meta property=\"og:image\" content=\"https:\/\/www.naturparkmagazin.de\/stechlin\/wp-content\/uploads\/sites\/38\/Exkursion-\u00d64_Beitragsbild.jpg\" \/>\n\t<meta property=\"og:image:width\" content=\"500\" \/>\n\t<meta property=\"og:image:height\" content=\"335\" \/>\n\t<meta property=\"og:image:type\" content=\"image\/jpeg\" \/>\n<meta name=\"author\" content=\"marioschrumpf\" \/>\n<meta name=\"twitter:label1\" content=\"Verfasst von\" \/>\n\t<meta name=\"twitter:data1\" content=\"marioschrumpf\" \/>\n\t<meta name=\"twitter:label2\" content=\"Gesch\u00e4tzte Lesezeit\" \/>\n\t<meta name=\"twitter:data2\" content=\"2\u00a0Minuten\" \/>\n<script type=\"application\/ld+json\" class=\"yoast-schema-graph\">{\"@context\":\"https:\/\/schema.org\",\"@graph\":[{\"@type\":\"WebPage\",\"@id\":\"https:\/\/www.naturparkmagazin.de\/stechlin\/von-trocken-zu-nass\/\",\"url\":\"https:\/\/www.naturparkmagazin.de\/stechlin\/von-trocken-zu-nass\/\",\"name\":\"Von \u201etrocken\u201c zu \u201enass\u201c - Naturpark Stechlin-Ruppiner Land\",\"isPartOf\":{\"@id\":\"https:\/\/www.naturparkmagazin.de\/stechlin\/#website\"},\"datePublished\":\"2014-07-21T10:22:56+00:00\",\"dateModified\":\"2014-07-29T04:55:46+00:00\",\"author\":{\"@id\":\"https:\/\/www.naturparkmagazin.de\/stechlin\/#\/schema\/person\/3f0d93203df21c806dd63c76d9bb28bc\"},\"breadcrumb\":{\"@id\":\"https:\/\/www.naturparkmagazin.de\/stechlin\/von-trocken-zu-nass\/#breadcrumb\"},\"inLanguage\":\"de\",\"potentialAction\":[{\"@type\":\"ReadAction\",\"target\":[\"https:\/\/www.naturparkmagazin.de\/stechlin\/von-trocken-zu-nass\/\"]}]},{\"@type\":\"BreadcrumbList\",\"@id\":\"https:\/\/www.naturparkmagazin.de\/stechlin\/von-trocken-zu-nass\/#breadcrumb\",\"itemListElement\":[{\"@type\":\"ListItem\",\"position\":1,\"name\":\"Home\",\"item\":\"https:\/\/www.naturparkmagazin.de\/stechlin\/\"},{\"@type\":\"ListItem\",\"position\":2,\"name\":\"Von \u201etrocken\u201c zu \u201enass\u201c\"}]},{\"@type\":\"WebSite\",\"@id\":\"https:\/\/www.naturparkmagazin.de\/stechlin\/#website\",\"url\":\"https:\/\/www.naturparkmagazin.de\/stechlin\/\",\"name\":\"Naturpark Stechlin-Ruppiner Land\",\"description\":\"\",\"potentialAction\":[{\"@type\":\"SearchAction\",\"target\":{\"@type\":\"EntryPoint\",\"urlTemplate\":\"https:\/\/www.naturparkmagazin.de\/stechlin\/?s={search_term_string}\"},\"query-input\":\"required name=search_term_string\"}],\"inLanguage\":\"de\"},{\"@type\":\"Person\",\"@id\":\"https:\/\/www.naturparkmagazin.de\/stechlin\/#\/schema\/person\/3f0d93203df21c806dd63c76d9bb28bc\",\"name\":\"marioschrumpf\",\"url\":\"https:\/\/www.naturparkmagazin.de\/stechlin\/author\/marioschrumpf\/\"}]}<\/script>\n<!-- \/ Yoast SEO plugin. -->","yoast_head_json":{"title":"Von \u201etrocken\u201c zu \u201enass\u201c - Naturpark Stechlin-Ruppiner Land","robots":{"index":"index","follow":"follow","max-snippet":"max-snippet:-1","max-image-preview":"max-image-preview:large","max-video-preview":"max-video-preview:-1"},"canonical":"https:\/\/www.naturparkmagazin.de\/stechlin\/von-trocken-zu-nass\/","og_locale":"de_DE","og_type":"article","og_title":"Von \u201etrocken\u201c zu \u201enass\u201c - Naturpark Stechlin-Ruppiner Land","og_description":"Das geballte Fachwissen \u201eWasser\u201c des Landesumweltamtes Brandenburg traf sich am 1. Juli im Naturpark, um auch einmal die trockene Kehrseite der Medaille hautnah zu erleben.","og_url":"https:\/\/www.naturparkmagazin.de\/stechlin\/von-trocken-zu-nass\/","og_site_name":"Naturpark Stechlin-Ruppiner Land","article_published_time":"2014-07-21T10:22:56+00:00","article_modified_time":"2014-07-29T04:55:46+00:00","og_image":[{"width":500,"height":335,"url":"https:\/\/www.naturparkmagazin.de\/stechlin\/wp-content\/uploads\/sites\/38\/Exkursion-\u00d64_Beitragsbild.jpg","type":"image\/jpeg"}],"author":"marioschrumpf","twitter_misc":{"Verfasst von":"marioschrumpf","Gesch\u00e4tzte Lesezeit":"2\u00a0Minuten"},"schema":{"@context":"https:\/\/schema.org","@graph":[{"@type":"WebPage","@id":"https:\/\/www.naturparkmagazin.de\/stechlin\/von-trocken-zu-nass\/","url":"https:\/\/www.naturparkmagazin.de\/stechlin\/von-trocken-zu-nass\/","name":"Von \u201etrocken\u201c zu \u201enass\u201c - Naturpark Stechlin-Ruppiner Land","isPartOf":{"@id":"https:\/\/www.naturparkmagazin.de\/stechlin\/#website"},"datePublished":"2014-07-21T10:22:56+00:00","dateModified":"2014-07-29T04:55:46+00:00","author":{"@id":"https:\/\/www.naturparkmagazin.de\/stechlin\/#\/schema\/person\/3f0d93203df21c806dd63c76d9bb28bc"},"breadcrumb":{"@id":"https:\/\/www.naturparkmagazin.de\/stechlin\/von-trocken-zu-nass\/#breadcrumb"},"inLanguage":"de","potentialAction":[{"@type":"ReadAction","target":["https:\/\/www.naturparkmagazin.de\/stechlin\/von-trocken-zu-nass\/"]}]},{"@type":"BreadcrumbList","@id":"https:\/\/www.naturparkmagazin.de\/stechlin\/von-trocken-zu-nass\/#breadcrumb","itemListElement":[{"@type":"ListItem","position":1,"name":"Home","item":"https:\/\/www.naturparkmagazin.de\/stechlin\/"},{"@type":"ListItem","position":2,"name":"Von \u201etrocken\u201c zu \u201enass\u201c"}]},{"@type":"WebSite","@id":"https:\/\/www.naturparkmagazin.de\/stechlin\/#website","url":"https:\/\/www.naturparkmagazin.de\/stechlin\/","name":"Naturpark Stechlin-Ruppiner Land","description":"","potentialAction":[{"@type":"SearchAction","target":{"@type":"EntryPoint","urlTemplate":"https:\/\/www.naturparkmagazin.de\/stechlin\/?s={search_term_string}"},"query-input":"required name=search_term_string"}],"inLanguage":"de"},{"@type":"Person","@id":"https:\/\/www.naturparkmagazin.de\/stechlin\/#\/schema\/person\/3f0d93203df21c806dd63c76d9bb28bc","name":"marioschrumpf","url":"https:\/\/www.naturparkmagazin.de\/stechlin\/author\/marioschrumpf\/"}]}},"_links":{"self":[{"href":"https:\/\/www.naturparkmagazin.de\/stechlin\/wp-json\/wp\/v2\/posts\/1174"}],"collection":[{"href":"https:\/\/www.naturparkmagazin.de\/stechlin\/wp-json\/wp\/v2\/posts"}],"about":[{"href":"https:\/\/www.naturparkmagazin.de\/stechlin\/wp-json\/wp\/v2\/types\/post"}],"author":[{"embeddable":true,"href":"https:\/\/www.naturparkmagazin.de\/stechlin\/wp-json\/wp\/v2\/users\/39"}],"replies":[{"embeddable":true,"href":"https:\/\/www.naturparkmagazin.de\/stechlin\/wp-json\/wp\/v2\/comments?post=1174"}],"version-history":[{"count":6,"href":"https:\/\/www.naturparkmagazin.de\/stechlin\/wp-json\/wp\/v2\/posts\/1174\/revisions"}],"predecessor-version":[{"id":1233,"href":"https:\/\/www.naturparkmagazin.de\/stechlin\/wp-json\/wp\/v2\/posts\/1174\/revisions\/1233"}],"wp:featuredmedia":[{"embeddable":true,"href":"https:\/\/www.naturparkmagazin.de\/stechlin\/wp-json\/wp\/v2\/media\/1175"}],"wp:attachment":[{"href":"https:\/\/www.naturparkmagazin.de\/stechlin\/wp-json\/wp\/v2\/media?parent=1174"}],"wp:term":[{"taxonomy":"category","embeddable":true,"href":"https:\/\/www.naturparkmagazin.de\/stechlin\/wp-json\/wp\/v2\/categories?post=1174"},{"taxonomy":"post_tag","embeddable":true,"href":"https:\/\/www.naturparkmagazin.de\/stechlin\/wp-json\/wp\/v2\/tags?post=1174"}],"curies":[{"name":"wp","href":"https:\/\/api.w.org\/{rel}","templated":true}]}}