{"id":11751,"date":"2022-04-01T12:00:24","date_gmt":"2022-04-01T10:00:24","guid":{"rendered":"https:\/\/www.naturparkmagazin.de\/stechlin\/?p=11751"},"modified":"2022-04-01T13:51:20","modified_gmt":"2022-04-01T11:51:20","slug":"andreas-henschel-ist-neuer-ansprechpartner-beim-heimatverein-rheinsberg","status":"publish","type":"post","link":"https:\/\/www.naturparkmagazin.de\/stechlin\/andreas-henschel-ist-neuer-ansprechpartner-beim-heimatverein-rheinsberg\/","title":{"rendered":"Andreas Henschel ist neuer Ansprechpartner beim Heimatverein Rheinsberg"},"content":{"rendered":"<div id=\"attachment_11770\" style=\"width: 310px\" class=\"wp-caption aligncenter\"><a href=\"https:\/\/www.naturparkmagazin.de\/stechlin\/wp-content\/uploads\/sites\/38\/Foto-Heimatverein.jpg\"><img aria-describedby=\"caption-attachment-11770\" decoding=\"async\" loading=\"lazy\" class=\"size-thumbnail wp-image-11770\" src=\"https:\/\/www.naturparkmagazin.de\/stechlin\/wp-content\/uploads\/sites\/38\/Foto-Heimatverein-300x179.jpg\" alt=\"\u00a9 Andreas Hentschel\" width=\"300\" height=\"179\" srcset=\"https:\/\/www.naturparkmagazin.de\/stechlin\/wp-content\/uploads\/sites\/38\/Foto-Heimatverein-300x179.jpg 300w, https:\/\/www.naturparkmagazin.de\/stechlin\/wp-content\/uploads\/sites\/38\/Foto-Heimatverein.jpg 500w, https:\/\/www.naturparkmagazin.de\/stechlin\/wp-content\/uploads\/sites\/38\/Foto-Heimatverein-200x120.jpg 200w\" sizes=\"(max-width: 300px) 100vw, 300px\" \/><\/a><p id=\"caption-attachment-11770\" class=\"wp-caption-text\">\u00a9 Andreas Henschel<\/p><\/div>\n<p>Andreas Henschel ist neuer Gesch\u00e4ftsstellenleiter beim <strong>Heimatverein Rheinsberger Seenkette e.V.<\/strong> Der 53 j\u00e4hrige stammt aus der Rheinsberger Region, kennt die Sch\u00f6nheiten der Natur und hat damit beste Voraussetzungen f\u00fcr die neue T\u00e4tigkeit. Andreas Henschel war vorher in der Industrie deutschlandweit t\u00e4tig. Er m\u00f6chte sich nun auf die Arbeit im Heimatverein Rheinsberger Seenkette aus \u00f6kologischen und \u00f6konomischen Gr\u00fcnden konzentrieren.<\/p>\n<p>\u201e<em>Die Natur gibt es nur einmal, auch meine Enkel sollen Sie noch erleben, f\u00fchlen und schmecken. Nach Hause zu kommen und in der Heimat f\u00fcr die sch\u00f6ne Region mit unz\u00e4hlig vielen M\u00f6glichkeiten sich in der Natur mit einzubringen, zu arbeiten, ist ein Privileg!&#8220;<\/em><\/p>\n<p>Der Verein Rheinsberger Seenkette e.V.\u00a0 hat mit seinen Mitarbeitern das Ziel, die Natur zu sch\u00fctzen, die Wanderwege und Naturerlebnispfade zu betreuen sowie den Heimatgedanken mit allen Traditionen als selbstverst\u00e4ndliche Grundlage zu f\u00f6rdern.<\/p>\n<p>\u201e<em>Sch\u00fctzen der Natur, Wahren der Tradition, F\u00f6rderung von Kunst und Kultur<\/em>\u201c viele Projekte, viel Arbeit, gro\u00dfe Herausforderungen!<\/p>\n<p>Dabei sind als H\u00f6hepunkte die drei \u00fcberregional bekannten Gro\u00dfveranstaltungen, der <strong>Rheinsberger T\u00f6pfermarkt<\/strong>, der <strong>Kunsthandwerkermarkt<\/strong> und das <strong>Rheinsberger Hafenfest <\/strong>die gr\u00f6\u00dften Herausforderungen.<\/p>\n<p><strong>Wir freuen uns auf eine gute Zusammenarbeit!<\/strong><\/p>\n","protected":false},"excerpt":{"rendered":"<p>Der 53 j\u00e4hrige stammt aus der Rheinsberger Region, kennt die Sch\u00f6nheiten der Natur und hat damit  beste Voraussetzungen f\u00fcr die neue T\u00e4tigkeit.<\/p>\n","protected":false},"author":39,"featured_media":11771,"comment_status":"open","ping_status":"open","sticky":false,"template":"","format":"standard","meta":[],"categories":[8],"tags":[],"yoast_head":"<!-- This site is optimized with the Yoast SEO plugin v19.10 - https:\/\/yoast.com\/wordpress\/plugins\/seo\/ -->\n<title>Andreas Henschel ist neuer Ansprechpartner beim Heimatverein Rheinsberg - Naturpark Stechlin-Ruppiner Land<\/title>\n<meta name=\"robots\" content=\"index, follow, max-snippet:-1, max-image-preview:large, max-video-preview:-1\" \/>\n<link rel=\"canonical\" href=\"https:\/\/www.naturparkmagazin.de\/stechlin\/andreas-henschel-ist-neuer-ansprechpartner-beim-heimatverein-rheinsberg\/\" \/>\n<meta property=\"og:locale\" content=\"de_DE\" \/>\n<meta property=\"og:type\" content=\"article\" \/>\n<meta property=\"og:title\" content=\"Andreas Henschel ist neuer Ansprechpartner beim Heimatverein Rheinsberg - Naturpark Stechlin-Ruppiner Land\" \/>\n<meta property=\"og:description\" content=\"Der 53 j\u00e4hrige stammt aus der Rheinsberger Region, kennt die Sch\u00f6nheiten der Natur und hat damit beste Voraussetzungen f\u00fcr die neue T\u00e4tigkeit.\" \/>\n<meta property=\"og:url\" content=\"https:\/\/www.naturparkmagazin.de\/stechlin\/andreas-henschel-ist-neuer-ansprechpartner-beim-heimatverein-rheinsberg\/\" \/>\n<meta property=\"og:site_name\" content=\"Naturpark Stechlin-Ruppiner Land\" \/>\n<meta property=\"article:published_time\" content=\"2022-04-01T10:00:24+00:00\" \/>\n<meta property=\"article:modified_time\" content=\"2022-04-01T11:51:20+00:00\" \/>\n<meta property=\"og:image\" content=\"https:\/\/www.naturparkmagazin.de\/stechlin\/wp-content\/uploads\/sites\/38\/Foto-Heimatverein_a.jpg\" \/>\n\t<meta property=\"og:image:width\" content=\"200\" \/>\n\t<meta property=\"og:image:height\" content=\"200\" \/>\n\t<meta property=\"og:image:type\" content=\"image\/jpeg\" \/>\n<meta name=\"author\" content=\"marioschrumpf\" \/>\n<meta name=\"twitter:label1\" content=\"Verfasst von\" \/>\n\t<meta name=\"twitter:data1\" content=\"marioschrumpf\" \/>\n\t<meta name=\"twitter:label2\" content=\"Gesch\u00e4tzte Lesezeit\" \/>\n\t<meta name=\"twitter:data2\" content=\"1\u00a0Minute\" \/>\n<script type=\"application\/ld+json\" class=\"yoast-schema-graph\">{\"@context\":\"https:\/\/schema.org\",\"@graph\":[{\"@type\":\"WebPage\",\"@id\":\"https:\/\/www.naturparkmagazin.de\/stechlin\/andreas-henschel-ist-neuer-ansprechpartner-beim-heimatverein-rheinsberg\/\",\"url\":\"https:\/\/www.naturparkmagazin.de\/stechlin\/andreas-henschel-ist-neuer-ansprechpartner-beim-heimatverein-rheinsberg\/\",\"name\":\"Andreas Henschel ist neuer Ansprechpartner beim Heimatverein Rheinsberg - Naturpark Stechlin-Ruppiner Land\",\"isPartOf\":{\"@id\":\"https:\/\/www.naturparkmagazin.de\/stechlin\/#website\"},\"datePublished\":\"2022-04-01T10:00:24+00:00\",\"dateModified\":\"2022-04-01T11:51:20+00:00\",\"author\":{\"@id\":\"https:\/\/www.naturparkmagazin.de\/stechlin\/#\/schema\/person\/3f0d93203df21c806dd63c76d9bb28bc\"},\"breadcrumb\":{\"@id\":\"https:\/\/www.naturparkmagazin.de\/stechlin\/andreas-henschel-ist-neuer-ansprechpartner-beim-heimatverein-rheinsberg\/#breadcrumb\"},\"inLanguage\":\"de\",\"potentialAction\":[{\"@type\":\"ReadAction\",\"target\":[\"https:\/\/www.naturparkmagazin.de\/stechlin\/andreas-henschel-ist-neuer-ansprechpartner-beim-heimatverein-rheinsberg\/\"]}]},{\"@type\":\"BreadcrumbList\",\"@id\":\"https:\/\/www.naturparkmagazin.de\/stechlin\/andreas-henschel-ist-neuer-ansprechpartner-beim-heimatverein-rheinsberg\/#breadcrumb\",\"itemListElement\":[{\"@type\":\"ListItem\",\"position\":1,\"name\":\"Home\",\"item\":\"https:\/\/www.naturparkmagazin.de\/stechlin\/\"},{\"@type\":\"ListItem\",\"position\":2,\"name\":\"Andreas Henschel ist neuer Ansprechpartner beim Heimatverein Rheinsberg\"}]},{\"@type\":\"WebSite\",\"@id\":\"https:\/\/www.naturparkmagazin.de\/stechlin\/#website\",\"url\":\"https:\/\/www.naturparkmagazin.de\/stechlin\/\",\"name\":\"Naturpark Stechlin-Ruppiner Land\",\"description\":\"\",\"potentialAction\":[{\"@type\":\"SearchAction\",\"target\":{\"@type\":\"EntryPoint\",\"urlTemplate\":\"https:\/\/www.naturparkmagazin.de\/stechlin\/?s={search_term_string}\"},\"query-input\":\"required name=search_term_string\"}],\"inLanguage\":\"de\"},{\"@type\":\"Person\",\"@id\":\"https:\/\/www.naturparkmagazin.de\/stechlin\/#\/schema\/person\/3f0d93203df21c806dd63c76d9bb28bc\",\"name\":\"marioschrumpf\",\"url\":\"https:\/\/www.naturparkmagazin.de\/stechlin\/author\/marioschrumpf\/\"}]}<\/script>\n<!-- \/ Yoast SEO plugin. -->","yoast_head_json":{"title":"Andreas Henschel ist neuer Ansprechpartner beim Heimatverein Rheinsberg - Naturpark Stechlin-Ruppiner Land","robots":{"index":"index","follow":"follow","max-snippet":"max-snippet:-1","max-image-preview":"max-image-preview:large","max-video-preview":"max-video-preview:-1"},"canonical":"https:\/\/www.naturparkmagazin.de\/stechlin\/andreas-henschel-ist-neuer-ansprechpartner-beim-heimatverein-rheinsberg\/","og_locale":"de_DE","og_type":"article","og_title":"Andreas Henschel ist neuer Ansprechpartner beim Heimatverein Rheinsberg - Naturpark Stechlin-Ruppiner Land","og_description":"Der 53 j\u00e4hrige stammt aus der Rheinsberger Region, kennt die Sch\u00f6nheiten der Natur und hat damit beste Voraussetzungen f\u00fcr die neue T\u00e4tigkeit.","og_url":"https:\/\/www.naturparkmagazin.de\/stechlin\/andreas-henschel-ist-neuer-ansprechpartner-beim-heimatverein-rheinsberg\/","og_site_name":"Naturpark Stechlin-Ruppiner Land","article_published_time":"2022-04-01T10:00:24+00:00","article_modified_time":"2022-04-01T11:51:20+00:00","og_image":[{"width":200,"height":200,"url":"https:\/\/www.naturparkmagazin.de\/stechlin\/wp-content\/uploads\/sites\/38\/Foto-Heimatverein_a.jpg","type":"image\/jpeg"}],"author":"marioschrumpf","twitter_misc":{"Verfasst von":"marioschrumpf","Gesch\u00e4tzte Lesezeit":"1\u00a0Minute"},"schema":{"@context":"https:\/\/schema.org","@graph":[{"@type":"WebPage","@id":"https:\/\/www.naturparkmagazin.de\/stechlin\/andreas-henschel-ist-neuer-ansprechpartner-beim-heimatverein-rheinsberg\/","url":"https:\/\/www.naturparkmagazin.de\/stechlin\/andreas-henschel-ist-neuer-ansprechpartner-beim-heimatverein-rheinsberg\/","name":"Andreas Henschel ist neuer Ansprechpartner beim Heimatverein Rheinsberg - Naturpark Stechlin-Ruppiner Land","isPartOf":{"@id":"https:\/\/www.naturparkmagazin.de\/stechlin\/#website"},"datePublished":"2022-04-01T10:00:24+00:00","dateModified":"2022-04-01T11:51:20+00:00","author":{"@id":"https:\/\/www.naturparkmagazin.de\/stechlin\/#\/schema\/person\/3f0d93203df21c806dd63c76d9bb28bc"},"breadcrumb":{"@id":"https:\/\/www.naturparkmagazin.de\/stechlin\/andreas-henschel-ist-neuer-ansprechpartner-beim-heimatverein-rheinsberg\/#breadcrumb"},"inLanguage":"de","potentialAction":[{"@type":"ReadAction","target":["https:\/\/www.naturparkmagazin.de\/stechlin\/andreas-henschel-ist-neuer-ansprechpartner-beim-heimatverein-rheinsberg\/"]}]},{"@type":"BreadcrumbList","@id":"https:\/\/www.naturparkmagazin.de\/stechlin\/andreas-henschel-ist-neuer-ansprechpartner-beim-heimatverein-rheinsberg\/#breadcrumb","itemListElement":[{"@type":"ListItem","position":1,"name":"Home","item":"https:\/\/www.naturparkmagazin.de\/stechlin\/"},{"@type":"ListItem","position":2,"name":"Andreas Henschel ist neuer Ansprechpartner beim Heimatverein Rheinsberg"}]},{"@type":"WebSite","@id":"https:\/\/www.naturparkmagazin.de\/stechlin\/#website","url":"https:\/\/www.naturparkmagazin.de\/stechlin\/","name":"Naturpark Stechlin-Ruppiner Land","description":"","potentialAction":[{"@type":"SearchAction","target":{"@type":"EntryPoint","urlTemplate":"https:\/\/www.naturparkmagazin.de\/stechlin\/?s={search_term_string}"},"query-input":"required name=search_term_string"}],"inLanguage":"de"},{"@type":"Person","@id":"https:\/\/www.naturparkmagazin.de\/stechlin\/#\/schema\/person\/3f0d93203df21c806dd63c76d9bb28bc","name":"marioschrumpf","url":"https:\/\/www.naturparkmagazin.de\/stechlin\/author\/marioschrumpf\/"}]}},"_links":{"self":[{"href":"https:\/\/www.naturparkmagazin.de\/stechlin\/wp-json\/wp\/v2\/posts\/11751"}],"collection":[{"href":"https:\/\/www.naturparkmagazin.de\/stechlin\/wp-json\/wp\/v2\/posts"}],"about":[{"href":"https:\/\/www.naturparkmagazin.de\/stechlin\/wp-json\/wp\/v2\/types\/post"}],"author":[{"embeddable":true,"href":"https:\/\/www.naturparkmagazin.de\/stechlin\/wp-json\/wp\/v2\/users\/39"}],"replies":[{"embeddable":true,"href":"https:\/\/www.naturparkmagazin.de\/stechlin\/wp-json\/wp\/v2\/comments?post=11751"}],"version-history":[{"count":7,"href":"https:\/\/www.naturparkmagazin.de\/stechlin\/wp-json\/wp\/v2\/posts\/11751\/revisions"}],"predecessor-version":[{"id":11842,"href":"https:\/\/www.naturparkmagazin.de\/stechlin\/wp-json\/wp\/v2\/posts\/11751\/revisions\/11842"}],"wp:featuredmedia":[{"embeddable":true,"href":"https:\/\/www.naturparkmagazin.de\/stechlin\/wp-json\/wp\/v2\/media\/11771"}],"wp:attachment":[{"href":"https:\/\/www.naturparkmagazin.de\/stechlin\/wp-json\/wp\/v2\/media?parent=11751"}],"wp:term":[{"taxonomy":"category","embeddable":true,"href":"https:\/\/www.naturparkmagazin.de\/stechlin\/wp-json\/wp\/v2\/categories?post=11751"},{"taxonomy":"post_tag","embeddable":true,"href":"https:\/\/www.naturparkmagazin.de\/stechlin\/wp-json\/wp\/v2\/tags?post=11751"}],"curies":[{"name":"wp","href":"https:\/\/api.w.org\/{rel}","templated":true}]}}