{"id":11753,"date":"2022-04-01T12:00:41","date_gmt":"2022-04-01T10:00:41","guid":{"rendered":"https:\/\/www.naturparkmagazin.de\/stechlin\/?p=11753"},"modified":"2022-04-01T13:50:03","modified_gmt":"2022-04-01T11:50:03","slug":"qualitaets-gastgeber-im-naturpark-stechlin-ruppiner-land","status":"publish","type":"post","link":"https:\/\/www.naturparkmagazin.de\/stechlin\/qualitaets-gastgeber-im-naturpark-stechlin-ruppiner-land\/","title":{"rendered":"Qualit\u00e4ts-Gastgeber im Naturpark Stechlin-Ruppiner Land"},"content":{"rendered":"<p>Sie suchen als Wanderer herzliche und kompetente Gastgeber? Ob allein, zu zweit oder als kleine Gruppe, hier finden sie Wanderunterk\u00fcnfte und Gastronomen mit einem Qualit\u00e4tsversprechen:<\/p>\n<p>Kremserhof Zerm\u00fctzel &gt; <a href=\"https:\/\/www.kremserhof.com\/\">https:\/\/www.kremserhof.com\/<\/a><\/p>\n<p>Jugendherberge Ravensbr\u00fcck &gt; <a href=\"http:\/\/www.jh-ravensbrueck.de\">www.jh-ravensbrueck.de<\/a><\/p>\n<p>Hotel Gutenmorgen Dorf Zechlin &gt; <a href=\"https:\/\/hotel-gutenmorgen.de\/\">https:\/\/hotel-gutenmorgen.de\/<\/a><\/p>\n<p>Gutshaus Darsikow &gt; <a href=\"http:\/\/www.gutshaus-darsikow.de\/\">http:\/\/www.gutshaus-darsikow.de\/<\/a><\/p>\n<p>Schon seit 2005 setzt der Deutsche Wanderverband mit den\u00a0Qualit\u00e4tsgastgebern Wanderbares Deutschland\u00a0bundesweite Standards f\u00fcr Wanderunterk\u00fcnfte und Gastronomie beim Wandern. Das einzige bundesweit verbreitete und gepr\u00fcfte Zertifikat f\u00fcr wanderfreundliche Gastgeber. \u00a0F\u00fcr Wanderg\u00e4ste in ganz Deutschland die erste Wahl bei der Wander- und Urlaubsplanung.<\/p>\n<div id=\"attachment_11764\" style=\"width: 310px\" class=\"wp-caption aligncenter\"><a href=\"https:\/\/www.naturparkmagazin.de\/stechlin\/wp-content\/uploads\/sites\/38\/gastgeber.jpg\"><img aria-describedby=\"caption-attachment-11764\" decoding=\"async\" loading=\"lazy\" class=\"size-thumbnail wp-image-11764\" src=\"https:\/\/www.naturparkmagazin.de\/stechlin\/wp-content\/uploads\/sites\/38\/gastgeber-300x180.jpg\" alt=\"\u00a9 Olaf Wolff\" width=\"300\" height=\"180\" srcset=\"https:\/\/www.naturparkmagazin.de\/stechlin\/wp-content\/uploads\/sites\/38\/gastgeber-300x180.jpg 300w, https:\/\/www.naturparkmagazin.de\/stechlin\/wp-content\/uploads\/sites\/38\/gastgeber.jpg 500w, https:\/\/www.naturparkmagazin.de\/stechlin\/wp-content\/uploads\/sites\/38\/gastgeber-200x120.jpg 200w\" sizes=\"(max-width: 300px) 100vw, 300px\" \/><\/a><p id=\"caption-attachment-11764\" class=\"wp-caption-text\">Auszeichnung des Kremserhofes Zerm\u00fctzel als Qualit\u00e4tsgastgeber durch Olaf Wolff \u00a9 Dr. Mario Schrumpf<\/p><\/div>\n<p>&nbsp;<\/p>\n<p>Oder Sie m\u00f6chten auch Qualit\u00e4tsgastgeber Wanderbares Deutschland werden?<\/p>\n<p>Mit dem Zertifikat \u201eQualit\u00e4tsgastgeber Wanderbares Deutschland\u201c genie\u00dfen Sie einen Wettbewerbsvorteil gegen\u00fcber anderen Betrieben in Ihrer Region, da Sie sich in der Vermarktung deutlich sichtbar als ein qualit\u00e4tsgepr\u00fcfter Gastgeber positionieren, der seine Ausstattung, seine Verpflegung und seinen Service auf die Bed\u00fcrfnisse von Wandertouristen ausgerichtet hat.<\/p>\n<p>Zudem profitieren Sie von den zahlreichen Leistungen und Vorteilen, die der Deutsche Wanderverband und seine Partner Ihnen bieten.<\/p>\n<div id=\"attachment_11765\" style=\"width: 210px\" class=\"wp-caption aligncenter\"><a href=\"https:\/\/www.naturparkmagazin.de\/stechlin\/wp-content\/uploads\/sites\/38\/Qualitaetsgastgeber-allgemein_logo_a.jpg\"><img aria-describedby=\"caption-attachment-11765\" decoding=\"async\" loading=\"lazy\" class=\"size-full wp-image-11765\" src=\"https:\/\/www.naturparkmagazin.de\/stechlin\/wp-content\/uploads\/sites\/38\/Qualitaetsgastgeber-allgemein_logo_a.jpg\" alt=\"\u00a9 Deutscher Wanderverband (Logo)\" width=\"200\" height=\"200\" srcset=\"https:\/\/www.naturparkmagazin.de\/stechlin\/wp-content\/uploads\/sites\/38\/Qualitaetsgastgeber-allgemein_logo_a.jpg 200w, https:\/\/www.naturparkmagazin.de\/stechlin\/wp-content\/uploads\/sites\/38\/Qualitaetsgastgeber-allgemein_logo_a-30x30.jpg 30w\" sizes=\"(max-width: 200px) 100vw, 200px\" \/><\/a><p id=\"caption-attachment-11765\" class=\"wp-caption-text\">\u00a9 Deutscher Wanderverband (Logo)<\/p><\/div>\n<p>Wenn ihr Unternehmen auf dem Gebiet des Naturparks oder im Landkreis Ostprignitz-Ruppin liegt, dann bin ich Ihr Ansprechpartner:<\/p>\n<p>&nbsp;<\/p>\n<p>Olaf Wolff<\/p>\n<p>Sachbearbeiter Arbeitsgruppe Nachhaltige Regionalentwicklung<\/p>\n<p>________________________<\/p>\n<p>Team Kreisentwicklung<\/p>\n<p>Dezernat I &#8211; Bauen, Ordnung und Umwelt<\/p>\n<p>Landkreis Ostprignitz-Ruppin<\/p>\n<p>in Kooperation mit dem<\/p>\n<p>Naturpark Stechlin-Ruppiner Land<\/p>\n<p>im Landesamt f\u00fcr Umwelt,<\/p>\n<p>Abteilung Naturschutz und Brandenburger Naturlandschaften,<\/p>\n<p>Referat Naturparke (N5)<\/p>\n<p>Friedensplatz 9, 16775 Stechlin OT Menz<\/p>\n<p>Tel.: 033082\/40718<\/p>\n<p>Fax: 033082\/40715<\/p>\n<p>E-mail: olaf.wolff@lfu.brandenburg.de<\/p>\n","protected":false},"excerpt":{"rendered":"<p>Sie suchen als Wanderer herzliche und kompetente Gastgeber? Hier finden sie Wanderunterk\u00fcnfte und Gastronomen mit einem Qualit\u00e4tsversprechen!<\/p>\n","protected":false},"author":39,"featured_media":11765,"comment_status":"open","ping_status":"open","sticky":false,"template":"","format":"standard","meta":[],"categories":[7],"tags":[],"yoast_head":"<!-- This site is optimized with the Yoast SEO plugin v19.10 - https:\/\/yoast.com\/wordpress\/plugins\/seo\/ -->\n<title>Qualit\u00e4ts-Gastgeber im Naturpark Stechlin-Ruppiner Land - Naturpark Stechlin-Ruppiner Land<\/title>\n<meta name=\"robots\" content=\"index, follow, max-snippet:-1, max-image-preview:large, max-video-preview:-1\" \/>\n<link rel=\"canonical\" href=\"https:\/\/www.naturparkmagazin.de\/stechlin\/qualitaets-gastgeber-im-naturpark-stechlin-ruppiner-land\/\" \/>\n<meta property=\"og:locale\" content=\"de_DE\" \/>\n<meta property=\"og:type\" content=\"article\" \/>\n<meta property=\"og:title\" content=\"Qualit\u00e4ts-Gastgeber im Naturpark Stechlin-Ruppiner Land - Naturpark Stechlin-Ruppiner Land\" \/>\n<meta property=\"og:description\" content=\"Sie suchen als Wanderer herzliche und kompetente Gastgeber? Hier finden sie Wanderunterk\u00fcnfte und Gastronomen mit einem Qualit\u00e4tsversprechen!\" \/>\n<meta property=\"og:url\" content=\"https:\/\/www.naturparkmagazin.de\/stechlin\/qualitaets-gastgeber-im-naturpark-stechlin-ruppiner-land\/\" \/>\n<meta property=\"og:site_name\" content=\"Naturpark Stechlin-Ruppiner Land\" \/>\n<meta property=\"article:published_time\" content=\"2022-04-01T10:00:41+00:00\" \/>\n<meta property=\"article:modified_time\" content=\"2022-04-01T11:50:03+00:00\" \/>\n<meta property=\"og:image\" content=\"https:\/\/www.naturparkmagazin.de\/stechlin\/wp-content\/uploads\/sites\/38\/Qualitaetsgastgeber-allgemein_logo_a.jpg\" \/>\n\t<meta property=\"og:image:width\" content=\"200\" \/>\n\t<meta property=\"og:image:height\" content=\"200\" \/>\n\t<meta property=\"og:image:type\" content=\"image\/jpeg\" \/>\n<meta name=\"author\" content=\"marioschrumpf\" \/>\n<meta name=\"twitter:label1\" content=\"Verfasst von\" \/>\n\t<meta name=\"twitter:data1\" content=\"marioschrumpf\" \/>\n\t<meta name=\"twitter:label2\" content=\"Gesch\u00e4tzte Lesezeit\" \/>\n\t<meta name=\"twitter:data2\" content=\"1\u00a0Minute\" \/>\n<script type=\"application\/ld+json\" class=\"yoast-schema-graph\">{\"@context\":\"https:\/\/schema.org\",\"@graph\":[{\"@type\":\"WebPage\",\"@id\":\"https:\/\/www.naturparkmagazin.de\/stechlin\/qualitaets-gastgeber-im-naturpark-stechlin-ruppiner-land\/\",\"url\":\"https:\/\/www.naturparkmagazin.de\/stechlin\/qualitaets-gastgeber-im-naturpark-stechlin-ruppiner-land\/\",\"name\":\"Qualit\u00e4ts-Gastgeber im Naturpark Stechlin-Ruppiner Land - Naturpark Stechlin-Ruppiner Land\",\"isPartOf\":{\"@id\":\"https:\/\/www.naturparkmagazin.de\/stechlin\/#website\"},\"datePublished\":\"2022-04-01T10:00:41+00:00\",\"dateModified\":\"2022-04-01T11:50:03+00:00\",\"author\":{\"@id\":\"https:\/\/www.naturparkmagazin.de\/stechlin\/#\/schema\/person\/3f0d93203df21c806dd63c76d9bb28bc\"},\"breadcrumb\":{\"@id\":\"https:\/\/www.naturparkmagazin.de\/stechlin\/qualitaets-gastgeber-im-naturpark-stechlin-ruppiner-land\/#breadcrumb\"},\"inLanguage\":\"de\",\"potentialAction\":[{\"@type\":\"ReadAction\",\"target\":[\"https:\/\/www.naturparkmagazin.de\/stechlin\/qualitaets-gastgeber-im-naturpark-stechlin-ruppiner-land\/\"]}]},{\"@type\":\"BreadcrumbList\",\"@id\":\"https:\/\/www.naturparkmagazin.de\/stechlin\/qualitaets-gastgeber-im-naturpark-stechlin-ruppiner-land\/#breadcrumb\",\"itemListElement\":[{\"@type\":\"ListItem\",\"position\":1,\"name\":\"Home\",\"item\":\"https:\/\/www.naturparkmagazin.de\/stechlin\/\"},{\"@type\":\"ListItem\",\"position\":2,\"name\":\"Qualit\u00e4ts-Gastgeber im Naturpark Stechlin-Ruppiner Land\"}]},{\"@type\":\"WebSite\",\"@id\":\"https:\/\/www.naturparkmagazin.de\/stechlin\/#website\",\"url\":\"https:\/\/www.naturparkmagazin.de\/stechlin\/\",\"name\":\"Naturpark Stechlin-Ruppiner Land\",\"description\":\"\",\"potentialAction\":[{\"@type\":\"SearchAction\",\"target\":{\"@type\":\"EntryPoint\",\"urlTemplate\":\"https:\/\/www.naturparkmagazin.de\/stechlin\/?s={search_term_string}\"},\"query-input\":\"required name=search_term_string\"}],\"inLanguage\":\"de\"},{\"@type\":\"Person\",\"@id\":\"https:\/\/www.naturparkmagazin.de\/stechlin\/#\/schema\/person\/3f0d93203df21c806dd63c76d9bb28bc\",\"name\":\"marioschrumpf\",\"url\":\"https:\/\/www.naturparkmagazin.de\/stechlin\/author\/marioschrumpf\/\"}]}<\/script>\n<!-- \/ Yoast SEO plugin. -->","yoast_head_json":{"title":"Qualit\u00e4ts-Gastgeber im Naturpark Stechlin-Ruppiner Land - Naturpark Stechlin-Ruppiner Land","robots":{"index":"index","follow":"follow","max-snippet":"max-snippet:-1","max-image-preview":"max-image-preview:large","max-video-preview":"max-video-preview:-1"},"canonical":"https:\/\/www.naturparkmagazin.de\/stechlin\/qualitaets-gastgeber-im-naturpark-stechlin-ruppiner-land\/","og_locale":"de_DE","og_type":"article","og_title":"Qualit\u00e4ts-Gastgeber im Naturpark Stechlin-Ruppiner Land - Naturpark Stechlin-Ruppiner Land","og_description":"Sie suchen als Wanderer herzliche und kompetente Gastgeber? Hier finden sie Wanderunterk\u00fcnfte und Gastronomen mit einem Qualit\u00e4tsversprechen!","og_url":"https:\/\/www.naturparkmagazin.de\/stechlin\/qualitaets-gastgeber-im-naturpark-stechlin-ruppiner-land\/","og_site_name":"Naturpark Stechlin-Ruppiner Land","article_published_time":"2022-04-01T10:00:41+00:00","article_modified_time":"2022-04-01T11:50:03+00:00","og_image":[{"width":200,"height":200,"url":"https:\/\/www.naturparkmagazin.de\/stechlin\/wp-content\/uploads\/sites\/38\/Qualitaetsgastgeber-allgemein_logo_a.jpg","type":"image\/jpeg"}],"author":"marioschrumpf","twitter_misc":{"Verfasst von":"marioschrumpf","Gesch\u00e4tzte Lesezeit":"1\u00a0Minute"},"schema":{"@context":"https:\/\/schema.org","@graph":[{"@type":"WebPage","@id":"https:\/\/www.naturparkmagazin.de\/stechlin\/qualitaets-gastgeber-im-naturpark-stechlin-ruppiner-land\/","url":"https:\/\/www.naturparkmagazin.de\/stechlin\/qualitaets-gastgeber-im-naturpark-stechlin-ruppiner-land\/","name":"Qualit\u00e4ts-Gastgeber im Naturpark Stechlin-Ruppiner Land - Naturpark Stechlin-Ruppiner Land","isPartOf":{"@id":"https:\/\/www.naturparkmagazin.de\/stechlin\/#website"},"datePublished":"2022-04-01T10:00:41+00:00","dateModified":"2022-04-01T11:50:03+00:00","author":{"@id":"https:\/\/www.naturparkmagazin.de\/stechlin\/#\/schema\/person\/3f0d93203df21c806dd63c76d9bb28bc"},"breadcrumb":{"@id":"https:\/\/www.naturparkmagazin.de\/stechlin\/qualitaets-gastgeber-im-naturpark-stechlin-ruppiner-land\/#breadcrumb"},"inLanguage":"de","potentialAction":[{"@type":"ReadAction","target":["https:\/\/www.naturparkmagazin.de\/stechlin\/qualitaets-gastgeber-im-naturpark-stechlin-ruppiner-land\/"]}]},{"@type":"BreadcrumbList","@id":"https:\/\/www.naturparkmagazin.de\/stechlin\/qualitaets-gastgeber-im-naturpark-stechlin-ruppiner-land\/#breadcrumb","itemListElement":[{"@type":"ListItem","position":1,"name":"Home","item":"https:\/\/www.naturparkmagazin.de\/stechlin\/"},{"@type":"ListItem","position":2,"name":"Qualit\u00e4ts-Gastgeber im Naturpark Stechlin-Ruppiner Land"}]},{"@type":"WebSite","@id":"https:\/\/www.naturparkmagazin.de\/stechlin\/#website","url":"https:\/\/www.naturparkmagazin.de\/stechlin\/","name":"Naturpark Stechlin-Ruppiner Land","description":"","potentialAction":[{"@type":"SearchAction","target":{"@type":"EntryPoint","urlTemplate":"https:\/\/www.naturparkmagazin.de\/stechlin\/?s={search_term_string}"},"query-input":"required name=search_term_string"}],"inLanguage":"de"},{"@type":"Person","@id":"https:\/\/www.naturparkmagazin.de\/stechlin\/#\/schema\/person\/3f0d93203df21c806dd63c76d9bb28bc","name":"marioschrumpf","url":"https:\/\/www.naturparkmagazin.de\/stechlin\/author\/marioschrumpf\/"}]}},"_links":{"self":[{"href":"https:\/\/www.naturparkmagazin.de\/stechlin\/wp-json\/wp\/v2\/posts\/11753"}],"collection":[{"href":"https:\/\/www.naturparkmagazin.de\/stechlin\/wp-json\/wp\/v2\/posts"}],"about":[{"href":"https:\/\/www.naturparkmagazin.de\/stechlin\/wp-json\/wp\/v2\/types\/post"}],"author":[{"embeddable":true,"href":"https:\/\/www.naturparkmagazin.de\/stechlin\/wp-json\/wp\/v2\/users\/39"}],"replies":[{"embeddable":true,"href":"https:\/\/www.naturparkmagazin.de\/stechlin\/wp-json\/wp\/v2\/comments?post=11753"}],"version-history":[{"count":8,"href":"https:\/\/www.naturparkmagazin.de\/stechlin\/wp-json\/wp\/v2\/posts\/11753\/revisions"}],"predecessor-version":[{"id":11830,"href":"https:\/\/www.naturparkmagazin.de\/stechlin\/wp-json\/wp\/v2\/posts\/11753\/revisions\/11830"}],"wp:featuredmedia":[{"embeddable":true,"href":"https:\/\/www.naturparkmagazin.de\/stechlin\/wp-json\/wp\/v2\/media\/11765"}],"wp:attachment":[{"href":"https:\/\/www.naturparkmagazin.de\/stechlin\/wp-json\/wp\/v2\/media?parent=11753"}],"wp:term":[{"taxonomy":"category","embeddable":true,"href":"https:\/\/www.naturparkmagazin.de\/stechlin\/wp-json\/wp\/v2\/categories?post=11753"},{"taxonomy":"post_tag","embeddable":true,"href":"https:\/\/www.naturparkmagazin.de\/stechlin\/wp-json\/wp\/v2\/tags?post=11753"}],"curies":[{"name":"wp","href":"https:\/\/api.w.org\/{rel}","templated":true}]}}