{"id":11757,"date":"2022-04-01T12:00:37","date_gmt":"2022-04-01T10:00:37","guid":{"rendered":"https:\/\/www.naturparkmagazin.de\/stechlin\/?p=11757"},"modified":"2022-04-01T13:50:32","modified_gmt":"2022-04-01T11:50:32","slug":"der-richtige-schnitt-obstbaumschnittseminare-in-sewekow-waren-ein-voller-erfolg","status":"publish","type":"post","link":"https:\/\/www.naturparkmagazin.de\/stechlin\/der-richtige-schnitt-obstbaumschnittseminare-in-sewekow-waren-ein-voller-erfolg\/","title":{"rendered":"Der richtige Schnitt &#8211; Obstbaumschnittseminare in Sewekow waren ein voller Erfolg!"},"content":{"rendered":"<p>\u201e<em>Obstgeh\u00f6lze richtig pflegen f\u00fcr Einsteiger<\/em>\u201c stand im M\u00e4rz in Sewekow zweimal auf dem Programm. Der Heimatverein Sewekow und der Naturpark Stechlin-Ruppiner Land holten daf\u00fcr den ausgebildeten Obstbaumwart Marc Marquardt aus Heinrichsdorf.<\/p>\n<div id=\"attachment_11766\" style=\"width: 310px\" class=\"wp-caption aligncenter\"><a href=\"https:\/\/www.naturparkmagazin.de\/stechlin\/wp-content\/uploads\/sites\/38\/11.jpg\"><img aria-describedby=\"caption-attachment-11766\" decoding=\"async\" loading=\"lazy\" class=\"size-thumbnail wp-image-11766\" src=\"https:\/\/www.naturparkmagazin.de\/stechlin\/wp-content\/uploads\/sites\/38\/11-300x180.jpg\" alt=\"\u00a9 Adelheid Sch\u00e4fer\" width=\"300\" height=\"180\" srcset=\"https:\/\/www.naturparkmagazin.de\/stechlin\/wp-content\/uploads\/sites\/38\/11-300x180.jpg 300w, https:\/\/www.naturparkmagazin.de\/stechlin\/wp-content\/uploads\/sites\/38\/11.jpg 500w, https:\/\/www.naturparkmagazin.de\/stechlin\/wp-content\/uploads\/sites\/38\/11-200x120.jpg 200w\" sizes=\"(max-width: 300px) 100vw, 300px\" \/><\/a><p id=\"caption-attachment-11766\" class=\"wp-caption-text\">Rege Diskussion unter den Teilnehmern \u00a9 Adelheid Sch\u00e4fer<\/p><\/div>\n<p>Mit je 15 BesucherInnen aus Sewekow und Umgebung war der Kurs zweimal ausgebucht. Bei der theoretischen Schulung drehte sich alles um den Apfelbaum und Streuobstwiesen: von der Standortwahl bis zum Schnitt. Anschlie\u00dfend folgte der praktische Teil \u2013 an den Apfelb\u00e4umen am Glambecker Weg. Mit den Pflegema\u00dfnahmen sollen die B\u00e4ume zu vitalen und ertragreichen Exemplaren entwickelt werden.<\/p>\n<div id=\"attachment_11768\" style=\"width: 310px\" class=\"wp-caption aligncenter\"><a href=\"https:\/\/www.naturparkmagazin.de\/stechlin\/wp-content\/uploads\/sites\/38\/3.jpg\"><img aria-describedby=\"caption-attachment-11768\" decoding=\"async\" loading=\"lazy\" class=\"size-thumbnail wp-image-11768\" src=\"https:\/\/www.naturparkmagazin.de\/stechlin\/wp-content\/uploads\/sites\/38\/3-300x180.jpg\" alt=\"\u00a9 Adelheid Sch\u00e4fer\" width=\"300\" height=\"180\" srcset=\"https:\/\/www.naturparkmagazin.de\/stechlin\/wp-content\/uploads\/sites\/38\/3-300x180.jpg 300w, https:\/\/www.naturparkmagazin.de\/stechlin\/wp-content\/uploads\/sites\/38\/3.jpg 500w, https:\/\/www.naturparkmagazin.de\/stechlin\/wp-content\/uploads\/sites\/38\/3-200x120.jpg 200w\" sizes=\"(max-width: 300px) 100vw, 300px\" \/><\/a><p id=\"caption-attachment-11768\" class=\"wp-caption-text\">Baumschnitt in Praxis \u00a9 Adelheid Sch\u00e4fer<\/p><\/div>\n<p>Die Vorsitzende des Dorfvereins und Mitinitiatorin des Seminars Heidi Sch\u00e4fer formulierte in ihrem Dankschreiben an den Naturpark:<\/p>\n<p>&#8222;<em>Ein kleiner Gru\u00df aus Sewekow, wo wir mit Herrn Marquardt an diesem und vergangenen Sonnabend einen super Obstschnittkurstag bei herrlichem Wetter erlebt haben! Frau Rudnik von der Naturwacht hat mit ihren Ausf\u00fchrungen zum Thema Streuobstwiesen ebenfalls gro\u00dfes Interesse bei den Kursteilnehmern geweckt!<\/em>&#8222;.<\/p>\n<p><strong>Aufgrund des gro\u00dfen Erfolges soll der Schnittkurs im kommenden Winter wieder angeboten werden.<\/strong><\/p>\n","protected":false},"excerpt":{"rendered":"<p>\u201eObstgeh\u00f6lze richtig pflegen f\u00fcr Einsteiger\u201c stand am Samstag in Sewekow hoch im Kurs. Der Heimatverein Sewekow und der Naturpark Stechlin-Ruppiner Land holten daf\u00fcr den ausgebildeten Obstbaumwart Marc Marquardt aus Heinrichsdorf.<\/p>\n","protected":false},"author":39,"featured_media":11767,"comment_status":"open","ping_status":"open","sticky":false,"template":"","format":"standard","meta":[],"categories":[7],"tags":[],"yoast_head":"<!-- This site is optimized with the Yoast SEO plugin v19.10 - https:\/\/yoast.com\/wordpress\/plugins\/seo\/ -->\n<title>Der richtige Schnitt - Obstbaumschnittseminare in Sewekow waren ein voller Erfolg! - Naturpark Stechlin-Ruppiner Land<\/title>\n<meta name=\"robots\" content=\"index, follow, max-snippet:-1, max-image-preview:large, max-video-preview:-1\" \/>\n<link rel=\"canonical\" href=\"https:\/\/www.naturparkmagazin.de\/stechlin\/der-richtige-schnitt-obstbaumschnittseminare-in-sewekow-waren-ein-voller-erfolg\/\" \/>\n<meta property=\"og:locale\" content=\"de_DE\" \/>\n<meta property=\"og:type\" content=\"article\" \/>\n<meta property=\"og:title\" content=\"Der richtige Schnitt - Obstbaumschnittseminare in Sewekow waren ein voller Erfolg! - Naturpark Stechlin-Ruppiner Land\" \/>\n<meta property=\"og:description\" content=\"\u201eObstgeh\u00f6lze richtig pflegen f\u00fcr Einsteiger\u201c stand am Samstag in Sewekow hoch im Kurs. Der Heimatverein Sewekow und der Naturpark Stechlin-Ruppiner Land holten daf\u00fcr den ausgebildeten Obstbaumwart Marc Marquardt aus Heinrichsdorf.\" \/>\n<meta property=\"og:url\" content=\"https:\/\/www.naturparkmagazin.de\/stechlin\/der-richtige-schnitt-obstbaumschnittseminare-in-sewekow-waren-ein-voller-erfolg\/\" \/>\n<meta property=\"og:site_name\" content=\"Naturpark Stechlin-Ruppiner Land\" \/>\n<meta property=\"article:published_time\" content=\"2022-04-01T10:00:37+00:00\" \/>\n<meta property=\"article:modified_time\" content=\"2022-04-01T11:50:32+00:00\" \/>\n<meta property=\"og:image\" content=\"https:\/\/www.naturparkmagazin.de\/stechlin\/wp-content\/uploads\/sites\/38\/2_a.jpg\" \/>\n\t<meta property=\"og:image:width\" content=\"200\" \/>\n\t<meta property=\"og:image:height\" content=\"200\" \/>\n\t<meta property=\"og:image:type\" content=\"image\/jpeg\" \/>\n<meta name=\"author\" content=\"marioschrumpf\" \/>\n<meta name=\"twitter:label1\" content=\"Verfasst von\" \/>\n\t<meta name=\"twitter:data1\" content=\"marioschrumpf\" \/>\n\t<meta name=\"twitter:label2\" content=\"Gesch\u00e4tzte Lesezeit\" \/>\n\t<meta name=\"twitter:data2\" content=\"1\u00a0Minute\" \/>\n<script type=\"application\/ld+json\" class=\"yoast-schema-graph\">{\"@context\":\"https:\/\/schema.org\",\"@graph\":[{\"@type\":\"WebPage\",\"@id\":\"https:\/\/www.naturparkmagazin.de\/stechlin\/der-richtige-schnitt-obstbaumschnittseminare-in-sewekow-waren-ein-voller-erfolg\/\",\"url\":\"https:\/\/www.naturparkmagazin.de\/stechlin\/der-richtige-schnitt-obstbaumschnittseminare-in-sewekow-waren-ein-voller-erfolg\/\",\"name\":\"Der richtige Schnitt - Obstbaumschnittseminare in Sewekow waren ein voller Erfolg! - Naturpark Stechlin-Ruppiner Land\",\"isPartOf\":{\"@id\":\"https:\/\/www.naturparkmagazin.de\/stechlin\/#website\"},\"datePublished\":\"2022-04-01T10:00:37+00:00\",\"dateModified\":\"2022-04-01T11:50:32+00:00\",\"author\":{\"@id\":\"https:\/\/www.naturparkmagazin.de\/stechlin\/#\/schema\/person\/3f0d93203df21c806dd63c76d9bb28bc\"},\"breadcrumb\":{\"@id\":\"https:\/\/www.naturparkmagazin.de\/stechlin\/der-richtige-schnitt-obstbaumschnittseminare-in-sewekow-waren-ein-voller-erfolg\/#breadcrumb\"},\"inLanguage\":\"de\",\"potentialAction\":[{\"@type\":\"ReadAction\",\"target\":[\"https:\/\/www.naturparkmagazin.de\/stechlin\/der-richtige-schnitt-obstbaumschnittseminare-in-sewekow-waren-ein-voller-erfolg\/\"]}]},{\"@type\":\"BreadcrumbList\",\"@id\":\"https:\/\/www.naturparkmagazin.de\/stechlin\/der-richtige-schnitt-obstbaumschnittseminare-in-sewekow-waren-ein-voller-erfolg\/#breadcrumb\",\"itemListElement\":[{\"@type\":\"ListItem\",\"position\":1,\"name\":\"Home\",\"item\":\"https:\/\/www.naturparkmagazin.de\/stechlin\/\"},{\"@type\":\"ListItem\",\"position\":2,\"name\":\"Der richtige Schnitt &#8211; Obstbaumschnittseminare in Sewekow waren ein voller Erfolg!\"}]},{\"@type\":\"WebSite\",\"@id\":\"https:\/\/www.naturparkmagazin.de\/stechlin\/#website\",\"url\":\"https:\/\/www.naturparkmagazin.de\/stechlin\/\",\"name\":\"Naturpark Stechlin-Ruppiner Land\",\"description\":\"\",\"potentialAction\":[{\"@type\":\"SearchAction\",\"target\":{\"@type\":\"EntryPoint\",\"urlTemplate\":\"https:\/\/www.naturparkmagazin.de\/stechlin\/?s={search_term_string}\"},\"query-input\":\"required name=search_term_string\"}],\"inLanguage\":\"de\"},{\"@type\":\"Person\",\"@id\":\"https:\/\/www.naturparkmagazin.de\/stechlin\/#\/schema\/person\/3f0d93203df21c806dd63c76d9bb28bc\",\"name\":\"marioschrumpf\",\"url\":\"https:\/\/www.naturparkmagazin.de\/stechlin\/author\/marioschrumpf\/\"}]}<\/script>\n<!-- \/ Yoast SEO plugin. -->","yoast_head_json":{"title":"Der richtige Schnitt - Obstbaumschnittseminare in Sewekow waren ein voller Erfolg! - Naturpark Stechlin-Ruppiner Land","robots":{"index":"index","follow":"follow","max-snippet":"max-snippet:-1","max-image-preview":"max-image-preview:large","max-video-preview":"max-video-preview:-1"},"canonical":"https:\/\/www.naturparkmagazin.de\/stechlin\/der-richtige-schnitt-obstbaumschnittseminare-in-sewekow-waren-ein-voller-erfolg\/","og_locale":"de_DE","og_type":"article","og_title":"Der richtige Schnitt - Obstbaumschnittseminare in Sewekow waren ein voller Erfolg! - Naturpark Stechlin-Ruppiner Land","og_description":"\u201eObstgeh\u00f6lze richtig pflegen f\u00fcr Einsteiger\u201c stand am Samstag in Sewekow hoch im Kurs. Der Heimatverein Sewekow und der Naturpark Stechlin-Ruppiner Land holten daf\u00fcr den ausgebildeten Obstbaumwart Marc Marquardt aus Heinrichsdorf.","og_url":"https:\/\/www.naturparkmagazin.de\/stechlin\/der-richtige-schnitt-obstbaumschnittseminare-in-sewekow-waren-ein-voller-erfolg\/","og_site_name":"Naturpark Stechlin-Ruppiner Land","article_published_time":"2022-04-01T10:00:37+00:00","article_modified_time":"2022-04-01T11:50:32+00:00","og_image":[{"width":200,"height":200,"url":"https:\/\/www.naturparkmagazin.de\/stechlin\/wp-content\/uploads\/sites\/38\/2_a.jpg","type":"image\/jpeg"}],"author":"marioschrumpf","twitter_misc":{"Verfasst von":"marioschrumpf","Gesch\u00e4tzte Lesezeit":"1\u00a0Minute"},"schema":{"@context":"https:\/\/schema.org","@graph":[{"@type":"WebPage","@id":"https:\/\/www.naturparkmagazin.de\/stechlin\/der-richtige-schnitt-obstbaumschnittseminare-in-sewekow-waren-ein-voller-erfolg\/","url":"https:\/\/www.naturparkmagazin.de\/stechlin\/der-richtige-schnitt-obstbaumschnittseminare-in-sewekow-waren-ein-voller-erfolg\/","name":"Der richtige Schnitt - Obstbaumschnittseminare in Sewekow waren ein voller Erfolg! - Naturpark Stechlin-Ruppiner Land","isPartOf":{"@id":"https:\/\/www.naturparkmagazin.de\/stechlin\/#website"},"datePublished":"2022-04-01T10:00:37+00:00","dateModified":"2022-04-01T11:50:32+00:00","author":{"@id":"https:\/\/www.naturparkmagazin.de\/stechlin\/#\/schema\/person\/3f0d93203df21c806dd63c76d9bb28bc"},"breadcrumb":{"@id":"https:\/\/www.naturparkmagazin.de\/stechlin\/der-richtige-schnitt-obstbaumschnittseminare-in-sewekow-waren-ein-voller-erfolg\/#breadcrumb"},"inLanguage":"de","potentialAction":[{"@type":"ReadAction","target":["https:\/\/www.naturparkmagazin.de\/stechlin\/der-richtige-schnitt-obstbaumschnittseminare-in-sewekow-waren-ein-voller-erfolg\/"]}]},{"@type":"BreadcrumbList","@id":"https:\/\/www.naturparkmagazin.de\/stechlin\/der-richtige-schnitt-obstbaumschnittseminare-in-sewekow-waren-ein-voller-erfolg\/#breadcrumb","itemListElement":[{"@type":"ListItem","position":1,"name":"Home","item":"https:\/\/www.naturparkmagazin.de\/stechlin\/"},{"@type":"ListItem","position":2,"name":"Der richtige Schnitt &#8211; Obstbaumschnittseminare in Sewekow waren ein voller Erfolg!"}]},{"@type":"WebSite","@id":"https:\/\/www.naturparkmagazin.de\/stechlin\/#website","url":"https:\/\/www.naturparkmagazin.de\/stechlin\/","name":"Naturpark Stechlin-Ruppiner Land","description":"","potentialAction":[{"@type":"SearchAction","target":{"@type":"EntryPoint","urlTemplate":"https:\/\/www.naturparkmagazin.de\/stechlin\/?s={search_term_string}"},"query-input":"required name=search_term_string"}],"inLanguage":"de"},{"@type":"Person","@id":"https:\/\/www.naturparkmagazin.de\/stechlin\/#\/schema\/person\/3f0d93203df21c806dd63c76d9bb28bc","name":"marioschrumpf","url":"https:\/\/www.naturparkmagazin.de\/stechlin\/author\/marioschrumpf\/"}]}},"_links":{"self":[{"href":"https:\/\/www.naturparkmagazin.de\/stechlin\/wp-json\/wp\/v2\/posts\/11757"}],"collection":[{"href":"https:\/\/www.naturparkmagazin.de\/stechlin\/wp-json\/wp\/v2\/posts"}],"about":[{"href":"https:\/\/www.naturparkmagazin.de\/stechlin\/wp-json\/wp\/v2\/types\/post"}],"author":[{"embeddable":true,"href":"https:\/\/www.naturparkmagazin.de\/stechlin\/wp-json\/wp\/v2\/users\/39"}],"replies":[{"embeddable":true,"href":"https:\/\/www.naturparkmagazin.de\/stechlin\/wp-json\/wp\/v2\/comments?post=11757"}],"version-history":[{"count":5,"href":"https:\/\/www.naturparkmagazin.de\/stechlin\/wp-json\/wp\/v2\/posts\/11757\/revisions"}],"predecessor-version":[{"id":11837,"href":"https:\/\/www.naturparkmagazin.de\/stechlin\/wp-json\/wp\/v2\/posts\/11757\/revisions\/11837"}],"wp:featuredmedia":[{"embeddable":true,"href":"https:\/\/www.naturparkmagazin.de\/stechlin\/wp-json\/wp\/v2\/media\/11767"}],"wp:attachment":[{"href":"https:\/\/www.naturparkmagazin.de\/stechlin\/wp-json\/wp\/v2\/media?parent=11757"}],"wp:term":[{"taxonomy":"category","embeddable":true,"href":"https:\/\/www.naturparkmagazin.de\/stechlin\/wp-json\/wp\/v2\/categories?post=11757"},{"taxonomy":"post_tag","embeddable":true,"href":"https:\/\/www.naturparkmagazin.de\/stechlin\/wp-json\/wp\/v2\/tags?post=11757"}],"curies":[{"name":"wp","href":"https:\/\/api.w.org\/{rel}","templated":true}]}}