{"id":11760,"date":"2022-04-01T12:00:29","date_gmt":"2022-04-01T10:00:29","guid":{"rendered":"https:\/\/www.naturparkmagazin.de\/stechlin\/?p=11760"},"modified":"2022-04-01T13:51:03","modified_gmt":"2022-04-01T11:51:03","slug":"nistkaesten-fuer-schleiereule-und-turmfalke-in-der-menzer-kirche","status":"publish","type":"post","link":"https:\/\/www.naturparkmagazin.de\/stechlin\/nistkaesten-fuer-schleiereule-und-turmfalke-in-der-menzer-kirche\/","title":{"rendered":"Nistk\u00e4sten f\u00fcr Schleiereule und Turmfalke in der Menzer Kirche"},"content":{"rendered":"<p>Dank gro\u00dfz\u00fcgiger F\u00f6rderung mit LEADER-Mitteln konnte im letzten Jahr der Kirchturm der Menzer Dorfkirche saniert werden. Damit zuk\u00fcnftig im Turm des Gotteshauses auch die Familien Scheiereule und Turmfalke ihre Jungen aufziehen k\u00f6nnen, wurden auf Initiative des Naturparks zwei spezielle Nistk\u00e4sten eingebaut. Bernd Ewert, Vorsitzender des NABU Neuruppin, hat mit seinen Mitstreitern die K\u00e4sten ma\u00dfgenau f\u00fcr die \u00d6ffnungen im Kirchturm vorbereitet und eingebaut. Die Materialkosten \u00fcbernahm der Naturpark.<\/p>\n<div id=\"attachment_11750\" style=\"width: 310px\" class=\"wp-caption aligncenter\"><a href=\"https:\/\/www.naturparkmagazin.de\/stechlin\/wp-content\/uploads\/sites\/38\/Kirchturm_Menz-Kasten.jpg\"><img aria-describedby=\"caption-attachment-11750\" decoding=\"async\" loading=\"lazy\" class=\"size-thumbnail wp-image-11750\" src=\"https:\/\/www.naturparkmagazin.de\/stechlin\/wp-content\/uploads\/sites\/38\/Kirchturm_Menz-Kasten-300x500.jpg\" alt=\"\u00a9 Bernd Ewert\" width=\"300\" height=\"500\" srcset=\"https:\/\/www.naturparkmagazin.de\/stechlin\/wp-content\/uploads\/sites\/38\/Kirchturm_Menz-Kasten.jpg 300w, https:\/\/www.naturparkmagazin.de\/stechlin\/wp-content\/uploads\/sites\/38\/Kirchturm_Menz-Kasten-200x333.jpg 200w\" sizes=\"(max-width: 300px) 100vw, 300px\" \/><\/a><p id=\"caption-attachment-11750\" class=\"wp-caption-text\">Vor Ort im Kirchturm werden letzte Anpassungen vorgenommen \u00a9 Bernd Ewert<\/p><\/div>\n<p><strong>Ein herzliches Dankesch\u00f6n an Pfarrer Mathias Wolf<\/strong>, der das Anliegen von Beginn an unterst\u00fctzt hat. F\u00fcr sein Engagement f\u00fcr den Artenschutz wurde er mit der <strong>NABU-Plakette &#8222;Lebensraum Kirchturm&#8220;<\/strong> ausgezeichnet, die zuk\u00fcnftig an der Kirchenpforte vom Naturschutz-Engagement der Kirchgemeinde k\u00fcnden wird.<\/p>\n<div id=\"attachment_11762\" style=\"width: 310px\" class=\"wp-caption aligncenter\"><a href=\"https:\/\/www.naturparkmagazin.de\/stechlin\/wp-content\/uploads\/sites\/38\/Lebensraum-Kirchturm-2.jpg\"><img aria-describedby=\"caption-attachment-11762\" decoding=\"async\" loading=\"lazy\" class=\"size-thumbnail wp-image-11762\" src=\"https:\/\/www.naturparkmagazin.de\/stechlin\/wp-content\/uploads\/sites\/38\/Lebensraum-Kirchturm-2-300x180.jpg\" alt=\"\u00a9 Cornelia Felsch\" width=\"300\" height=\"180\" srcset=\"https:\/\/www.naturparkmagazin.de\/stechlin\/wp-content\/uploads\/sites\/38\/Lebensraum-Kirchturm-2-300x180.jpg 300w, https:\/\/www.naturparkmagazin.de\/stechlin\/wp-content\/uploads\/sites\/38\/Lebensraum-Kirchturm-2.jpg 500w, https:\/\/www.naturparkmagazin.de\/stechlin\/wp-content\/uploads\/sites\/38\/Lebensraum-Kirchturm-2-200x120.jpg 200w\" sizes=\"(max-width: 300px) 100vw, 300px\" \/><\/a><p id=\"caption-attachment-11762\" class=\"wp-caption-text\">Der Menzer Pfarrer Mathias Wolf (li) wird vom Vorsitzenden des NABU Neuruppin, Bernd Ewert ausgezeichnet mit der Plakette &#8222;Lebensraum Kirchturm&#8220; \u00a9 Cornelia Felsch<\/p><\/div>\n<p>Nach Ostern wird rund um die Kirche der kurz geschorene Rasen durch eine insektenfreundliche Bl\u00fchwiese ersetzt. Ranger Thomas Hahn wird mit den Kindern der AG Junge Naturforscher der Naturparkschule Menz in den Linden rund um die Kirche Nistk\u00e4sten f\u00fcr H\u00f6hlen- und Halbh\u00f6hlenbr\u00fcter aufh\u00e4ngen.<\/p>\n<p><a href=\"https:\/\/www.naturparkmagazin.de\/stechlin\/wp-content\/uploads\/sites\/38\/Lebensraum_Kirchturm_9.jpg\"><img decoding=\"async\" loading=\"lazy\" class=\"aligncenter size-full wp-image-9660\" src=\"https:\/\/www.naturparkmagazin.de\/stechlin\/wp-content\/uploads\/sites\/38\/Lebensraum_Kirchturm_9.jpg\" alt=\"NP SRL\/Dirk Geisler\" width=\"200\" height=\"200\" srcset=\"https:\/\/www.naturparkmagazin.de\/stechlin\/wp-content\/uploads\/sites\/38\/Lebensraum_Kirchturm_9.jpg 200w, https:\/\/www.naturparkmagazin.de\/stechlin\/wp-content\/uploads\/sites\/38\/Lebensraum_Kirchturm_9-30x30.jpg 30w\" sizes=\"(max-width: 200px) 100vw, 200px\" \/><\/a><\/p>\n","protected":false},"excerpt":{"rendered":"<p>Damit zuk\u00fcnftig im Turm des Gotteshauses die Familien Scheiereule und Turmfalke ihre Jungen aufziehen k\u00f6nnen, wurden auf Initiative des Naturparks zwei Nistk\u00e4sten eingebaut.<\/p>\n","protected":false},"author":39,"featured_media":11749,"comment_status":"open","ping_status":"open","sticky":false,"template":"","format":"standard","meta":[],"categories":[7],"tags":[],"yoast_head":"<!-- This site is optimized with the Yoast SEO plugin v19.10 - https:\/\/yoast.com\/wordpress\/plugins\/seo\/ -->\n<title>Nistk\u00e4sten f\u00fcr Schleiereule und Turmfalke in der Menzer Kirche - Naturpark Stechlin-Ruppiner Land<\/title>\n<meta name=\"robots\" content=\"index, follow, max-snippet:-1, max-image-preview:large, max-video-preview:-1\" \/>\n<link rel=\"canonical\" href=\"https:\/\/www.naturparkmagazin.de\/stechlin\/nistkaesten-fuer-schleiereule-und-turmfalke-in-der-menzer-kirche\/\" \/>\n<meta property=\"og:locale\" content=\"de_DE\" \/>\n<meta property=\"og:type\" content=\"article\" \/>\n<meta property=\"og:title\" content=\"Nistk\u00e4sten f\u00fcr Schleiereule und Turmfalke in der Menzer Kirche - Naturpark Stechlin-Ruppiner Land\" \/>\n<meta property=\"og:description\" content=\"Damit zuk\u00fcnftig im Turm des Gotteshauses die Familien Scheiereule und Turmfalke ihre Jungen aufziehen k\u00f6nnen, wurden auf Initiative des Naturparks zwei Nistk\u00e4sten eingebaut.\" \/>\n<meta property=\"og:url\" content=\"https:\/\/www.naturparkmagazin.de\/stechlin\/nistkaesten-fuer-schleiereule-und-turmfalke-in-der-menzer-kirche\/\" \/>\n<meta property=\"og:site_name\" content=\"Naturpark Stechlin-Ruppiner Land\" \/>\n<meta property=\"article:published_time\" content=\"2022-04-01T10:00:29+00:00\" \/>\n<meta property=\"article:modified_time\" content=\"2022-04-01T11:51:03+00:00\" \/>\n<meta property=\"og:image\" content=\"https:\/\/www.naturparkmagazin.de\/stechlin\/wp-content\/uploads\/sites\/38\/Kirchturm_Menz.jpg\" \/>\n\t<meta property=\"og:image:width\" content=\"200\" \/>\n\t<meta property=\"og:image:height\" content=\"200\" \/>\n\t<meta property=\"og:image:type\" content=\"image\/jpeg\" \/>\n<meta name=\"author\" content=\"marioschrumpf\" \/>\n<meta name=\"twitter:label1\" content=\"Verfasst von\" \/>\n\t<meta name=\"twitter:data1\" content=\"marioschrumpf\" \/>\n\t<meta name=\"twitter:label2\" content=\"Gesch\u00e4tzte Lesezeit\" \/>\n\t<meta name=\"twitter:data2\" content=\"1\u00a0Minute\" \/>\n<script type=\"application\/ld+json\" class=\"yoast-schema-graph\">{\"@context\":\"https:\/\/schema.org\",\"@graph\":[{\"@type\":\"WebPage\",\"@id\":\"https:\/\/www.naturparkmagazin.de\/stechlin\/nistkaesten-fuer-schleiereule-und-turmfalke-in-der-menzer-kirche\/\",\"url\":\"https:\/\/www.naturparkmagazin.de\/stechlin\/nistkaesten-fuer-schleiereule-und-turmfalke-in-der-menzer-kirche\/\",\"name\":\"Nistk\u00e4sten f\u00fcr Schleiereule und Turmfalke in der Menzer Kirche - Naturpark Stechlin-Ruppiner Land\",\"isPartOf\":{\"@id\":\"https:\/\/www.naturparkmagazin.de\/stechlin\/#website\"},\"datePublished\":\"2022-04-01T10:00:29+00:00\",\"dateModified\":\"2022-04-01T11:51:03+00:00\",\"author\":{\"@id\":\"https:\/\/www.naturparkmagazin.de\/stechlin\/#\/schema\/person\/3f0d93203df21c806dd63c76d9bb28bc\"},\"breadcrumb\":{\"@id\":\"https:\/\/www.naturparkmagazin.de\/stechlin\/nistkaesten-fuer-schleiereule-und-turmfalke-in-der-menzer-kirche\/#breadcrumb\"},\"inLanguage\":\"de\",\"potentialAction\":[{\"@type\":\"ReadAction\",\"target\":[\"https:\/\/www.naturparkmagazin.de\/stechlin\/nistkaesten-fuer-schleiereule-und-turmfalke-in-der-menzer-kirche\/\"]}]},{\"@type\":\"BreadcrumbList\",\"@id\":\"https:\/\/www.naturparkmagazin.de\/stechlin\/nistkaesten-fuer-schleiereule-und-turmfalke-in-der-menzer-kirche\/#breadcrumb\",\"itemListElement\":[{\"@type\":\"ListItem\",\"position\":1,\"name\":\"Home\",\"item\":\"https:\/\/www.naturparkmagazin.de\/stechlin\/\"},{\"@type\":\"ListItem\",\"position\":2,\"name\":\"Nistk\u00e4sten f\u00fcr Schleiereule und Turmfalke in der Menzer Kirche\"}]},{\"@type\":\"WebSite\",\"@id\":\"https:\/\/www.naturparkmagazin.de\/stechlin\/#website\",\"url\":\"https:\/\/www.naturparkmagazin.de\/stechlin\/\",\"name\":\"Naturpark Stechlin-Ruppiner Land\",\"description\":\"\",\"potentialAction\":[{\"@type\":\"SearchAction\",\"target\":{\"@type\":\"EntryPoint\",\"urlTemplate\":\"https:\/\/www.naturparkmagazin.de\/stechlin\/?s={search_term_string}\"},\"query-input\":\"required name=search_term_string\"}],\"inLanguage\":\"de\"},{\"@type\":\"Person\",\"@id\":\"https:\/\/www.naturparkmagazin.de\/stechlin\/#\/schema\/person\/3f0d93203df21c806dd63c76d9bb28bc\",\"name\":\"marioschrumpf\",\"url\":\"https:\/\/www.naturparkmagazin.de\/stechlin\/author\/marioschrumpf\/\"}]}<\/script>\n<!-- \/ Yoast SEO plugin. -->","yoast_head_json":{"title":"Nistk\u00e4sten f\u00fcr Schleiereule und Turmfalke in der Menzer Kirche - Naturpark Stechlin-Ruppiner Land","robots":{"index":"index","follow":"follow","max-snippet":"max-snippet:-1","max-image-preview":"max-image-preview:large","max-video-preview":"max-video-preview:-1"},"canonical":"https:\/\/www.naturparkmagazin.de\/stechlin\/nistkaesten-fuer-schleiereule-und-turmfalke-in-der-menzer-kirche\/","og_locale":"de_DE","og_type":"article","og_title":"Nistk\u00e4sten f\u00fcr Schleiereule und Turmfalke in der Menzer Kirche - Naturpark Stechlin-Ruppiner Land","og_description":"Damit zuk\u00fcnftig im Turm des Gotteshauses die Familien Scheiereule und Turmfalke ihre Jungen aufziehen k\u00f6nnen, wurden auf Initiative des Naturparks zwei Nistk\u00e4sten eingebaut.","og_url":"https:\/\/www.naturparkmagazin.de\/stechlin\/nistkaesten-fuer-schleiereule-und-turmfalke-in-der-menzer-kirche\/","og_site_name":"Naturpark Stechlin-Ruppiner Land","article_published_time":"2022-04-01T10:00:29+00:00","article_modified_time":"2022-04-01T11:51:03+00:00","og_image":[{"width":200,"height":200,"url":"https:\/\/www.naturparkmagazin.de\/stechlin\/wp-content\/uploads\/sites\/38\/Kirchturm_Menz.jpg","type":"image\/jpeg"}],"author":"marioschrumpf","twitter_misc":{"Verfasst von":"marioschrumpf","Gesch\u00e4tzte Lesezeit":"1\u00a0Minute"},"schema":{"@context":"https:\/\/schema.org","@graph":[{"@type":"WebPage","@id":"https:\/\/www.naturparkmagazin.de\/stechlin\/nistkaesten-fuer-schleiereule-und-turmfalke-in-der-menzer-kirche\/","url":"https:\/\/www.naturparkmagazin.de\/stechlin\/nistkaesten-fuer-schleiereule-und-turmfalke-in-der-menzer-kirche\/","name":"Nistk\u00e4sten f\u00fcr Schleiereule und Turmfalke in der Menzer Kirche - Naturpark Stechlin-Ruppiner Land","isPartOf":{"@id":"https:\/\/www.naturparkmagazin.de\/stechlin\/#website"},"datePublished":"2022-04-01T10:00:29+00:00","dateModified":"2022-04-01T11:51:03+00:00","author":{"@id":"https:\/\/www.naturparkmagazin.de\/stechlin\/#\/schema\/person\/3f0d93203df21c806dd63c76d9bb28bc"},"breadcrumb":{"@id":"https:\/\/www.naturparkmagazin.de\/stechlin\/nistkaesten-fuer-schleiereule-und-turmfalke-in-der-menzer-kirche\/#breadcrumb"},"inLanguage":"de","potentialAction":[{"@type":"ReadAction","target":["https:\/\/www.naturparkmagazin.de\/stechlin\/nistkaesten-fuer-schleiereule-und-turmfalke-in-der-menzer-kirche\/"]}]},{"@type":"BreadcrumbList","@id":"https:\/\/www.naturparkmagazin.de\/stechlin\/nistkaesten-fuer-schleiereule-und-turmfalke-in-der-menzer-kirche\/#breadcrumb","itemListElement":[{"@type":"ListItem","position":1,"name":"Home","item":"https:\/\/www.naturparkmagazin.de\/stechlin\/"},{"@type":"ListItem","position":2,"name":"Nistk\u00e4sten f\u00fcr Schleiereule und Turmfalke in der Menzer Kirche"}]},{"@type":"WebSite","@id":"https:\/\/www.naturparkmagazin.de\/stechlin\/#website","url":"https:\/\/www.naturparkmagazin.de\/stechlin\/","name":"Naturpark Stechlin-Ruppiner Land","description":"","potentialAction":[{"@type":"SearchAction","target":{"@type":"EntryPoint","urlTemplate":"https:\/\/www.naturparkmagazin.de\/stechlin\/?s={search_term_string}"},"query-input":"required name=search_term_string"}],"inLanguage":"de"},{"@type":"Person","@id":"https:\/\/www.naturparkmagazin.de\/stechlin\/#\/schema\/person\/3f0d93203df21c806dd63c76d9bb28bc","name":"marioschrumpf","url":"https:\/\/www.naturparkmagazin.de\/stechlin\/author\/marioschrumpf\/"}]}},"_links":{"self":[{"href":"https:\/\/www.naturparkmagazin.de\/stechlin\/wp-json\/wp\/v2\/posts\/11760"}],"collection":[{"href":"https:\/\/www.naturparkmagazin.de\/stechlin\/wp-json\/wp\/v2\/posts"}],"about":[{"href":"https:\/\/www.naturparkmagazin.de\/stechlin\/wp-json\/wp\/v2\/types\/post"}],"author":[{"embeddable":true,"href":"https:\/\/www.naturparkmagazin.de\/stechlin\/wp-json\/wp\/v2\/users\/39"}],"replies":[{"embeddable":true,"href":"https:\/\/www.naturparkmagazin.de\/stechlin\/wp-json\/wp\/v2\/comments?post=11760"}],"version-history":[{"count":5,"href":"https:\/\/www.naturparkmagazin.de\/stechlin\/wp-json\/wp\/v2\/posts\/11760\/revisions"}],"predecessor-version":[{"id":11848,"href":"https:\/\/www.naturparkmagazin.de\/stechlin\/wp-json\/wp\/v2\/posts\/11760\/revisions\/11848"}],"wp:featuredmedia":[{"embeddable":true,"href":"https:\/\/www.naturparkmagazin.de\/stechlin\/wp-json\/wp\/v2\/media\/11749"}],"wp:attachment":[{"href":"https:\/\/www.naturparkmagazin.de\/stechlin\/wp-json\/wp\/v2\/media?parent=11760"}],"wp:term":[{"taxonomy":"category","embeddable":true,"href":"https:\/\/www.naturparkmagazin.de\/stechlin\/wp-json\/wp\/v2\/categories?post=11760"},{"taxonomy":"post_tag","embeddable":true,"href":"https:\/\/www.naturparkmagazin.de\/stechlin\/wp-json\/wp\/v2\/tags?post=11760"}],"curies":[{"name":"wp","href":"https:\/\/api.w.org\/{rel}","templated":true}]}}