{"id":11785,"date":"2022-04-01T12:00:03","date_gmt":"2022-04-01T10:00:03","guid":{"rendered":"https:\/\/www.naturparkmagazin.de\/stechlin\/?p=11785"},"modified":"2022-04-01T13:52:32","modified_gmt":"2022-04-01T11:52:32","slug":"ueberarbeitete-neuauflage-des-stechlinseebuches-erschienen","status":"publish","type":"post","link":"https:\/\/www.naturparkmagazin.de\/stechlin\/ueberarbeitete-neuauflage-des-stechlinseebuches-erschienen\/","title":{"rendered":"\u00dcberarbeitete Neuauflage des Stechlinseebuches erschienen"},"content":{"rendered":"<p>Schon Theodor Fontane war von der Sch\u00f6nheit des Stechlinsees fasziniert und noch immer zieht er viele Menschen in seinen Bann. Doch der See ist nur ein Teil des mit fast 9.000 Hektar zweitgr\u00f6\u00dften Naturschutzgebietes des Landes Brandenburg, das dem Naturpark Stechlin-Ruppiner Land seinen Namen gab.<\/p>\n<div id=\"attachment_10431\" style=\"width: 310px\" class=\"wp-caption aligncenter\"><a href=\"https:\/\/www.naturparkmagazin.de\/stechlin\/wp-content\/uploads\/sites\/38\/Junger-Eisvogel1.jpg\"><img aria-describedby=\"caption-attachment-10431\" decoding=\"async\" loading=\"lazy\" class=\"size-thumbnail wp-image-10431\" src=\"https:\/\/www.naturparkmagazin.de\/stechlin\/wp-content\/uploads\/sites\/38\/Junger-Eisvogel1-300x180.jpg\" alt=\"Junger Eisvogel wenige Tage nach dem Verlassen der Brutr\u00f6hre erkennbar am relativ kurzen Schnabel (helle Schnabelspitze) und den braunen F\u00fc\u00dfen \u00a9Dirk Gei\u00dfler \" width=\"300\" height=\"180\" srcset=\"https:\/\/www.naturparkmagazin.de\/stechlin\/wp-content\/uploads\/sites\/38\/Junger-Eisvogel1-300x180.jpg 300w, https:\/\/www.naturparkmagazin.de\/stechlin\/wp-content\/uploads\/sites\/38\/Junger-Eisvogel1.jpg 500w, https:\/\/www.naturparkmagazin.de\/stechlin\/wp-content\/uploads\/sites\/38\/Junger-Eisvogel1-200x120.jpg 200w\" sizes=\"(max-width: 300px) 100vw, 300px\" \/><\/a><p id=\"caption-attachment-10431\" class=\"wp-caption-text\">Junger Eisvogel wenige Tage nach dem Verlassen der Brutr\u00f6hre erkennbar am relativ kurzenSchnabel (helle Schnabelspitze) und den braunen F\u00fc\u00dfen \u00a9Dirk Gei\u00dfler<\/p><\/div>\n<p>2004 erschien die Originalausgabe des Buches &#8222;<em>Das Naturschutzgebiet Stechlin &#8211; Klare Seen, geheimnisvolle W\u00e4lder und naturnahe Moore im Norden Brandenburgs<\/em>&#8222;, die aktuell vollst\u00e4ndig \u00fcberarbeitet und erweitert sowie mit zahlreichen Fotos erg\u00e4nzt wurde. Herausgeber sind Martin Flade, Manfred L\u00fctkepohl und Mario Schrumpf. Das Buch ist im Verlag Natur+Text erschienen und kostet 29,90 \u20ac.<\/p>\n<p><a href=\"https:\/\/www.naturparkmagazin.de\/stechlin\/wp-content\/uploads\/sites\/38\/Wittwesee_k.jpg\"><img decoding=\"async\" loading=\"lazy\" class=\"aligncenter size-thumbnail wp-image-8260\" src=\"https:\/\/www.naturparkmagazin.de\/stechlin\/wp-content\/uploads\/sites\/38\/Wittwesee_k-300x180.jpg\" alt=\"Archiv NP SRL (Eulife Stechlin)\" width=\"300\" height=\"180\" srcset=\"https:\/\/www.naturparkmagazin.de\/stechlin\/wp-content\/uploads\/sites\/38\/Wittwesee_k-300x180.jpg 300w, https:\/\/www.naturparkmagazin.de\/stechlin\/wp-content\/uploads\/sites\/38\/Wittwesee_k.jpg 500w, https:\/\/www.naturparkmagazin.de\/stechlin\/wp-content\/uploads\/sites\/38\/Wittwesee_k-200x120.jpg 200w\" sizes=\"(max-width: 300px) 100vw, 300px\" \/><\/a><\/p>\n<p>Es gibt Auskunft \u00fcber die faszinierende Natur- und Landschaftsausstattung des Stechlinseegebietes, \u00fcber seine Geschichte und die aktuellen Naturschutzkonzepte.<\/p>\n<p>&nbsp;<\/p>\n","protected":false},"excerpt":{"rendered":"<p>Schon Theodor Fontane war von der Sch\u00f6nheit des Stechlinsees fasziniert und noch immer zieht er viele Menschen in seinen Bann.<\/p>\n","protected":false},"author":39,"featured_media":11448,"comment_status":"open","ping_status":"open","sticky":false,"template":"","format":"standard","meta":[],"categories":[7],"tags":[],"yoast_head":"<!-- This site is optimized with the Yoast SEO plugin v19.10 - https:\/\/yoast.com\/wordpress\/plugins\/seo\/ -->\n<title>\u00dcberarbeitete Neuauflage des Stechlinseebuches erschienen - Naturpark Stechlin-Ruppiner Land<\/title>\n<meta name=\"robots\" content=\"index, follow, max-snippet:-1, max-image-preview:large, max-video-preview:-1\" \/>\n<link rel=\"canonical\" href=\"https:\/\/www.naturparkmagazin.de\/stechlin\/ueberarbeitete-neuauflage-des-stechlinseebuches-erschienen\/\" \/>\n<meta property=\"og:locale\" content=\"de_DE\" \/>\n<meta property=\"og:type\" content=\"article\" \/>\n<meta property=\"og:title\" content=\"\u00dcberarbeitete Neuauflage des Stechlinseebuches erschienen - Naturpark Stechlin-Ruppiner Land\" \/>\n<meta property=\"og:description\" content=\"Schon Theodor Fontane war von der Sch\u00f6nheit des Stechlinsees fasziniert und noch immer zieht er viele Menschen in seinen Bann.\" \/>\n<meta property=\"og:url\" content=\"https:\/\/www.naturparkmagazin.de\/stechlin\/ueberarbeitete-neuauflage-des-stechlinseebuches-erschienen\/\" \/>\n<meta property=\"og:site_name\" content=\"Naturpark Stechlin-Ruppiner Land\" \/>\n<meta property=\"article:published_time\" content=\"2022-04-01T10:00:03+00:00\" \/>\n<meta property=\"article:modified_time\" content=\"2022-04-01T11:52:32+00:00\" \/>\n<meta property=\"og:image\" content=\"https:\/\/www.naturparkmagazin.de\/stechlin\/wp-content\/uploads\/sites\/38\/Wummsee-2_a.jpg\" \/>\n\t<meta property=\"og:image:width\" content=\"200\" \/>\n\t<meta property=\"og:image:height\" content=\"200\" \/>\n\t<meta property=\"og:image:type\" content=\"image\/jpeg\" \/>\n<meta name=\"author\" content=\"marioschrumpf\" \/>\n<meta name=\"twitter:label1\" content=\"Verfasst von\" \/>\n\t<meta name=\"twitter:data1\" content=\"marioschrumpf\" \/>\n\t<meta name=\"twitter:label2\" content=\"Gesch\u00e4tzte Lesezeit\" \/>\n\t<meta name=\"twitter:data2\" content=\"1\u00a0Minute\" \/>\n<script type=\"application\/ld+json\" class=\"yoast-schema-graph\">{\"@context\":\"https:\/\/schema.org\",\"@graph\":[{\"@type\":\"WebPage\",\"@id\":\"https:\/\/www.naturparkmagazin.de\/stechlin\/ueberarbeitete-neuauflage-des-stechlinseebuches-erschienen\/\",\"url\":\"https:\/\/www.naturparkmagazin.de\/stechlin\/ueberarbeitete-neuauflage-des-stechlinseebuches-erschienen\/\",\"name\":\"\u00dcberarbeitete Neuauflage des Stechlinseebuches erschienen - Naturpark Stechlin-Ruppiner Land\",\"isPartOf\":{\"@id\":\"https:\/\/www.naturparkmagazin.de\/stechlin\/#website\"},\"datePublished\":\"2022-04-01T10:00:03+00:00\",\"dateModified\":\"2022-04-01T11:52:32+00:00\",\"author\":{\"@id\":\"https:\/\/www.naturparkmagazin.de\/stechlin\/#\/schema\/person\/3f0d93203df21c806dd63c76d9bb28bc\"},\"breadcrumb\":{\"@id\":\"https:\/\/www.naturparkmagazin.de\/stechlin\/ueberarbeitete-neuauflage-des-stechlinseebuches-erschienen\/#breadcrumb\"},\"inLanguage\":\"de\",\"potentialAction\":[{\"@type\":\"ReadAction\",\"target\":[\"https:\/\/www.naturparkmagazin.de\/stechlin\/ueberarbeitete-neuauflage-des-stechlinseebuches-erschienen\/\"]}]},{\"@type\":\"BreadcrumbList\",\"@id\":\"https:\/\/www.naturparkmagazin.de\/stechlin\/ueberarbeitete-neuauflage-des-stechlinseebuches-erschienen\/#breadcrumb\",\"itemListElement\":[{\"@type\":\"ListItem\",\"position\":1,\"name\":\"Home\",\"item\":\"https:\/\/www.naturparkmagazin.de\/stechlin\/\"},{\"@type\":\"ListItem\",\"position\":2,\"name\":\"\u00dcberarbeitete Neuauflage des Stechlinseebuches erschienen\"}]},{\"@type\":\"WebSite\",\"@id\":\"https:\/\/www.naturparkmagazin.de\/stechlin\/#website\",\"url\":\"https:\/\/www.naturparkmagazin.de\/stechlin\/\",\"name\":\"Naturpark Stechlin-Ruppiner Land\",\"description\":\"\",\"potentialAction\":[{\"@type\":\"SearchAction\",\"target\":{\"@type\":\"EntryPoint\",\"urlTemplate\":\"https:\/\/www.naturparkmagazin.de\/stechlin\/?s={search_term_string}\"},\"query-input\":\"required name=search_term_string\"}],\"inLanguage\":\"de\"},{\"@type\":\"Person\",\"@id\":\"https:\/\/www.naturparkmagazin.de\/stechlin\/#\/schema\/person\/3f0d93203df21c806dd63c76d9bb28bc\",\"name\":\"marioschrumpf\",\"url\":\"https:\/\/www.naturparkmagazin.de\/stechlin\/author\/marioschrumpf\/\"}]}<\/script>\n<!-- \/ Yoast SEO plugin. -->","yoast_head_json":{"title":"\u00dcberarbeitete Neuauflage des Stechlinseebuches erschienen - Naturpark Stechlin-Ruppiner Land","robots":{"index":"index","follow":"follow","max-snippet":"max-snippet:-1","max-image-preview":"max-image-preview:large","max-video-preview":"max-video-preview:-1"},"canonical":"https:\/\/www.naturparkmagazin.de\/stechlin\/ueberarbeitete-neuauflage-des-stechlinseebuches-erschienen\/","og_locale":"de_DE","og_type":"article","og_title":"\u00dcberarbeitete Neuauflage des Stechlinseebuches erschienen - Naturpark Stechlin-Ruppiner Land","og_description":"Schon Theodor Fontane war von der Sch\u00f6nheit des Stechlinsees fasziniert und noch immer zieht er viele Menschen in seinen Bann.","og_url":"https:\/\/www.naturparkmagazin.de\/stechlin\/ueberarbeitete-neuauflage-des-stechlinseebuches-erschienen\/","og_site_name":"Naturpark Stechlin-Ruppiner Land","article_published_time":"2022-04-01T10:00:03+00:00","article_modified_time":"2022-04-01T11:52:32+00:00","og_image":[{"width":200,"height":200,"url":"https:\/\/www.naturparkmagazin.de\/stechlin\/wp-content\/uploads\/sites\/38\/Wummsee-2_a.jpg","type":"image\/jpeg"}],"author":"marioschrumpf","twitter_misc":{"Verfasst von":"marioschrumpf","Gesch\u00e4tzte Lesezeit":"1\u00a0Minute"},"schema":{"@context":"https:\/\/schema.org","@graph":[{"@type":"WebPage","@id":"https:\/\/www.naturparkmagazin.de\/stechlin\/ueberarbeitete-neuauflage-des-stechlinseebuches-erschienen\/","url":"https:\/\/www.naturparkmagazin.de\/stechlin\/ueberarbeitete-neuauflage-des-stechlinseebuches-erschienen\/","name":"\u00dcberarbeitete Neuauflage des Stechlinseebuches erschienen - Naturpark Stechlin-Ruppiner Land","isPartOf":{"@id":"https:\/\/www.naturparkmagazin.de\/stechlin\/#website"},"datePublished":"2022-04-01T10:00:03+00:00","dateModified":"2022-04-01T11:52:32+00:00","author":{"@id":"https:\/\/www.naturparkmagazin.de\/stechlin\/#\/schema\/person\/3f0d93203df21c806dd63c76d9bb28bc"},"breadcrumb":{"@id":"https:\/\/www.naturparkmagazin.de\/stechlin\/ueberarbeitete-neuauflage-des-stechlinseebuches-erschienen\/#breadcrumb"},"inLanguage":"de","potentialAction":[{"@type":"ReadAction","target":["https:\/\/www.naturparkmagazin.de\/stechlin\/ueberarbeitete-neuauflage-des-stechlinseebuches-erschienen\/"]}]},{"@type":"BreadcrumbList","@id":"https:\/\/www.naturparkmagazin.de\/stechlin\/ueberarbeitete-neuauflage-des-stechlinseebuches-erschienen\/#breadcrumb","itemListElement":[{"@type":"ListItem","position":1,"name":"Home","item":"https:\/\/www.naturparkmagazin.de\/stechlin\/"},{"@type":"ListItem","position":2,"name":"\u00dcberarbeitete Neuauflage des Stechlinseebuches erschienen"}]},{"@type":"WebSite","@id":"https:\/\/www.naturparkmagazin.de\/stechlin\/#website","url":"https:\/\/www.naturparkmagazin.de\/stechlin\/","name":"Naturpark Stechlin-Ruppiner Land","description":"","potentialAction":[{"@type":"SearchAction","target":{"@type":"EntryPoint","urlTemplate":"https:\/\/www.naturparkmagazin.de\/stechlin\/?s={search_term_string}"},"query-input":"required name=search_term_string"}],"inLanguage":"de"},{"@type":"Person","@id":"https:\/\/www.naturparkmagazin.de\/stechlin\/#\/schema\/person\/3f0d93203df21c806dd63c76d9bb28bc","name":"marioschrumpf","url":"https:\/\/www.naturparkmagazin.de\/stechlin\/author\/marioschrumpf\/"}]}},"_links":{"self":[{"href":"https:\/\/www.naturparkmagazin.de\/stechlin\/wp-json\/wp\/v2\/posts\/11785"}],"collection":[{"href":"https:\/\/www.naturparkmagazin.de\/stechlin\/wp-json\/wp\/v2\/posts"}],"about":[{"href":"https:\/\/www.naturparkmagazin.de\/stechlin\/wp-json\/wp\/v2\/types\/post"}],"author":[{"embeddable":true,"href":"https:\/\/www.naturparkmagazin.de\/stechlin\/wp-json\/wp\/v2\/users\/39"}],"replies":[{"embeddable":true,"href":"https:\/\/www.naturparkmagazin.de\/stechlin\/wp-json\/wp\/v2\/comments?post=11785"}],"version-history":[{"count":6,"href":"https:\/\/www.naturparkmagazin.de\/stechlin\/wp-json\/wp\/v2\/posts\/11785\/revisions"}],"predecessor-version":[{"id":11874,"href":"https:\/\/www.naturparkmagazin.de\/stechlin\/wp-json\/wp\/v2\/posts\/11785\/revisions\/11874"}],"wp:featuredmedia":[{"embeddable":true,"href":"https:\/\/www.naturparkmagazin.de\/stechlin\/wp-json\/wp\/v2\/media\/11448"}],"wp:attachment":[{"href":"https:\/\/www.naturparkmagazin.de\/stechlin\/wp-json\/wp\/v2\/media?parent=11785"}],"wp:term":[{"taxonomy":"category","embeddable":true,"href":"https:\/\/www.naturparkmagazin.de\/stechlin\/wp-json\/wp\/v2\/categories?post=11785"},{"taxonomy":"post_tag","embeddable":true,"href":"https:\/\/www.naturparkmagazin.de\/stechlin\/wp-json\/wp\/v2\/tags?post=11785"}],"curies":[{"name":"wp","href":"https:\/\/api.w.org\/{rel}","templated":true}]}}