{"id":1185,"date":"2014-07-22T12:59:54","date_gmt":"2014-07-22T10:59:54","guid":{"rendered":"http:\/\/www.naturparkmagazin.de\/stechlin\/?p=1185"},"modified":"2014-07-29T08:30:02","modified_gmt":"2014-07-29T06:30:02","slug":"henry-ford-hat-einmal-gesagt","status":"publish","type":"post","link":"https:\/\/www.naturparkmagazin.de\/stechlin\/henry-ford-hat-einmal-gesagt\/","title":{"rendered":"Naturwacht &#8211; Mittler zwischen Mensch und Natur"},"content":{"rendered":"<div id=\"attachment_1235\" style=\"width: 630px\" class=\"wp-caption alignnone\"><a href=\"https:\/\/www.naturparkmagazin.de\/stechlin\/wp-content\/uploads\/sites\/38\/STECHLINSEE_Feierabend.jpg\"><img aria-describedby=\"caption-attachment-1235\" decoding=\"async\" loading=\"lazy\" class=\"size-medium wp-image-1235\" alt=\"Der Gro\u00dfe Stechlinsee\" src=\"https:\/\/www.naturparkmagazin.de\/stechlin\/wp-content\/uploads\/sites\/38\/STECHLINSEE_Feierabend-620x443.jpg\" width=\"620\" height=\"443\" srcset=\"https:\/\/www.naturparkmagazin.de\/stechlin\/wp-content\/uploads\/sites\/38\/STECHLINSEE_Feierabend-620x443.jpg 620w, https:\/\/www.naturparkmagazin.de\/stechlin\/wp-content\/uploads\/sites\/38\/STECHLINSEE_Feierabend-300x215.jpg 300w, https:\/\/www.naturparkmagazin.de\/stechlin\/wp-content\/uploads\/sites\/38\/STECHLINSEE_Feierabend-940x672.jpg 940w, https:\/\/www.naturparkmagazin.de\/stechlin\/wp-content\/uploads\/sites\/38\/STECHLINSEE_Feierabend-670x479.jpg 670w, https:\/\/www.naturparkmagazin.de\/stechlin\/wp-content\/uploads\/sites\/38\/STECHLINSEE_Feierabend-200x143.jpg 200w, https:\/\/www.naturparkmagazin.de\/stechlin\/wp-content\/uploads\/sites\/38\/STECHLINSEE_Feierabend.jpg 1586w\" sizes=\"(max-width: 620px) 100vw, 620px\" \/><\/a><p id=\"caption-attachment-1235\" class=\"wp-caption-text\">Der Gro\u00dfe Stechlinsee<\/p><\/div>\n<p>&nbsp;<\/p>\n<p>Henry Ford hat einmal gesagt:<\/p>\n<p><em>Zusammenkunft ist ein Anfang.<\/em><\/p>\n<p><em>Zusammenhalt ist ein Fortschritt.<\/em><\/p>\n<p><em>Zusammenarbeit ist ein Erfolg.<\/em><\/p>\n<p>Das waren auch die Leits\u00e4tze zu unserer \u201ekleinen Krisensitzung\u201c am 19.06. 2014 hier bei uns in Menz.<\/p>\n<p>Die Temperaturen steigen, die Sonnenscheindauer wird l\u00e4nger, die glasklaren Seen im NSG \u201eStechlin\u201c erw\u00e4rmen sich und schon bev\u00f6lkern wieder viele Erholungsuchende unseren Naturpark. Jedoch gibt es immer Leute die sich nicht an Regeln halten wollen. Gleich zu Beginn der Saison, so Anfang Juni, ist der Naturwacht im Gebiet aufgefallen das es in diesem Jahr immer wieder Verst\u00f6\u00dfe gibt die nicht zu vereinbaren sind mit der Verordnung zum Naturschutzgebiet \u201eStechlin\u201c. Insbesondere der Nehmitzsee und der Stechlinsee, mit sehr detaillierten Geboten und Verboten zum Angeln, zum Baden, zum Einsetzen von Booten und zum Tauchen waren das Ziel von Schwarzanglern und Schwarzcampern. \u00dcberall wurden Boote eingesetzt und auch Taucher mit Harpunen waren unterwegs. Da die Naturwacht im Gebiet des Naturparks viele andere Aufgaben neben der Gebietskontrolle bew\u00e4ltigt und nicht immer \u00fcberall sein kann, haben wir beim Landesbetrieb Forst, bei der Polizei, bei den UNB\u2019s, bei den Ordnungs\u00e4mter und bei der Wasserschutzpolizei um Hilfe gebeten.\u00a0In Absprache mit der Naturparkverwaltung ergingen Einladungen an die genannten \u00c4mter und Beh\u00f6rden und fast alle folgten unserem Ruf. Der Vorschlag doch unsere NSG Ausschilderung mit einem QR-Code zu versehen um somit die M\u00f6glichkeit zu schaffen, vor Ort, n\u00e4here Informationen zu erhalten stie\u00df auf volle Zustimmung. Es wurde beschlossen in Zukunft wieder mehr gemeinsame Kontrollen durchzuf\u00fchren. Das soll nicht mehr in Form von Gro\u00dfkontrollen passieren sondern nur zu zweit oder zu dritt. Gleich f\u00fcr den Sonnabend, 21.6. 0214 wurde ein Termin gemeinsam mit den Kollegen der Polizeiwache Rheinsberg verabredet und durchgef\u00fchrt. Die Leute die an diesem Tag von diesem \u201egemischten Doppel\u201c kontrolliert wurden, haben nicht schlecht gestaunt.<\/p>\n<p>Ein voller Erfolg war der Einsatz gemeinsam mit der Wasserschutzpolizei am 20.07. 2014. Vom Schwarzcampen bis hin zur Fischwilderei konnte alles festgestellt werden. Den Mitarbeitern der Naturwacht geht es nicht darum Menschen zu kontrollieren und sie einer Bestrafung zu zuf\u00fchren, sondern es geht uns in erster Linie darum unsere wunderbare Natur zu erhalten, \u00a0so das auch f\u00fcr kommende Generationen etwas \u00fcbrig bleibt.<\/p>\n<p>Anke Rudnik<\/p>\n<p>Gebietsleiterin der Naturwacht Stechlin-Ruppiner Land<\/p>\n","protected":false},"excerpt":{"rendered":"<p>Um auch f\u00fcr nachfolgende Generationen die einzigartige Sch\u00f6nheit der Stechlinseeregion zu erhalten, ist die Einhaltung bestimmter Spielregeln erforderlich!<\/p>\n","protected":false},"author":39,"featured_media":1186,"comment_status":"open","ping_status":"open","sticky":false,"template":"","format":"standard","meta":[],"categories":[7],"tags":[],"yoast_head":"<!-- This site is optimized with the Yoast SEO plugin v19.10 - https:\/\/yoast.com\/wordpress\/plugins\/seo\/ -->\n<title>Naturwacht - Mittler zwischen Mensch und Natur - Naturpark Stechlin-Ruppiner Land<\/title>\n<meta name=\"robots\" content=\"index, follow, max-snippet:-1, max-image-preview:large, max-video-preview:-1\" \/>\n<link rel=\"canonical\" href=\"https:\/\/www.naturparkmagazin.de\/stechlin\/henry-ford-hat-einmal-gesagt\/\" \/>\n<meta property=\"og:locale\" content=\"de_DE\" \/>\n<meta property=\"og:type\" content=\"article\" \/>\n<meta property=\"og:title\" content=\"Naturwacht - Mittler zwischen Mensch und Natur - Naturpark Stechlin-Ruppiner Land\" \/>\n<meta property=\"og:description\" content=\"Um auch f\u00fcr nachfolgende Generationen die einzigartige Sch\u00f6nheit der Stechlinseeregion zu erhalten, ist die Einhaltung bestimmter Spielregeln erforderlich!\" \/>\n<meta property=\"og:url\" content=\"https:\/\/www.naturparkmagazin.de\/stechlin\/henry-ford-hat-einmal-gesagt\/\" \/>\n<meta property=\"og:site_name\" content=\"Naturpark Stechlin-Ruppiner Land\" \/>\n<meta property=\"article:published_time\" content=\"2014-07-22T10:59:54+00:00\" \/>\n<meta property=\"article:modified_time\" content=\"2014-07-29T06:30:02+00:00\" \/>\n<meta property=\"og:image\" content=\"https:\/\/www.naturparkmagazin.de\/stechlin\/wp-content\/uploads\/sites\/38\/Stechlinsee2.jpg\" \/>\n\t<meta property=\"og:image:width\" content=\"300\" \/>\n\t<meta property=\"og:image:height\" content=\"201\" \/>\n\t<meta property=\"og:image:type\" content=\"image\/jpeg\" \/>\n<meta name=\"author\" content=\"marioschrumpf\" \/>\n<meta name=\"twitter:label1\" content=\"Verfasst von\" \/>\n\t<meta name=\"twitter:data1\" content=\"marioschrumpf\" \/>\n\t<meta name=\"twitter:label2\" content=\"Gesch\u00e4tzte Lesezeit\" \/>\n\t<meta name=\"twitter:data2\" content=\"2\u00a0Minuten\" \/>\n<script type=\"application\/ld+json\" class=\"yoast-schema-graph\">{\"@context\":\"https:\/\/schema.org\",\"@graph\":[{\"@type\":\"WebPage\",\"@id\":\"https:\/\/www.naturparkmagazin.de\/stechlin\/henry-ford-hat-einmal-gesagt\/\",\"url\":\"https:\/\/www.naturparkmagazin.de\/stechlin\/henry-ford-hat-einmal-gesagt\/\",\"name\":\"Naturwacht - Mittler zwischen Mensch und Natur - Naturpark Stechlin-Ruppiner Land\",\"isPartOf\":{\"@id\":\"https:\/\/www.naturparkmagazin.de\/stechlin\/#website\"},\"datePublished\":\"2014-07-22T10:59:54+00:00\",\"dateModified\":\"2014-07-29T06:30:02+00:00\",\"author\":{\"@id\":\"https:\/\/www.naturparkmagazin.de\/stechlin\/#\/schema\/person\/3f0d93203df21c806dd63c76d9bb28bc\"},\"breadcrumb\":{\"@id\":\"https:\/\/www.naturparkmagazin.de\/stechlin\/henry-ford-hat-einmal-gesagt\/#breadcrumb\"},\"inLanguage\":\"de\",\"potentialAction\":[{\"@type\":\"ReadAction\",\"target\":[\"https:\/\/www.naturparkmagazin.de\/stechlin\/henry-ford-hat-einmal-gesagt\/\"]}]},{\"@type\":\"BreadcrumbList\",\"@id\":\"https:\/\/www.naturparkmagazin.de\/stechlin\/henry-ford-hat-einmal-gesagt\/#breadcrumb\",\"itemListElement\":[{\"@type\":\"ListItem\",\"position\":1,\"name\":\"Home\",\"item\":\"https:\/\/www.naturparkmagazin.de\/stechlin\/\"},{\"@type\":\"ListItem\",\"position\":2,\"name\":\"Naturwacht &#8211; Mittler zwischen Mensch und Natur\"}]},{\"@type\":\"WebSite\",\"@id\":\"https:\/\/www.naturparkmagazin.de\/stechlin\/#website\",\"url\":\"https:\/\/www.naturparkmagazin.de\/stechlin\/\",\"name\":\"Naturpark Stechlin-Ruppiner Land\",\"description\":\"\",\"potentialAction\":[{\"@type\":\"SearchAction\",\"target\":{\"@type\":\"EntryPoint\",\"urlTemplate\":\"https:\/\/www.naturparkmagazin.de\/stechlin\/?s={search_term_string}\"},\"query-input\":\"required name=search_term_string\"}],\"inLanguage\":\"de\"},{\"@type\":\"Person\",\"@id\":\"https:\/\/www.naturparkmagazin.de\/stechlin\/#\/schema\/person\/3f0d93203df21c806dd63c76d9bb28bc\",\"name\":\"marioschrumpf\",\"url\":\"https:\/\/www.naturparkmagazin.de\/stechlin\/author\/marioschrumpf\/\"}]}<\/script>\n<!-- \/ Yoast SEO plugin. -->","yoast_head_json":{"title":"Naturwacht - Mittler zwischen Mensch und Natur - Naturpark Stechlin-Ruppiner Land","robots":{"index":"index","follow":"follow","max-snippet":"max-snippet:-1","max-image-preview":"max-image-preview:large","max-video-preview":"max-video-preview:-1"},"canonical":"https:\/\/www.naturparkmagazin.de\/stechlin\/henry-ford-hat-einmal-gesagt\/","og_locale":"de_DE","og_type":"article","og_title":"Naturwacht - Mittler zwischen Mensch und Natur - Naturpark Stechlin-Ruppiner Land","og_description":"Um auch f\u00fcr nachfolgende Generationen die einzigartige Sch\u00f6nheit der Stechlinseeregion zu erhalten, ist die Einhaltung bestimmter Spielregeln erforderlich!","og_url":"https:\/\/www.naturparkmagazin.de\/stechlin\/henry-ford-hat-einmal-gesagt\/","og_site_name":"Naturpark Stechlin-Ruppiner Land","article_published_time":"2014-07-22T10:59:54+00:00","article_modified_time":"2014-07-29T06:30:02+00:00","og_image":[{"width":300,"height":201,"url":"https:\/\/www.naturparkmagazin.de\/stechlin\/wp-content\/uploads\/sites\/38\/Stechlinsee2.jpg","type":"image\/jpeg"}],"author":"marioschrumpf","twitter_misc":{"Verfasst von":"marioschrumpf","Gesch\u00e4tzte Lesezeit":"2\u00a0Minuten"},"schema":{"@context":"https:\/\/schema.org","@graph":[{"@type":"WebPage","@id":"https:\/\/www.naturparkmagazin.de\/stechlin\/henry-ford-hat-einmal-gesagt\/","url":"https:\/\/www.naturparkmagazin.de\/stechlin\/henry-ford-hat-einmal-gesagt\/","name":"Naturwacht - Mittler zwischen Mensch und Natur - Naturpark Stechlin-Ruppiner Land","isPartOf":{"@id":"https:\/\/www.naturparkmagazin.de\/stechlin\/#website"},"datePublished":"2014-07-22T10:59:54+00:00","dateModified":"2014-07-29T06:30:02+00:00","author":{"@id":"https:\/\/www.naturparkmagazin.de\/stechlin\/#\/schema\/person\/3f0d93203df21c806dd63c76d9bb28bc"},"breadcrumb":{"@id":"https:\/\/www.naturparkmagazin.de\/stechlin\/henry-ford-hat-einmal-gesagt\/#breadcrumb"},"inLanguage":"de","potentialAction":[{"@type":"ReadAction","target":["https:\/\/www.naturparkmagazin.de\/stechlin\/henry-ford-hat-einmal-gesagt\/"]}]},{"@type":"BreadcrumbList","@id":"https:\/\/www.naturparkmagazin.de\/stechlin\/henry-ford-hat-einmal-gesagt\/#breadcrumb","itemListElement":[{"@type":"ListItem","position":1,"name":"Home","item":"https:\/\/www.naturparkmagazin.de\/stechlin\/"},{"@type":"ListItem","position":2,"name":"Naturwacht &#8211; Mittler zwischen Mensch und Natur"}]},{"@type":"WebSite","@id":"https:\/\/www.naturparkmagazin.de\/stechlin\/#website","url":"https:\/\/www.naturparkmagazin.de\/stechlin\/","name":"Naturpark Stechlin-Ruppiner Land","description":"","potentialAction":[{"@type":"SearchAction","target":{"@type":"EntryPoint","urlTemplate":"https:\/\/www.naturparkmagazin.de\/stechlin\/?s={search_term_string}"},"query-input":"required name=search_term_string"}],"inLanguage":"de"},{"@type":"Person","@id":"https:\/\/www.naturparkmagazin.de\/stechlin\/#\/schema\/person\/3f0d93203df21c806dd63c76d9bb28bc","name":"marioschrumpf","url":"https:\/\/www.naturparkmagazin.de\/stechlin\/author\/marioschrumpf\/"}]}},"_links":{"self":[{"href":"https:\/\/www.naturparkmagazin.de\/stechlin\/wp-json\/wp\/v2\/posts\/1185"}],"collection":[{"href":"https:\/\/www.naturparkmagazin.de\/stechlin\/wp-json\/wp\/v2\/posts"}],"about":[{"href":"https:\/\/www.naturparkmagazin.de\/stechlin\/wp-json\/wp\/v2\/types\/post"}],"author":[{"embeddable":true,"href":"https:\/\/www.naturparkmagazin.de\/stechlin\/wp-json\/wp\/v2\/users\/39"}],"replies":[{"embeddable":true,"href":"https:\/\/www.naturparkmagazin.de\/stechlin\/wp-json\/wp\/v2\/comments?post=1185"}],"version-history":[{"count":7,"href":"https:\/\/www.naturparkmagazin.de\/stechlin\/wp-json\/wp\/v2\/posts\/1185\/revisions"}],"predecessor-version":[{"id":1238,"href":"https:\/\/www.naturparkmagazin.de\/stechlin\/wp-json\/wp\/v2\/posts\/1185\/revisions\/1238"}],"wp:featuredmedia":[{"embeddable":true,"href":"https:\/\/www.naturparkmagazin.de\/stechlin\/wp-json\/wp\/v2\/media\/1186"}],"wp:attachment":[{"href":"https:\/\/www.naturparkmagazin.de\/stechlin\/wp-json\/wp\/v2\/media?parent=1185"}],"wp:term":[{"taxonomy":"category","embeddable":true,"href":"https:\/\/www.naturparkmagazin.de\/stechlin\/wp-json\/wp\/v2\/categories?post=1185"},{"taxonomy":"post_tag","embeddable":true,"href":"https:\/\/www.naturparkmagazin.de\/stechlin\/wp-json\/wp\/v2\/tags?post=1185"}],"curies":[{"name":"wp","href":"https:\/\/api.w.org\/{rel}","templated":true}]}}