{"id":11894,"date":"2022-04-13T15:00:33","date_gmt":"2022-04-13T13:00:33","guid":{"rendered":"https:\/\/www.naturparkmagazin.de\/stechlin\/?p=11894"},"modified":"2022-04-21T10:19:52","modified_gmt":"2022-04-21T08:19:52","slug":"die-ersten-ehrenamtlichen-wegepaten-erhielten-ihre-urkunden","status":"publish","type":"post","link":"https:\/\/www.naturparkmagazin.de\/stechlin\/die-ersten-ehrenamtlichen-wegepaten-erhielten-ihre-urkunden\/","title":{"rendered":"Die ersten ehrenamtlichen Wegepaten erhielten ihre Berufungsurkunden"},"content":{"rendered":"<p>F\u00fcr die <strong>Entwicklung des Amtes Temnitz als Wanderregion<\/strong> war Freitag, der 25.3.2022 ein wichtiger Meilenstein.\nDie ersten ehrenamtlichen Wegepaten f\u00fcr den Wanderweg um den Katerbower See erhielten ihre Berufungsurkunden vom Amtsdirektor Thomas Kresse und Wegewart Olaf Wolff.\nIm Rahmen einer Dankesveranstaltung in der \u00d6lm\u00fchle Katerbow stellte Natur- und Landschaftsf\u00fchrer und Wegewart Olaf Wolff das Projekt und die Ergebnisse nochmals vor.<\/p>\n<div id=\"attachment_11907\" style=\"width: 310px\" class=\"wp-caption aligncenter\"><a href=\"https:\/\/www.naturparkmagazin.de\/stechlin\/wp-content\/uploads\/sites\/38\/Dankesveranstaltung.jpeg\"><img aria-describedby=\"caption-attachment-11907\" decoding=\"async\" loading=\"lazy\" class=\"size-thumbnail wp-image-11907\" src=\"https:\/\/www.naturparkmagazin.de\/stechlin\/wp-content\/uploads\/sites\/38\/Dankesveranstaltung-300x180.jpeg\" alt=\"\u00a9 Olaf Wolff\" width=\"300\" height=\"180\" srcset=\"https:\/\/www.naturparkmagazin.de\/stechlin\/wp-content\/uploads\/sites\/38\/Dankesveranstaltung-300x180.jpeg 300w, https:\/\/www.naturparkmagazin.de\/stechlin\/wp-content\/uploads\/sites\/38\/Dankesveranstaltung.jpeg 500w, https:\/\/www.naturparkmagazin.de\/stechlin\/wp-content\/uploads\/sites\/38\/Dankesveranstaltung-200x120.jpeg 200w\" sizes=\"(max-width: 300px) 100vw, 300px\" \/><\/a><p id=\"caption-attachment-11907\" class=\"wp-caption-text\">Die Wegepaten verfolgen aufmerksam den Vortrag von Olaf Wolff \u00a9 Olaf Wolff<\/p><\/div>\n<p>Im Zeitraum 1.1. \u2013 31.12.2021 wurde f\u00fcr die Inwertsetzung des Rundwanderweges um den Katerbower See ein Projekt zur Gewinnung, Integration und Anerkennung von ehrenamtlichem Engagement nachhaltiger Wegebetreuung aus KLI-Mitteln (<a href=\"https:\/\/www.lag-opr.de\/index.php\/projekte-und-foerderung\/kli\" target=\"_blank\">Kleine lokale Initiativen<\/a>) gef\u00f6rdert.\nDer Naturpark Stechlin-Ruppiner Land sowie die Naturwacht unterst\u00fctzten und begleiteten das Projekt praxisorientiert mit ihren Erfahrungen und Kontakten.<\/p>\n<div id=\"attachment_11909\" style=\"width: 310px\" class=\"wp-caption aligncenter\"><a href=\"https:\/\/www.naturparkmagazin.de\/stechlin\/wp-content\/uploads\/sites\/38\/Wegewart-Wolff-II.jpeg\"><img aria-describedby=\"caption-attachment-11909\" decoding=\"async\" loading=\"lazy\" class=\"size-thumbnail wp-image-11909\" src=\"https:\/\/www.naturparkmagazin.de\/stechlin\/wp-content\/uploads\/sites\/38\/Wegewart-Wolff-II-300x500.jpeg\" alt=\"\u00a9 Olaf Wolff\" width=\"300\" height=\"500\" srcset=\"https:\/\/www.naturparkmagazin.de\/stechlin\/wp-content\/uploads\/sites\/38\/Wegewart-Wolff-II.jpeg 300w, https:\/\/www.naturparkmagazin.de\/stechlin\/wp-content\/uploads\/sites\/38\/Wegewart-Wolff-II-200x333.jpeg 200w\" sizes=\"(max-width: 300px) 100vw, 300px\" \/><\/a><p id=\"caption-attachment-11909\" class=\"wp-caption-text\">Olaf Wolff pr\u00e4sentiert stolz die Urkunde \u00a9 Olaf Wolff<\/p><\/div>\n<p>Im Rahmen eines ganzheitlichen Musterprojektes wurden durch viele Ehrenamtliche und den Projektleiter nicht nur die Wegweiser und Markierungen entlang des Wanderweges erneuert, sondern auch Wegepaten an die Grundlagen, Herausforderungen und Notwendigkeiten einer nachhaltigen Pflege und Betreuung von Wanderwegen herangef\u00fchrt, informiert und f\u00fcr eine zuk\u00fcnftige ehrenamtliche Beteiligung qualifiziert.<\/p>\n<p><a href=\"https:\/\/www.naturparkmagazin.de\/stechlin\/wp-content\/uploads\/sites\/38\/urkunde1.jpg\"><img decoding=\"async\" loading=\"lazy\" class=\"size-thumbnail wp-image-11908 aligncenter\" src=\"https:\/\/www.naturparkmagazin.de\/stechlin\/wp-content\/uploads\/sites\/38\/urkunde1-300x500.jpg\" alt=\"\u00a9 Olaf Wolff\" width=\"300\" height=\"500\" srcset=\"https:\/\/www.naturparkmagazin.de\/stechlin\/wp-content\/uploads\/sites\/38\/urkunde1.jpg 300w, https:\/\/www.naturparkmagazin.de\/stechlin\/wp-content\/uploads\/sites\/38\/urkunde1-200x333.jpg 200w\" sizes=\"(max-width: 300px) 100vw, 300px\" \/><\/a><\/p>\n<p>Amtsdirektor Thomas Kresse, betonte die Bedeutung dieses Projektes f\u00fcr das Amt Temnitz und zeigte Vorhaben sowie Pl\u00e4ne f\u00fcr die Zukunft auf.<\/p>\n","protected":false},"excerpt":{"rendered":"<p>F\u00fcr die Entwicklung des Amtes Temnitz als Wanderregion war Freitag, der 25.3.2022 ein wichtiger Meilenstein.<\/p>\n","protected":false},"author":39,"featured_media":11910,"comment_status":"open","ping_status":"open","sticky":false,"template":"","format":"standard","meta":[],"categories":[7],"tags":[],"yoast_head":"<!-- This site is optimized with the Yoast SEO plugin v19.10 - https:\/\/yoast.com\/wordpress\/plugins\/seo\/ -->\n<title>Die ersten ehrenamtlichen Wegepaten erhielten ihre Berufungsurkunden - Naturpark Stechlin-Ruppiner Land<\/title>\n<meta name=\"robots\" content=\"index, follow, max-snippet:-1, max-image-preview:large, max-video-preview:-1\" \/>\n<link rel=\"canonical\" href=\"https:\/\/www.naturparkmagazin.de\/stechlin\/die-ersten-ehrenamtlichen-wegepaten-erhielten-ihre-urkunden\/\" \/>\n<meta property=\"og:locale\" content=\"de_DE\" \/>\n<meta property=\"og:type\" content=\"article\" \/>\n<meta property=\"og:title\" content=\"Die ersten ehrenamtlichen Wegepaten erhielten ihre Berufungsurkunden - Naturpark Stechlin-Ruppiner Land\" \/>\n<meta property=\"og:description\" content=\"F\u00fcr die Entwicklung des Amtes Temnitz als Wanderregion war Freitag, der 25.3.2022 ein wichtiger Meilenstein.\" \/>\n<meta property=\"og:url\" content=\"https:\/\/www.naturparkmagazin.de\/stechlin\/die-ersten-ehrenamtlichen-wegepaten-erhielten-ihre-urkunden\/\" \/>\n<meta property=\"og:site_name\" content=\"Naturpark Stechlin-Ruppiner Land\" \/>\n<meta property=\"article:published_time\" content=\"2022-04-13T13:00:33+00:00\" \/>\n<meta property=\"article:modified_time\" content=\"2022-04-21T08:19:52+00:00\" \/>\n<meta property=\"og:image\" content=\"https:\/\/www.naturparkmagazin.de\/stechlin\/wp-content\/uploads\/sites\/38\/Wegewart-Wolff-II_a.jpeg\" \/>\n\t<meta property=\"og:image:width\" content=\"200\" \/>\n\t<meta property=\"og:image:height\" content=\"200\" \/>\n\t<meta property=\"og:image:type\" content=\"image\/jpeg\" \/>\n<meta name=\"author\" content=\"marioschrumpf\" \/>\n<meta name=\"twitter:label1\" content=\"Verfasst von\" \/>\n\t<meta name=\"twitter:data1\" content=\"marioschrumpf\" \/>\n\t<meta name=\"twitter:label2\" content=\"Gesch\u00e4tzte Lesezeit\" \/>\n\t<meta name=\"twitter:data2\" content=\"1\u00a0Minute\" \/>\n<script type=\"application\/ld+json\" class=\"yoast-schema-graph\">{\"@context\":\"https:\/\/schema.org\",\"@graph\":[{\"@type\":\"WebPage\",\"@id\":\"https:\/\/www.naturparkmagazin.de\/stechlin\/die-ersten-ehrenamtlichen-wegepaten-erhielten-ihre-urkunden\/\",\"url\":\"https:\/\/www.naturparkmagazin.de\/stechlin\/die-ersten-ehrenamtlichen-wegepaten-erhielten-ihre-urkunden\/\",\"name\":\"Die ersten ehrenamtlichen Wegepaten erhielten ihre Berufungsurkunden - Naturpark Stechlin-Ruppiner Land\",\"isPartOf\":{\"@id\":\"https:\/\/www.naturparkmagazin.de\/stechlin\/#website\"},\"datePublished\":\"2022-04-13T13:00:33+00:00\",\"dateModified\":\"2022-04-21T08:19:52+00:00\",\"author\":{\"@id\":\"https:\/\/www.naturparkmagazin.de\/stechlin\/#\/schema\/person\/3f0d93203df21c806dd63c76d9bb28bc\"},\"breadcrumb\":{\"@id\":\"https:\/\/www.naturparkmagazin.de\/stechlin\/die-ersten-ehrenamtlichen-wegepaten-erhielten-ihre-urkunden\/#breadcrumb\"},\"inLanguage\":\"de\",\"potentialAction\":[{\"@type\":\"ReadAction\",\"target\":[\"https:\/\/www.naturparkmagazin.de\/stechlin\/die-ersten-ehrenamtlichen-wegepaten-erhielten-ihre-urkunden\/\"]}]},{\"@type\":\"BreadcrumbList\",\"@id\":\"https:\/\/www.naturparkmagazin.de\/stechlin\/die-ersten-ehrenamtlichen-wegepaten-erhielten-ihre-urkunden\/#breadcrumb\",\"itemListElement\":[{\"@type\":\"ListItem\",\"position\":1,\"name\":\"Home\",\"item\":\"https:\/\/www.naturparkmagazin.de\/stechlin\/\"},{\"@type\":\"ListItem\",\"position\":2,\"name\":\"Die ersten ehrenamtlichen Wegepaten erhielten ihre Berufungsurkunden\"}]},{\"@type\":\"WebSite\",\"@id\":\"https:\/\/www.naturparkmagazin.de\/stechlin\/#website\",\"url\":\"https:\/\/www.naturparkmagazin.de\/stechlin\/\",\"name\":\"Naturpark Stechlin-Ruppiner Land\",\"description\":\"\",\"potentialAction\":[{\"@type\":\"SearchAction\",\"target\":{\"@type\":\"EntryPoint\",\"urlTemplate\":\"https:\/\/www.naturparkmagazin.de\/stechlin\/?s={search_term_string}\"},\"query-input\":\"required name=search_term_string\"}],\"inLanguage\":\"de\"},{\"@type\":\"Person\",\"@id\":\"https:\/\/www.naturparkmagazin.de\/stechlin\/#\/schema\/person\/3f0d93203df21c806dd63c76d9bb28bc\",\"name\":\"marioschrumpf\",\"url\":\"https:\/\/www.naturparkmagazin.de\/stechlin\/author\/marioschrumpf\/\"}]}<\/script>\n<!-- \/ Yoast SEO plugin. -->","yoast_head_json":{"title":"Die ersten ehrenamtlichen Wegepaten erhielten ihre Berufungsurkunden - Naturpark Stechlin-Ruppiner Land","robots":{"index":"index","follow":"follow","max-snippet":"max-snippet:-1","max-image-preview":"max-image-preview:large","max-video-preview":"max-video-preview:-1"},"canonical":"https:\/\/www.naturparkmagazin.de\/stechlin\/die-ersten-ehrenamtlichen-wegepaten-erhielten-ihre-urkunden\/","og_locale":"de_DE","og_type":"article","og_title":"Die ersten ehrenamtlichen Wegepaten erhielten ihre Berufungsurkunden - Naturpark Stechlin-Ruppiner Land","og_description":"F\u00fcr die Entwicklung des Amtes Temnitz als Wanderregion war Freitag, der 25.3.2022 ein wichtiger Meilenstein.","og_url":"https:\/\/www.naturparkmagazin.de\/stechlin\/die-ersten-ehrenamtlichen-wegepaten-erhielten-ihre-urkunden\/","og_site_name":"Naturpark Stechlin-Ruppiner Land","article_published_time":"2022-04-13T13:00:33+00:00","article_modified_time":"2022-04-21T08:19:52+00:00","og_image":[{"width":200,"height":200,"url":"https:\/\/www.naturparkmagazin.de\/stechlin\/wp-content\/uploads\/sites\/38\/Wegewart-Wolff-II_a.jpeg","type":"image\/jpeg"}],"author":"marioschrumpf","twitter_misc":{"Verfasst von":"marioschrumpf","Gesch\u00e4tzte Lesezeit":"1\u00a0Minute"},"schema":{"@context":"https:\/\/schema.org","@graph":[{"@type":"WebPage","@id":"https:\/\/www.naturparkmagazin.de\/stechlin\/die-ersten-ehrenamtlichen-wegepaten-erhielten-ihre-urkunden\/","url":"https:\/\/www.naturparkmagazin.de\/stechlin\/die-ersten-ehrenamtlichen-wegepaten-erhielten-ihre-urkunden\/","name":"Die ersten ehrenamtlichen Wegepaten erhielten ihre Berufungsurkunden - Naturpark Stechlin-Ruppiner Land","isPartOf":{"@id":"https:\/\/www.naturparkmagazin.de\/stechlin\/#website"},"datePublished":"2022-04-13T13:00:33+00:00","dateModified":"2022-04-21T08:19:52+00:00","author":{"@id":"https:\/\/www.naturparkmagazin.de\/stechlin\/#\/schema\/person\/3f0d93203df21c806dd63c76d9bb28bc"},"breadcrumb":{"@id":"https:\/\/www.naturparkmagazin.de\/stechlin\/die-ersten-ehrenamtlichen-wegepaten-erhielten-ihre-urkunden\/#breadcrumb"},"inLanguage":"de","potentialAction":[{"@type":"ReadAction","target":["https:\/\/www.naturparkmagazin.de\/stechlin\/die-ersten-ehrenamtlichen-wegepaten-erhielten-ihre-urkunden\/"]}]},{"@type":"BreadcrumbList","@id":"https:\/\/www.naturparkmagazin.de\/stechlin\/die-ersten-ehrenamtlichen-wegepaten-erhielten-ihre-urkunden\/#breadcrumb","itemListElement":[{"@type":"ListItem","position":1,"name":"Home","item":"https:\/\/www.naturparkmagazin.de\/stechlin\/"},{"@type":"ListItem","position":2,"name":"Die ersten ehrenamtlichen Wegepaten erhielten ihre Berufungsurkunden"}]},{"@type":"WebSite","@id":"https:\/\/www.naturparkmagazin.de\/stechlin\/#website","url":"https:\/\/www.naturparkmagazin.de\/stechlin\/","name":"Naturpark Stechlin-Ruppiner Land","description":"","potentialAction":[{"@type":"SearchAction","target":{"@type":"EntryPoint","urlTemplate":"https:\/\/www.naturparkmagazin.de\/stechlin\/?s={search_term_string}"},"query-input":"required name=search_term_string"}],"inLanguage":"de"},{"@type":"Person","@id":"https:\/\/www.naturparkmagazin.de\/stechlin\/#\/schema\/person\/3f0d93203df21c806dd63c76d9bb28bc","name":"marioschrumpf","url":"https:\/\/www.naturparkmagazin.de\/stechlin\/author\/marioschrumpf\/"}]}},"_links":{"self":[{"href":"https:\/\/www.naturparkmagazin.de\/stechlin\/wp-json\/wp\/v2\/posts\/11894"}],"collection":[{"href":"https:\/\/www.naturparkmagazin.de\/stechlin\/wp-json\/wp\/v2\/posts"}],"about":[{"href":"https:\/\/www.naturparkmagazin.de\/stechlin\/wp-json\/wp\/v2\/types\/post"}],"author":[{"embeddable":true,"href":"https:\/\/www.naturparkmagazin.de\/stechlin\/wp-json\/wp\/v2\/users\/39"}],"replies":[{"embeddable":true,"href":"https:\/\/www.naturparkmagazin.de\/stechlin\/wp-json\/wp\/v2\/comments?post=11894"}],"version-history":[{"count":8,"href":"https:\/\/www.naturparkmagazin.de\/stechlin\/wp-json\/wp\/v2\/posts\/11894\/revisions"}],"predecessor-version":[{"id":12023,"href":"https:\/\/www.naturparkmagazin.de\/stechlin\/wp-json\/wp\/v2\/posts\/11894\/revisions\/12023"}],"wp:featuredmedia":[{"embeddable":true,"href":"https:\/\/www.naturparkmagazin.de\/stechlin\/wp-json\/wp\/v2\/media\/11910"}],"wp:attachment":[{"href":"https:\/\/www.naturparkmagazin.de\/stechlin\/wp-json\/wp\/v2\/media?parent=11894"}],"wp:term":[{"taxonomy":"category","embeddable":true,"href":"https:\/\/www.naturparkmagazin.de\/stechlin\/wp-json\/wp\/v2\/categories?post=11894"},{"taxonomy":"post_tag","embeddable":true,"href":"https:\/\/www.naturparkmagazin.de\/stechlin\/wp-json\/wp\/v2\/tags?post=11894"}],"curies":[{"name":"wp","href":"https:\/\/api.w.org\/{rel}","templated":true}]}}