{"id":119,"date":"2013-08-27T14:29:40","date_gmt":"2013-08-27T12:29:40","guid":{"rendered":"http:\/\/www.naturparkmagazin.de\/stechlin\/?p=119"},"modified":"2013-08-27T14:29:40","modified_gmt":"2013-08-27T12:29:40","slug":"otter-und-biber-beobachten-uns","status":"publish","type":"post","link":"https:\/\/www.naturparkmagazin.de\/stechlin\/otter-und-biber-beobachten-uns\/","title":{"rendered":"Otter und Biber beobachten &#8211; uns"},"content":{"rendered":"<p>Samstag, 14. September<\/p>\n<p>Erleben Sie w\u00e4hrend einer Kanutour mit dem Ranger die Wildnis der Fristower Plagge. Kanus stehen zur Verf\u00fcgung. Es k\u00f6nnen auch eigene Kanus mitgebracht werden.<\/p>\n<p>Treff: Zippelsf\u00f6rde, Parlplatz vor der Forellenzucht, am &#8222;Forellentrafo&#8220;<\/p>\n<p>Dauer: 14.00 bis 19.00 Uhr, ca. 12 km<\/p>\n<p>Leitung: Karen Steinberg, Naturwacht Stechlin-Ruppiner Land, Tel.: 033933\/879521<\/p>\n<p>Anmeldeschluss: 12.9.<\/p>\n<p>Teilnehmerzahl: 7-20 Personen<\/p>\n<p>Kosten: 7,00 \u20ac\/Person f\u00fcr Kanuausleih<\/p>\n<p>&nbsp;<\/p>\n","protected":false},"excerpt":{"rendered":"<p>Samstag, 14. September Erleben Sie w\u00e4hrend einer Kanutour mit dem Ranger die Wildnis der Fristower Plagge. Kanus stehen zur Verf\u00fcgung. Es k\u00f6nnen auch eigene Kanus mitgebracht werden. Treff: Zippelsf\u00f6rde, Parlplatz vor der Forellenzucht, am &#8222;Forellentrafo&#8220; Dauer: 14.00 bis 19.00 Uhr, ca. 12 km Leitung: Karen Steinberg, Naturwacht Stechlin-Ruppiner Land, Tel.: 033933\/879521 Anmeldeschluss: 12.9. Teilnehmerzahl: 7-20<\/p>\n","protected":false},"author":39,"featured_media":120,"comment_status":"open","ping_status":"open","sticky":false,"template":"","format":"standard","meta":[],"categories":[11],"tags":[],"yoast_head":"<!-- This site is optimized with the Yoast SEO plugin v19.10 - https:\/\/yoast.com\/wordpress\/plugins\/seo\/ -->\n<title>Otter und Biber beobachten - uns - Naturpark Stechlin-Ruppiner Land<\/title>\n<meta name=\"robots\" content=\"index, follow, max-snippet:-1, max-image-preview:large, max-video-preview:-1\" \/>\n<link rel=\"canonical\" href=\"https:\/\/www.naturparkmagazin.de\/stechlin\/otter-und-biber-beobachten-uns\/\" \/>\n<meta property=\"og:locale\" content=\"de_DE\" \/>\n<meta property=\"og:type\" content=\"article\" \/>\n<meta property=\"og:title\" content=\"Otter und Biber beobachten - uns - Naturpark Stechlin-Ruppiner Land\" \/>\n<meta property=\"og:description\" content=\"Samstag, 14. September Erleben Sie w\u00e4hrend einer Kanutour mit dem Ranger die Wildnis der Fristower Plagge. Kanus stehen zur Verf\u00fcgung. Es k\u00f6nnen auch eigene Kanus mitgebracht werden. Treff: Zippelsf\u00f6rde, Parlplatz vor der Forellenzucht, am &#8222;Forellentrafo&#8220; Dauer: 14.00 bis 19.00 Uhr, ca. 12 km Leitung: Karen Steinberg, Naturwacht Stechlin-Ruppiner Land, Tel.: 033933\/879521 Anmeldeschluss: 12.9. Teilnehmerzahl: 7-20\" \/>\n<meta property=\"og:url\" content=\"https:\/\/www.naturparkmagazin.de\/stechlin\/otter-und-biber-beobachten-uns\/\" \/>\n<meta property=\"og:site_name\" content=\"Naturpark Stechlin-Ruppiner Land\" \/>\n<meta property=\"article:published_time\" content=\"2013-08-27T12:29:40+00:00\" \/>\n<meta property=\"og:image\" content=\"https:\/\/www.naturparkmagazin.de\/stechlin\/wp-content\/uploads\/sites\/38\/k-Biber_Kalend0614.jpg\" \/>\n\t<meta property=\"og:image:width\" content=\"1755\" \/>\n\t<meta property=\"og:image:height\" content=\"1241\" \/>\n\t<meta property=\"og:image:type\" content=\"image\/jpeg\" \/>\n<meta name=\"author\" content=\"marioschrumpf\" \/>\n<meta name=\"twitter:label1\" content=\"Verfasst von\" \/>\n\t<meta name=\"twitter:data1\" content=\"marioschrumpf\" \/>\n<script type=\"application\/ld+json\" class=\"yoast-schema-graph\">{\"@context\":\"https:\/\/schema.org\",\"@graph\":[{\"@type\":\"WebPage\",\"@id\":\"https:\/\/www.naturparkmagazin.de\/stechlin\/otter-und-biber-beobachten-uns\/\",\"url\":\"https:\/\/www.naturparkmagazin.de\/stechlin\/otter-und-biber-beobachten-uns\/\",\"name\":\"Otter und Biber beobachten - uns - Naturpark Stechlin-Ruppiner Land\",\"isPartOf\":{\"@id\":\"https:\/\/www.naturparkmagazin.de\/stechlin\/#website\"},\"datePublished\":\"2013-08-27T12:29:40+00:00\",\"dateModified\":\"2013-08-27T12:29:40+00:00\",\"author\":{\"@id\":\"https:\/\/www.naturparkmagazin.de\/stechlin\/#\/schema\/person\/3f0d93203df21c806dd63c76d9bb28bc\"},\"breadcrumb\":{\"@id\":\"https:\/\/www.naturparkmagazin.de\/stechlin\/otter-und-biber-beobachten-uns\/#breadcrumb\"},\"inLanguage\":\"de\",\"potentialAction\":[{\"@type\":\"ReadAction\",\"target\":[\"https:\/\/www.naturparkmagazin.de\/stechlin\/otter-und-biber-beobachten-uns\/\"]}]},{\"@type\":\"BreadcrumbList\",\"@id\":\"https:\/\/www.naturparkmagazin.de\/stechlin\/otter-und-biber-beobachten-uns\/#breadcrumb\",\"itemListElement\":[{\"@type\":\"ListItem\",\"position\":1,\"name\":\"Home\",\"item\":\"https:\/\/www.naturparkmagazin.de\/stechlin\/\"},{\"@type\":\"ListItem\",\"position\":2,\"name\":\"Otter und Biber beobachten &#8211; uns\"}]},{\"@type\":\"WebSite\",\"@id\":\"https:\/\/www.naturparkmagazin.de\/stechlin\/#website\",\"url\":\"https:\/\/www.naturparkmagazin.de\/stechlin\/\",\"name\":\"Naturpark Stechlin-Ruppiner Land\",\"description\":\"\",\"potentialAction\":[{\"@type\":\"SearchAction\",\"target\":{\"@type\":\"EntryPoint\",\"urlTemplate\":\"https:\/\/www.naturparkmagazin.de\/stechlin\/?s={search_term_string}\"},\"query-input\":\"required name=search_term_string\"}],\"inLanguage\":\"de\"},{\"@type\":\"Person\",\"@id\":\"https:\/\/www.naturparkmagazin.de\/stechlin\/#\/schema\/person\/3f0d93203df21c806dd63c76d9bb28bc\",\"name\":\"marioschrumpf\",\"url\":\"https:\/\/www.naturparkmagazin.de\/stechlin\/author\/marioschrumpf\/\"}]}<\/script>\n<!-- \/ Yoast SEO plugin. -->","yoast_head_json":{"title":"Otter und Biber beobachten - uns - Naturpark Stechlin-Ruppiner Land","robots":{"index":"index","follow":"follow","max-snippet":"max-snippet:-1","max-image-preview":"max-image-preview:large","max-video-preview":"max-video-preview:-1"},"canonical":"https:\/\/www.naturparkmagazin.de\/stechlin\/otter-und-biber-beobachten-uns\/","og_locale":"de_DE","og_type":"article","og_title":"Otter und Biber beobachten - uns - Naturpark Stechlin-Ruppiner Land","og_description":"Samstag, 14. September Erleben Sie w\u00e4hrend einer Kanutour mit dem Ranger die Wildnis der Fristower Plagge. Kanus stehen zur Verf\u00fcgung. Es k\u00f6nnen auch eigene Kanus mitgebracht werden. Treff: Zippelsf\u00f6rde, Parlplatz vor der Forellenzucht, am &#8222;Forellentrafo&#8220; Dauer: 14.00 bis 19.00 Uhr, ca. 12 km Leitung: Karen Steinberg, Naturwacht Stechlin-Ruppiner Land, Tel.: 033933\/879521 Anmeldeschluss: 12.9. Teilnehmerzahl: 7-20","og_url":"https:\/\/www.naturparkmagazin.de\/stechlin\/otter-und-biber-beobachten-uns\/","og_site_name":"Naturpark Stechlin-Ruppiner Land","article_published_time":"2013-08-27T12:29:40+00:00","og_image":[{"width":1755,"height":1241,"url":"https:\/\/www.naturparkmagazin.de\/stechlin\/wp-content\/uploads\/sites\/38\/k-Biber_Kalend0614.jpg","type":"image\/jpeg"}],"author":"marioschrumpf","twitter_misc":{"Verfasst von":"marioschrumpf"},"schema":{"@context":"https:\/\/schema.org","@graph":[{"@type":"WebPage","@id":"https:\/\/www.naturparkmagazin.de\/stechlin\/otter-und-biber-beobachten-uns\/","url":"https:\/\/www.naturparkmagazin.de\/stechlin\/otter-und-biber-beobachten-uns\/","name":"Otter und Biber beobachten - uns - Naturpark Stechlin-Ruppiner Land","isPartOf":{"@id":"https:\/\/www.naturparkmagazin.de\/stechlin\/#website"},"datePublished":"2013-08-27T12:29:40+00:00","dateModified":"2013-08-27T12:29:40+00:00","author":{"@id":"https:\/\/www.naturparkmagazin.de\/stechlin\/#\/schema\/person\/3f0d93203df21c806dd63c76d9bb28bc"},"breadcrumb":{"@id":"https:\/\/www.naturparkmagazin.de\/stechlin\/otter-und-biber-beobachten-uns\/#breadcrumb"},"inLanguage":"de","potentialAction":[{"@type":"ReadAction","target":["https:\/\/www.naturparkmagazin.de\/stechlin\/otter-und-biber-beobachten-uns\/"]}]},{"@type":"BreadcrumbList","@id":"https:\/\/www.naturparkmagazin.de\/stechlin\/otter-und-biber-beobachten-uns\/#breadcrumb","itemListElement":[{"@type":"ListItem","position":1,"name":"Home","item":"https:\/\/www.naturparkmagazin.de\/stechlin\/"},{"@type":"ListItem","position":2,"name":"Otter und Biber beobachten &#8211; uns"}]},{"@type":"WebSite","@id":"https:\/\/www.naturparkmagazin.de\/stechlin\/#website","url":"https:\/\/www.naturparkmagazin.de\/stechlin\/","name":"Naturpark Stechlin-Ruppiner Land","description":"","potentialAction":[{"@type":"SearchAction","target":{"@type":"EntryPoint","urlTemplate":"https:\/\/www.naturparkmagazin.de\/stechlin\/?s={search_term_string}"},"query-input":"required name=search_term_string"}],"inLanguage":"de"},{"@type":"Person","@id":"https:\/\/www.naturparkmagazin.de\/stechlin\/#\/schema\/person\/3f0d93203df21c806dd63c76d9bb28bc","name":"marioschrumpf","url":"https:\/\/www.naturparkmagazin.de\/stechlin\/author\/marioschrumpf\/"}]}},"_links":{"self":[{"href":"https:\/\/www.naturparkmagazin.de\/stechlin\/wp-json\/wp\/v2\/posts\/119"}],"collection":[{"href":"https:\/\/www.naturparkmagazin.de\/stechlin\/wp-json\/wp\/v2\/posts"}],"about":[{"href":"https:\/\/www.naturparkmagazin.de\/stechlin\/wp-json\/wp\/v2\/types\/post"}],"author":[{"embeddable":true,"href":"https:\/\/www.naturparkmagazin.de\/stechlin\/wp-json\/wp\/v2\/users\/39"}],"replies":[{"embeddable":true,"href":"https:\/\/www.naturparkmagazin.de\/stechlin\/wp-json\/wp\/v2\/comments?post=119"}],"version-history":[{"count":2,"href":"https:\/\/www.naturparkmagazin.de\/stechlin\/wp-json\/wp\/v2\/posts\/119\/revisions"}],"predecessor-version":[{"id":168,"href":"https:\/\/www.naturparkmagazin.de\/stechlin\/wp-json\/wp\/v2\/posts\/119\/revisions\/168"}],"wp:featuredmedia":[{"embeddable":true,"href":"https:\/\/www.naturparkmagazin.de\/stechlin\/wp-json\/wp\/v2\/media\/120"}],"wp:attachment":[{"href":"https:\/\/www.naturparkmagazin.de\/stechlin\/wp-json\/wp\/v2\/media?parent=119"}],"wp:term":[{"taxonomy":"category","embeddable":true,"href":"https:\/\/www.naturparkmagazin.de\/stechlin\/wp-json\/wp\/v2\/categories?post=119"},{"taxonomy":"post_tag","embeddable":true,"href":"https:\/\/www.naturparkmagazin.de\/stechlin\/wp-json\/wp\/v2\/tags?post=119"}],"curies":[{"name":"wp","href":"https:\/\/api.w.org\/{rel}","templated":true}]}}