{"id":11914,"date":"2022-05-16T16:00:29","date_gmt":"2022-05-16T14:00:29","guid":{"rendered":"https:\/\/www.naturparkmagazin.de\/stechlin\/?p=11914"},"modified":"2025-01-24T10:14:50","modified_gmt":"2025-01-24T09:14:50","slug":"save-the-date-26-menzer-waldfest-vom-24-26-juni","status":"publish","type":"post","link":"https:\/\/www.naturparkmagazin.de\/stechlin\/save-the-date-26-menzer-waldfest-vom-24-26-juni\/","title":{"rendered":"26. Menzer Waldfest vom 24.-26. Juni 2022"},"content":{"rendered":"<p>Nach zweij\u00e4hriger, coronabedingter Pause wird es in diesem Jahr endlich wieder ein Waldfest in Menz geben!<\/p>\n<p>Folgendes Programm ist geplant:<\/p>\n<p><span style=\"text-decoration: underline\"><strong>24. Juni, Freitag<\/strong><\/span>\n<em>Er\u00f6ffnung des Waldfestes<\/em>\n18.00 Uhr Film in der Menzer Kirche &#8222;Der alte Mann und das Moor&#8220;, anschlie\u00dfend Filmdiskussion mit Prof. Michael Succow, Vater des Nationalparkprogramms und Tr\u00e4ger des alternativen Nobelpreises! Danach Lagerfeuer mit Live-Musik und Wettrudern \u00fcber den Roofensee. Die schnellsten Boote werden pr\u00e4miert!<\/p>\n<div id=\"attachment_8631\" style=\"width: 310px\" class=\"wp-caption aligncenter\"><a href=\"https:\/\/www.naturparkmagazin.de\/stechlin\/wp-content\/uploads\/sites\/38\/Waldfest-Prominent_43.jpg\"><img aria-describedby=\"caption-attachment-8631\" decoding=\"async\" loading=\"lazy\" class=\"wp-image-8631 size-thumbnail\" src=\"https:\/\/www.naturparkmagazin.de\/stechlin\/wp-content\/uploads\/sites\/38\/Waldfest-Prominent_43-300x180.jpg\" alt=\"Carla Kniestedt im Gespr\u00e4ch mit Pfarrer Mathias Wolf, Pfarrerin Beate Wolf und Journalisten-Kollegin Liane von Billerbeck\" width=\"300\" height=\"180\" srcset=\"https:\/\/www.naturparkmagazin.de\/stechlin\/wp-content\/uploads\/sites\/38\/Waldfest-Prominent_43-300x180.jpg 300w, https:\/\/www.naturparkmagazin.de\/stechlin\/wp-content\/uploads\/sites\/38\/Waldfest-Prominent_43.jpg 500w, https:\/\/www.naturparkmagazin.de\/stechlin\/wp-content\/uploads\/sites\/38\/Waldfest-Prominent_43-200x120.jpg 200w\" sizes=\"(max-width: 300px) 100vw, 300px\" \/><\/a><p id=\"caption-attachment-8631\" class=\"wp-caption-text\">Carla Kniestedt im Gespr\u00e4ch mit Pfarrer Mathias Wolf, Pfarrerin Beate Wolf und Journalisten-Kollegin Liane von Billerbeck \u00a9 Dr. Mario Schrumpf<\/p><\/div>\n<p><span style=\"text-decoration: underline\"><strong>25. Juni, Sonnabend<\/strong><\/span>\n<em>Gro\u00dfer Waldmarkt auf dem Friedensplatz<\/em> (ab 10.00 Uhr)\nTraditionelles Handwerk mit T\u00f6pfer, Imker, Korbmacher, Holzschnitzer, Schmied, Drechsler sowie heimischen Spezialit\u00e4ten. Wildschwein am Spie\u00df, Fisch aus unseren Gew\u00e4ssern und selbstgebackenem Kuchen.\nGro\u00dfes Kinder- und Jugendprogramm mit Wald- und Angelspiel, Basteln, Malen und Raten. Menzer Triathlon \u201eIron-Menz\u201c, ganzt\u00e4gig Kulturprogramm.\nIntegriert in das B\u00fchnenprogramm wollen wir ab 11 Uhr gemeinsam 20 (+1) Jahre Naturpark Stechlin-Ruppiner Land feiern (corona-bedingt konnte die Feier im Jubil\u00e4umsjahr 2021 nicht stattfinden). Brandenburgs Umweltminister Axel Vogel hat bereits seine Teilnahme zugesagt. Weitere Ehreng\u00e4ste werden erwartet.<\/p>\n<p>Durch das Program f\u00fchren die RBB-Fernseh-Moderatoren Joanna Jambor und Attila Weidemann.<\/p>\n<div id=\"attachment_9897\" style=\"width: 310px\" class=\"wp-caption aligncenter\"><a href=\"https:\/\/www.naturparkmagazin.de\/stechlin\/wp-content\/uploads\/sites\/38\/moor-zauft.jpg\"><img aria-describedby=\"caption-attachment-9897\" decoding=\"async\" loading=\"lazy\" class=\"size-thumbnail wp-image-9897\" src=\"https:\/\/www.naturparkmagazin.de\/stechlin\/wp-content\/uploads\/sites\/38\/moor-zauft-300x180.jpg\" alt=\"Michael Zauft beschreibt bei str\u00f6mendem Regen aber geduldigen Zuh\u00f6rer*innen Wiedervern\u00e4ssungsma\u00dfnahmen von Waldmooren\" width=\"300\" height=\"180\" srcset=\"https:\/\/www.naturparkmagazin.de\/stechlin\/wp-content\/uploads\/sites\/38\/moor-zauft-300x180.jpg 300w, https:\/\/www.naturparkmagazin.de\/stechlin\/wp-content\/uploads\/sites\/38\/moor-zauft.jpg 500w, https:\/\/www.naturparkmagazin.de\/stechlin\/wp-content\/uploads\/sites\/38\/moor-zauft-200x120.jpg 200w\" sizes=\"(max-width: 300px) 100vw, 300px\" \/><\/a><p id=\"caption-attachment-9897\" class=\"wp-caption-text\">Wanderung mit dem F\u00f6rster am Sonntag<\/p><\/div>\n<p><span style=\"text-decoration: underline\"><strong>26. Juni Sonntag<\/strong><\/span>\n10.00 Uhr <em>Waldandacht<\/em> auf dem Wallberg mit Pfarrer Mathias Wolf\nAnschlie\u00dfend <em>Wanderung<\/em> mit dem F\u00f6rster und <em>Radtour<\/em> mit Joachim Zillmann vom Dorfverein Menz.\n16.00 Uhr <em>Konzert<\/em> in der Menzer Kirche zum Abschluss<\/p>\n","protected":false},"excerpt":{"rendered":"<p>Nach zweij\u00e4hriger, coronabedingter Pause wird es vom 24.-26.5. in diesem Jahr endlich wieder ein Waldfest in Menz geben!<\/p>\n","protected":false},"author":39,"featured_media":7237,"comment_status":"open","ping_status":"open","sticky":false,"template":"","format":"standard","meta":[],"categories":[11],"tags":[],"yoast_head":"<!-- This site is optimized with the Yoast SEO plugin v19.10 - https:\/\/yoast.com\/wordpress\/plugins\/seo\/ -->\n<title>26. Menzer Waldfest vom 24.-26. Juni 2022 - Naturpark Stechlin-Ruppiner Land<\/title>\n<meta name=\"robots\" content=\"index, follow, max-snippet:-1, max-image-preview:large, max-video-preview:-1\" \/>\n<link rel=\"canonical\" href=\"https:\/\/www.naturparkmagazin.de\/stechlin\/save-the-date-26-menzer-waldfest-vom-24-26-juni\/\" \/>\n<meta property=\"og:locale\" content=\"de_DE\" \/>\n<meta property=\"og:type\" content=\"article\" \/>\n<meta property=\"og:title\" content=\"26. Menzer Waldfest vom 24.-26. Juni 2022 - Naturpark Stechlin-Ruppiner Land\" \/>\n<meta property=\"og:description\" content=\"Nach zweij\u00e4hriger, coronabedingter Pause wird es vom 24.-26.5. in diesem Jahr endlich wieder ein Waldfest in Menz geben!\" \/>\n<meta property=\"og:url\" content=\"https:\/\/www.naturparkmagazin.de\/stechlin\/save-the-date-26-menzer-waldfest-vom-24-26-juni\/\" \/>\n<meta property=\"og:site_name\" content=\"Naturpark Stechlin-Ruppiner Land\" \/>\n<meta property=\"article:published_time\" content=\"2022-05-16T14:00:29+00:00\" \/>\n<meta property=\"article:modified_time\" content=\"2025-01-24T09:14:50+00:00\" \/>\n<meta property=\"og:image\" content=\"https:\/\/www.naturparkmagazin.de\/stechlin\/wp-content\/uploads\/sites\/38\/Waldfest-2018_42.jpg\" \/>\n\t<meta property=\"og:image:width\" content=\"200\" \/>\n\t<meta property=\"og:image:height\" content=\"200\" \/>\n\t<meta property=\"og:image:type\" content=\"image\/jpeg\" \/>\n<meta name=\"author\" content=\"marioschrumpf\" \/>\n<meta name=\"twitter:label1\" content=\"Verfasst von\" \/>\n\t<meta name=\"twitter:data1\" content=\"marioschrumpf\" \/>\n\t<meta name=\"twitter:label2\" content=\"Gesch\u00e4tzte Lesezeit\" \/>\n\t<meta name=\"twitter:data2\" content=\"2\u00a0Minuten\" \/>\n<script type=\"application\/ld+json\" class=\"yoast-schema-graph\">{\"@context\":\"https:\/\/schema.org\",\"@graph\":[{\"@type\":\"WebPage\",\"@id\":\"https:\/\/www.naturparkmagazin.de\/stechlin\/save-the-date-26-menzer-waldfest-vom-24-26-juni\/\",\"url\":\"https:\/\/www.naturparkmagazin.de\/stechlin\/save-the-date-26-menzer-waldfest-vom-24-26-juni\/\",\"name\":\"26. Menzer Waldfest vom 24.-26. Juni 2022 - Naturpark Stechlin-Ruppiner Land\",\"isPartOf\":{\"@id\":\"https:\/\/www.naturparkmagazin.de\/stechlin\/#website\"},\"datePublished\":\"2022-05-16T14:00:29+00:00\",\"dateModified\":\"2025-01-24T09:14:50+00:00\",\"author\":{\"@id\":\"https:\/\/www.naturparkmagazin.de\/stechlin\/#\/schema\/person\/3f0d93203df21c806dd63c76d9bb28bc\"},\"breadcrumb\":{\"@id\":\"https:\/\/www.naturparkmagazin.de\/stechlin\/save-the-date-26-menzer-waldfest-vom-24-26-juni\/#breadcrumb\"},\"inLanguage\":\"de\",\"potentialAction\":[{\"@type\":\"ReadAction\",\"target\":[\"https:\/\/www.naturparkmagazin.de\/stechlin\/save-the-date-26-menzer-waldfest-vom-24-26-juni\/\"]}]},{\"@type\":\"BreadcrumbList\",\"@id\":\"https:\/\/www.naturparkmagazin.de\/stechlin\/save-the-date-26-menzer-waldfest-vom-24-26-juni\/#breadcrumb\",\"itemListElement\":[{\"@type\":\"ListItem\",\"position\":1,\"name\":\"Home\",\"item\":\"https:\/\/www.naturparkmagazin.de\/stechlin\/\"},{\"@type\":\"ListItem\",\"position\":2,\"name\":\"26. Menzer Waldfest vom 24.-26. Juni 2022\"}]},{\"@type\":\"WebSite\",\"@id\":\"https:\/\/www.naturparkmagazin.de\/stechlin\/#website\",\"url\":\"https:\/\/www.naturparkmagazin.de\/stechlin\/\",\"name\":\"Naturpark Stechlin-Ruppiner Land\",\"description\":\"\",\"potentialAction\":[{\"@type\":\"SearchAction\",\"target\":{\"@type\":\"EntryPoint\",\"urlTemplate\":\"https:\/\/www.naturparkmagazin.de\/stechlin\/?s={search_term_string}\"},\"query-input\":\"required name=search_term_string\"}],\"inLanguage\":\"de\"},{\"@type\":\"Person\",\"@id\":\"https:\/\/www.naturparkmagazin.de\/stechlin\/#\/schema\/person\/3f0d93203df21c806dd63c76d9bb28bc\",\"name\":\"marioschrumpf\",\"url\":\"https:\/\/www.naturparkmagazin.de\/stechlin\/author\/marioschrumpf\/\"}]}<\/script>\n<!-- \/ Yoast SEO plugin. -->","yoast_head_json":{"title":"26. Menzer Waldfest vom 24.-26. Juni 2022 - Naturpark Stechlin-Ruppiner Land","robots":{"index":"index","follow":"follow","max-snippet":"max-snippet:-1","max-image-preview":"max-image-preview:large","max-video-preview":"max-video-preview:-1"},"canonical":"https:\/\/www.naturparkmagazin.de\/stechlin\/save-the-date-26-menzer-waldfest-vom-24-26-juni\/","og_locale":"de_DE","og_type":"article","og_title":"26. Menzer Waldfest vom 24.-26. Juni 2022 - Naturpark Stechlin-Ruppiner Land","og_description":"Nach zweij\u00e4hriger, coronabedingter Pause wird es vom 24.-26.5. in diesem Jahr endlich wieder ein Waldfest in Menz geben!","og_url":"https:\/\/www.naturparkmagazin.de\/stechlin\/save-the-date-26-menzer-waldfest-vom-24-26-juni\/","og_site_name":"Naturpark Stechlin-Ruppiner Land","article_published_time":"2022-05-16T14:00:29+00:00","article_modified_time":"2025-01-24T09:14:50+00:00","og_image":[{"width":200,"height":200,"url":"https:\/\/www.naturparkmagazin.de\/stechlin\/wp-content\/uploads\/sites\/38\/Waldfest-2018_42.jpg","type":"image\/jpeg"}],"author":"marioschrumpf","twitter_misc":{"Verfasst von":"marioschrumpf","Gesch\u00e4tzte Lesezeit":"2\u00a0Minuten"},"schema":{"@context":"https:\/\/schema.org","@graph":[{"@type":"WebPage","@id":"https:\/\/www.naturparkmagazin.de\/stechlin\/save-the-date-26-menzer-waldfest-vom-24-26-juni\/","url":"https:\/\/www.naturparkmagazin.de\/stechlin\/save-the-date-26-menzer-waldfest-vom-24-26-juni\/","name":"26. Menzer Waldfest vom 24.-26. Juni 2022 - Naturpark Stechlin-Ruppiner Land","isPartOf":{"@id":"https:\/\/www.naturparkmagazin.de\/stechlin\/#website"},"datePublished":"2022-05-16T14:00:29+00:00","dateModified":"2025-01-24T09:14:50+00:00","author":{"@id":"https:\/\/www.naturparkmagazin.de\/stechlin\/#\/schema\/person\/3f0d93203df21c806dd63c76d9bb28bc"},"breadcrumb":{"@id":"https:\/\/www.naturparkmagazin.de\/stechlin\/save-the-date-26-menzer-waldfest-vom-24-26-juni\/#breadcrumb"},"inLanguage":"de","potentialAction":[{"@type":"ReadAction","target":["https:\/\/www.naturparkmagazin.de\/stechlin\/save-the-date-26-menzer-waldfest-vom-24-26-juni\/"]}]},{"@type":"BreadcrumbList","@id":"https:\/\/www.naturparkmagazin.de\/stechlin\/save-the-date-26-menzer-waldfest-vom-24-26-juni\/#breadcrumb","itemListElement":[{"@type":"ListItem","position":1,"name":"Home","item":"https:\/\/www.naturparkmagazin.de\/stechlin\/"},{"@type":"ListItem","position":2,"name":"26. Menzer Waldfest vom 24.-26. Juni 2022"}]},{"@type":"WebSite","@id":"https:\/\/www.naturparkmagazin.de\/stechlin\/#website","url":"https:\/\/www.naturparkmagazin.de\/stechlin\/","name":"Naturpark Stechlin-Ruppiner Land","description":"","potentialAction":[{"@type":"SearchAction","target":{"@type":"EntryPoint","urlTemplate":"https:\/\/www.naturparkmagazin.de\/stechlin\/?s={search_term_string}"},"query-input":"required name=search_term_string"}],"inLanguage":"de"},{"@type":"Person","@id":"https:\/\/www.naturparkmagazin.de\/stechlin\/#\/schema\/person\/3f0d93203df21c806dd63c76d9bb28bc","name":"marioschrumpf","url":"https:\/\/www.naturparkmagazin.de\/stechlin\/author\/marioschrumpf\/"}]}},"_links":{"self":[{"href":"https:\/\/www.naturparkmagazin.de\/stechlin\/wp-json\/wp\/v2\/posts\/11914"}],"collection":[{"href":"https:\/\/www.naturparkmagazin.de\/stechlin\/wp-json\/wp\/v2\/posts"}],"about":[{"href":"https:\/\/www.naturparkmagazin.de\/stechlin\/wp-json\/wp\/v2\/types\/post"}],"author":[{"embeddable":true,"href":"https:\/\/www.naturparkmagazin.de\/stechlin\/wp-json\/wp\/v2\/users\/39"}],"replies":[{"embeddable":true,"href":"https:\/\/www.naturparkmagazin.de\/stechlin\/wp-json\/wp\/v2\/comments?post=11914"}],"version-history":[{"count":10,"href":"https:\/\/www.naturparkmagazin.de\/stechlin\/wp-json\/wp\/v2\/posts\/11914\/revisions"}],"predecessor-version":[{"id":16597,"href":"https:\/\/www.naturparkmagazin.de\/stechlin\/wp-json\/wp\/v2\/posts\/11914\/revisions\/16597"}],"wp:featuredmedia":[{"embeddable":true,"href":"https:\/\/www.naturparkmagazin.de\/stechlin\/wp-json\/wp\/v2\/media\/7237"}],"wp:attachment":[{"href":"https:\/\/www.naturparkmagazin.de\/stechlin\/wp-json\/wp\/v2\/media?parent=11914"}],"wp:term":[{"taxonomy":"category","embeddable":true,"href":"https:\/\/www.naturparkmagazin.de\/stechlin\/wp-json\/wp\/v2\/categories?post=11914"},{"taxonomy":"post_tag","embeddable":true,"href":"https:\/\/www.naturparkmagazin.de\/stechlin\/wp-json\/wp\/v2\/tags?post=11914"}],"curies":[{"name":"wp","href":"https:\/\/api.w.org\/{rel}","templated":true}]}}