{"id":12067,"date":"2022-06-16T16:00:17","date_gmt":"2022-06-16T14:00:17","guid":{"rendered":"https:\/\/www.naturparkmagazin.de\/stechlin\/?p=12067"},"modified":"2022-06-22T18:30:27","modified_gmt":"2022-06-22T16:30:27","slug":"weiterbildung-von-natur-und-landschaftsfuehrerinnen-im-naturpark-stechlin-ruppiner-land","status":"publish","type":"post","link":"https:\/\/www.naturparkmagazin.de\/stechlin\/weiterbildung-von-natur-und-landschaftsfuehrerinnen-im-naturpark-stechlin-ruppiner-land\/","title":{"rendered":"Weiterbildung der Natur- und Landschaftsf\u00fchrer*innen in Katerbow"},"content":{"rendered":"<p>Im Fr\u00fchjahr trafen sich die Natur- und Landschaftsf\u00fcher*innen zu Ihrer j\u00e4hrlichen Weiterbildungsveranstaltung in der <a href=\"https:\/\/www.luisenhof-katerbow.de\/\" target=\"_blank\">\u00d6lm\u00fchle Katerbow<\/a>.\nNach einer langen pandemiebedingten Unterbrechung standen viele Themen und Fragen zur Besprechung sowie zum Austausch auf der Agenda, z.B. zur Naturparkerweiterung.\nDanach gab es eine F\u00fchrung mit Anke Stamer durch die \u00d6lm\u00fchle. Sehr eindrucksvoll erl\u00e4uterte sie alle einzelnen Produktionsschritte.\nNach einem Imbiss f\u00fchrte Naturparkleiter Dr. Mario Schrumpf im Rahmen einer Exkursion und Besichtigung alle zum Gallberg als Mittelpunkt des Landkreises Ostprignitz-Ruppin.<\/p>\n<div id=\"attachment_12151\" style=\"width: 310px\" class=\"wp-caption aligncenter\"><a href=\"https:\/\/www.naturparkmagazin.de\/stechlin\/wp-content\/uploads\/sites\/38\/20220427_135919.jpg\"><img aria-describedby=\"caption-attachment-12151\" decoding=\"async\" loading=\"lazy\" class=\"size-thumbnail wp-image-12151\" src=\"https:\/\/www.naturparkmagazin.de\/stechlin\/wp-content\/uploads\/sites\/38\/20220427_135919-300x180.jpg\" alt=\"Rund 100 Meter \u00f6stlich des Mittelpunktes des Landkreises OPR findet sich am neu erschlossenen Verbidnungsweg zwische Katerbow und Netzeband neben einer Geh\u00f6lzpflanzung auch ein kleiner Platz zum Rasten und Informationen sammeln. \u00a9 Olaf Wolff\" width=\"300\" height=\"180\" srcset=\"https:\/\/www.naturparkmagazin.de\/stechlin\/wp-content\/uploads\/sites\/38\/20220427_135919-300x180.jpg 300w, https:\/\/www.naturparkmagazin.de\/stechlin\/wp-content\/uploads\/sites\/38\/20220427_135919.jpg 500w, https:\/\/www.naturparkmagazin.de\/stechlin\/wp-content\/uploads\/sites\/38\/20220427_135919-200x120.jpg 200w\" sizes=\"(max-width: 300px) 100vw, 300px\" \/><\/a><p id=\"caption-attachment-12151\" class=\"wp-caption-text\">Rund 100 Meter \u00f6stlich des Mittelpunktes des Landkreises OPR findet sich am neu erschlossenen Verbindungsweg zwische Katerbow und Netzeband neben einer Geh\u00f6lzpflanzung auch ein kleiner Platz zum Rasten und Informationen sammeln.\u00a9 Olaf Wolff<\/p><\/div>\n<p>Dort unterst\u00fctzt der Naturpark die Gemeinde durch Bereitstellung von Material zur Bepflanzung des wiederentstandenen Weges (Obsthochst\u00e4mme, Heckenpflanzen) und fachliche Anleitung durch den Landschaftspflegeverband.<\/p>\n<div id=\"attachment_12150\" style=\"width: 310px\" class=\"wp-caption aligncenter\"><a href=\"https:\/\/www.naturparkmagazin.de\/stechlin\/wp-content\/uploads\/sites\/38\/20220427_134849.jpg\"><img aria-describedby=\"caption-attachment-12150\" decoding=\"async\" loading=\"lazy\" class=\"size-thumbnail wp-image-12150\" src=\"https:\/\/www.naturparkmagazin.de\/stechlin\/wp-content\/uploads\/sites\/38\/20220427_134849-300x180.jpg\" alt=\"Dr. Mario Schrumpf zeigt das in Zusammenarbeit zwischen Naturpark, LPV und Kommune entstandene Heckenprojekt am Weg zwischen Katerbow und Netzeband. \u00a9 Olaf Wolff\" width=\"300\" height=\"180\" srcset=\"https:\/\/www.naturparkmagazin.de\/stechlin\/wp-content\/uploads\/sites\/38\/20220427_134849-300x180.jpg 300w, https:\/\/www.naturparkmagazin.de\/stechlin\/wp-content\/uploads\/sites\/38\/20220427_134849.jpg 500w, https:\/\/www.naturparkmagazin.de\/stechlin\/wp-content\/uploads\/sites\/38\/20220427_134849-200x120.jpg 200w\" sizes=\"(max-width: 300px) 100vw, 300px\" \/><\/a><p id=\"caption-attachment-12150\" class=\"wp-caption-text\">Dr. Mario Schrumpf zeigt das in Zusammenarbeit zwischen Naturpark, LPV und Kommune entstandene Heckenprojekt am Weg zwischen Katerbow und Netzeband.\u00a9 Olaf Wolff<\/p><\/div>\n<p>Der Weg ist ein wichtiges Verbundelement zur Erschlie\u00dfung der Kyritz-Ruppiner Heide f\u00fcr Wanderer und Radfahrer vom Bahnhof Netzeband (Prignitz-Express) aus.\nZur\u00fcck in Katerbow informierte Natur- und Landschaftsf\u00fchrer Olaf Wolff zum neu errichteten Wegweisersystems am Rundwanderweg Katerbower See.\nIm Zeitraum vom 01.01. \u2013 31.12.2021 wurde hier ein Projekt zur Gewinnung, Integration und Anerkennung von ehrenamtlichem Engagement nachhaltiger\nWegebetreuung aus KLI-Mitteln (Kleine lokale Initiativen <a href=\"https:\/\/www.lag-opr.de\/index.php\/projekte-und-foerderung\/kli\">https:\/\/www.lag-opr.de\/index.php\/projekte-und-foerderung\/kli<\/a>) gef\u00f6rdert. Im Rahmen eines ganzheitlichen Musterprojektes wurden durch Olaf Wolff und vielen Ehrenamtlichen nicht nur die Wegweiser und Markierungen entlang des Wanderweges erneuert, sondern Wegepaten an die Grundlagen, Herausforderungen und Notwendigkeiten einer nachhaltigen Pflege und Betreuung von Wanderwegen herangef\u00fchrt, informiert und f\u00fcr eine zuk\u00fcnftige ehrenamtliche Beteiligung qualifiziert.<\/p>\n","protected":false},"excerpt":{"rendered":"<p>Am Mittwoch, dem 27.04.2022 trafen sich die Natur- und Landschaftsf\u00fcher*innen zu Ihrer j\u00e4hrlichen Weiterbildungsveranstaltung in der \u00d6lm\u00fchle Katerbow.<\/p>\n","protected":false},"author":39,"featured_media":12152,"comment_status":"open","ping_status":"open","sticky":false,"template":"","format":"standard","meta":[],"categories":[7],"tags":[],"yoast_head":"<!-- This site is optimized with the Yoast SEO plugin v19.10 - https:\/\/yoast.com\/wordpress\/plugins\/seo\/ -->\n<title>Weiterbildung der Natur- und Landschaftsf\u00fchrer*innen in Katerbow - Naturpark Stechlin-Ruppiner Land<\/title>\n<meta name=\"robots\" content=\"index, follow, max-snippet:-1, max-image-preview:large, max-video-preview:-1\" \/>\n<link rel=\"canonical\" href=\"https:\/\/www.naturparkmagazin.de\/stechlin\/weiterbildung-von-natur-und-landschaftsfuehrerinnen-im-naturpark-stechlin-ruppiner-land\/\" \/>\n<meta property=\"og:locale\" content=\"de_DE\" \/>\n<meta property=\"og:type\" content=\"article\" \/>\n<meta property=\"og:title\" content=\"Weiterbildung der Natur- und Landschaftsf\u00fchrer*innen in Katerbow - Naturpark Stechlin-Ruppiner Land\" \/>\n<meta property=\"og:description\" content=\"Am Mittwoch, dem 27.04.2022 trafen sich die Natur- und Landschaftsf\u00fcher*innen zu Ihrer j\u00e4hrlichen Weiterbildungsveranstaltung in der \u00d6lm\u00fchle Katerbow.\" \/>\n<meta property=\"og:url\" content=\"https:\/\/www.naturparkmagazin.de\/stechlin\/weiterbildung-von-natur-und-landschaftsfuehrerinnen-im-naturpark-stechlin-ruppiner-land\/\" \/>\n<meta property=\"og:site_name\" content=\"Naturpark Stechlin-Ruppiner Land\" \/>\n<meta property=\"article:published_time\" content=\"2022-06-16T14:00:17+00:00\" \/>\n<meta property=\"article:modified_time\" content=\"2022-06-22T16:30:27+00:00\" \/>\n<meta property=\"og:image\" content=\"https:\/\/www.naturparkmagazin.de\/stechlin\/wp-content\/uploads\/sites\/38\/20220427_135919_a.jpg\" \/>\n\t<meta property=\"og:image:width\" content=\"200\" \/>\n\t<meta property=\"og:image:height\" content=\"200\" \/>\n\t<meta property=\"og:image:type\" content=\"image\/jpeg\" \/>\n<meta name=\"author\" content=\"marioschrumpf\" \/>\n<meta name=\"twitter:label1\" content=\"Verfasst von\" \/>\n\t<meta name=\"twitter:data1\" content=\"marioschrumpf\" \/>\n\t<meta name=\"twitter:label2\" content=\"Gesch\u00e4tzte Lesezeit\" \/>\n\t<meta name=\"twitter:data2\" content=\"2\u00a0Minuten\" \/>\n<script type=\"application\/ld+json\" class=\"yoast-schema-graph\">{\"@context\":\"https:\/\/schema.org\",\"@graph\":[{\"@type\":\"WebPage\",\"@id\":\"https:\/\/www.naturparkmagazin.de\/stechlin\/weiterbildung-von-natur-und-landschaftsfuehrerinnen-im-naturpark-stechlin-ruppiner-land\/\",\"url\":\"https:\/\/www.naturparkmagazin.de\/stechlin\/weiterbildung-von-natur-und-landschaftsfuehrerinnen-im-naturpark-stechlin-ruppiner-land\/\",\"name\":\"Weiterbildung der Natur- und Landschaftsf\u00fchrer*innen in Katerbow - Naturpark Stechlin-Ruppiner Land\",\"isPartOf\":{\"@id\":\"https:\/\/www.naturparkmagazin.de\/stechlin\/#website\"},\"datePublished\":\"2022-06-16T14:00:17+00:00\",\"dateModified\":\"2022-06-22T16:30:27+00:00\",\"author\":{\"@id\":\"https:\/\/www.naturparkmagazin.de\/stechlin\/#\/schema\/person\/3f0d93203df21c806dd63c76d9bb28bc\"},\"breadcrumb\":{\"@id\":\"https:\/\/www.naturparkmagazin.de\/stechlin\/weiterbildung-von-natur-und-landschaftsfuehrerinnen-im-naturpark-stechlin-ruppiner-land\/#breadcrumb\"},\"inLanguage\":\"de\",\"potentialAction\":[{\"@type\":\"ReadAction\",\"target\":[\"https:\/\/www.naturparkmagazin.de\/stechlin\/weiterbildung-von-natur-und-landschaftsfuehrerinnen-im-naturpark-stechlin-ruppiner-land\/\"]}]},{\"@type\":\"BreadcrumbList\",\"@id\":\"https:\/\/www.naturparkmagazin.de\/stechlin\/weiterbildung-von-natur-und-landschaftsfuehrerinnen-im-naturpark-stechlin-ruppiner-land\/#breadcrumb\",\"itemListElement\":[{\"@type\":\"ListItem\",\"position\":1,\"name\":\"Home\",\"item\":\"https:\/\/www.naturparkmagazin.de\/stechlin\/\"},{\"@type\":\"ListItem\",\"position\":2,\"name\":\"Weiterbildung der Natur- und Landschaftsf\u00fchrer*innen in Katerbow\"}]},{\"@type\":\"WebSite\",\"@id\":\"https:\/\/www.naturparkmagazin.de\/stechlin\/#website\",\"url\":\"https:\/\/www.naturparkmagazin.de\/stechlin\/\",\"name\":\"Naturpark Stechlin-Ruppiner Land\",\"description\":\"\",\"potentialAction\":[{\"@type\":\"SearchAction\",\"target\":{\"@type\":\"EntryPoint\",\"urlTemplate\":\"https:\/\/www.naturparkmagazin.de\/stechlin\/?s={search_term_string}\"},\"query-input\":\"required name=search_term_string\"}],\"inLanguage\":\"de\"},{\"@type\":\"Person\",\"@id\":\"https:\/\/www.naturparkmagazin.de\/stechlin\/#\/schema\/person\/3f0d93203df21c806dd63c76d9bb28bc\",\"name\":\"marioschrumpf\",\"url\":\"https:\/\/www.naturparkmagazin.de\/stechlin\/author\/marioschrumpf\/\"}]}<\/script>\n<!-- \/ Yoast SEO plugin. -->","yoast_head_json":{"title":"Weiterbildung der Natur- und Landschaftsf\u00fchrer*innen in Katerbow - Naturpark Stechlin-Ruppiner Land","robots":{"index":"index","follow":"follow","max-snippet":"max-snippet:-1","max-image-preview":"max-image-preview:large","max-video-preview":"max-video-preview:-1"},"canonical":"https:\/\/www.naturparkmagazin.de\/stechlin\/weiterbildung-von-natur-und-landschaftsfuehrerinnen-im-naturpark-stechlin-ruppiner-land\/","og_locale":"de_DE","og_type":"article","og_title":"Weiterbildung der Natur- und Landschaftsf\u00fchrer*innen in Katerbow - Naturpark Stechlin-Ruppiner Land","og_description":"Am Mittwoch, dem 27.04.2022 trafen sich die Natur- und Landschaftsf\u00fcher*innen zu Ihrer j\u00e4hrlichen Weiterbildungsveranstaltung in der \u00d6lm\u00fchle Katerbow.","og_url":"https:\/\/www.naturparkmagazin.de\/stechlin\/weiterbildung-von-natur-und-landschaftsfuehrerinnen-im-naturpark-stechlin-ruppiner-land\/","og_site_name":"Naturpark Stechlin-Ruppiner Land","article_published_time":"2022-06-16T14:00:17+00:00","article_modified_time":"2022-06-22T16:30:27+00:00","og_image":[{"width":200,"height":200,"url":"https:\/\/www.naturparkmagazin.de\/stechlin\/wp-content\/uploads\/sites\/38\/20220427_135919_a.jpg","type":"image\/jpeg"}],"author":"marioschrumpf","twitter_misc":{"Verfasst von":"marioschrumpf","Gesch\u00e4tzte Lesezeit":"2\u00a0Minuten"},"schema":{"@context":"https:\/\/schema.org","@graph":[{"@type":"WebPage","@id":"https:\/\/www.naturparkmagazin.de\/stechlin\/weiterbildung-von-natur-und-landschaftsfuehrerinnen-im-naturpark-stechlin-ruppiner-land\/","url":"https:\/\/www.naturparkmagazin.de\/stechlin\/weiterbildung-von-natur-und-landschaftsfuehrerinnen-im-naturpark-stechlin-ruppiner-land\/","name":"Weiterbildung der Natur- und Landschaftsf\u00fchrer*innen in Katerbow - Naturpark Stechlin-Ruppiner Land","isPartOf":{"@id":"https:\/\/www.naturparkmagazin.de\/stechlin\/#website"},"datePublished":"2022-06-16T14:00:17+00:00","dateModified":"2022-06-22T16:30:27+00:00","author":{"@id":"https:\/\/www.naturparkmagazin.de\/stechlin\/#\/schema\/person\/3f0d93203df21c806dd63c76d9bb28bc"},"breadcrumb":{"@id":"https:\/\/www.naturparkmagazin.de\/stechlin\/weiterbildung-von-natur-und-landschaftsfuehrerinnen-im-naturpark-stechlin-ruppiner-land\/#breadcrumb"},"inLanguage":"de","potentialAction":[{"@type":"ReadAction","target":["https:\/\/www.naturparkmagazin.de\/stechlin\/weiterbildung-von-natur-und-landschaftsfuehrerinnen-im-naturpark-stechlin-ruppiner-land\/"]}]},{"@type":"BreadcrumbList","@id":"https:\/\/www.naturparkmagazin.de\/stechlin\/weiterbildung-von-natur-und-landschaftsfuehrerinnen-im-naturpark-stechlin-ruppiner-land\/#breadcrumb","itemListElement":[{"@type":"ListItem","position":1,"name":"Home","item":"https:\/\/www.naturparkmagazin.de\/stechlin\/"},{"@type":"ListItem","position":2,"name":"Weiterbildung der Natur- und Landschaftsf\u00fchrer*innen in Katerbow"}]},{"@type":"WebSite","@id":"https:\/\/www.naturparkmagazin.de\/stechlin\/#website","url":"https:\/\/www.naturparkmagazin.de\/stechlin\/","name":"Naturpark Stechlin-Ruppiner Land","description":"","potentialAction":[{"@type":"SearchAction","target":{"@type":"EntryPoint","urlTemplate":"https:\/\/www.naturparkmagazin.de\/stechlin\/?s={search_term_string}"},"query-input":"required name=search_term_string"}],"inLanguage":"de"},{"@type":"Person","@id":"https:\/\/www.naturparkmagazin.de\/stechlin\/#\/schema\/person\/3f0d93203df21c806dd63c76d9bb28bc","name":"marioschrumpf","url":"https:\/\/www.naturparkmagazin.de\/stechlin\/author\/marioschrumpf\/"}]}},"_links":{"self":[{"href":"https:\/\/www.naturparkmagazin.de\/stechlin\/wp-json\/wp\/v2\/posts\/12067"}],"collection":[{"href":"https:\/\/www.naturparkmagazin.de\/stechlin\/wp-json\/wp\/v2\/posts"}],"about":[{"href":"https:\/\/www.naturparkmagazin.de\/stechlin\/wp-json\/wp\/v2\/types\/post"}],"author":[{"embeddable":true,"href":"https:\/\/www.naturparkmagazin.de\/stechlin\/wp-json\/wp\/v2\/users\/39"}],"replies":[{"embeddable":true,"href":"https:\/\/www.naturparkmagazin.de\/stechlin\/wp-json\/wp\/v2\/comments?post=12067"}],"version-history":[{"count":6,"href":"https:\/\/www.naturparkmagazin.de\/stechlin\/wp-json\/wp\/v2\/posts\/12067\/revisions"}],"predecessor-version":[{"id":12287,"href":"https:\/\/www.naturparkmagazin.de\/stechlin\/wp-json\/wp\/v2\/posts\/12067\/revisions\/12287"}],"wp:featuredmedia":[{"embeddable":true,"href":"https:\/\/www.naturparkmagazin.de\/stechlin\/wp-json\/wp\/v2\/media\/12152"}],"wp:attachment":[{"href":"https:\/\/www.naturparkmagazin.de\/stechlin\/wp-json\/wp\/v2\/media?parent=12067"}],"wp:term":[{"taxonomy":"category","embeddable":true,"href":"https:\/\/www.naturparkmagazin.de\/stechlin\/wp-json\/wp\/v2\/categories?post=12067"},{"taxonomy":"post_tag","embeddable":true,"href":"https:\/\/www.naturparkmagazin.de\/stechlin\/wp-json\/wp\/v2\/tags?post=12067"}],"curies":[{"name":"wp","href":"https:\/\/api.w.org\/{rel}","templated":true}]}}