{"id":12073,"date":"2022-05-16T16:00:35","date_gmt":"2022-05-16T14:00:35","guid":{"rendered":"https:\/\/www.naturparkmagazin.de\/stechlin\/?p=12073"},"modified":"2025-04-25T08:37:06","modified_gmt":"2025-04-25T06:37:06","slug":"tomatenpflanzenboerse-nach-2-jaehriger-pause-wieder-voller-erfolg","status":"publish","type":"post","link":"https:\/\/www.naturparkmagazin.de\/stechlin\/tomatenpflanzenboerse-nach-2-jaehriger-pause-wieder-voller-erfolg\/","title":{"rendered":"Tomatenpflanzenb\u00f6rse war nach 2-j\u00e4hriger Pause wieder ein voller Erfolg! (2022)"},"content":{"rendered":"<p>Am 6. Mai fand nach 2-j\u00e4hriger, coronabedingter Pause wieder eine Tomatenpflanzenb\u00f6rse im Hof des NaturParkHauses Stechlin in Menz statt.<\/p>\n<div id=\"attachment_12145\" style=\"width: 310px\" class=\"wp-caption aligncenter\"><a href=\"https:\/\/www.naturparkmagazin.de\/stechlin\/wp-content\/uploads\/sites\/38\/DSC_0182.jpg\"><img aria-describedby=\"caption-attachment-12145\" decoding=\"async\" loading=\"lazy\" class=\"size-thumbnail wp-image-12145\" src=\"https:\/\/www.naturparkmagazin.de\/stechlin\/wp-content\/uploads\/sites\/38\/DSC_0182-300x180.jpg\" alt=\"Gut 250 Pflanzen vom VERN e.V. standen wieder zum Verkauf und waren schnell vergriffen. \u00a9 Susanne Bartel\" width=\"300\" height=\"180\" srcset=\"https:\/\/www.naturparkmagazin.de\/stechlin\/wp-content\/uploads\/sites\/38\/DSC_0182-300x180.jpg 300w, https:\/\/www.naturparkmagazin.de\/stechlin\/wp-content\/uploads\/sites\/38\/DSC_0182.jpg 500w, https:\/\/www.naturparkmagazin.de\/stechlin\/wp-content\/uploads\/sites\/38\/DSC_0182-200x120.jpg 200w\" sizes=\"(max-width: 300px) 100vw, 300px\" \/><\/a><p id=\"caption-attachment-12145\" class=\"wp-caption-text\">Gut 250 Pflanzen vom VERN e.V. standen wieder zum Verkauf und waren schnell vergriffen.\u00a9 Susanne Bartel<\/p><\/div>\n<p>Der <a href=\"https:\/\/vern.de\/\" target=\"_blank\" rel=\"noopener\">Verein zur Erhaltung und Rekultivierung von Nutzpflanzen, kurz VERN e.V.<\/a> aus Greiffenberg in der Uckermark hatte etwa 250 Pflanzen, davon etwa 200 Tomatenpflanzen unterschiedlichster Sorten mitgebracht. Wie 3 Jahre zuvor war das Interesse riesig und die Pflanzen in k\u00fcrzester Zeit unter die Leute gebracht.<\/p>\n<div id=\"attachment_12144\" style=\"width: 310px\" class=\"wp-caption aligncenter\"><a href=\"https:\/\/www.naturparkmagazin.de\/stechlin\/wp-content\/uploads\/sites\/38\/DSC_0179.jpg\"><img aria-describedby=\"caption-attachment-12144\" decoding=\"async\" loading=\"lazy\" class=\"size-thumbnail wp-image-12144\" src=\"https:\/\/www.naturparkmagazin.de\/stechlin\/wp-content\/uploads\/sites\/38\/DSC_0179-300x180.jpg\" alt=\"Der Andrang war gro\u00df. \u00a9 Susanne Bartel\" width=\"300\" height=\"180\" srcset=\"https:\/\/www.naturparkmagazin.de\/stechlin\/wp-content\/uploads\/sites\/38\/DSC_0179-300x180.jpg 300w, https:\/\/www.naturparkmagazin.de\/stechlin\/wp-content\/uploads\/sites\/38\/DSC_0179.jpg 500w, https:\/\/www.naturparkmagazin.de\/stechlin\/wp-content\/uploads\/sites\/38\/DSC_0179-200x120.jpg 200w\" sizes=\"(max-width: 300px) 100vw, 300px\" \/><\/a><p id=\"caption-attachment-12144\" class=\"wp-caption-text\">Der Andrang war gro\u00df.\u00a9 Susanne Bartel<\/p><\/div>\n","protected":false},"excerpt":{"rendered":"<p>Am 6. Mai fand nach 2-j\u00e4hriger, coronabedingter Pause wieder eine Tomatenpflanzenb\u00f6rse im Hof des NaturParkHauses Stechlin in Menz statt.<\/p>\n","protected":false},"author":39,"featured_media":5340,"comment_status":"open","ping_status":"open","sticky":false,"template":"","format":"standard","meta":[],"categories":[7],"tags":[],"yoast_head":"<!-- This site is optimized with the Yoast SEO plugin v19.10 - https:\/\/yoast.com\/wordpress\/plugins\/seo\/ -->\n<title>Tomatenpflanzenb\u00f6rse war nach 2-j\u00e4hriger Pause wieder ein voller Erfolg! (2022) - Naturpark Stechlin-Ruppiner Land<\/title>\n<meta name=\"robots\" content=\"index, follow, max-snippet:-1, max-image-preview:large, max-video-preview:-1\" \/>\n<link rel=\"canonical\" href=\"https:\/\/www.naturparkmagazin.de\/stechlin\/tomatenpflanzenboerse-nach-2-jaehriger-pause-wieder-voller-erfolg\/\" \/>\n<meta property=\"og:locale\" content=\"de_DE\" \/>\n<meta property=\"og:type\" content=\"article\" \/>\n<meta property=\"og:title\" content=\"Tomatenpflanzenb\u00f6rse war nach 2-j\u00e4hriger Pause wieder ein voller Erfolg! (2022) - Naturpark Stechlin-Ruppiner Land\" \/>\n<meta property=\"og:description\" content=\"Am 6. Mai fand nach 2-j\u00e4hriger, coronabedingter Pause wieder eine Tomatenpflanzenb\u00f6rse im Hof des NaturParkHauses Stechlin in Menz statt.\" \/>\n<meta property=\"og:url\" content=\"https:\/\/www.naturparkmagazin.de\/stechlin\/tomatenpflanzenboerse-nach-2-jaehriger-pause-wieder-voller-erfolg\/\" \/>\n<meta property=\"og:site_name\" content=\"Naturpark Stechlin-Ruppiner Land\" \/>\n<meta property=\"article:published_time\" content=\"2022-05-16T14:00:35+00:00\" \/>\n<meta property=\"article:modified_time\" content=\"2025-04-25T06:37:06+00:00\" \/>\n<meta property=\"og:image\" content=\"https:\/\/www.naturparkmagazin.de\/stechlin\/wp-content\/uploads\/sites\/38\/tomaten_gr\u00fcnzeug.jpg\" \/>\n\t<meta property=\"og:image:width\" content=\"200\" \/>\n\t<meta property=\"og:image:height\" content=\"200\" \/>\n\t<meta property=\"og:image:type\" content=\"image\/jpeg\" \/>\n<meta name=\"author\" content=\"marioschrumpf\" \/>\n<meta name=\"twitter:label1\" content=\"Verfasst von\" \/>\n\t<meta name=\"twitter:data1\" content=\"marioschrumpf\" \/>\n\t<meta name=\"twitter:label2\" content=\"Gesch\u00e4tzte Lesezeit\" \/>\n\t<meta name=\"twitter:data2\" content=\"1\u00a0Minute\" \/>\n<script type=\"application\/ld+json\" class=\"yoast-schema-graph\">{\"@context\":\"https:\/\/schema.org\",\"@graph\":[{\"@type\":\"WebPage\",\"@id\":\"https:\/\/www.naturparkmagazin.de\/stechlin\/tomatenpflanzenboerse-nach-2-jaehriger-pause-wieder-voller-erfolg\/\",\"url\":\"https:\/\/www.naturparkmagazin.de\/stechlin\/tomatenpflanzenboerse-nach-2-jaehriger-pause-wieder-voller-erfolg\/\",\"name\":\"Tomatenpflanzenb\u00f6rse war nach 2-j\u00e4hriger Pause wieder ein voller Erfolg! (2022) - Naturpark Stechlin-Ruppiner Land\",\"isPartOf\":{\"@id\":\"https:\/\/www.naturparkmagazin.de\/stechlin\/#website\"},\"datePublished\":\"2022-05-16T14:00:35+00:00\",\"dateModified\":\"2025-04-25T06:37:06+00:00\",\"author\":{\"@id\":\"https:\/\/www.naturparkmagazin.de\/stechlin\/#\/schema\/person\/3f0d93203df21c806dd63c76d9bb28bc\"},\"breadcrumb\":{\"@id\":\"https:\/\/www.naturparkmagazin.de\/stechlin\/tomatenpflanzenboerse-nach-2-jaehriger-pause-wieder-voller-erfolg\/#breadcrumb\"},\"inLanguage\":\"de\",\"potentialAction\":[{\"@type\":\"ReadAction\",\"target\":[\"https:\/\/www.naturparkmagazin.de\/stechlin\/tomatenpflanzenboerse-nach-2-jaehriger-pause-wieder-voller-erfolg\/\"]}]},{\"@type\":\"BreadcrumbList\",\"@id\":\"https:\/\/www.naturparkmagazin.de\/stechlin\/tomatenpflanzenboerse-nach-2-jaehriger-pause-wieder-voller-erfolg\/#breadcrumb\",\"itemListElement\":[{\"@type\":\"ListItem\",\"position\":1,\"name\":\"Home\",\"item\":\"https:\/\/www.naturparkmagazin.de\/stechlin\/\"},{\"@type\":\"ListItem\",\"position\":2,\"name\":\"Tomatenpflanzenb\u00f6rse war nach 2-j\u00e4hriger Pause wieder ein voller Erfolg! (2022)\"}]},{\"@type\":\"WebSite\",\"@id\":\"https:\/\/www.naturparkmagazin.de\/stechlin\/#website\",\"url\":\"https:\/\/www.naturparkmagazin.de\/stechlin\/\",\"name\":\"Naturpark Stechlin-Ruppiner Land\",\"description\":\"\",\"potentialAction\":[{\"@type\":\"SearchAction\",\"target\":{\"@type\":\"EntryPoint\",\"urlTemplate\":\"https:\/\/www.naturparkmagazin.de\/stechlin\/?s={search_term_string}\"},\"query-input\":\"required name=search_term_string\"}],\"inLanguage\":\"de\"},{\"@type\":\"Person\",\"@id\":\"https:\/\/www.naturparkmagazin.de\/stechlin\/#\/schema\/person\/3f0d93203df21c806dd63c76d9bb28bc\",\"name\":\"marioschrumpf\",\"url\":\"https:\/\/www.naturparkmagazin.de\/stechlin\/author\/marioschrumpf\/\"}]}<\/script>\n<!-- \/ Yoast SEO plugin. -->","yoast_head_json":{"title":"Tomatenpflanzenb\u00f6rse war nach 2-j\u00e4hriger Pause wieder ein voller Erfolg! (2022) - Naturpark Stechlin-Ruppiner Land","robots":{"index":"index","follow":"follow","max-snippet":"max-snippet:-1","max-image-preview":"max-image-preview:large","max-video-preview":"max-video-preview:-1"},"canonical":"https:\/\/www.naturparkmagazin.de\/stechlin\/tomatenpflanzenboerse-nach-2-jaehriger-pause-wieder-voller-erfolg\/","og_locale":"de_DE","og_type":"article","og_title":"Tomatenpflanzenb\u00f6rse war nach 2-j\u00e4hriger Pause wieder ein voller Erfolg! (2022) - Naturpark Stechlin-Ruppiner Land","og_description":"Am 6. Mai fand nach 2-j\u00e4hriger, coronabedingter Pause wieder eine Tomatenpflanzenb\u00f6rse im Hof des NaturParkHauses Stechlin in Menz statt.","og_url":"https:\/\/www.naturparkmagazin.de\/stechlin\/tomatenpflanzenboerse-nach-2-jaehriger-pause-wieder-voller-erfolg\/","og_site_name":"Naturpark Stechlin-Ruppiner Land","article_published_time":"2022-05-16T14:00:35+00:00","article_modified_time":"2025-04-25T06:37:06+00:00","og_image":[{"width":200,"height":200,"url":"https:\/\/www.naturparkmagazin.de\/stechlin\/wp-content\/uploads\/sites\/38\/tomaten_gr\u00fcnzeug.jpg","type":"image\/jpeg"}],"author":"marioschrumpf","twitter_misc":{"Verfasst von":"marioschrumpf","Gesch\u00e4tzte Lesezeit":"1\u00a0Minute"},"schema":{"@context":"https:\/\/schema.org","@graph":[{"@type":"WebPage","@id":"https:\/\/www.naturparkmagazin.de\/stechlin\/tomatenpflanzenboerse-nach-2-jaehriger-pause-wieder-voller-erfolg\/","url":"https:\/\/www.naturparkmagazin.de\/stechlin\/tomatenpflanzenboerse-nach-2-jaehriger-pause-wieder-voller-erfolg\/","name":"Tomatenpflanzenb\u00f6rse war nach 2-j\u00e4hriger Pause wieder ein voller Erfolg! (2022) - Naturpark Stechlin-Ruppiner Land","isPartOf":{"@id":"https:\/\/www.naturparkmagazin.de\/stechlin\/#website"},"datePublished":"2022-05-16T14:00:35+00:00","dateModified":"2025-04-25T06:37:06+00:00","author":{"@id":"https:\/\/www.naturparkmagazin.de\/stechlin\/#\/schema\/person\/3f0d93203df21c806dd63c76d9bb28bc"},"breadcrumb":{"@id":"https:\/\/www.naturparkmagazin.de\/stechlin\/tomatenpflanzenboerse-nach-2-jaehriger-pause-wieder-voller-erfolg\/#breadcrumb"},"inLanguage":"de","potentialAction":[{"@type":"ReadAction","target":["https:\/\/www.naturparkmagazin.de\/stechlin\/tomatenpflanzenboerse-nach-2-jaehriger-pause-wieder-voller-erfolg\/"]}]},{"@type":"BreadcrumbList","@id":"https:\/\/www.naturparkmagazin.de\/stechlin\/tomatenpflanzenboerse-nach-2-jaehriger-pause-wieder-voller-erfolg\/#breadcrumb","itemListElement":[{"@type":"ListItem","position":1,"name":"Home","item":"https:\/\/www.naturparkmagazin.de\/stechlin\/"},{"@type":"ListItem","position":2,"name":"Tomatenpflanzenb\u00f6rse war nach 2-j\u00e4hriger Pause wieder ein voller Erfolg! (2022)"}]},{"@type":"WebSite","@id":"https:\/\/www.naturparkmagazin.de\/stechlin\/#website","url":"https:\/\/www.naturparkmagazin.de\/stechlin\/","name":"Naturpark Stechlin-Ruppiner Land","description":"","potentialAction":[{"@type":"SearchAction","target":{"@type":"EntryPoint","urlTemplate":"https:\/\/www.naturparkmagazin.de\/stechlin\/?s={search_term_string}"},"query-input":"required name=search_term_string"}],"inLanguage":"de"},{"@type":"Person","@id":"https:\/\/www.naturparkmagazin.de\/stechlin\/#\/schema\/person\/3f0d93203df21c806dd63c76d9bb28bc","name":"marioschrumpf","url":"https:\/\/www.naturparkmagazin.de\/stechlin\/author\/marioschrumpf\/"}]}},"_links":{"self":[{"href":"https:\/\/www.naturparkmagazin.de\/stechlin\/wp-json\/wp\/v2\/posts\/12073"}],"collection":[{"href":"https:\/\/www.naturparkmagazin.de\/stechlin\/wp-json\/wp\/v2\/posts"}],"about":[{"href":"https:\/\/www.naturparkmagazin.de\/stechlin\/wp-json\/wp\/v2\/types\/post"}],"author":[{"embeddable":true,"href":"https:\/\/www.naturparkmagazin.de\/stechlin\/wp-json\/wp\/v2\/users\/39"}],"replies":[{"embeddable":true,"href":"https:\/\/www.naturparkmagazin.de\/stechlin\/wp-json\/wp\/v2\/comments?post=12073"}],"version-history":[{"count":9,"href":"https:\/\/www.naturparkmagazin.de\/stechlin\/wp-json\/wp\/v2\/posts\/12073\/revisions"}],"predecessor-version":[{"id":17149,"href":"https:\/\/www.naturparkmagazin.de\/stechlin\/wp-json\/wp\/v2\/posts\/12073\/revisions\/17149"}],"wp:featuredmedia":[{"embeddable":true,"href":"https:\/\/www.naturparkmagazin.de\/stechlin\/wp-json\/wp\/v2\/media\/5340"}],"wp:attachment":[{"href":"https:\/\/www.naturparkmagazin.de\/stechlin\/wp-json\/wp\/v2\/media?parent=12073"}],"wp:term":[{"taxonomy":"category","embeddable":true,"href":"https:\/\/www.naturparkmagazin.de\/stechlin\/wp-json\/wp\/v2\/categories?post=12073"},{"taxonomy":"post_tag","embeddable":true,"href":"https:\/\/www.naturparkmagazin.de\/stechlin\/wp-json\/wp\/v2\/tags?post=12073"}],"curies":[{"name":"wp","href":"https:\/\/api.w.org\/{rel}","templated":true}]}}