{"id":12075,"date":"2022-05-16T16:00:31","date_gmt":"2022-05-16T14:00:31","guid":{"rendered":"https:\/\/www.naturparkmagazin.de\/stechlin\/?p=12075"},"modified":"2022-05-24T16:23:54","modified_gmt":"2022-05-24T14:23:54","slug":"anwandern-in-der-kyritz-ruppiner-heide-mit-minister-vogel","status":"publish","type":"post","link":"https:\/\/www.naturparkmagazin.de\/stechlin\/anwandern-in-der-kyritz-ruppiner-heide-mit-minister-vogel\/","title":{"rendered":"Anwandern in der Kyritz-Ruppiner Heide mit Minister Vogel"},"content":{"rendered":"<p>Nach zweij\u00e4hriger coronabedingter Zwangspause konnte Ende April endlich wieder das traditionelle Anwandern in die Kyritz-Ruppiner Heide stattfinden.<\/p>\n<div id=\"attachment_12111\" style=\"width: 310px\" class=\"wp-caption aligncenter\"><a href=\"https:\/\/www.naturparkmagazin.de\/stechlin\/wp-content\/uploads\/sites\/38\/DSC_00631.jpg\"><img aria-describedby=\"caption-attachment-12111\" decoding=\"async\" loading=\"lazy\" class=\"size-thumbnail wp-image-12111\" src=\"https:\/\/www.naturparkmagazin.de\/stechlin\/wp-content\/uploads\/sites\/38\/DSC_00631-300x180.jpg\" alt=\"\u00a9 Dr. Mario Schrumpf\" width=\"300\" height=\"180\" srcset=\"https:\/\/www.naturparkmagazin.de\/stechlin\/wp-content\/uploads\/sites\/38\/DSC_00631-300x180.jpg 300w, https:\/\/www.naturparkmagazin.de\/stechlin\/wp-content\/uploads\/sites\/38\/DSC_00631.jpg 500w, https:\/\/www.naturparkmagazin.de\/stechlin\/wp-content\/uploads\/sites\/38\/DSC_00631-200x120.jpg 200w\" sizes=\"(max-width: 300px) 100vw, 300px\" \/><\/a><p id=\"caption-attachment-12111\" class=\"wp-caption-text\">Anwandern in der Kyritz-Ruppiner Heide \u00a9 Dr. Mario Schrumpf<\/p><\/div>\n<p>Auf Einladung von Landrat Ralf Reinhardt nahm Brandenburgs Umweltminister Axel Vogel teil, um sich pers\u00f6nlich ein Bild von Deutschlands zweitgr\u00f6\u00dfter Heidefl\u00e4che zu machen. Auf Initiative des Landkreises Ostprignitz-Ruppin wurde im letzten Jahr der Naturpark um 26 % von ca. 68.000 auf ca. 86.000 Hektar erweitert. Im Ergebnis liegt nun die Kyritz-Ruppiner Heide vollst\u00e4ndig im Naturpark.<\/p>\n<div id=\"attachment_12113\" style=\"width: 310px\" class=\"wp-caption aligncenter\"><a href=\"https:\/\/www.naturparkmagazin.de\/stechlin\/wp-content\/uploads\/sites\/38\/DSC_0085.jpg\"><img aria-describedby=\"caption-attachment-12113\" decoding=\"async\" loading=\"lazy\" class=\"wp-image-12113 size-thumbnail\" src=\"https:\/\/www.naturparkmagazin.de\/stechlin\/wp-content\/uploads\/sites\/38\/DSC_0085-300x180.jpg\" alt=\"\u00a9 Dr. Mario Schrumpf\" width=\"300\" height=\"180\" srcset=\"https:\/\/www.naturparkmagazin.de\/stechlin\/wp-content\/uploads\/sites\/38\/DSC_0085-300x180.jpg 300w, https:\/\/www.naturparkmagazin.de\/stechlin\/wp-content\/uploads\/sites\/38\/DSC_0085.jpg 500w, https:\/\/www.naturparkmagazin.de\/stechlin\/wp-content\/uploads\/sites\/38\/DSC_0085-200x120.jpg 200w\" sizes=\"(max-width: 300px) 100vw, 300px\" \/><\/a><p id=\"caption-attachment-12113\" class=\"wp-caption-text\">Minister Vogel und Landrat Reinhardt am Fusse des Heideturmes auf dem Sielmann-H\u00fcgel \u00a9 Dr. Mario Schrumpf<\/p><\/div>\n<p>Etwa 4.000 Hektar hat die Heinz Sielmann Stiftung in Niesbrauch vom Bund als Eigent\u00fcmer \u00fcbernommen. Gemeinsam mit der Bundesforst k\u00fcmmert sich die Stiftung um den Erhalt der einzigartigen Heidefl\u00e4che.<\/p>\n<div id=\"attachment_12115\" style=\"width: 310px\" class=\"wp-caption aligncenter\"><a href=\"https:\/\/www.naturparkmagazin.de\/stechlin\/wp-content\/uploads\/sites\/38\/DSC_0120.jpg\"><img aria-describedby=\"caption-attachment-12115\" decoding=\"async\" loading=\"lazy\" class=\"size-thumbnail wp-image-12115\" src=\"https:\/\/www.naturparkmagazin.de\/stechlin\/wp-content\/uploads\/sites\/38\/DSC_0120-300x180.jpg\" alt=\"\u00a9 Dr. Mario Schrumpf\" width=\"300\" height=\"180\" srcset=\"https:\/\/www.naturparkmagazin.de\/stechlin\/wp-content\/uploads\/sites\/38\/DSC_0120-300x180.jpg 300w, https:\/\/www.naturparkmagazin.de\/stechlin\/wp-content\/uploads\/sites\/38\/DSC_0120.jpg 500w, https:\/\/www.naturparkmagazin.de\/stechlin\/wp-content\/uploads\/sites\/38\/DSC_0120-200x120.jpg 200w\" sizes=\"(max-width: 300px) 100vw, 300px\" \/><\/a><p id=\"caption-attachment-12115\" class=\"wp-caption-text\">Vom 15 Meter hohen Turm ist die Weite und Gro\u00dfr\u00e4umigkeit der Heidelandschaft gut erlebbar \u00a9 Dr. Mario Schrumpf<\/p><\/div>\n","protected":false},"excerpt":{"rendered":"<p>Nach zweij\u00e4hriger coronabedingter Zwangspause konnte in diesem Jahr endlich wieder das traditionelle Anwandern in die Kyritz-Ruppiner Heide stattfinden.<\/p>\n","protected":false},"author":39,"featured_media":12109,"comment_status":"open","ping_status":"open","sticky":false,"template":"","format":"standard","meta":[],"categories":[7],"tags":[],"yoast_head":"<!-- This site is optimized with the Yoast SEO plugin v19.10 - https:\/\/yoast.com\/wordpress\/plugins\/seo\/ -->\n<title>Anwandern in der Kyritz-Ruppiner Heide mit Minister Vogel - Naturpark Stechlin-Ruppiner Land<\/title>\n<meta name=\"robots\" content=\"index, follow, max-snippet:-1, max-image-preview:large, max-video-preview:-1\" \/>\n<link rel=\"canonical\" href=\"https:\/\/www.naturparkmagazin.de\/stechlin\/anwandern-in-der-kyritz-ruppiner-heide-mit-minister-vogel\/\" \/>\n<meta property=\"og:locale\" content=\"de_DE\" \/>\n<meta property=\"og:type\" content=\"article\" \/>\n<meta property=\"og:title\" content=\"Anwandern in der Kyritz-Ruppiner Heide mit Minister Vogel - Naturpark Stechlin-Ruppiner Land\" \/>\n<meta property=\"og:description\" content=\"Nach zweij\u00e4hriger coronabedingter Zwangspause konnte in diesem Jahr endlich wieder das traditionelle Anwandern in die Kyritz-Ruppiner Heide stattfinden.\" \/>\n<meta property=\"og:url\" content=\"https:\/\/www.naturparkmagazin.de\/stechlin\/anwandern-in-der-kyritz-ruppiner-heide-mit-minister-vogel\/\" \/>\n<meta property=\"og:site_name\" content=\"Naturpark Stechlin-Ruppiner Land\" \/>\n<meta property=\"article:published_time\" content=\"2022-05-16T14:00:31+00:00\" \/>\n<meta property=\"article:modified_time\" content=\"2022-05-24T14:23:54+00:00\" \/>\n<meta property=\"og:image\" content=\"https:\/\/www.naturparkmagazin.de\/stechlin\/wp-content\/uploads\/sites\/38\/DSC_0044_a.jpg\" \/>\n\t<meta property=\"og:image:width\" content=\"200\" \/>\n\t<meta property=\"og:image:height\" content=\"200\" \/>\n\t<meta property=\"og:image:type\" content=\"image\/jpeg\" \/>\n<meta name=\"author\" content=\"marioschrumpf\" \/>\n<meta name=\"twitter:label1\" content=\"Verfasst von\" \/>\n\t<meta name=\"twitter:data1\" content=\"marioschrumpf\" \/>\n\t<meta name=\"twitter:label2\" content=\"Gesch\u00e4tzte Lesezeit\" \/>\n\t<meta name=\"twitter:data2\" content=\"1\u00a0Minute\" \/>\n<script type=\"application\/ld+json\" class=\"yoast-schema-graph\">{\"@context\":\"https:\/\/schema.org\",\"@graph\":[{\"@type\":\"WebPage\",\"@id\":\"https:\/\/www.naturparkmagazin.de\/stechlin\/anwandern-in-der-kyritz-ruppiner-heide-mit-minister-vogel\/\",\"url\":\"https:\/\/www.naturparkmagazin.de\/stechlin\/anwandern-in-der-kyritz-ruppiner-heide-mit-minister-vogel\/\",\"name\":\"Anwandern in der Kyritz-Ruppiner Heide mit Minister Vogel - Naturpark Stechlin-Ruppiner Land\",\"isPartOf\":{\"@id\":\"https:\/\/www.naturparkmagazin.de\/stechlin\/#website\"},\"datePublished\":\"2022-05-16T14:00:31+00:00\",\"dateModified\":\"2022-05-24T14:23:54+00:00\",\"author\":{\"@id\":\"https:\/\/www.naturparkmagazin.de\/stechlin\/#\/schema\/person\/3f0d93203df21c806dd63c76d9bb28bc\"},\"breadcrumb\":{\"@id\":\"https:\/\/www.naturparkmagazin.de\/stechlin\/anwandern-in-der-kyritz-ruppiner-heide-mit-minister-vogel\/#breadcrumb\"},\"inLanguage\":\"de\",\"potentialAction\":[{\"@type\":\"ReadAction\",\"target\":[\"https:\/\/www.naturparkmagazin.de\/stechlin\/anwandern-in-der-kyritz-ruppiner-heide-mit-minister-vogel\/\"]}]},{\"@type\":\"BreadcrumbList\",\"@id\":\"https:\/\/www.naturparkmagazin.de\/stechlin\/anwandern-in-der-kyritz-ruppiner-heide-mit-minister-vogel\/#breadcrumb\",\"itemListElement\":[{\"@type\":\"ListItem\",\"position\":1,\"name\":\"Home\",\"item\":\"https:\/\/www.naturparkmagazin.de\/stechlin\/\"},{\"@type\":\"ListItem\",\"position\":2,\"name\":\"Anwandern in der Kyritz-Ruppiner Heide mit Minister Vogel\"}]},{\"@type\":\"WebSite\",\"@id\":\"https:\/\/www.naturparkmagazin.de\/stechlin\/#website\",\"url\":\"https:\/\/www.naturparkmagazin.de\/stechlin\/\",\"name\":\"Naturpark Stechlin-Ruppiner Land\",\"description\":\"\",\"potentialAction\":[{\"@type\":\"SearchAction\",\"target\":{\"@type\":\"EntryPoint\",\"urlTemplate\":\"https:\/\/www.naturparkmagazin.de\/stechlin\/?s={search_term_string}\"},\"query-input\":\"required name=search_term_string\"}],\"inLanguage\":\"de\"},{\"@type\":\"Person\",\"@id\":\"https:\/\/www.naturparkmagazin.de\/stechlin\/#\/schema\/person\/3f0d93203df21c806dd63c76d9bb28bc\",\"name\":\"marioschrumpf\",\"url\":\"https:\/\/www.naturparkmagazin.de\/stechlin\/author\/marioschrumpf\/\"}]}<\/script>\n<!-- \/ Yoast SEO plugin. -->","yoast_head_json":{"title":"Anwandern in der Kyritz-Ruppiner Heide mit Minister Vogel - Naturpark Stechlin-Ruppiner Land","robots":{"index":"index","follow":"follow","max-snippet":"max-snippet:-1","max-image-preview":"max-image-preview:large","max-video-preview":"max-video-preview:-1"},"canonical":"https:\/\/www.naturparkmagazin.de\/stechlin\/anwandern-in-der-kyritz-ruppiner-heide-mit-minister-vogel\/","og_locale":"de_DE","og_type":"article","og_title":"Anwandern in der Kyritz-Ruppiner Heide mit Minister Vogel - Naturpark Stechlin-Ruppiner Land","og_description":"Nach zweij\u00e4hriger coronabedingter Zwangspause konnte in diesem Jahr endlich wieder das traditionelle Anwandern in die Kyritz-Ruppiner Heide stattfinden.","og_url":"https:\/\/www.naturparkmagazin.de\/stechlin\/anwandern-in-der-kyritz-ruppiner-heide-mit-minister-vogel\/","og_site_name":"Naturpark Stechlin-Ruppiner Land","article_published_time":"2022-05-16T14:00:31+00:00","article_modified_time":"2022-05-24T14:23:54+00:00","og_image":[{"width":200,"height":200,"url":"https:\/\/www.naturparkmagazin.de\/stechlin\/wp-content\/uploads\/sites\/38\/DSC_0044_a.jpg","type":"image\/jpeg"}],"author":"marioschrumpf","twitter_misc":{"Verfasst von":"marioschrumpf","Gesch\u00e4tzte Lesezeit":"1\u00a0Minute"},"schema":{"@context":"https:\/\/schema.org","@graph":[{"@type":"WebPage","@id":"https:\/\/www.naturparkmagazin.de\/stechlin\/anwandern-in-der-kyritz-ruppiner-heide-mit-minister-vogel\/","url":"https:\/\/www.naturparkmagazin.de\/stechlin\/anwandern-in-der-kyritz-ruppiner-heide-mit-minister-vogel\/","name":"Anwandern in der Kyritz-Ruppiner Heide mit Minister Vogel - Naturpark Stechlin-Ruppiner Land","isPartOf":{"@id":"https:\/\/www.naturparkmagazin.de\/stechlin\/#website"},"datePublished":"2022-05-16T14:00:31+00:00","dateModified":"2022-05-24T14:23:54+00:00","author":{"@id":"https:\/\/www.naturparkmagazin.de\/stechlin\/#\/schema\/person\/3f0d93203df21c806dd63c76d9bb28bc"},"breadcrumb":{"@id":"https:\/\/www.naturparkmagazin.de\/stechlin\/anwandern-in-der-kyritz-ruppiner-heide-mit-minister-vogel\/#breadcrumb"},"inLanguage":"de","potentialAction":[{"@type":"ReadAction","target":["https:\/\/www.naturparkmagazin.de\/stechlin\/anwandern-in-der-kyritz-ruppiner-heide-mit-minister-vogel\/"]}]},{"@type":"BreadcrumbList","@id":"https:\/\/www.naturparkmagazin.de\/stechlin\/anwandern-in-der-kyritz-ruppiner-heide-mit-minister-vogel\/#breadcrumb","itemListElement":[{"@type":"ListItem","position":1,"name":"Home","item":"https:\/\/www.naturparkmagazin.de\/stechlin\/"},{"@type":"ListItem","position":2,"name":"Anwandern in der Kyritz-Ruppiner Heide mit Minister Vogel"}]},{"@type":"WebSite","@id":"https:\/\/www.naturparkmagazin.de\/stechlin\/#website","url":"https:\/\/www.naturparkmagazin.de\/stechlin\/","name":"Naturpark Stechlin-Ruppiner Land","description":"","potentialAction":[{"@type":"SearchAction","target":{"@type":"EntryPoint","urlTemplate":"https:\/\/www.naturparkmagazin.de\/stechlin\/?s={search_term_string}"},"query-input":"required name=search_term_string"}],"inLanguage":"de"},{"@type":"Person","@id":"https:\/\/www.naturparkmagazin.de\/stechlin\/#\/schema\/person\/3f0d93203df21c806dd63c76d9bb28bc","name":"marioschrumpf","url":"https:\/\/www.naturparkmagazin.de\/stechlin\/author\/marioschrumpf\/"}]}},"_links":{"self":[{"href":"https:\/\/www.naturparkmagazin.de\/stechlin\/wp-json\/wp\/v2\/posts\/12075"}],"collection":[{"href":"https:\/\/www.naturparkmagazin.de\/stechlin\/wp-json\/wp\/v2\/posts"}],"about":[{"href":"https:\/\/www.naturparkmagazin.de\/stechlin\/wp-json\/wp\/v2\/types\/post"}],"author":[{"embeddable":true,"href":"https:\/\/www.naturparkmagazin.de\/stechlin\/wp-json\/wp\/v2\/users\/39"}],"replies":[{"embeddable":true,"href":"https:\/\/www.naturparkmagazin.de\/stechlin\/wp-json\/wp\/v2\/comments?post=12075"}],"version-history":[{"count":4,"href":"https:\/\/www.naturparkmagazin.de\/stechlin\/wp-json\/wp\/v2\/posts\/12075\/revisions"}],"predecessor-version":[{"id":12204,"href":"https:\/\/www.naturparkmagazin.de\/stechlin\/wp-json\/wp\/v2\/posts\/12075\/revisions\/12204"}],"wp:featuredmedia":[{"embeddable":true,"href":"https:\/\/www.naturparkmagazin.de\/stechlin\/wp-json\/wp\/v2\/media\/12109"}],"wp:attachment":[{"href":"https:\/\/www.naturparkmagazin.de\/stechlin\/wp-json\/wp\/v2\/media?parent=12075"}],"wp:term":[{"taxonomy":"category","embeddable":true,"href":"https:\/\/www.naturparkmagazin.de\/stechlin\/wp-json\/wp\/v2\/categories?post=12075"},{"taxonomy":"post_tag","embeddable":true,"href":"https:\/\/www.naturparkmagazin.de\/stechlin\/wp-json\/wp\/v2\/tags?post=12075"}],"curies":[{"name":"wp","href":"https:\/\/api.w.org\/{rel}","templated":true}]}}