{"id":12079,"date":"2022-05-16T16:00:29","date_gmt":"2022-05-16T14:00:29","guid":{"rendered":"https:\/\/www.naturparkmagazin.de\/stechlin\/?p=12079"},"modified":"2022-05-18T09:13:43","modified_gmt":"2022-05-18T07:13:43","slug":"naturpark-stechlin-ruppiner-land-auf-der-laga-beelitz-2","status":"publish","type":"post","link":"https:\/\/www.naturparkmagazin.de\/stechlin\/naturpark-stechlin-ruppiner-land-auf-der-laga-beelitz-2\/","title":{"rendered":"Naturpark Stechlin-Ruppiner Land auf der Landesgartenschau in Beelitz"},"content":{"rendered":"<p>An zwei Wochenendtagen im April waren jeweils 3 Kolleg*innen der Naturwacht und der Naturparkverwaltung Stechlin-Ruppiner Land auf der Landesgartenschau in Beelitz im Einsatz.<\/p>\n<div id=\"attachment_12122\" style=\"width: 310px\" class=\"wp-caption aligncenter\"><a href=\"https:\/\/www.naturparkmagazin.de\/stechlin\/wp-content\/uploads\/sites\/38\/IMG_20220424_101401_1.jpg\"><img aria-describedby=\"caption-attachment-12122\" decoding=\"async\" loading=\"lazy\" class=\"size-thumbnail wp-image-12122\" src=\"https:\/\/www.naturparkmagazin.de\/stechlin\/wp-content\/uploads\/sites\/38\/IMG_20220424_101401_1-300x180.jpg\" alt=\"Der Paavillon der Brandenburger Nationalen Naturlandschaften auf dem LAGA-Gel\u00e4nde. \u00a9 Heiko Strobel\" width=\"300\" height=\"180\" srcset=\"https:\/\/www.naturparkmagazin.de\/stechlin\/wp-content\/uploads\/sites\/38\/IMG_20220424_101401_1-300x180.jpg 300w, https:\/\/www.naturparkmagazin.de\/stechlin\/wp-content\/uploads\/sites\/38\/IMG_20220424_101401_1.jpg 500w, https:\/\/www.naturparkmagazin.de\/stechlin\/wp-content\/uploads\/sites\/38\/IMG_20220424_101401_1-200x120.jpg 200w\" sizes=\"(max-width: 300px) 100vw, 300px\" \/><\/a><p id=\"caption-attachment-12122\" class=\"wp-caption-text\">Der Pavillon der Brandenburger Nationalen Naturlandschaften auf dem LAGA-Gel\u00e4nde.\u00a9 Heiko Strobel<\/p><\/div>\n<p>Der Pavillon der Brandenburger Nationalen Naturlandschaften befindet sich in der N\u00e4he einer Kreuzung zweier Hauptwege und direkt vor dem riesigen Spielplatz, so dass wir permanent mit G\u00e4sten ins Gespr\u00e4ch kommen konnten. Mit gro\u00dfem Interesse folgten die Besucher dem Angebot zum Nachdenken \u00fcber unseren tagt\u00e4glichen Wasserbedarf und allgemein unseren \u00f6kologischen Fu\u00dfabdruck.<\/p>\n<div id=\"attachment_12127\" style=\"width: 310px\" class=\"wp-caption aligncenter\"><a href=\"https:\/\/www.naturparkmagazin.de\/stechlin\/wp-content\/uploads\/sites\/38\/IMG_20220424_141516_4.jpg\"><img aria-describedby=\"caption-attachment-12127\" decoding=\"async\" loading=\"lazy\" class=\"size-thumbnail wp-image-12127\" src=\"https:\/\/www.naturparkmagazin.de\/stechlin\/wp-content\/uploads\/sites\/38\/IMG_20220424_141516_4-300x180.jpg\" alt=\"Bestimme deinen \u00f6kologischen Fu\u00dfabdruck! - Mit 28 Fragen zu allen Lebensbereichen konnten hier die G\u00e4ste iheren pers\u00f6nlichen \u00f6kologischen Fu\u00dfabdruck bestimmen und mit uns ins Gespr\u00e4ch \u00fcber Ressourcenverbrauch kommen. \u00a9 Heiko Strobel\" width=\"300\" height=\"180\" srcset=\"https:\/\/www.naturparkmagazin.de\/stechlin\/wp-content\/uploads\/sites\/38\/IMG_20220424_141516_4-300x180.jpg 300w, https:\/\/www.naturparkmagazin.de\/stechlin\/wp-content\/uploads\/sites\/38\/IMG_20220424_141516_4.jpg 500w, https:\/\/www.naturparkmagazin.de\/stechlin\/wp-content\/uploads\/sites\/38\/IMG_20220424_141516_4-200x120.jpg 200w\" sizes=\"(max-width: 300px) 100vw, 300px\" \/><\/a><p id=\"caption-attachment-12127\" class=\"wp-caption-text\">Bestimme deinen \u00f6kologischen Fu\u00dfabdruck! &#8211; Mit 28 Fragen zu allen Lebensbereichen konnten hier die G\u00e4ste ihren pers\u00f6nlichen \u00f6kologischen Fu\u00dfabdruck bestimmen und mit uns ins Gespr\u00e4ch \u00fcber Ressourcenverbrauch kommen.\u00a9 Heiko Strobel<\/p><\/div>\n<p>Viele, sehr interessante Gespr\u00e4che zum Ressourcenverbrauch auf unserem Planeten wurden gef\u00fchrt und die meisten G\u00e4ste verabschiedeten sich mit dem guten Gef\u00fchl, nicht den b\u00f6sen Zeigefinger gesehen, sondern neue Anst\u00f6\u00dfe und Impulse f\u00fcr ihren Alltag erfahren zu haben.<\/p>\n<div id=\"attachment_12124\" style=\"width: 310px\" class=\"wp-caption aligncenter\"><a href=\"https:\/\/www.naturparkmagazin.de\/stechlin\/wp-content\/uploads\/sites\/38\/IMG_20220424_112923_2.jpg\"><img aria-describedby=\"caption-attachment-12124\" decoding=\"async\" loading=\"lazy\" class=\"size-thumbnail wp-image-12124\" src=\"https:\/\/www.naturparkmagazin.de\/stechlin\/wp-content\/uploads\/sites\/38\/IMG_20220424_112923_2-300x180.jpg\" alt=\"Der Eingangsbereich des Pavillons der Brandenburger NNL lockt, mit des Highlight der Bestimmung des eigenen \u00f6kologischen Fu\u00dfabdrucks, selbst die Kleinsten. \u00a9 Heiko Strobel\" width=\"300\" height=\"180\" srcset=\"https:\/\/www.naturparkmagazin.de\/stechlin\/wp-content\/uploads\/sites\/38\/IMG_20220424_112923_2-300x180.jpg 300w, https:\/\/www.naturparkmagazin.de\/stechlin\/wp-content\/uploads\/sites\/38\/IMG_20220424_112923_2.jpg 500w, https:\/\/www.naturparkmagazin.de\/stechlin\/wp-content\/uploads\/sites\/38\/IMG_20220424_112923_2-200x120.jpg 200w\" sizes=\"(max-width: 300px) 100vw, 300px\" \/><\/a><p id=\"caption-attachment-12124\" class=\"wp-caption-text\">Der Eingangsbereich des Pavillons der Brandenburger NNL lockt mit den symbolisierten Fu\u00dfabd\u00fccken selbst die Kleinsten.\u00a9 Heiko Strobel<\/p><\/div>\n<p>Gegen\u00fcber des Pavillons konnte unser Biberpr\u00e4parat punkten. \u00dcber diesen &#8222;Hingucker&#8220; kam man ins Gespr\u00e4ch und die Kleinen und Gro\u00dfen lernten noch das Eine oder Andere \u00fcber unseren vierbeinigen Landschaftsgestalter hinzu.<\/p>\n<div id=\"attachment_12125\" style=\"width: 310px\" class=\"wp-caption aligncenter\"><a href=\"https:\/\/www.naturparkmagazin.de\/stechlin\/wp-content\/uploads\/sites\/38\/IMG_20220424_120446_1.jpg\"><img aria-describedby=\"caption-attachment-12125\" decoding=\"async\" loading=\"lazy\" class=\"size-thumbnail wp-image-12125\" src=\"https:\/\/www.naturparkmagazin.de\/stechlin\/wp-content\/uploads\/sites\/38\/IMG_20220424_120446_1-300x180.jpg\" alt=\"Der Biber auf der Bank als eyecatcher - so kam man auch mit Menschen in Kontakt, die nicht in den Pavillon wollten - hier im Gespr\u00e4ch mit Petra M\u00f6hl vion unserer Naturwacht. \u00a9 Heiko Strobel\" width=\"300\" height=\"180\" srcset=\"https:\/\/www.naturparkmagazin.de\/stechlin\/wp-content\/uploads\/sites\/38\/IMG_20220424_120446_1-300x180.jpg 300w, https:\/\/www.naturparkmagazin.de\/stechlin\/wp-content\/uploads\/sites\/38\/IMG_20220424_120446_1.jpg 500w, https:\/\/www.naturparkmagazin.de\/stechlin\/wp-content\/uploads\/sites\/38\/IMG_20220424_120446_1-200x120.jpg 200w\" sizes=\"(max-width: 300px) 100vw, 300px\" \/><\/a><p id=\"caption-attachment-12125\" class=\"wp-caption-text\">Der Biber auf der Bank als &#8222;eyecatcher&#8220; &#8211; so kam man auch mit Menschen in Kontakt, die nicht in den Pavillon wollten &#8211; hier im Gespr\u00e4ch mit Petra M\u00f6hl von unserer Naturwacht.\u00a9 Heiko Strobel<\/p><\/div>\n","protected":false},"excerpt":{"rendered":"<p>An zwei Wochenendtagen im April waren jeweils 3 Kolleg*innen der Naturwacht und der Naturparkverwaltung Stechlin-Ruppiner Land auf der Landesgartenschau in Beelitz im Einsatz.<\/p>\n","protected":false},"author":39,"featured_media":12126,"comment_status":"open","ping_status":"open","sticky":false,"template":"","format":"standard","meta":[],"categories":[7],"tags":[],"yoast_head":"<!-- This site is optimized with the Yoast SEO plugin v19.10 - https:\/\/yoast.com\/wordpress\/plugins\/seo\/ -->\n<title>Naturpark Stechlin-Ruppiner Land auf der Landesgartenschau in Beelitz - Naturpark Stechlin-Ruppiner Land<\/title>\n<meta name=\"robots\" content=\"index, follow, max-snippet:-1, max-image-preview:large, max-video-preview:-1\" \/>\n<link rel=\"canonical\" href=\"https:\/\/www.naturparkmagazin.de\/stechlin\/naturpark-stechlin-ruppiner-land-auf-der-laga-beelitz-2\/\" \/>\n<meta property=\"og:locale\" content=\"de_DE\" \/>\n<meta property=\"og:type\" content=\"article\" \/>\n<meta property=\"og:title\" content=\"Naturpark Stechlin-Ruppiner Land auf der Landesgartenschau in Beelitz - Naturpark Stechlin-Ruppiner Land\" \/>\n<meta property=\"og:description\" content=\"An zwei Wochenendtagen im April waren jeweils 3 Kolleg*innen der Naturwacht und der Naturparkverwaltung Stechlin-Ruppiner Land auf der Landesgartenschau in Beelitz im Einsatz.\" \/>\n<meta property=\"og:url\" content=\"https:\/\/www.naturparkmagazin.de\/stechlin\/naturpark-stechlin-ruppiner-land-auf-der-laga-beelitz-2\/\" \/>\n<meta property=\"og:site_name\" content=\"Naturpark Stechlin-Ruppiner Land\" \/>\n<meta property=\"article:published_time\" content=\"2022-05-16T14:00:29+00:00\" \/>\n<meta property=\"article:modified_time\" content=\"2022-05-18T07:13:43+00:00\" \/>\n<meta property=\"og:image\" content=\"https:\/\/www.naturparkmagazin.de\/stechlin\/wp-content\/uploads\/sites\/38\/IMG_20220424_123327_5.jpg\" \/>\n\t<meta property=\"og:image:width\" content=\"200\" \/>\n\t<meta property=\"og:image:height\" content=\"200\" \/>\n\t<meta property=\"og:image:type\" content=\"image\/jpeg\" \/>\n<meta name=\"author\" content=\"marioschrumpf\" \/>\n<meta name=\"twitter:label1\" content=\"Verfasst von\" \/>\n\t<meta name=\"twitter:data1\" content=\"marioschrumpf\" \/>\n\t<meta name=\"twitter:label2\" content=\"Gesch\u00e4tzte Lesezeit\" \/>\n\t<meta name=\"twitter:data2\" content=\"1\u00a0Minute\" \/>\n<script type=\"application\/ld+json\" class=\"yoast-schema-graph\">{\"@context\":\"https:\/\/schema.org\",\"@graph\":[{\"@type\":\"WebPage\",\"@id\":\"https:\/\/www.naturparkmagazin.de\/stechlin\/naturpark-stechlin-ruppiner-land-auf-der-laga-beelitz-2\/\",\"url\":\"https:\/\/www.naturparkmagazin.de\/stechlin\/naturpark-stechlin-ruppiner-land-auf-der-laga-beelitz-2\/\",\"name\":\"Naturpark Stechlin-Ruppiner Land auf der Landesgartenschau in Beelitz - Naturpark Stechlin-Ruppiner Land\",\"isPartOf\":{\"@id\":\"https:\/\/www.naturparkmagazin.de\/stechlin\/#website\"},\"datePublished\":\"2022-05-16T14:00:29+00:00\",\"dateModified\":\"2022-05-18T07:13:43+00:00\",\"author\":{\"@id\":\"https:\/\/www.naturparkmagazin.de\/stechlin\/#\/schema\/person\/3f0d93203df21c806dd63c76d9bb28bc\"},\"breadcrumb\":{\"@id\":\"https:\/\/www.naturparkmagazin.de\/stechlin\/naturpark-stechlin-ruppiner-land-auf-der-laga-beelitz-2\/#breadcrumb\"},\"inLanguage\":\"de\",\"potentialAction\":[{\"@type\":\"ReadAction\",\"target\":[\"https:\/\/www.naturparkmagazin.de\/stechlin\/naturpark-stechlin-ruppiner-land-auf-der-laga-beelitz-2\/\"]}]},{\"@type\":\"BreadcrumbList\",\"@id\":\"https:\/\/www.naturparkmagazin.de\/stechlin\/naturpark-stechlin-ruppiner-land-auf-der-laga-beelitz-2\/#breadcrumb\",\"itemListElement\":[{\"@type\":\"ListItem\",\"position\":1,\"name\":\"Home\",\"item\":\"https:\/\/www.naturparkmagazin.de\/stechlin\/\"},{\"@type\":\"ListItem\",\"position\":2,\"name\":\"Naturpark Stechlin-Ruppiner Land auf der Landesgartenschau in Beelitz\"}]},{\"@type\":\"WebSite\",\"@id\":\"https:\/\/www.naturparkmagazin.de\/stechlin\/#website\",\"url\":\"https:\/\/www.naturparkmagazin.de\/stechlin\/\",\"name\":\"Naturpark Stechlin-Ruppiner Land\",\"description\":\"\",\"potentialAction\":[{\"@type\":\"SearchAction\",\"target\":{\"@type\":\"EntryPoint\",\"urlTemplate\":\"https:\/\/www.naturparkmagazin.de\/stechlin\/?s={search_term_string}\"},\"query-input\":\"required name=search_term_string\"}],\"inLanguage\":\"de\"},{\"@type\":\"Person\",\"@id\":\"https:\/\/www.naturparkmagazin.de\/stechlin\/#\/schema\/person\/3f0d93203df21c806dd63c76d9bb28bc\",\"name\":\"marioschrumpf\",\"url\":\"https:\/\/www.naturparkmagazin.de\/stechlin\/author\/marioschrumpf\/\"}]}<\/script>\n<!-- \/ Yoast SEO plugin. -->","yoast_head_json":{"title":"Naturpark Stechlin-Ruppiner Land auf der Landesgartenschau in Beelitz - Naturpark Stechlin-Ruppiner Land","robots":{"index":"index","follow":"follow","max-snippet":"max-snippet:-1","max-image-preview":"max-image-preview:large","max-video-preview":"max-video-preview:-1"},"canonical":"https:\/\/www.naturparkmagazin.de\/stechlin\/naturpark-stechlin-ruppiner-land-auf-der-laga-beelitz-2\/","og_locale":"de_DE","og_type":"article","og_title":"Naturpark Stechlin-Ruppiner Land auf der Landesgartenschau in Beelitz - Naturpark Stechlin-Ruppiner Land","og_description":"An zwei Wochenendtagen im April waren jeweils 3 Kolleg*innen der Naturwacht und der Naturparkverwaltung Stechlin-Ruppiner Land auf der Landesgartenschau in Beelitz im Einsatz.","og_url":"https:\/\/www.naturparkmagazin.de\/stechlin\/naturpark-stechlin-ruppiner-land-auf-der-laga-beelitz-2\/","og_site_name":"Naturpark Stechlin-Ruppiner Land","article_published_time":"2022-05-16T14:00:29+00:00","article_modified_time":"2022-05-18T07:13:43+00:00","og_image":[{"width":200,"height":200,"url":"https:\/\/www.naturparkmagazin.de\/stechlin\/wp-content\/uploads\/sites\/38\/IMG_20220424_123327_5.jpg","type":"image\/jpeg"}],"author":"marioschrumpf","twitter_misc":{"Verfasst von":"marioschrumpf","Gesch\u00e4tzte Lesezeit":"1\u00a0Minute"},"schema":{"@context":"https:\/\/schema.org","@graph":[{"@type":"WebPage","@id":"https:\/\/www.naturparkmagazin.de\/stechlin\/naturpark-stechlin-ruppiner-land-auf-der-laga-beelitz-2\/","url":"https:\/\/www.naturparkmagazin.de\/stechlin\/naturpark-stechlin-ruppiner-land-auf-der-laga-beelitz-2\/","name":"Naturpark Stechlin-Ruppiner Land auf der Landesgartenschau in Beelitz - Naturpark Stechlin-Ruppiner Land","isPartOf":{"@id":"https:\/\/www.naturparkmagazin.de\/stechlin\/#website"},"datePublished":"2022-05-16T14:00:29+00:00","dateModified":"2022-05-18T07:13:43+00:00","author":{"@id":"https:\/\/www.naturparkmagazin.de\/stechlin\/#\/schema\/person\/3f0d93203df21c806dd63c76d9bb28bc"},"breadcrumb":{"@id":"https:\/\/www.naturparkmagazin.de\/stechlin\/naturpark-stechlin-ruppiner-land-auf-der-laga-beelitz-2\/#breadcrumb"},"inLanguage":"de","potentialAction":[{"@type":"ReadAction","target":["https:\/\/www.naturparkmagazin.de\/stechlin\/naturpark-stechlin-ruppiner-land-auf-der-laga-beelitz-2\/"]}]},{"@type":"BreadcrumbList","@id":"https:\/\/www.naturparkmagazin.de\/stechlin\/naturpark-stechlin-ruppiner-land-auf-der-laga-beelitz-2\/#breadcrumb","itemListElement":[{"@type":"ListItem","position":1,"name":"Home","item":"https:\/\/www.naturparkmagazin.de\/stechlin\/"},{"@type":"ListItem","position":2,"name":"Naturpark Stechlin-Ruppiner Land auf der Landesgartenschau in Beelitz"}]},{"@type":"WebSite","@id":"https:\/\/www.naturparkmagazin.de\/stechlin\/#website","url":"https:\/\/www.naturparkmagazin.de\/stechlin\/","name":"Naturpark Stechlin-Ruppiner Land","description":"","potentialAction":[{"@type":"SearchAction","target":{"@type":"EntryPoint","urlTemplate":"https:\/\/www.naturparkmagazin.de\/stechlin\/?s={search_term_string}"},"query-input":"required name=search_term_string"}],"inLanguage":"de"},{"@type":"Person","@id":"https:\/\/www.naturparkmagazin.de\/stechlin\/#\/schema\/person\/3f0d93203df21c806dd63c76d9bb28bc","name":"marioschrumpf","url":"https:\/\/www.naturparkmagazin.de\/stechlin\/author\/marioschrumpf\/"}]}},"_links":{"self":[{"href":"https:\/\/www.naturparkmagazin.de\/stechlin\/wp-json\/wp\/v2\/posts\/12079"}],"collection":[{"href":"https:\/\/www.naturparkmagazin.de\/stechlin\/wp-json\/wp\/v2\/posts"}],"about":[{"href":"https:\/\/www.naturparkmagazin.de\/stechlin\/wp-json\/wp\/v2\/types\/post"}],"author":[{"embeddable":true,"href":"https:\/\/www.naturparkmagazin.de\/stechlin\/wp-json\/wp\/v2\/users\/39"}],"replies":[{"embeddable":true,"href":"https:\/\/www.naturparkmagazin.de\/stechlin\/wp-json\/wp\/v2\/comments?post=12079"}],"version-history":[{"count":12,"href":"https:\/\/www.naturparkmagazin.de\/stechlin\/wp-json\/wp\/v2\/posts\/12079\/revisions"}],"predecessor-version":[{"id":12188,"href":"https:\/\/www.naturparkmagazin.de\/stechlin\/wp-json\/wp\/v2\/posts\/12079\/revisions\/12188"}],"wp:featuredmedia":[{"embeddable":true,"href":"https:\/\/www.naturparkmagazin.de\/stechlin\/wp-json\/wp\/v2\/media\/12126"}],"wp:attachment":[{"href":"https:\/\/www.naturparkmagazin.de\/stechlin\/wp-json\/wp\/v2\/media?parent=12079"}],"wp:term":[{"taxonomy":"category","embeddable":true,"href":"https:\/\/www.naturparkmagazin.de\/stechlin\/wp-json\/wp\/v2\/categories?post=12079"},{"taxonomy":"post_tag","embeddable":true,"href":"https:\/\/www.naturparkmagazin.de\/stechlin\/wp-json\/wp\/v2\/tags?post=12079"}],"curies":[{"name":"wp","href":"https:\/\/api.w.org\/{rel}","templated":true}]}}