{"id":12081,"date":"2022-06-16T16:00:57","date_gmt":"2022-06-16T14:00:57","guid":{"rendered":"https:\/\/www.naturparkmagazin.de\/stechlin\/?p=12081"},"modified":"2022-06-23T11:51:30","modified_gmt":"2022-06-23T09:51:30","slug":"der-lpv-prignitz-ruppiner-land-e-v-feierte-sein-5-jaehriges-bestehen","status":"publish","type":"post","link":"https:\/\/www.naturparkmagazin.de\/stechlin\/der-lpv-prignitz-ruppiner-land-e-v-feierte-sein-5-jaehriges-bestehen\/","title":{"rendered":"Der LPV Prignitz-Ruppiner Land e. V. feierte sein 5-j\u00e4hriges Bestehen"},"content":{"rendered":"<p>In der Heilig-Geist-Kirche in Wittstock\/Dosse feierte der Landschaftspflegeverband Prignitz-Ruppiner Land e.V. im Fr\u00fchjahr nach langer coronabedingter &#8222;Abstinenz&#8220; bei einer endlich wieder analogen Mitgliederversammlung sein 5-j\u00e4hriges Bestehen.<\/p>\n<div id=\"attachment_12136\" style=\"width: 310px\" class=\"wp-caption aligncenter\"><a href=\"https:\/\/www.naturparkmagazin.de\/stechlin\/wp-content\/uploads\/sites\/38\/DSC_00011.jpg\"><img aria-describedby=\"caption-attachment-12136\" decoding=\"async\" loading=\"lazy\" class=\"size-thumbnail wp-image-12136\" src=\"https:\/\/www.naturparkmagazin.de\/stechlin\/wp-content\/uploads\/sites\/38\/DSC_00011-300x180.jpg\" alt=\"In der Heiliggeistkirche in Wittstock\/Dosse trafen sich nach langer Zeit 30 Mitglieder*innen des LPV. \u00a9 Heiko Strobel\" width=\"300\" height=\"180\" srcset=\"https:\/\/www.naturparkmagazin.de\/stechlin\/wp-content\/uploads\/sites\/38\/DSC_00011-300x180.jpg 300w, https:\/\/www.naturparkmagazin.de\/stechlin\/wp-content\/uploads\/sites\/38\/DSC_00011.jpg 500w, https:\/\/www.naturparkmagazin.de\/stechlin\/wp-content\/uploads\/sites\/38\/DSC_00011-200x120.jpg 200w\" sizes=\"(max-width: 300px) 100vw, 300px\" \/><\/a><p id=\"caption-attachment-12136\" class=\"wp-caption-text\">In der Heilig-Geist-Kirche in Wittstock\/Dosse trafen sich nach langer Zeit 30 Mitglieder*innen des LPV.\u00a9 Heiko Strobel<\/p><\/div>\n<p>Dabei wurden die sehr vielseitigen Projekte des LPV, wie z.B. &#8222;<a href=\"http:\/\/neu.lpv-prignitz-ruppin.de\/lpv-netzwerk.html\" target=\"_blank\">Land Schafft Wandel<\/a>&#8222;, &#8222;<a href=\"https:\/\/www.bienen-opr.de\/bienen-brauchen-blueten-start.html\" target=\"_blank\">Bienen brauchen Bl\u00fcten<\/a>&#8220; oder &#8222;<a href=\"http:\/\/neu.lpv-prignitz-ruppin.de\/hanf.html\" target=\"_blank\">Kompetenznetzwerk Hanf<\/a>&#8220; vorgestellt.<\/p>\n<div id=\"attachment_12139\" style=\"width: 310px\" class=\"wp-caption aligncenter\"><a href=\"https:\/\/www.naturparkmagazin.de\/stechlin\/wp-content\/uploads\/sites\/38\/DSC_00031.jpg\"><img aria-describedby=\"caption-attachment-12139\" decoding=\"async\" loading=\"lazy\" class=\"size-thumbnail wp-image-12139\" src=\"https:\/\/www.naturparkmagazin.de\/stechlin\/wp-content\/uploads\/sites\/38\/DSC_00031-300x180.jpg\" alt=\"Andreas Bergmann, alter und neuer Vorsitzender des LPV Prignitz-Ruppiner Land e.V., berichtet vor 30 anwesenden Mitglieder*innen \u00fcber die Projekte des LPV. \u00a9 Heiko Strobel\" width=\"300\" height=\"180\" srcset=\"https:\/\/www.naturparkmagazin.de\/stechlin\/wp-content\/uploads\/sites\/38\/DSC_00031-300x180.jpg 300w, https:\/\/www.naturparkmagazin.de\/stechlin\/wp-content\/uploads\/sites\/38\/DSC_00031.jpg 500w, https:\/\/www.naturparkmagazin.de\/stechlin\/wp-content\/uploads\/sites\/38\/DSC_00031-200x120.jpg 200w\" sizes=\"(max-width: 300px) 100vw, 300px\" \/><\/a><p id=\"caption-attachment-12139\" class=\"wp-caption-text\">Andreas Bergmann berichtet \u00fcber die Projekte des LPV.\u00a9 Heiko Strobel<\/p><\/div>\n<p>Au\u00dferdem wurde ein neuer Vorstand gew\u00e4hlt, der sich dittelparit\u00e4tisch aus Vertreter*innen der Landwirtschaft, des Naturschutzes und der Kommunen zusammensetzt.<\/p>\n<div id=\"attachment_12140\" style=\"width: 310px\" class=\"wp-caption aligncenter\"><a href=\"https:\/\/www.naturparkmagazin.de\/stechlin\/wp-content\/uploads\/sites\/38\/DSC_00061.jpg\"><img aria-describedby=\"caption-attachment-12140\" decoding=\"async\" loading=\"lazy\" class=\"size-thumbnail wp-image-12140\" src=\"https:\/\/www.naturparkmagazin.de\/stechlin\/wp-content\/uploads\/sites\/38\/DSC_00061-300x180.jpg\" alt=\"Das Team des neu gew\u00e4hlten Vorstandes des LPV Bettina Teiche, Hans Sch\u00e4fer, Bernd Zimmermann, Bernd Ewert, Reinhard Brehe, Holger Kippenhahn, Dr. Kirsten Tackmann, Burkhard Schulz, Andreas Bergmann (v.l.n.r.) \u00a9 Heiko Strobel\" width=\"300\" height=\"180\" srcset=\"https:\/\/www.naturparkmagazin.de\/stechlin\/wp-content\/uploads\/sites\/38\/DSC_00061-300x180.jpg 300w, https:\/\/www.naturparkmagazin.de\/stechlin\/wp-content\/uploads\/sites\/38\/DSC_00061.jpg 500w, https:\/\/www.naturparkmagazin.de\/stechlin\/wp-content\/uploads\/sites\/38\/DSC_00061-200x120.jpg 200w\" sizes=\"(max-width: 300px) 100vw, 300px\" \/><\/a><p id=\"caption-attachment-12140\" class=\"wp-caption-text\">Das Team des neu gew\u00e4hlten Vorstandes: Bettina Teiche, Hans Sch\u00e4fer, Bernd Zimmermann, Bernd Ewert, Reinhard Brehe, Holger Kippenhahn, Dr. Kirsten Tackmann, Burkhard Schulz, Andreas Bergmann (v.l.n.r.)\u00a9 Heiko Strobel<\/p><\/div>\n","protected":false},"excerpt":{"rendered":"<p>In der Heilig-Geist-Kirche in Wittstock\/Dosse feierte der Landschaftspflegeverband Prignitz-Ruppiner Land e.V. im Fr\u00fchjahr bei einer Mitgliederversammlung sein 5-j\u00e4hriges Bestehen. <\/p>\n","protected":false},"author":39,"featured_media":12138,"comment_status":"open","ping_status":"open","sticky":false,"template":"","format":"standard","meta":[],"categories":[7],"tags":[],"yoast_head":"<!-- This site is optimized with the Yoast SEO plugin v19.10 - https:\/\/yoast.com\/wordpress\/plugins\/seo\/ -->\n<title>Der LPV Prignitz-Ruppiner Land e. V. feierte sein 5-j\u00e4hriges Bestehen - Naturpark Stechlin-Ruppiner Land<\/title>\n<meta name=\"robots\" content=\"index, follow, max-snippet:-1, max-image-preview:large, max-video-preview:-1\" \/>\n<link rel=\"canonical\" href=\"https:\/\/www.naturparkmagazin.de\/stechlin\/der-lpv-prignitz-ruppiner-land-e-v-feierte-sein-5-jaehriges-bestehen\/\" \/>\n<meta property=\"og:locale\" content=\"de_DE\" \/>\n<meta property=\"og:type\" content=\"article\" \/>\n<meta property=\"og:title\" content=\"Der LPV Prignitz-Ruppiner Land e. V. feierte sein 5-j\u00e4hriges Bestehen - Naturpark Stechlin-Ruppiner Land\" \/>\n<meta property=\"og:description\" content=\"In der Heilig-Geist-Kirche in Wittstock\/Dosse feierte der Landschaftspflegeverband Prignitz-Ruppiner Land e.V. im Fr\u00fchjahr bei einer Mitgliederversammlung sein 5-j\u00e4hriges Bestehen.\" \/>\n<meta property=\"og:url\" content=\"https:\/\/www.naturparkmagazin.de\/stechlin\/der-lpv-prignitz-ruppiner-land-e-v-feierte-sein-5-jaehriges-bestehen\/\" \/>\n<meta property=\"og:site_name\" content=\"Naturpark Stechlin-Ruppiner Land\" \/>\n<meta property=\"article:published_time\" content=\"2022-06-16T14:00:57+00:00\" \/>\n<meta property=\"article:modified_time\" content=\"2022-06-23T09:51:30+00:00\" \/>\n<meta property=\"og:image\" content=\"https:\/\/www.naturparkmagazin.de\/stechlin\/wp-content\/uploads\/sites\/38\/DSC_0002_a.jpg\" \/>\n\t<meta property=\"og:image:width\" content=\"200\" \/>\n\t<meta property=\"og:image:height\" content=\"200\" \/>\n\t<meta property=\"og:image:type\" content=\"image\/jpeg\" \/>\n<meta name=\"author\" content=\"marioschrumpf\" \/>\n<meta name=\"twitter:label1\" content=\"Verfasst von\" \/>\n\t<meta name=\"twitter:data1\" content=\"marioschrumpf\" \/>\n\t<meta name=\"twitter:label2\" content=\"Gesch\u00e4tzte Lesezeit\" \/>\n\t<meta name=\"twitter:data2\" content=\"1\u00a0Minute\" \/>\n<script type=\"application\/ld+json\" class=\"yoast-schema-graph\">{\"@context\":\"https:\/\/schema.org\",\"@graph\":[{\"@type\":\"WebPage\",\"@id\":\"https:\/\/www.naturparkmagazin.de\/stechlin\/der-lpv-prignitz-ruppiner-land-e-v-feierte-sein-5-jaehriges-bestehen\/\",\"url\":\"https:\/\/www.naturparkmagazin.de\/stechlin\/der-lpv-prignitz-ruppiner-land-e-v-feierte-sein-5-jaehriges-bestehen\/\",\"name\":\"Der LPV Prignitz-Ruppiner Land e. V. feierte sein 5-j\u00e4hriges Bestehen - Naturpark Stechlin-Ruppiner Land\",\"isPartOf\":{\"@id\":\"https:\/\/www.naturparkmagazin.de\/stechlin\/#website\"},\"datePublished\":\"2022-06-16T14:00:57+00:00\",\"dateModified\":\"2022-06-23T09:51:30+00:00\",\"author\":{\"@id\":\"https:\/\/www.naturparkmagazin.de\/stechlin\/#\/schema\/person\/3f0d93203df21c806dd63c76d9bb28bc\"},\"breadcrumb\":{\"@id\":\"https:\/\/www.naturparkmagazin.de\/stechlin\/der-lpv-prignitz-ruppiner-land-e-v-feierte-sein-5-jaehriges-bestehen\/#breadcrumb\"},\"inLanguage\":\"de\",\"potentialAction\":[{\"@type\":\"ReadAction\",\"target\":[\"https:\/\/www.naturparkmagazin.de\/stechlin\/der-lpv-prignitz-ruppiner-land-e-v-feierte-sein-5-jaehriges-bestehen\/\"]}]},{\"@type\":\"BreadcrumbList\",\"@id\":\"https:\/\/www.naturparkmagazin.de\/stechlin\/der-lpv-prignitz-ruppiner-land-e-v-feierte-sein-5-jaehriges-bestehen\/#breadcrumb\",\"itemListElement\":[{\"@type\":\"ListItem\",\"position\":1,\"name\":\"Home\",\"item\":\"https:\/\/www.naturparkmagazin.de\/stechlin\/\"},{\"@type\":\"ListItem\",\"position\":2,\"name\":\"Der LPV Prignitz-Ruppiner Land e. V. feierte sein 5-j\u00e4hriges Bestehen\"}]},{\"@type\":\"WebSite\",\"@id\":\"https:\/\/www.naturparkmagazin.de\/stechlin\/#website\",\"url\":\"https:\/\/www.naturparkmagazin.de\/stechlin\/\",\"name\":\"Naturpark Stechlin-Ruppiner Land\",\"description\":\"\",\"potentialAction\":[{\"@type\":\"SearchAction\",\"target\":{\"@type\":\"EntryPoint\",\"urlTemplate\":\"https:\/\/www.naturparkmagazin.de\/stechlin\/?s={search_term_string}\"},\"query-input\":\"required name=search_term_string\"}],\"inLanguage\":\"de\"},{\"@type\":\"Person\",\"@id\":\"https:\/\/www.naturparkmagazin.de\/stechlin\/#\/schema\/person\/3f0d93203df21c806dd63c76d9bb28bc\",\"name\":\"marioschrumpf\",\"url\":\"https:\/\/www.naturparkmagazin.de\/stechlin\/author\/marioschrumpf\/\"}]}<\/script>\n<!-- \/ Yoast SEO plugin. -->","yoast_head_json":{"title":"Der LPV Prignitz-Ruppiner Land e. V. feierte sein 5-j\u00e4hriges Bestehen - Naturpark Stechlin-Ruppiner Land","robots":{"index":"index","follow":"follow","max-snippet":"max-snippet:-1","max-image-preview":"max-image-preview:large","max-video-preview":"max-video-preview:-1"},"canonical":"https:\/\/www.naturparkmagazin.de\/stechlin\/der-lpv-prignitz-ruppiner-land-e-v-feierte-sein-5-jaehriges-bestehen\/","og_locale":"de_DE","og_type":"article","og_title":"Der LPV Prignitz-Ruppiner Land e. V. feierte sein 5-j\u00e4hriges Bestehen - Naturpark Stechlin-Ruppiner Land","og_description":"In der Heilig-Geist-Kirche in Wittstock\/Dosse feierte der Landschaftspflegeverband Prignitz-Ruppiner Land e.V. im Fr\u00fchjahr bei einer Mitgliederversammlung sein 5-j\u00e4hriges Bestehen.","og_url":"https:\/\/www.naturparkmagazin.de\/stechlin\/der-lpv-prignitz-ruppiner-land-e-v-feierte-sein-5-jaehriges-bestehen\/","og_site_name":"Naturpark Stechlin-Ruppiner Land","article_published_time":"2022-06-16T14:00:57+00:00","article_modified_time":"2022-06-23T09:51:30+00:00","og_image":[{"width":200,"height":200,"url":"https:\/\/www.naturparkmagazin.de\/stechlin\/wp-content\/uploads\/sites\/38\/DSC_0002_a.jpg","type":"image\/jpeg"}],"author":"marioschrumpf","twitter_misc":{"Verfasst von":"marioschrumpf","Gesch\u00e4tzte Lesezeit":"1\u00a0Minute"},"schema":{"@context":"https:\/\/schema.org","@graph":[{"@type":"WebPage","@id":"https:\/\/www.naturparkmagazin.de\/stechlin\/der-lpv-prignitz-ruppiner-land-e-v-feierte-sein-5-jaehriges-bestehen\/","url":"https:\/\/www.naturparkmagazin.de\/stechlin\/der-lpv-prignitz-ruppiner-land-e-v-feierte-sein-5-jaehriges-bestehen\/","name":"Der LPV Prignitz-Ruppiner Land e. V. feierte sein 5-j\u00e4hriges Bestehen - Naturpark Stechlin-Ruppiner Land","isPartOf":{"@id":"https:\/\/www.naturparkmagazin.de\/stechlin\/#website"},"datePublished":"2022-06-16T14:00:57+00:00","dateModified":"2022-06-23T09:51:30+00:00","author":{"@id":"https:\/\/www.naturparkmagazin.de\/stechlin\/#\/schema\/person\/3f0d93203df21c806dd63c76d9bb28bc"},"breadcrumb":{"@id":"https:\/\/www.naturparkmagazin.de\/stechlin\/der-lpv-prignitz-ruppiner-land-e-v-feierte-sein-5-jaehriges-bestehen\/#breadcrumb"},"inLanguage":"de","potentialAction":[{"@type":"ReadAction","target":["https:\/\/www.naturparkmagazin.de\/stechlin\/der-lpv-prignitz-ruppiner-land-e-v-feierte-sein-5-jaehriges-bestehen\/"]}]},{"@type":"BreadcrumbList","@id":"https:\/\/www.naturparkmagazin.de\/stechlin\/der-lpv-prignitz-ruppiner-land-e-v-feierte-sein-5-jaehriges-bestehen\/#breadcrumb","itemListElement":[{"@type":"ListItem","position":1,"name":"Home","item":"https:\/\/www.naturparkmagazin.de\/stechlin\/"},{"@type":"ListItem","position":2,"name":"Der LPV Prignitz-Ruppiner Land e. V. feierte sein 5-j\u00e4hriges Bestehen"}]},{"@type":"WebSite","@id":"https:\/\/www.naturparkmagazin.de\/stechlin\/#website","url":"https:\/\/www.naturparkmagazin.de\/stechlin\/","name":"Naturpark Stechlin-Ruppiner Land","description":"","potentialAction":[{"@type":"SearchAction","target":{"@type":"EntryPoint","urlTemplate":"https:\/\/www.naturparkmagazin.de\/stechlin\/?s={search_term_string}"},"query-input":"required name=search_term_string"}],"inLanguage":"de"},{"@type":"Person","@id":"https:\/\/www.naturparkmagazin.de\/stechlin\/#\/schema\/person\/3f0d93203df21c806dd63c76d9bb28bc","name":"marioschrumpf","url":"https:\/\/www.naturparkmagazin.de\/stechlin\/author\/marioschrumpf\/"}]}},"_links":{"self":[{"href":"https:\/\/www.naturparkmagazin.de\/stechlin\/wp-json\/wp\/v2\/posts\/12081"}],"collection":[{"href":"https:\/\/www.naturparkmagazin.de\/stechlin\/wp-json\/wp\/v2\/posts"}],"about":[{"href":"https:\/\/www.naturparkmagazin.de\/stechlin\/wp-json\/wp\/v2\/types\/post"}],"author":[{"embeddable":true,"href":"https:\/\/www.naturparkmagazin.de\/stechlin\/wp-json\/wp\/v2\/users\/39"}],"replies":[{"embeddable":true,"href":"https:\/\/www.naturparkmagazin.de\/stechlin\/wp-json\/wp\/v2\/comments?post=12081"}],"version-history":[{"count":4,"href":"https:\/\/www.naturparkmagazin.de\/stechlin\/wp-json\/wp\/v2\/posts\/12081\/revisions"}],"predecessor-version":[{"id":12298,"href":"https:\/\/www.naturparkmagazin.de\/stechlin\/wp-json\/wp\/v2\/posts\/12081\/revisions\/12298"}],"wp:featuredmedia":[{"embeddable":true,"href":"https:\/\/www.naturparkmagazin.de\/stechlin\/wp-json\/wp\/v2\/media\/12138"}],"wp:attachment":[{"href":"https:\/\/www.naturparkmagazin.de\/stechlin\/wp-json\/wp\/v2\/media?parent=12081"}],"wp:term":[{"taxonomy":"category","embeddable":true,"href":"https:\/\/www.naturparkmagazin.de\/stechlin\/wp-json\/wp\/v2\/categories?post=12081"},{"taxonomy":"post_tag","embeddable":true,"href":"https:\/\/www.naturparkmagazin.de\/stechlin\/wp-json\/wp\/v2\/tags?post=12081"}],"curies":[{"name":"wp","href":"https:\/\/api.w.org\/{rel}","templated":true}]}}