{"id":12309,"date":"2022-07-15T15:00:49","date_gmt":"2022-07-15T13:00:49","guid":{"rendered":"https:\/\/www.naturparkmagazin.de\/stechlin\/?p=12309"},"modified":"2022-07-20T16:00:09","modified_gmt":"2022-07-20T14:00:09","slug":"vom-blasenpflaster-bis-lunchpaket","status":"publish","type":"post","link":"https:\/\/www.naturparkmagazin.de\/stechlin\/vom-blasenpflaster-bis-lunchpaket\/","title":{"rendered":"Vom Blasenpflaster bis Lunchpaket"},"content":{"rendered":"<p>Sie stellen gezielt Wanderinfos bereit, bieten Hol- und Bringservices sowie Gep\u00e4cktransfers an oder schn\u00fcren Lunchpakete mit regionalen Produkten: Die vom Deutschen Wanderverband zertifizierten Qualit\u00e4tsgastgeber haben ihre Ausstattung und ihren Service ganz auf die speziellen Bed\u00fcrfnisse von Wandertouristen ausgerichtet. Im Ruppiner Seenland gibt es vier solcher Qualit\u00e4tsgastgeber.<\/p>\n<p>Zwei von ihnen wurden nun rezertifiziert: Am 11. und 13. Mai 2022 erhielten der Kremserhof Zerm\u00fctzel und die Jugendherberge Ravensbr\u00fcck ihre Verl\u00e4ngerungsurkunden und Plaketten f\u00fcr die n\u00e4chsten drei Jahre. Im Landkreis Ostprignitz-Ruppin und im Naturpark Stechlin-Ruppiner Land \u00fcbernimmt der Naturparkmitarbeiter Olaf Wolff Pr\u00fcfungen und (Re-) Zertifizierungen im Auftrag des Deutschen Wanderverbandes und des Tourismusverbands Ruppiner Seenland e. V.<\/p>\n<div id=\"attachment_12388\" style=\"width: 310px\" class=\"wp-caption aligncenter\"><a href=\"https:\/\/www.naturparkmagazin.de\/stechlin\/wp-content\/uploads\/sites\/38\/Rezertifizierung-Kremserhof-Strache2022.jpg\"><img aria-describedby=\"caption-attachment-12388\" decoding=\"async\" loading=\"lazy\" class=\"size-thumbnail wp-image-12388\" src=\"https:\/\/www.naturparkmagazin.de\/stechlin\/wp-content\/uploads\/sites\/38\/Rezertifizierung-Kremserhof-Strache2022-300x180.jpg\" alt=\"Rezertifizierung Kremserhof Strache2022 \u00a9 Olaf Wolff\" width=\"300\" height=\"180\" srcset=\"https:\/\/www.naturparkmagazin.de\/stechlin\/wp-content\/uploads\/sites\/38\/Rezertifizierung-Kremserhof-Strache2022-300x180.jpg 300w, https:\/\/www.naturparkmagazin.de\/stechlin\/wp-content\/uploads\/sites\/38\/Rezertifizierung-Kremserhof-Strache2022.jpg 500w, https:\/\/www.naturparkmagazin.de\/stechlin\/wp-content\/uploads\/sites\/38\/Rezertifizierung-Kremserhof-Strache2022-200x120.jpg 200w\" sizes=\"(max-width: 300px) 100vw, 300px\" \/><\/a><p id=\"caption-attachment-12388\" class=\"wp-caption-text\">Rezertifizierung Kremserhof Strache2022\u00a9 Olaf Wolff<\/p><\/div>\n<p>F\u00fcr die Zertifizierung notwendig ist die Erf\u00fcllung von 22 Kernkriterien sowie 8 Wahlkriterien \u2013 das bedeutet auch Arbeit. \u201eWir m\u00f6chten, dass die Wanderer in Zukunft f\u00fcr mehrere Tage hier unterwegs sind, dass sie einkehren und \u00fcbernachten k\u00f6nnen. Wir engagieren uns gern f\u00fcr mehr Wanderg\u00e4ste in unserer tollen Region!\u201c, betonen Natascha Geiersberg und J\u00fcrgen Strache vom Kremserhof Zerm\u00fctzel, der seit 2019 als \u201eQualit\u00e4tsgastgeber Wanderbares Deutschland\u201c ausgezeichnet ist. Dass es zunehmend regionale Projekte zur Entwicklung einer Wanderregion gibt, wie den vom Naturpark initiierten \u201eMasterplan Wandern\u201c, freut sie.<\/p>\n<p>Auch Yvonne N\u00e4gel, Leiterin der Jugendherberge Ravensbr\u00fcck, ist gl\u00fccklich \u00fcber die Rezertifizierung und lobt die gute Zusammenarbeit mit dem Naturpark: \u201eInsbesondere beim Thema Wandern freuen wir uns auf immer neue Projekte zu besseren Wanderwegen und gef\u00fchrten Touren.\u201c<\/p>\n<p>Schon seit 2005 setzt der Deutsche Wanderverband mit den Qualit\u00e4tsgastgebern Wanderbares Deutschland bundesweite Standards f\u00fcr Wanderunterk\u00fcnfte und Gastronomie beim Wandern und f\u00f6rdert damit einen nachhaltigen Wandertourismus in Deutschland. Es ist das einzige bundesweit verbreitete und gepr\u00fcfte Zertifikat f\u00fcr wanderfreundliche Gastgeber und ist f\u00fcr viele Wanderg\u00e4ste in ganz Deutschland die erste Wahl bei der Wander- und Urlaubsplanung. Den Gastgebern bietet das Zertifikat \u201eQualit\u00e4tsgastgeber Wanderbares Deutschland\u201c insbesondere bessere Vermarktungsm\u00f6glichkeiten. Zudem profitieren sie von den zahlreichen Leistungen und Vorteilen, die der Deutsche Wanderverband und seine Partner ihnen bieten.<\/p>\n","protected":false},"excerpt":{"rendered":"<p>Erste Rezertifizierungen von zwei \u201eQualit\u00e4tsgastgebern Wanderbares Deutschland\u201c im Ruppiner Seenland!<\/p>\n","protected":false},"author":39,"featured_media":12387,"comment_status":"open","ping_status":"open","sticky":false,"template":"","format":"standard","meta":[],"categories":[7],"tags":[],"yoast_head":"<!-- This site is optimized with the Yoast SEO plugin v19.10 - https:\/\/yoast.com\/wordpress\/plugins\/seo\/ -->\n<title>Vom Blasenpflaster bis Lunchpaket - Naturpark Stechlin-Ruppiner Land<\/title>\n<meta name=\"robots\" content=\"index, follow, max-snippet:-1, max-image-preview:large, max-video-preview:-1\" \/>\n<link rel=\"canonical\" href=\"https:\/\/www.naturparkmagazin.de\/stechlin\/vom-blasenpflaster-bis-lunchpaket\/\" \/>\n<meta property=\"og:locale\" content=\"de_DE\" \/>\n<meta property=\"og:type\" content=\"article\" \/>\n<meta property=\"og:title\" content=\"Vom Blasenpflaster bis Lunchpaket - Naturpark Stechlin-Ruppiner Land\" \/>\n<meta property=\"og:description\" content=\"Erste Rezertifizierungen von zwei \u201eQualit\u00e4tsgastgebern Wanderbares Deutschland\u201c im Ruppiner Seenland!\" \/>\n<meta property=\"og:url\" content=\"https:\/\/www.naturparkmagazin.de\/stechlin\/vom-blasenpflaster-bis-lunchpaket\/\" \/>\n<meta property=\"og:site_name\" content=\"Naturpark Stechlin-Ruppiner Land\" \/>\n<meta property=\"article:published_time\" content=\"2022-07-15T13:00:49+00:00\" \/>\n<meta property=\"article:modified_time\" content=\"2022-07-20T14:00:09+00:00\" \/>\n<meta property=\"og:image\" content=\"https:\/\/www.naturparkmagazin.de\/stechlin\/wp-content\/uploads\/sites\/38\/2022_05_30-Rezertifizierung-JH-Ravensbr\u00fcck-c-Naturpark-Stechlin-Ruppiner-Land_a.jpg\" \/>\n\t<meta property=\"og:image:width\" content=\"200\" \/>\n\t<meta property=\"og:image:height\" content=\"200\" \/>\n\t<meta property=\"og:image:type\" content=\"image\/jpeg\" \/>\n<meta name=\"author\" content=\"marioschrumpf\" \/>\n<meta name=\"twitter:label1\" content=\"Verfasst von\" \/>\n\t<meta name=\"twitter:data1\" content=\"marioschrumpf\" \/>\n\t<meta name=\"twitter:label2\" content=\"Gesch\u00e4tzte Lesezeit\" \/>\n\t<meta name=\"twitter:data2\" content=\"2\u00a0Minuten\" \/>\n<script type=\"application\/ld+json\" class=\"yoast-schema-graph\">{\"@context\":\"https:\/\/schema.org\",\"@graph\":[{\"@type\":\"WebPage\",\"@id\":\"https:\/\/www.naturparkmagazin.de\/stechlin\/vom-blasenpflaster-bis-lunchpaket\/\",\"url\":\"https:\/\/www.naturparkmagazin.de\/stechlin\/vom-blasenpflaster-bis-lunchpaket\/\",\"name\":\"Vom Blasenpflaster bis Lunchpaket - Naturpark Stechlin-Ruppiner Land\",\"isPartOf\":{\"@id\":\"https:\/\/www.naturparkmagazin.de\/stechlin\/#website\"},\"datePublished\":\"2022-07-15T13:00:49+00:00\",\"dateModified\":\"2022-07-20T14:00:09+00:00\",\"author\":{\"@id\":\"https:\/\/www.naturparkmagazin.de\/stechlin\/#\/schema\/person\/3f0d93203df21c806dd63c76d9bb28bc\"},\"breadcrumb\":{\"@id\":\"https:\/\/www.naturparkmagazin.de\/stechlin\/vom-blasenpflaster-bis-lunchpaket\/#breadcrumb\"},\"inLanguage\":\"de\",\"potentialAction\":[{\"@type\":\"ReadAction\",\"target\":[\"https:\/\/www.naturparkmagazin.de\/stechlin\/vom-blasenpflaster-bis-lunchpaket\/\"]}]},{\"@type\":\"BreadcrumbList\",\"@id\":\"https:\/\/www.naturparkmagazin.de\/stechlin\/vom-blasenpflaster-bis-lunchpaket\/#breadcrumb\",\"itemListElement\":[{\"@type\":\"ListItem\",\"position\":1,\"name\":\"Home\",\"item\":\"https:\/\/www.naturparkmagazin.de\/stechlin\/\"},{\"@type\":\"ListItem\",\"position\":2,\"name\":\"Vom Blasenpflaster bis Lunchpaket\"}]},{\"@type\":\"WebSite\",\"@id\":\"https:\/\/www.naturparkmagazin.de\/stechlin\/#website\",\"url\":\"https:\/\/www.naturparkmagazin.de\/stechlin\/\",\"name\":\"Naturpark Stechlin-Ruppiner Land\",\"description\":\"\",\"potentialAction\":[{\"@type\":\"SearchAction\",\"target\":{\"@type\":\"EntryPoint\",\"urlTemplate\":\"https:\/\/www.naturparkmagazin.de\/stechlin\/?s={search_term_string}\"},\"query-input\":\"required name=search_term_string\"}],\"inLanguage\":\"de\"},{\"@type\":\"Person\",\"@id\":\"https:\/\/www.naturparkmagazin.de\/stechlin\/#\/schema\/person\/3f0d93203df21c806dd63c76d9bb28bc\",\"name\":\"marioschrumpf\",\"url\":\"https:\/\/www.naturparkmagazin.de\/stechlin\/author\/marioschrumpf\/\"}]}<\/script>\n<!-- \/ Yoast SEO plugin. -->","yoast_head_json":{"title":"Vom Blasenpflaster bis Lunchpaket - Naturpark Stechlin-Ruppiner Land","robots":{"index":"index","follow":"follow","max-snippet":"max-snippet:-1","max-image-preview":"max-image-preview:large","max-video-preview":"max-video-preview:-1"},"canonical":"https:\/\/www.naturparkmagazin.de\/stechlin\/vom-blasenpflaster-bis-lunchpaket\/","og_locale":"de_DE","og_type":"article","og_title":"Vom Blasenpflaster bis Lunchpaket - Naturpark Stechlin-Ruppiner Land","og_description":"Erste Rezertifizierungen von zwei \u201eQualit\u00e4tsgastgebern Wanderbares Deutschland\u201c im Ruppiner Seenland!","og_url":"https:\/\/www.naturparkmagazin.de\/stechlin\/vom-blasenpflaster-bis-lunchpaket\/","og_site_name":"Naturpark Stechlin-Ruppiner Land","article_published_time":"2022-07-15T13:00:49+00:00","article_modified_time":"2022-07-20T14:00:09+00:00","og_image":[{"width":200,"height":200,"url":"https:\/\/www.naturparkmagazin.de\/stechlin\/wp-content\/uploads\/sites\/38\/2022_05_30-Rezertifizierung-JH-Ravensbr\u00fcck-c-Naturpark-Stechlin-Ruppiner-Land_a.jpg","type":"image\/jpeg"}],"author":"marioschrumpf","twitter_misc":{"Verfasst von":"marioschrumpf","Gesch\u00e4tzte Lesezeit":"2\u00a0Minuten"},"schema":{"@context":"https:\/\/schema.org","@graph":[{"@type":"WebPage","@id":"https:\/\/www.naturparkmagazin.de\/stechlin\/vom-blasenpflaster-bis-lunchpaket\/","url":"https:\/\/www.naturparkmagazin.de\/stechlin\/vom-blasenpflaster-bis-lunchpaket\/","name":"Vom Blasenpflaster bis Lunchpaket - Naturpark Stechlin-Ruppiner Land","isPartOf":{"@id":"https:\/\/www.naturparkmagazin.de\/stechlin\/#website"},"datePublished":"2022-07-15T13:00:49+00:00","dateModified":"2022-07-20T14:00:09+00:00","author":{"@id":"https:\/\/www.naturparkmagazin.de\/stechlin\/#\/schema\/person\/3f0d93203df21c806dd63c76d9bb28bc"},"breadcrumb":{"@id":"https:\/\/www.naturparkmagazin.de\/stechlin\/vom-blasenpflaster-bis-lunchpaket\/#breadcrumb"},"inLanguage":"de","potentialAction":[{"@type":"ReadAction","target":["https:\/\/www.naturparkmagazin.de\/stechlin\/vom-blasenpflaster-bis-lunchpaket\/"]}]},{"@type":"BreadcrumbList","@id":"https:\/\/www.naturparkmagazin.de\/stechlin\/vom-blasenpflaster-bis-lunchpaket\/#breadcrumb","itemListElement":[{"@type":"ListItem","position":1,"name":"Home","item":"https:\/\/www.naturparkmagazin.de\/stechlin\/"},{"@type":"ListItem","position":2,"name":"Vom Blasenpflaster bis Lunchpaket"}]},{"@type":"WebSite","@id":"https:\/\/www.naturparkmagazin.de\/stechlin\/#website","url":"https:\/\/www.naturparkmagazin.de\/stechlin\/","name":"Naturpark Stechlin-Ruppiner Land","description":"","potentialAction":[{"@type":"SearchAction","target":{"@type":"EntryPoint","urlTemplate":"https:\/\/www.naturparkmagazin.de\/stechlin\/?s={search_term_string}"},"query-input":"required name=search_term_string"}],"inLanguage":"de"},{"@type":"Person","@id":"https:\/\/www.naturparkmagazin.de\/stechlin\/#\/schema\/person\/3f0d93203df21c806dd63c76d9bb28bc","name":"marioschrumpf","url":"https:\/\/www.naturparkmagazin.de\/stechlin\/author\/marioschrumpf\/"}]}},"_links":{"self":[{"href":"https:\/\/www.naturparkmagazin.de\/stechlin\/wp-json\/wp\/v2\/posts\/12309"}],"collection":[{"href":"https:\/\/www.naturparkmagazin.de\/stechlin\/wp-json\/wp\/v2\/posts"}],"about":[{"href":"https:\/\/www.naturparkmagazin.de\/stechlin\/wp-json\/wp\/v2\/types\/post"}],"author":[{"embeddable":true,"href":"https:\/\/www.naturparkmagazin.de\/stechlin\/wp-json\/wp\/v2\/users\/39"}],"replies":[{"embeddable":true,"href":"https:\/\/www.naturparkmagazin.de\/stechlin\/wp-json\/wp\/v2\/comments?post=12309"}],"version-history":[{"count":3,"href":"https:\/\/www.naturparkmagazin.de\/stechlin\/wp-json\/wp\/v2\/posts\/12309\/revisions"}],"predecessor-version":[{"id":12412,"href":"https:\/\/www.naturparkmagazin.de\/stechlin\/wp-json\/wp\/v2\/posts\/12309\/revisions\/12412"}],"wp:featuredmedia":[{"embeddable":true,"href":"https:\/\/www.naturparkmagazin.de\/stechlin\/wp-json\/wp\/v2\/media\/12387"}],"wp:attachment":[{"href":"https:\/\/www.naturparkmagazin.de\/stechlin\/wp-json\/wp\/v2\/media?parent=12309"}],"wp:term":[{"taxonomy":"category","embeddable":true,"href":"https:\/\/www.naturparkmagazin.de\/stechlin\/wp-json\/wp\/v2\/categories?post=12309"},{"taxonomy":"post_tag","embeddable":true,"href":"https:\/\/www.naturparkmagazin.de\/stechlin\/wp-json\/wp\/v2\/tags?post=12309"}],"curies":[{"name":"wp","href":"https:\/\/api.w.org\/{rel}","templated":true}]}}