{"id":12311,"date":"2022-07-15T15:00:00","date_gmt":"2022-07-15T13:00:00","guid":{"rendered":"https:\/\/www.naturparkmagazin.de\/stechlin\/?p=12311"},"modified":"2022-07-20T16:10:13","modified_gmt":"2022-07-20T14:10:13","slug":"orchideenrekorde-im-naturpark-stechlin-ruppiner-land","status":"publish","type":"post","link":"https:\/\/www.naturparkmagazin.de\/stechlin\/orchideenrekorde-im-naturpark-stechlin-ruppiner-land\/","title":{"rendered":"Orchideenrekorde im Naturpark Stechlin-Ruppiner Land"},"content":{"rendered":"<p>Im Mai und Juni l\u00e4sst sich eine au\u00dfergew\u00f6hnlich sch\u00f6ne, aber mittlerweile in Deutschland seltene Bl\u00fctenpracht im Naturpark Stechlin-Ruppiner Land beobachten. Dort bl\u00fchen f\u00fcr einige Tage Tausende Orchideen wie das Breitbl\u00e4ttrige Knabenkraut. Eine gute Gelegenheit f\u00fcr die Rangerinnen und Ranger der Naturwacht, die aktuellen Best\u00e4nde der seltenen Pflanzen zu erfassen. Dank regelm\u00e4\u00dfiger Pflege und g\u00fcnstiger Witterungsbedingungen nehmen diese seit einigen Jahren wieder zu. Die Schleusenwiese am Roofensee in Menz klettert zuletzt von Rekord zu Rekord.<\/p>\n<div id=\"attachment_7062\" style=\"width: 310px\" class=\"wp-caption aligncenter\"><a href=\"https:\/\/www.naturparkmagazin.de\/stechlin\/wp-content\/uploads\/sites\/38\/Orchideen_11.jpg\"><img aria-describedby=\"caption-attachment-7062\" decoding=\"async\" loading=\"lazy\" class=\"size-thumbnail wp-image-7062\" src=\"https:\/\/www.naturparkmagazin.de\/stechlin\/wp-content\/uploads\/sites\/38\/Orchideen_11-300x180.jpg\" alt=\"Kontrolle der Orchideenwiese in Zippelsf\u00f6rde durch Frau Steinberg von der Naturwacht.\" width=\"300\" height=\"180\" srcset=\"https:\/\/www.naturparkmagazin.de\/stechlin\/wp-content\/uploads\/sites\/38\/Orchideen_11-300x180.jpg 300w, https:\/\/www.naturparkmagazin.de\/stechlin\/wp-content\/uploads\/sites\/38\/Orchideen_11.jpg 500w, https:\/\/www.naturparkmagazin.de\/stechlin\/wp-content\/uploads\/sites\/38\/Orchideen_11-200x120.jpg 200w\" sizes=\"(max-width: 300px) 100vw, 300px\" \/><\/a><p id=\"caption-attachment-7062\" class=\"wp-caption-text\">Kontrolle der Orchideenwiese in Zippelsf\u00f6rde durch Frau Steinberg von der Naturwacht.<\/p><\/div>\n<p>\u201e<em>Wir z\u00e4hlen im gesamten Naturpark auf 30 Fl\u00e4chen Orchideen<\/em>\u201c, erkl\u00e4rt Anke Rudnik, Gebietsleiterin der Naturwacht im Naturpark Stechlin-Ruppiner Land. Die Knabenkr\u00e4uter machen es den Ranger*innen nicht allzu schwer, denn die \u00fcppigen, lila-wei\u00df gef\u00e4rbten Bl\u00fctenst\u00e4nde der Orchideen heben sich gut ab vom satten Gr\u00fcn der Wiese.<\/p>\n<p>In den vergangenen Jahren d\u00fcrfen sich die hauptamtlichen Natursch\u00fctzer*innen \u00fcber wachsende Vorkommen an fast allen Standorten freuen. Auf den Fl\u00e4chen bei Altruppin und Zechlinerh\u00fctte hat sich die Zahl der Orchideen seit Beginn der Z\u00e4hlungen fast verdoppelt. Bei Griebsee z\u00e4hlten die Ranger*innen sogar dreimal so viele Knabenkr\u00e4uter. Spitzenreiter ist die Schleusenwiese am Roofensee bei Menz im Naturschutzgebiet Stechlin. Mitte der 1990er Jahre bl\u00fchten dort lediglich einige 100 Exemplare. 2017 waren es bereits mehr als 10.000 Orchideen und aktuell sogar 33.600 Knabenkr\u00e4uter.<\/p>\n<div id=\"attachment_7063\" style=\"width: 310px\" class=\"wp-caption aligncenter\"><a href=\"https:\/\/www.naturparkmagazin.de\/stechlin\/wp-content\/uploads\/sites\/38\/Orchideen_03.jpg\"><img aria-describedby=\"caption-attachment-7063\" decoding=\"async\" loading=\"lazy\" class=\"size-thumbnail wp-image-7063\" src=\"https:\/\/www.naturparkmagazin.de\/stechlin\/wp-content\/uploads\/sites\/38\/Orchideen_03-300x180.jpg\" alt=\"Feuchtwiese mit Bachnelkenwurz und Breitbl\u00e4ttrigem Knabenkraut. \u00a9Mario Schrumpf\" width=\"300\" height=\"180\" srcset=\"https:\/\/www.naturparkmagazin.de\/stechlin\/wp-content\/uploads\/sites\/38\/Orchideen_03-300x180.jpg 300w, https:\/\/www.naturparkmagazin.de\/stechlin\/wp-content\/uploads\/sites\/38\/Orchideen_03.jpg 500w, https:\/\/www.naturparkmagazin.de\/stechlin\/wp-content\/uploads\/sites\/38\/Orchideen_03-200x120.jpg 200w\" sizes=\"(max-width: 300px) 100vw, 300px\" \/><\/a><p id=\"caption-attachment-7063\" class=\"wp-caption-text\">Feuchtwiese mit Bachnelkenwurz und Breitbl\u00e4ttrigem Knabenkraut. \u00a9Mario Schrumpf<\/p><\/div>\n<p>\u201e<em>Solche Erfolge verdanken wir der beharrlichen Teamarbeit bei der Wiesenpflege<\/em>\u201c, erkl\u00e4rt Anke Rudnik. Seit vielen Jahren m\u00e4ht und ber\u00e4umt ein breites Netzwerk die Feuchtwiese bei Menz. \u201e<em>Ohne die Frauen und M\u00e4nner des Naturpark-F\u00f6rdervereins und der Forst w\u00e4re das nicht in dieser Form m\u00f6glich<\/em>\u201c, freut sich auch Naturparkleiter Mario Schrumpf. \u201e<em>Sogar die Kinder der Arbeitsgemeinschaft \u201eMenzer Naturforscher\u201c von der Menzer Naturparkschule Theodor Fontane haben f\u00fcr eine 400 Quadratmeter gro\u00dfe Fl\u00e4che die Pflege \u00fcbernommen<\/em>\u201c, so Schrumpf.<\/p>\n<p>Andernorts in Deutschland sind die farbenfrohen Knabenkr\u00e4uter auf dem R\u00fcckzug. Durch die Intensivierung der Landwirtschaft und die Trockenlegung vieler Standorte gibt es nur noch wenige Fl\u00e4chen, auf denen sie gedeihen. \u201e<em>Viele Menschen glauben, man sollte die Natur sich selbst \u00fcberlassen, um sie bestm\u00f6glich zu sch\u00fctzen. Bei den Orchideenwiesen in unserer Kulturlandschaft w\u00e4re dies jedoch fatal<\/em>\u201c, erkl\u00e4rt Naturparkleiter Schrumpf. Die Knabenkr\u00e4uter, aber auch andere seltene Arten wie Prachtnelke, K\u00fcmmel-Silge, Teufelsabbiss oder Kuckucks-Lichtnelke sind auf eine regelm\u00e4\u00dfige Pflege durch Beweidung oder Mahd angewiesen, weil sie andernfalls schlichtweg von konkurrenzstarken Arten wie Schilf \u00fcberwuchert und verdr\u00e4ngt werden.<\/p>\n<p>\u201e<em>Fr\u00fcher haben Ziegen und Schafe aus den D\u00f6rfern die Fl\u00e4chen kurz gehalten. Oder der Kaninchenz\u00fcchter, der regelm\u00e4\u00dfig mit der Sense Futter f\u00fcr seine Tiere holte<\/em>\u201c, berichtet Rangerin Anke Rudnik. So konnten die Orchideen vielerorts Fu\u00df fassen.<\/p>\n<p>Seit dem Ende dieser kleinteiligen Nutzung muss die regelm\u00e4\u00dfige Mahd f\u00fcr den Erhalt solcher bundesweit gef\u00e4hrdeten Arten anders organisiert werden. Hier sind Land- und Forstwirte, sowie der Landschaftspflegeverband oder Tierhalter*innen wichtige Partner. Mit ihnen wird abgestimmt, wann die Fl\u00e4che gem\u00e4ht oder die Weidetiere auf der Fl\u00e4che zum Einsatz kommen. Allein in diesem Jahr investiert der Naturpark rund 65.000 Euro im Vertragsnaturschutz in die Pflege von Feuchtwiesen und damit in den Erhalt der Orchideen.<\/p>\n<p>\u201e<em>Knabenkr\u00e4uter finden auch unsere G\u00e4ste spannend. Kaum jemand wei\u00df, dass es Orchideen in Brandenburg gibt<\/em>\u201c, sagt Anke Rudnik. Die Ranger*innen kl\u00e4ren regelm\u00e4\u00dfig dar\u00fcber auf, dass Orchideen nicht aus ihrem Habitat entfernt werden d\u00fcrfen. Es kommt immer wieder vor, dass vermeintliche Pflanzenliebhaber*innen die Knabenkr\u00e4uter als Strau\u00df pfl\u00fccken oder ausgraben, um sie zuhause zu kultivieren. \u201e<em>Das ist besonders \u00e4rgerlich, weil die Pflanzen im Garten in aller Regel eingehen\u201c, erkl\u00e4rt Anke Rudnik. Erstens stimmen die Standortbedingungen dort nicht und zweitens leben die Orchideen mit bestimmten Pilzen in einer Symbiose, die in Gartenb\u00f6den gew\u00f6hnlich nicht anzutreffen sind.&#8220;<\/em><\/p>\n<p><strong>Hintergrund Naturwacht Brandenburg<\/strong><\/p>\n<p>Die Rangerinnen und Ranger der Naturwacht Brandenburg arbeiten seit 1991 in den 15 Nationalen Naturlandschaften (Gro\u00dfschutzgebieten) des Landes als Mittler*innen zwischen Mensch und Natur. Auf rund 9.000 Quadratkilometern \u2013 einem Drittel der Landesfl\u00e4che \u2013 sind sie unterwegs und erfassen Daten zu Tier- und Pflanzenbest\u00e4nden, Grundwasserspiegeln sowie zur Qualit\u00e4t von Gew\u00e4ssern. Sie setzen im Nationalpark, den drei Biosph\u00e4renreservaten und den elf Naturparken zahlreiche Natur- und Artenschutzma\u00dfnahmen um und kontrollieren deren Erfolg.<\/p>\n<p>Gleichzeitig sind die 87 Rangerinnen und Ranger ansprechbar f\u00fcr alle, die in den Nationalen Naturlandschaften leben, arbeiten oder zu Gast sind. Sie begleiten j\u00e4hrlich rund 10.000 Interessierte auf mehr als 500 gef\u00fchrten Touren, teilen ihr Wissen und sensibilisieren f\u00fcr richtiges Verhalten in den Schutzgebieten. Damit st\u00e4rken sie auch den Naturtourismus in der Region. Ein weiteres Arbeitsfeld ist die Bildung f\u00fcr Nachthaltige Entwicklung, BNE: In ihrer Arbeit mit Junior-Ranger-Gruppen oder in Schul-AGs weckt die Naturwacht Interesse an Themen rund um die Nachhaltigkeit und motiviert und bef\u00e4higt die Kinder, selbst aktiv zu werden.<\/p>\n<p>Fast 400 Freiwillige unterst\u00fctzen die Naturwacht Brandenburg bei diesen vielf\u00e4ltig Aufgaben. Seit 1997 arbeitet die Naturwacht unter dem Dach der Stiftung NaturSchutzFonds Brandenburg. Mehr Informationen unter: www.naturwacht.de<\/p>\n","protected":false},"excerpt":{"rendered":"<p>Im Mai und Juni l\u00e4sst sich eine au\u00dfergew\u00f6hnlich sch\u00f6ne, aber mittlerweile in Deutschland seltene Bl\u00fctenpracht im Naturpark Stechlin-Ruppiner Land beobachten. <\/p>\n","protected":false},"author":39,"featured_media":5454,"comment_status":"open","ping_status":"open","sticky":false,"template":"","format":"standard","meta":[],"categories":[7],"tags":[],"yoast_head":"<!-- This site is optimized with the Yoast SEO plugin v19.10 - https:\/\/yoast.com\/wordpress\/plugins\/seo\/ -->\n<title>Orchideenrekorde im Naturpark Stechlin-Ruppiner Land - Naturpark Stechlin-Ruppiner Land<\/title>\n<meta name=\"robots\" content=\"index, follow, max-snippet:-1, max-image-preview:large, max-video-preview:-1\" \/>\n<link rel=\"canonical\" href=\"https:\/\/www.naturparkmagazin.de\/stechlin\/orchideenrekorde-im-naturpark-stechlin-ruppiner-land\/\" \/>\n<meta property=\"og:locale\" content=\"de_DE\" \/>\n<meta property=\"og:type\" content=\"article\" \/>\n<meta property=\"og:title\" content=\"Orchideenrekorde im Naturpark Stechlin-Ruppiner Land - Naturpark Stechlin-Ruppiner Land\" \/>\n<meta property=\"og:description\" content=\"Im Mai und Juni l\u00e4sst sich eine au\u00dfergew\u00f6hnlich sch\u00f6ne, aber mittlerweile in Deutschland seltene Bl\u00fctenpracht im Naturpark Stechlin-Ruppiner Land beobachten.\" \/>\n<meta property=\"og:url\" content=\"https:\/\/www.naturparkmagazin.de\/stechlin\/orchideenrekorde-im-naturpark-stechlin-ruppiner-land\/\" \/>\n<meta property=\"og:site_name\" content=\"Naturpark Stechlin-Ruppiner Land\" \/>\n<meta property=\"article:published_time\" content=\"2022-07-15T13:00:00+00:00\" \/>\n<meta property=\"article:modified_time\" content=\"2022-07-20T14:10:13+00:00\" \/>\n<meta property=\"og:image\" content=\"https:\/\/www.naturparkmagazin.de\/stechlin\/wp-content\/uploads\/sites\/38\/Orchideen.jpg\" \/>\n\t<meta property=\"og:image:width\" content=\"200\" \/>\n\t<meta property=\"og:image:height\" content=\"200\" \/>\n\t<meta property=\"og:image:type\" content=\"image\/jpeg\" \/>\n<meta name=\"author\" content=\"marioschrumpf\" \/>\n<meta name=\"twitter:label1\" content=\"Verfasst von\" \/>\n\t<meta name=\"twitter:data1\" content=\"marioschrumpf\" \/>\n\t<meta name=\"twitter:label2\" content=\"Gesch\u00e4tzte Lesezeit\" \/>\n\t<meta name=\"twitter:data2\" content=\"4\u00a0Minuten\" \/>\n<script type=\"application\/ld+json\" class=\"yoast-schema-graph\">{\"@context\":\"https:\/\/schema.org\",\"@graph\":[{\"@type\":\"WebPage\",\"@id\":\"https:\/\/www.naturparkmagazin.de\/stechlin\/orchideenrekorde-im-naturpark-stechlin-ruppiner-land\/\",\"url\":\"https:\/\/www.naturparkmagazin.de\/stechlin\/orchideenrekorde-im-naturpark-stechlin-ruppiner-land\/\",\"name\":\"Orchideenrekorde im Naturpark Stechlin-Ruppiner Land - Naturpark Stechlin-Ruppiner Land\",\"isPartOf\":{\"@id\":\"https:\/\/www.naturparkmagazin.de\/stechlin\/#website\"},\"datePublished\":\"2022-07-15T13:00:00+00:00\",\"dateModified\":\"2022-07-20T14:10:13+00:00\",\"author\":{\"@id\":\"https:\/\/www.naturparkmagazin.de\/stechlin\/#\/schema\/person\/3f0d93203df21c806dd63c76d9bb28bc\"},\"breadcrumb\":{\"@id\":\"https:\/\/www.naturparkmagazin.de\/stechlin\/orchideenrekorde-im-naturpark-stechlin-ruppiner-land\/#breadcrumb\"},\"inLanguage\":\"de\",\"potentialAction\":[{\"@type\":\"ReadAction\",\"target\":[\"https:\/\/www.naturparkmagazin.de\/stechlin\/orchideenrekorde-im-naturpark-stechlin-ruppiner-land\/\"]}]},{\"@type\":\"BreadcrumbList\",\"@id\":\"https:\/\/www.naturparkmagazin.de\/stechlin\/orchideenrekorde-im-naturpark-stechlin-ruppiner-land\/#breadcrumb\",\"itemListElement\":[{\"@type\":\"ListItem\",\"position\":1,\"name\":\"Home\",\"item\":\"https:\/\/www.naturparkmagazin.de\/stechlin\/\"},{\"@type\":\"ListItem\",\"position\":2,\"name\":\"Orchideenrekorde im Naturpark Stechlin-Ruppiner Land\"}]},{\"@type\":\"WebSite\",\"@id\":\"https:\/\/www.naturparkmagazin.de\/stechlin\/#website\",\"url\":\"https:\/\/www.naturparkmagazin.de\/stechlin\/\",\"name\":\"Naturpark Stechlin-Ruppiner Land\",\"description\":\"\",\"potentialAction\":[{\"@type\":\"SearchAction\",\"target\":{\"@type\":\"EntryPoint\",\"urlTemplate\":\"https:\/\/www.naturparkmagazin.de\/stechlin\/?s={search_term_string}\"},\"query-input\":\"required name=search_term_string\"}],\"inLanguage\":\"de\"},{\"@type\":\"Person\",\"@id\":\"https:\/\/www.naturparkmagazin.de\/stechlin\/#\/schema\/person\/3f0d93203df21c806dd63c76d9bb28bc\",\"name\":\"marioschrumpf\",\"url\":\"https:\/\/www.naturparkmagazin.de\/stechlin\/author\/marioschrumpf\/\"}]}<\/script>\n<!-- \/ Yoast SEO plugin. -->","yoast_head_json":{"title":"Orchideenrekorde im Naturpark Stechlin-Ruppiner Land - Naturpark Stechlin-Ruppiner Land","robots":{"index":"index","follow":"follow","max-snippet":"max-snippet:-1","max-image-preview":"max-image-preview:large","max-video-preview":"max-video-preview:-1"},"canonical":"https:\/\/www.naturparkmagazin.de\/stechlin\/orchideenrekorde-im-naturpark-stechlin-ruppiner-land\/","og_locale":"de_DE","og_type":"article","og_title":"Orchideenrekorde im Naturpark Stechlin-Ruppiner Land - Naturpark Stechlin-Ruppiner Land","og_description":"Im Mai und Juni l\u00e4sst sich eine au\u00dfergew\u00f6hnlich sch\u00f6ne, aber mittlerweile in Deutschland seltene Bl\u00fctenpracht im Naturpark Stechlin-Ruppiner Land beobachten.","og_url":"https:\/\/www.naturparkmagazin.de\/stechlin\/orchideenrekorde-im-naturpark-stechlin-ruppiner-land\/","og_site_name":"Naturpark Stechlin-Ruppiner Land","article_published_time":"2022-07-15T13:00:00+00:00","article_modified_time":"2022-07-20T14:10:13+00:00","og_image":[{"width":200,"height":200,"url":"https:\/\/www.naturparkmagazin.de\/stechlin\/wp-content\/uploads\/sites\/38\/Orchideen.jpg","type":"image\/jpeg"}],"author":"marioschrumpf","twitter_misc":{"Verfasst von":"marioschrumpf","Gesch\u00e4tzte Lesezeit":"4\u00a0Minuten"},"schema":{"@context":"https:\/\/schema.org","@graph":[{"@type":"WebPage","@id":"https:\/\/www.naturparkmagazin.de\/stechlin\/orchideenrekorde-im-naturpark-stechlin-ruppiner-land\/","url":"https:\/\/www.naturparkmagazin.de\/stechlin\/orchideenrekorde-im-naturpark-stechlin-ruppiner-land\/","name":"Orchideenrekorde im Naturpark Stechlin-Ruppiner Land - Naturpark Stechlin-Ruppiner Land","isPartOf":{"@id":"https:\/\/www.naturparkmagazin.de\/stechlin\/#website"},"datePublished":"2022-07-15T13:00:00+00:00","dateModified":"2022-07-20T14:10:13+00:00","author":{"@id":"https:\/\/www.naturparkmagazin.de\/stechlin\/#\/schema\/person\/3f0d93203df21c806dd63c76d9bb28bc"},"breadcrumb":{"@id":"https:\/\/www.naturparkmagazin.de\/stechlin\/orchideenrekorde-im-naturpark-stechlin-ruppiner-land\/#breadcrumb"},"inLanguage":"de","potentialAction":[{"@type":"ReadAction","target":["https:\/\/www.naturparkmagazin.de\/stechlin\/orchideenrekorde-im-naturpark-stechlin-ruppiner-land\/"]}]},{"@type":"BreadcrumbList","@id":"https:\/\/www.naturparkmagazin.de\/stechlin\/orchideenrekorde-im-naturpark-stechlin-ruppiner-land\/#breadcrumb","itemListElement":[{"@type":"ListItem","position":1,"name":"Home","item":"https:\/\/www.naturparkmagazin.de\/stechlin\/"},{"@type":"ListItem","position":2,"name":"Orchideenrekorde im Naturpark Stechlin-Ruppiner Land"}]},{"@type":"WebSite","@id":"https:\/\/www.naturparkmagazin.de\/stechlin\/#website","url":"https:\/\/www.naturparkmagazin.de\/stechlin\/","name":"Naturpark Stechlin-Ruppiner Land","description":"","potentialAction":[{"@type":"SearchAction","target":{"@type":"EntryPoint","urlTemplate":"https:\/\/www.naturparkmagazin.de\/stechlin\/?s={search_term_string}"},"query-input":"required name=search_term_string"}],"inLanguage":"de"},{"@type":"Person","@id":"https:\/\/www.naturparkmagazin.de\/stechlin\/#\/schema\/person\/3f0d93203df21c806dd63c76d9bb28bc","name":"marioschrumpf","url":"https:\/\/www.naturparkmagazin.de\/stechlin\/author\/marioschrumpf\/"}]}},"_links":{"self":[{"href":"https:\/\/www.naturparkmagazin.de\/stechlin\/wp-json\/wp\/v2\/posts\/12311"}],"collection":[{"href":"https:\/\/www.naturparkmagazin.de\/stechlin\/wp-json\/wp\/v2\/posts"}],"about":[{"href":"https:\/\/www.naturparkmagazin.de\/stechlin\/wp-json\/wp\/v2\/types\/post"}],"author":[{"embeddable":true,"href":"https:\/\/www.naturparkmagazin.de\/stechlin\/wp-json\/wp\/v2\/users\/39"}],"replies":[{"embeddable":true,"href":"https:\/\/www.naturparkmagazin.de\/stechlin\/wp-json\/wp\/v2\/comments?post=12311"}],"version-history":[{"count":4,"href":"https:\/\/www.naturparkmagazin.de\/stechlin\/wp-json\/wp\/v2\/posts\/12311\/revisions"}],"predecessor-version":[{"id":12337,"href":"https:\/\/www.naturparkmagazin.de\/stechlin\/wp-json\/wp\/v2\/posts\/12311\/revisions\/12337"}],"wp:featuredmedia":[{"embeddable":true,"href":"https:\/\/www.naturparkmagazin.de\/stechlin\/wp-json\/wp\/v2\/media\/5454"}],"wp:attachment":[{"href":"https:\/\/www.naturparkmagazin.de\/stechlin\/wp-json\/wp\/v2\/media?parent=12311"}],"wp:term":[{"taxonomy":"category","embeddable":true,"href":"https:\/\/www.naturparkmagazin.de\/stechlin\/wp-json\/wp\/v2\/categories?post=12311"},{"taxonomy":"post_tag","embeddable":true,"href":"https:\/\/www.naturparkmagazin.de\/stechlin\/wp-json\/wp\/v2\/tags?post=12311"}],"curies":[{"name":"wp","href":"https:\/\/api.w.org\/{rel}","templated":true}]}}