{"id":12316,"date":"2022-07-15T15:00:18","date_gmt":"2022-07-15T13:00:18","guid":{"rendered":"https:\/\/www.naturparkmagazin.de\/stechlin\/?p=12316"},"modified":"2022-07-20T11:52:06","modified_gmt":"2022-07-20T09:52:06","slug":"vierter-feldtag-in-banzendorf-fuer-flaechen-mit-vielfaeltiger-flora-und-fauna","status":"publish","type":"post","link":"https:\/\/www.naturparkmagazin.de\/stechlin\/vierter-feldtag-in-banzendorf-fuer-flaechen-mit-vielfaeltiger-flora-und-fauna\/","title":{"rendered":"Vierter Feldtag in Banzendorf \u2013 f\u00fcr Fl\u00e4chen mit vielf\u00e4ltiger Flora und Fauna"},"content":{"rendered":"<p>Banzendorf &#8211; am 17. Juni 2022 trafen sich zahlreiche Natursch\u00fctzer, Landwirte, Kommunalpolitiker und Anwohner anl\u00e4sslich des vierten Feldtags &#8211; organisiert vom Landschaftspflegeverband Prignitz-Ruppiner-Land e.V, vom Naturpark Stechlin-Ruppiner-Land und der Preussenquelle Rheinsberg. Schwerpunktthemen des diesj\u00e4hrigen Feldtages waren die Pflanzung von Hecken und die Bedeutung von Brachfl\u00e4chen, die einen wichtigen Teil zur Biodiversita\u0308t, zum Klima-, Wasser- und Bodenschutz im Rahmen von nachhaltig strukturierten Fla\u0308chen leisten.<\/p>\n<div id=\"attachment_12384\" style=\"width: 310px\" class=\"wp-caption aligncenter\"><a href=\"https:\/\/www.naturparkmagazin.de\/stechlin\/wp-content\/uploads\/sites\/38\/begr\u00fc\u00dfung1.jpg\"><img aria-describedby=\"caption-attachment-12384\" decoding=\"async\" loading=\"lazy\" class=\"size-thumbnail wp-image-12384\" src=\"https:\/\/www.naturparkmagazin.de\/stechlin\/wp-content\/uploads\/sites\/38\/begr\u00fc\u00dfung1-300x180.jpg\" alt=\"Begr\u00fc\u00dfung der G\u00e4ste durch Andreas Bergmann, Frank Stieldorf und Dr.Mario Schrumpf \u00a9 Heiko Strobel\" width=\"300\" height=\"180\" srcset=\"https:\/\/www.naturparkmagazin.de\/stechlin\/wp-content\/uploads\/sites\/38\/begr\u00fc\u00dfung1-300x180.jpg 300w, https:\/\/www.naturparkmagazin.de\/stechlin\/wp-content\/uploads\/sites\/38\/begr\u00fc\u00dfung1.jpg 500w, https:\/\/www.naturparkmagazin.de\/stechlin\/wp-content\/uploads\/sites\/38\/begr\u00fc\u00dfung1-200x120.jpg 200w\" sizes=\"(max-width: 300px) 100vw, 300px\" \/><\/a><p id=\"caption-attachment-12384\" class=\"wp-caption-text\">Begr\u00fc\u00dfung der G\u00e4ste durch Andreas Bergmann, Frank Stieldorf und Dr.Mario Schrumpf\u00a9 Heiko Strobel<\/p><\/div>\n<p>Der Feldtag fand auf dem Grundst\u00fcck von Thomas Mielers und Ulrike T\u00f6nnies statt, da hier vor circa 20 Jahren mehrere hundert Meter Hecken am Rande der Felder und neben der Landstra\u00dfe gepflanzt worden sind. Das Projekt wurde damals durch den Landschaftsplaner Hermann Wiesing durchgef\u00fchrt und dieser bereicherte mit seiner Anwesenheit dann auch den Feldtag selbst. Er berichtete \u00fcber die gro\u00dfe Wirkung von Hecken, die Lebensraum f\u00fcr zahlreiche Tier- und Pflanzenarten bieten und nebenbei die landwirtschaftlichen Fl\u00e4chen vor der Winderosion sch\u00fctzen. Diese Effekte wurden auch durch die Anwohner Thomas Mielers und Ulrike T\u00f6nnies best\u00e4tigt und laut ihnen hat die Fl\u00e4che durch die mittlerweile breiten und hohen Hecken bedeutend an Lebensqualit\u00e4t gewonnen.<\/p>\n<div id=\"attachment_12386\" style=\"width: 310px\" class=\"wp-caption aligncenter\"><a href=\"https:\/\/www.naturparkmagazin.de\/stechlin\/wp-content\/uploads\/sites\/38\/kremser2.jpg\"><img aria-describedby=\"caption-attachment-12386\" decoding=\"async\" loading=\"lazy\" class=\"size-thumbnail wp-image-12386\" src=\"https:\/\/www.naturparkmagazin.de\/stechlin\/wp-content\/uploads\/sites\/38\/kremser2-300x180.jpg\" alt=\"Kremsertour im Rahmen des Feldtages zu einer Stilllegungsfl\u00e4che \u00a9 Heiko Strobel\" width=\"300\" height=\"180\" srcset=\"https:\/\/www.naturparkmagazin.de\/stechlin\/wp-content\/uploads\/sites\/38\/kremser2-300x180.jpg 300w, https:\/\/www.naturparkmagazin.de\/stechlin\/wp-content\/uploads\/sites\/38\/kremser2.jpg 500w, https:\/\/www.naturparkmagazin.de\/stechlin\/wp-content\/uploads\/sites\/38\/kremser2-200x120.jpg 200w\" sizes=\"(max-width: 300px) 100vw, 300px\" \/><\/a><p id=\"caption-attachment-12386\" class=\"wp-caption-text\">Kremsertour im Rahmen des Feldtages zu einer Stilllegungsfl\u00e4che\u00a9 Heiko Strobel<\/p><\/div>\n<p>H\u00f6hepunkt des Feldtags war die Fahrt auf zwei Kremsern in eine nahgelegene Brachfl\u00e4che. Hier konnten der Vorsitzende des Landschaftspflegeverbands, Andreas Bergmann, und der Leiter des Naturparks Stechlin-Ruppiner-Land, Dr. Mario Schlumpf, die wichtigen Funktionen von mehrj\u00e4hrigen Brachfl\u00e4chen mit ihren zahlreichen Insektenarten demonstrieren.<\/p>\n<div id=\"attachment_12383\" style=\"width: 310px\" class=\"wp-caption aligncenter\"><a href=\"https:\/\/www.naturparkmagazin.de\/stechlin\/wp-content\/uploads\/sites\/38\/auf-stilllegungsfl\u00e4che.jpg\"><img aria-describedby=\"caption-attachment-12383\" decoding=\"async\" loading=\"lazy\" class=\"size-thumbnail wp-image-12383\" src=\"https:\/\/www.naturparkmagazin.de\/stechlin\/wp-content\/uploads\/sites\/38\/auf-stilllegungsfl\u00e4che-300x180.jpg\" alt=\"Diskussion auf der Stilllegungsfl\u00e4che zur Frage der Nutzung von Landwirtschaftsfl\u00e4chen f\u00fcr Photovoltaik \u00a9 Heiko Strobel\" width=\"300\" height=\"180\" srcset=\"https:\/\/www.naturparkmagazin.de\/stechlin\/wp-content\/uploads\/sites\/38\/auf-stilllegungsfl\u00e4che-300x180.jpg 300w, https:\/\/www.naturparkmagazin.de\/stechlin\/wp-content\/uploads\/sites\/38\/auf-stilllegungsfl\u00e4che.jpg 500w, https:\/\/www.naturparkmagazin.de\/stechlin\/wp-content\/uploads\/sites\/38\/auf-stilllegungsfl\u00e4che-200x120.jpg 200w\" sizes=\"(max-width: 300px) 100vw, 300px\" \/><\/a><p id=\"caption-attachment-12383\" class=\"wp-caption-text\">Diskussion auf der Stilllegungsfl\u00e4che zur Frage der Nutzung von Landwirtschaftsfl\u00e4chen f\u00fcr Photovoltaik\u00a9 Heiko Strobel<\/p><\/div>\n<p>Vor Ort kam es zu einem intensiven Austausch zwischen allen Beteiligten. So wurde nicht nur \u00fcber die Heckenbepflanzungen und Brachfl\u00e4chen gesprochen, sondern auch \u00fcber Themen wie Photovoltaik, Windr\u00e4der und die Rolle zwischen Landwirtschaft, Naturschutz und Kommunalpolitik, die alle die Fl\u00e4chen in der Region ma\u00dfgeblich bestimmen. Dar\u00fcber hinaus wurden die mehr als 30 Teilnehmerinnen und Teilnehmer mit Kaffee, mit verschiedenen Kuchen von einem lokalen Caf\u00e9 und mit Wasser von der Preussenquelle Rheinsberg versorgt. Dies hat den Hintergrund, dass das Mineralwasserunternehmen selbst auf gute und saubere B\u00f6den angewiesen ist, damit letztendlich auch hochqualitatives Trinkwasser gef\u00f6rdert werden kann.<\/p>\n<p>Insgesamt war der Feldtag wieder ein gro\u00dfer Erfolg. Die verschiedenen Nutzerinnen und Nutzer der Fl\u00e4chen konnten sich austauschen und m\u00f6glicherweise war der Feldtag ein Ansto\u00df f\u00fcr den Anbau weiterer Hecken und das Anlegen von Brachfl\u00e4chen in der Region. So k\u00f6nnten sich in Ostprignitz-Ruppin noch mehr Gebiete zu einem nachhaltigen und wertvollen Lebensraum f\u00fcr eine m\u00f6glich vielf\u00e4ltige und biodiverse Flora und Fauna wandeln.<\/p>\n<p>Tizian Koch<\/p>\n<p>Praktikant &#8211; Landschaftspflegeverband Prignitz-Ruppiner Land e.V.<\/p>\n","protected":false},"excerpt":{"rendered":"<p>Am 17. Juni 2022 trafen sich zahlreiche Natursch\u00fctzer, Landwirte, Kommunalpolitiker und Anwohner anl\u00e4sslich des vierten Feldtags des Landschaftspflegeverband Prignitz-Ruppiner-Land e.V. in Banzendorf.<\/p>\n","protected":false},"author":39,"featured_media":12385,"comment_status":"open","ping_status":"open","sticky":false,"template":"","format":"standard","meta":[],"categories":[7],"tags":[],"yoast_head":"<!-- This site is optimized with the Yoast SEO plugin v19.10 - https:\/\/yoast.com\/wordpress\/plugins\/seo\/ -->\n<title>Vierter Feldtag in Banzendorf \u2013 f\u00fcr Fl\u00e4chen mit vielf\u00e4ltiger Flora und Fauna - Naturpark Stechlin-Ruppiner Land<\/title>\n<meta name=\"robots\" content=\"index, follow, max-snippet:-1, max-image-preview:large, max-video-preview:-1\" \/>\n<link rel=\"canonical\" href=\"https:\/\/www.naturparkmagazin.de\/stechlin\/vierter-feldtag-in-banzendorf-fuer-flaechen-mit-vielfaeltiger-flora-und-fauna\/\" \/>\n<meta property=\"og:locale\" content=\"de_DE\" \/>\n<meta property=\"og:type\" content=\"article\" \/>\n<meta property=\"og:title\" content=\"Vierter Feldtag in Banzendorf \u2013 f\u00fcr Fl\u00e4chen mit vielf\u00e4ltiger Flora und Fauna - Naturpark Stechlin-Ruppiner Land\" \/>\n<meta property=\"og:description\" content=\"Am 17. Juni 2022 trafen sich zahlreiche Natursch\u00fctzer, Landwirte, Kommunalpolitiker und Anwohner anl\u00e4sslich des vierten Feldtags des Landschaftspflegeverband Prignitz-Ruppiner-Land e.V. in Banzendorf.\" \/>\n<meta property=\"og:url\" content=\"https:\/\/www.naturparkmagazin.de\/stechlin\/vierter-feldtag-in-banzendorf-fuer-flaechen-mit-vielfaeltiger-flora-und-fauna\/\" \/>\n<meta property=\"og:site_name\" content=\"Naturpark Stechlin-Ruppiner Land\" \/>\n<meta property=\"article:published_time\" content=\"2022-07-15T13:00:18+00:00\" \/>\n<meta property=\"article:modified_time\" content=\"2022-07-20T09:52:06+00:00\" \/>\n<meta property=\"og:image\" content=\"https:\/\/www.naturparkmagazin.de\/stechlin\/wp-content\/uploads\/sites\/38\/karte_a.jpg\" \/>\n\t<meta property=\"og:image:width\" content=\"200\" \/>\n\t<meta property=\"og:image:height\" content=\"200\" \/>\n\t<meta property=\"og:image:type\" content=\"image\/jpeg\" \/>\n<meta name=\"author\" content=\"marioschrumpf\" \/>\n<meta name=\"twitter:label1\" content=\"Verfasst von\" \/>\n\t<meta name=\"twitter:data1\" content=\"marioschrumpf\" \/>\n\t<meta name=\"twitter:label2\" content=\"Gesch\u00e4tzte Lesezeit\" \/>\n\t<meta name=\"twitter:data2\" content=\"2\u00a0Minuten\" \/>\n<script type=\"application\/ld+json\" class=\"yoast-schema-graph\">{\"@context\":\"https:\/\/schema.org\",\"@graph\":[{\"@type\":\"WebPage\",\"@id\":\"https:\/\/www.naturparkmagazin.de\/stechlin\/vierter-feldtag-in-banzendorf-fuer-flaechen-mit-vielfaeltiger-flora-und-fauna\/\",\"url\":\"https:\/\/www.naturparkmagazin.de\/stechlin\/vierter-feldtag-in-banzendorf-fuer-flaechen-mit-vielfaeltiger-flora-und-fauna\/\",\"name\":\"Vierter Feldtag in Banzendorf \u2013 f\u00fcr Fl\u00e4chen mit vielf\u00e4ltiger Flora und Fauna - Naturpark Stechlin-Ruppiner Land\",\"isPartOf\":{\"@id\":\"https:\/\/www.naturparkmagazin.de\/stechlin\/#website\"},\"datePublished\":\"2022-07-15T13:00:18+00:00\",\"dateModified\":\"2022-07-20T09:52:06+00:00\",\"author\":{\"@id\":\"https:\/\/www.naturparkmagazin.de\/stechlin\/#\/schema\/person\/3f0d93203df21c806dd63c76d9bb28bc\"},\"breadcrumb\":{\"@id\":\"https:\/\/www.naturparkmagazin.de\/stechlin\/vierter-feldtag-in-banzendorf-fuer-flaechen-mit-vielfaeltiger-flora-und-fauna\/#breadcrumb\"},\"inLanguage\":\"de\",\"potentialAction\":[{\"@type\":\"ReadAction\",\"target\":[\"https:\/\/www.naturparkmagazin.de\/stechlin\/vierter-feldtag-in-banzendorf-fuer-flaechen-mit-vielfaeltiger-flora-und-fauna\/\"]}]},{\"@type\":\"BreadcrumbList\",\"@id\":\"https:\/\/www.naturparkmagazin.de\/stechlin\/vierter-feldtag-in-banzendorf-fuer-flaechen-mit-vielfaeltiger-flora-und-fauna\/#breadcrumb\",\"itemListElement\":[{\"@type\":\"ListItem\",\"position\":1,\"name\":\"Home\",\"item\":\"https:\/\/www.naturparkmagazin.de\/stechlin\/\"},{\"@type\":\"ListItem\",\"position\":2,\"name\":\"Vierter Feldtag in Banzendorf \u2013 f\u00fcr Fl\u00e4chen mit vielf\u00e4ltiger Flora und Fauna\"}]},{\"@type\":\"WebSite\",\"@id\":\"https:\/\/www.naturparkmagazin.de\/stechlin\/#website\",\"url\":\"https:\/\/www.naturparkmagazin.de\/stechlin\/\",\"name\":\"Naturpark Stechlin-Ruppiner Land\",\"description\":\"\",\"potentialAction\":[{\"@type\":\"SearchAction\",\"target\":{\"@type\":\"EntryPoint\",\"urlTemplate\":\"https:\/\/www.naturparkmagazin.de\/stechlin\/?s={search_term_string}\"},\"query-input\":\"required name=search_term_string\"}],\"inLanguage\":\"de\"},{\"@type\":\"Person\",\"@id\":\"https:\/\/www.naturparkmagazin.de\/stechlin\/#\/schema\/person\/3f0d93203df21c806dd63c76d9bb28bc\",\"name\":\"marioschrumpf\",\"url\":\"https:\/\/www.naturparkmagazin.de\/stechlin\/author\/marioschrumpf\/\"}]}<\/script>\n<!-- \/ Yoast SEO plugin. -->","yoast_head_json":{"title":"Vierter Feldtag in Banzendorf \u2013 f\u00fcr Fl\u00e4chen mit vielf\u00e4ltiger Flora und Fauna - Naturpark Stechlin-Ruppiner Land","robots":{"index":"index","follow":"follow","max-snippet":"max-snippet:-1","max-image-preview":"max-image-preview:large","max-video-preview":"max-video-preview:-1"},"canonical":"https:\/\/www.naturparkmagazin.de\/stechlin\/vierter-feldtag-in-banzendorf-fuer-flaechen-mit-vielfaeltiger-flora-und-fauna\/","og_locale":"de_DE","og_type":"article","og_title":"Vierter Feldtag in Banzendorf \u2013 f\u00fcr Fl\u00e4chen mit vielf\u00e4ltiger Flora und Fauna - Naturpark Stechlin-Ruppiner Land","og_description":"Am 17. Juni 2022 trafen sich zahlreiche Natursch\u00fctzer, Landwirte, Kommunalpolitiker und Anwohner anl\u00e4sslich des vierten Feldtags des Landschaftspflegeverband Prignitz-Ruppiner-Land e.V. in Banzendorf.","og_url":"https:\/\/www.naturparkmagazin.de\/stechlin\/vierter-feldtag-in-banzendorf-fuer-flaechen-mit-vielfaeltiger-flora-und-fauna\/","og_site_name":"Naturpark Stechlin-Ruppiner Land","article_published_time":"2022-07-15T13:00:18+00:00","article_modified_time":"2022-07-20T09:52:06+00:00","og_image":[{"width":200,"height":200,"url":"https:\/\/www.naturparkmagazin.de\/stechlin\/wp-content\/uploads\/sites\/38\/karte_a.jpg","type":"image\/jpeg"}],"author":"marioschrumpf","twitter_misc":{"Verfasst von":"marioschrumpf","Gesch\u00e4tzte Lesezeit":"2\u00a0Minuten"},"schema":{"@context":"https:\/\/schema.org","@graph":[{"@type":"WebPage","@id":"https:\/\/www.naturparkmagazin.de\/stechlin\/vierter-feldtag-in-banzendorf-fuer-flaechen-mit-vielfaeltiger-flora-und-fauna\/","url":"https:\/\/www.naturparkmagazin.de\/stechlin\/vierter-feldtag-in-banzendorf-fuer-flaechen-mit-vielfaeltiger-flora-und-fauna\/","name":"Vierter Feldtag in Banzendorf \u2013 f\u00fcr Fl\u00e4chen mit vielf\u00e4ltiger Flora und Fauna - Naturpark Stechlin-Ruppiner Land","isPartOf":{"@id":"https:\/\/www.naturparkmagazin.de\/stechlin\/#website"},"datePublished":"2022-07-15T13:00:18+00:00","dateModified":"2022-07-20T09:52:06+00:00","author":{"@id":"https:\/\/www.naturparkmagazin.de\/stechlin\/#\/schema\/person\/3f0d93203df21c806dd63c76d9bb28bc"},"breadcrumb":{"@id":"https:\/\/www.naturparkmagazin.de\/stechlin\/vierter-feldtag-in-banzendorf-fuer-flaechen-mit-vielfaeltiger-flora-und-fauna\/#breadcrumb"},"inLanguage":"de","potentialAction":[{"@type":"ReadAction","target":["https:\/\/www.naturparkmagazin.de\/stechlin\/vierter-feldtag-in-banzendorf-fuer-flaechen-mit-vielfaeltiger-flora-und-fauna\/"]}]},{"@type":"BreadcrumbList","@id":"https:\/\/www.naturparkmagazin.de\/stechlin\/vierter-feldtag-in-banzendorf-fuer-flaechen-mit-vielfaeltiger-flora-und-fauna\/#breadcrumb","itemListElement":[{"@type":"ListItem","position":1,"name":"Home","item":"https:\/\/www.naturparkmagazin.de\/stechlin\/"},{"@type":"ListItem","position":2,"name":"Vierter Feldtag in Banzendorf \u2013 f\u00fcr Fl\u00e4chen mit vielf\u00e4ltiger Flora und Fauna"}]},{"@type":"WebSite","@id":"https:\/\/www.naturparkmagazin.de\/stechlin\/#website","url":"https:\/\/www.naturparkmagazin.de\/stechlin\/","name":"Naturpark Stechlin-Ruppiner Land","description":"","potentialAction":[{"@type":"SearchAction","target":{"@type":"EntryPoint","urlTemplate":"https:\/\/www.naturparkmagazin.de\/stechlin\/?s={search_term_string}"},"query-input":"required name=search_term_string"}],"inLanguage":"de"},{"@type":"Person","@id":"https:\/\/www.naturparkmagazin.de\/stechlin\/#\/schema\/person\/3f0d93203df21c806dd63c76d9bb28bc","name":"marioschrumpf","url":"https:\/\/www.naturparkmagazin.de\/stechlin\/author\/marioschrumpf\/"}]}},"_links":{"self":[{"href":"https:\/\/www.naturparkmagazin.de\/stechlin\/wp-json\/wp\/v2\/posts\/12316"}],"collection":[{"href":"https:\/\/www.naturparkmagazin.de\/stechlin\/wp-json\/wp\/v2\/posts"}],"about":[{"href":"https:\/\/www.naturparkmagazin.de\/stechlin\/wp-json\/wp\/v2\/types\/post"}],"author":[{"embeddable":true,"href":"https:\/\/www.naturparkmagazin.de\/stechlin\/wp-json\/wp\/v2\/users\/39"}],"replies":[{"embeddable":true,"href":"https:\/\/www.naturparkmagazin.de\/stechlin\/wp-json\/wp\/v2\/comments?post=12316"}],"version-history":[{"count":4,"href":"https:\/\/www.naturparkmagazin.de\/stechlin\/wp-json\/wp\/v2\/posts\/12316\/revisions"}],"predecessor-version":[{"id":12401,"href":"https:\/\/www.naturparkmagazin.de\/stechlin\/wp-json\/wp\/v2\/posts\/12316\/revisions\/12401"}],"wp:featuredmedia":[{"embeddable":true,"href":"https:\/\/www.naturparkmagazin.de\/stechlin\/wp-json\/wp\/v2\/media\/12385"}],"wp:attachment":[{"href":"https:\/\/www.naturparkmagazin.de\/stechlin\/wp-json\/wp\/v2\/media?parent=12316"}],"wp:term":[{"taxonomy":"category","embeddable":true,"href":"https:\/\/www.naturparkmagazin.de\/stechlin\/wp-json\/wp\/v2\/categories?post=12316"},{"taxonomy":"post_tag","embeddable":true,"href":"https:\/\/www.naturparkmagazin.de\/stechlin\/wp-json\/wp\/v2\/tags?post=12316"}],"curies":[{"name":"wp","href":"https:\/\/api.w.org\/{rel}","templated":true}]}}