{"id":12325,"date":"2022-08-14T15:00:15","date_gmt":"2022-08-14T13:00:15","guid":{"rendered":"https:\/\/www.naturparkmagazin.de\/stechlin\/?p=12325"},"modified":"2022-08-16T14:21:32","modified_gmt":"2022-08-16T12:21:32","slug":"3-temnitzer-heide-lauf-schon-fast-tradition","status":"publish","type":"post","link":"https:\/\/www.naturparkmagazin.de\/stechlin\/3-temnitzer-heide-lauf-schon-fast-tradition\/","title":{"rendered":"3. Temnitzer-Heide-Lauf &#8211; Schon (fast) Tradition"},"content":{"rendered":"<p>Wenn eine Veranstaltung zum dritten Mal in Folge wiederholt wird, hat sie schon beinahe Tradition. So wird es mit dem diesj\u00e4hrigen Temnitzer-Heide-Lauf sein.<\/p>\n<p><strong>Am 03.09.2022<\/strong> beabsichtigen die Organisatoren den Startschuss f\u00fcr den <strong>3. Temnitzer-Heide-Lauf<\/strong> zu geben.<\/p>\n<p>Die Vorbereitungen laufen dazu auf Hochtouren. Es wird wieder mehrere Formate f\u00fcr Kinder und ambitionierte L\u00e4ufer geben.<\/p>\n<p>Die L\u00e4ufer, Walker und Nordic Walker k\u00f6nnen haben die Wahl zwischen unterschiedlichen 10,5 km, 21,1 km oder sogar ca. 42 km. Kinder und Jugendliche gehen f\u00fcr 0,4 oder 2,3 km an den Start.<\/p>\n<div id=\"attachment_12389\" style=\"width: 310px\" class=\"wp-caption aligncenter\"><a href=\"https:\/\/www.naturparkmagazin.de\/stechlin\/wp-content\/uploads\/sites\/38\/heidelauf.jpg\"><img aria-describedby=\"caption-attachment-12389\" decoding=\"async\" loading=\"lazy\" class=\"size-thumbnail wp-image-12389\" src=\"https:\/\/www.naturparkmagazin.de\/stechlin\/wp-content\/uploads\/sites\/38\/heidelauf-300x180.jpg\" alt=\"Heidelauf \u00a9 Olaf Wolff\" width=\"300\" height=\"180\" srcset=\"https:\/\/www.naturparkmagazin.de\/stechlin\/wp-content\/uploads\/sites\/38\/heidelauf-300x180.jpg 300w, https:\/\/www.naturparkmagazin.de\/stechlin\/wp-content\/uploads\/sites\/38\/heidelauf.jpg 500w, https:\/\/www.naturparkmagazin.de\/stechlin\/wp-content\/uploads\/sites\/38\/heidelauf-200x120.jpg 200w\" sizes=\"(max-width: 300px) 100vw, 300px\" \/><\/a><p id=\"caption-attachment-12389\" class=\"wp-caption-text\">Heidelauf\u00a9 Olaf Wolff<\/p><\/div>\n<p>Das Gesamtkonzept folgt der Idee, die vorsichtige natur-touristischen Inwertsetzung der Kyritz-Ruppiner-Heide zu unterst\u00fctzen, so Olaf Wolff vom Fitness-TREFF-Natur e.V. als Mitorganisator.<\/p>\n<p>Derzeit sind viele positive Entwicklungen erkennbar (Naturparkerweiterung, Entlassung weiterer Fl\u00e4chen s\u00fcdlich des Heidewanderweges aus der Gefahrenabwehrverordnung usw.).<\/p>\n<p>Alle Finisher erhalten nach Zieleinlauf eine Medaille und Urkunde, die Erstplatzierten (Platz 1 \u2013 3 m\/w\/d) zus\u00e4tzlich eine handgefertigte Holzmedaille.<\/p>\n<p>Die Veranstaltung wird auf 150 TeilnehmerInnen begrenzt sein.<\/p>\n<p>Anmeldungen sowie die Details zu den Strecken, L\u00e4ufen und dem Rahmenprogramm unter <a href=\"https:\/\/kultur-natur-temnitz.de\/temnitzer-heide-lauf\">https:\/\/kultur-natur-temnitz.de\/temnitzer-heide-lauf<\/a><\/p>\n","protected":false},"excerpt":{"rendered":"<p>Am 03.09.2022 beabsichtigen die Organisatoren den Startschuss f\u00fcr den 3. Temnitzer-Heide-Lauf zu geben.<\/p>\n","protected":false},"author":39,"featured_media":12390,"comment_status":"open","ping_status":"open","sticky":false,"template":"","format":"standard","meta":[],"categories":[11],"tags":[],"yoast_head":"<!-- This site is optimized with the Yoast SEO plugin v19.10 - https:\/\/yoast.com\/wordpress\/plugins\/seo\/ -->\n<title>3. Temnitzer-Heide-Lauf - Schon (fast) Tradition - Naturpark Stechlin-Ruppiner Land<\/title>\n<meta name=\"robots\" content=\"index, follow, max-snippet:-1, max-image-preview:large, max-video-preview:-1\" \/>\n<link rel=\"canonical\" href=\"https:\/\/www.naturparkmagazin.de\/stechlin\/3-temnitzer-heide-lauf-schon-fast-tradition\/\" \/>\n<meta property=\"og:locale\" content=\"de_DE\" \/>\n<meta property=\"og:type\" content=\"article\" \/>\n<meta property=\"og:title\" content=\"3. Temnitzer-Heide-Lauf - Schon (fast) Tradition - Naturpark Stechlin-Ruppiner Land\" \/>\n<meta property=\"og:description\" content=\"Am 03.09.2022 beabsichtigen die Organisatoren den Startschuss f\u00fcr den 3. Temnitzer-Heide-Lauf zu geben.\" \/>\n<meta property=\"og:url\" content=\"https:\/\/www.naturparkmagazin.de\/stechlin\/3-temnitzer-heide-lauf-schon-fast-tradition\/\" \/>\n<meta property=\"og:site_name\" content=\"Naturpark Stechlin-Ruppiner Land\" \/>\n<meta property=\"article:published_time\" content=\"2022-08-14T13:00:15+00:00\" \/>\n<meta property=\"article:modified_time\" content=\"2022-08-16T12:21:32+00:00\" \/>\n<meta property=\"og:image\" content=\"https:\/\/www.naturparkmagazin.de\/stechlin\/wp-content\/uploads\/sites\/38\/heidelauf_a1.jpg\" \/>\n\t<meta property=\"og:image:width\" content=\"200\" \/>\n\t<meta property=\"og:image:height\" content=\"200\" \/>\n\t<meta property=\"og:image:type\" content=\"image\/jpeg\" \/>\n<meta name=\"author\" content=\"marioschrumpf\" \/>\n<meta name=\"twitter:label1\" content=\"Verfasst von\" \/>\n\t<meta name=\"twitter:data1\" content=\"marioschrumpf\" \/>\n\t<meta name=\"twitter:label2\" content=\"Gesch\u00e4tzte Lesezeit\" \/>\n\t<meta name=\"twitter:data2\" content=\"1\u00a0Minute\" \/>\n<script type=\"application\/ld+json\" class=\"yoast-schema-graph\">{\"@context\":\"https:\/\/schema.org\",\"@graph\":[{\"@type\":\"WebPage\",\"@id\":\"https:\/\/www.naturparkmagazin.de\/stechlin\/3-temnitzer-heide-lauf-schon-fast-tradition\/\",\"url\":\"https:\/\/www.naturparkmagazin.de\/stechlin\/3-temnitzer-heide-lauf-schon-fast-tradition\/\",\"name\":\"3. Temnitzer-Heide-Lauf - Schon (fast) Tradition - Naturpark Stechlin-Ruppiner Land\",\"isPartOf\":{\"@id\":\"https:\/\/www.naturparkmagazin.de\/stechlin\/#website\"},\"datePublished\":\"2022-08-14T13:00:15+00:00\",\"dateModified\":\"2022-08-16T12:21:32+00:00\",\"author\":{\"@id\":\"https:\/\/www.naturparkmagazin.de\/stechlin\/#\/schema\/person\/3f0d93203df21c806dd63c76d9bb28bc\"},\"breadcrumb\":{\"@id\":\"https:\/\/www.naturparkmagazin.de\/stechlin\/3-temnitzer-heide-lauf-schon-fast-tradition\/#breadcrumb\"},\"inLanguage\":\"de\",\"potentialAction\":[{\"@type\":\"ReadAction\",\"target\":[\"https:\/\/www.naturparkmagazin.de\/stechlin\/3-temnitzer-heide-lauf-schon-fast-tradition\/\"]}]},{\"@type\":\"BreadcrumbList\",\"@id\":\"https:\/\/www.naturparkmagazin.de\/stechlin\/3-temnitzer-heide-lauf-schon-fast-tradition\/#breadcrumb\",\"itemListElement\":[{\"@type\":\"ListItem\",\"position\":1,\"name\":\"Home\",\"item\":\"https:\/\/www.naturparkmagazin.de\/stechlin\/\"},{\"@type\":\"ListItem\",\"position\":2,\"name\":\"3. Temnitzer-Heide-Lauf &#8211; Schon (fast) Tradition\"}]},{\"@type\":\"WebSite\",\"@id\":\"https:\/\/www.naturparkmagazin.de\/stechlin\/#website\",\"url\":\"https:\/\/www.naturparkmagazin.de\/stechlin\/\",\"name\":\"Naturpark Stechlin-Ruppiner Land\",\"description\":\"\",\"potentialAction\":[{\"@type\":\"SearchAction\",\"target\":{\"@type\":\"EntryPoint\",\"urlTemplate\":\"https:\/\/www.naturparkmagazin.de\/stechlin\/?s={search_term_string}\"},\"query-input\":\"required name=search_term_string\"}],\"inLanguage\":\"de\"},{\"@type\":\"Person\",\"@id\":\"https:\/\/www.naturparkmagazin.de\/stechlin\/#\/schema\/person\/3f0d93203df21c806dd63c76d9bb28bc\",\"name\":\"marioschrumpf\",\"url\":\"https:\/\/www.naturparkmagazin.de\/stechlin\/author\/marioschrumpf\/\"}]}<\/script>\n<!-- \/ Yoast SEO plugin. -->","yoast_head_json":{"title":"3. Temnitzer-Heide-Lauf - Schon (fast) Tradition - Naturpark Stechlin-Ruppiner Land","robots":{"index":"index","follow":"follow","max-snippet":"max-snippet:-1","max-image-preview":"max-image-preview:large","max-video-preview":"max-video-preview:-1"},"canonical":"https:\/\/www.naturparkmagazin.de\/stechlin\/3-temnitzer-heide-lauf-schon-fast-tradition\/","og_locale":"de_DE","og_type":"article","og_title":"3. Temnitzer-Heide-Lauf - Schon (fast) Tradition - Naturpark Stechlin-Ruppiner Land","og_description":"Am 03.09.2022 beabsichtigen die Organisatoren den Startschuss f\u00fcr den 3. Temnitzer-Heide-Lauf zu geben.","og_url":"https:\/\/www.naturparkmagazin.de\/stechlin\/3-temnitzer-heide-lauf-schon-fast-tradition\/","og_site_name":"Naturpark Stechlin-Ruppiner Land","article_published_time":"2022-08-14T13:00:15+00:00","article_modified_time":"2022-08-16T12:21:32+00:00","og_image":[{"width":200,"height":200,"url":"https:\/\/www.naturparkmagazin.de\/stechlin\/wp-content\/uploads\/sites\/38\/heidelauf_a1.jpg","type":"image\/jpeg"}],"author":"marioschrumpf","twitter_misc":{"Verfasst von":"marioschrumpf","Gesch\u00e4tzte Lesezeit":"1\u00a0Minute"},"schema":{"@context":"https:\/\/schema.org","@graph":[{"@type":"WebPage","@id":"https:\/\/www.naturparkmagazin.de\/stechlin\/3-temnitzer-heide-lauf-schon-fast-tradition\/","url":"https:\/\/www.naturparkmagazin.de\/stechlin\/3-temnitzer-heide-lauf-schon-fast-tradition\/","name":"3. Temnitzer-Heide-Lauf - Schon (fast) Tradition - Naturpark Stechlin-Ruppiner Land","isPartOf":{"@id":"https:\/\/www.naturparkmagazin.de\/stechlin\/#website"},"datePublished":"2022-08-14T13:00:15+00:00","dateModified":"2022-08-16T12:21:32+00:00","author":{"@id":"https:\/\/www.naturparkmagazin.de\/stechlin\/#\/schema\/person\/3f0d93203df21c806dd63c76d9bb28bc"},"breadcrumb":{"@id":"https:\/\/www.naturparkmagazin.de\/stechlin\/3-temnitzer-heide-lauf-schon-fast-tradition\/#breadcrumb"},"inLanguage":"de","potentialAction":[{"@type":"ReadAction","target":["https:\/\/www.naturparkmagazin.de\/stechlin\/3-temnitzer-heide-lauf-schon-fast-tradition\/"]}]},{"@type":"BreadcrumbList","@id":"https:\/\/www.naturparkmagazin.de\/stechlin\/3-temnitzer-heide-lauf-schon-fast-tradition\/#breadcrumb","itemListElement":[{"@type":"ListItem","position":1,"name":"Home","item":"https:\/\/www.naturparkmagazin.de\/stechlin\/"},{"@type":"ListItem","position":2,"name":"3. Temnitzer-Heide-Lauf &#8211; Schon (fast) Tradition"}]},{"@type":"WebSite","@id":"https:\/\/www.naturparkmagazin.de\/stechlin\/#website","url":"https:\/\/www.naturparkmagazin.de\/stechlin\/","name":"Naturpark Stechlin-Ruppiner Land","description":"","potentialAction":[{"@type":"SearchAction","target":{"@type":"EntryPoint","urlTemplate":"https:\/\/www.naturparkmagazin.de\/stechlin\/?s={search_term_string}"},"query-input":"required name=search_term_string"}],"inLanguage":"de"},{"@type":"Person","@id":"https:\/\/www.naturparkmagazin.de\/stechlin\/#\/schema\/person\/3f0d93203df21c806dd63c76d9bb28bc","name":"marioschrumpf","url":"https:\/\/www.naturparkmagazin.de\/stechlin\/author\/marioschrumpf\/"}]}},"_links":{"self":[{"href":"https:\/\/www.naturparkmagazin.de\/stechlin\/wp-json\/wp\/v2\/posts\/12325"}],"collection":[{"href":"https:\/\/www.naturparkmagazin.de\/stechlin\/wp-json\/wp\/v2\/posts"}],"about":[{"href":"https:\/\/www.naturparkmagazin.de\/stechlin\/wp-json\/wp\/v2\/types\/post"}],"author":[{"embeddable":true,"href":"https:\/\/www.naturparkmagazin.de\/stechlin\/wp-json\/wp\/v2\/users\/39"}],"replies":[{"embeddable":true,"href":"https:\/\/www.naturparkmagazin.de\/stechlin\/wp-json\/wp\/v2\/comments?post=12325"}],"version-history":[{"count":3,"href":"https:\/\/www.naturparkmagazin.de\/stechlin\/wp-json\/wp\/v2\/posts\/12325\/revisions"}],"predecessor-version":[{"id":12402,"href":"https:\/\/www.naturparkmagazin.de\/stechlin\/wp-json\/wp\/v2\/posts\/12325\/revisions\/12402"}],"wp:featuredmedia":[{"embeddable":true,"href":"https:\/\/www.naturparkmagazin.de\/stechlin\/wp-json\/wp\/v2\/media\/12390"}],"wp:attachment":[{"href":"https:\/\/www.naturparkmagazin.de\/stechlin\/wp-json\/wp\/v2\/media?parent=12325"}],"wp:term":[{"taxonomy":"category","embeddable":true,"href":"https:\/\/www.naturparkmagazin.de\/stechlin\/wp-json\/wp\/v2\/categories?post=12325"},{"taxonomy":"post_tag","embeddable":true,"href":"https:\/\/www.naturparkmagazin.de\/stechlin\/wp-json\/wp\/v2\/tags?post=12325"}],"curies":[{"name":"wp","href":"https:\/\/api.w.org\/{rel}","templated":true}]}}