{"id":12364,"date":"2022-07-15T15:00:01","date_gmt":"2022-07-15T13:00:01","guid":{"rendered":"https:\/\/www.naturparkmagazin.de\/stechlin\/?p=12364"},"modified":"2022-07-20T16:06:29","modified_gmt":"2022-07-20T14:06:29","slug":"masterplan-wandern-wurde-fuer-die-wanderregion-gestartet","status":"publish","type":"post","link":"https:\/\/www.naturparkmagazin.de\/stechlin\/masterplan-wandern-wurde-fuer-die-wanderregion-gestartet\/","title":{"rendered":"Masterplan Wandern wurde f\u00fcr die Region gestartet!"},"content":{"rendered":"<p><strong>Projekt zur Erarbeitung eines Konzeptes f\u00fcr die Entwicklung zur Wanderregion ist gestartet<\/strong><\/p>\n<p>Wandern boomt!<\/p>\n<p>Das belegen zahlreiche Wanderbefragungen und \u2013monitorings, Untersuchungen zu wirtschaftlichen Effekten des Natur- bzw. Wandertourismus sowie zu den Perspektiven und Potentialen.<\/p>\n<p>Vor allem in der Corona-Krisenzeit suchen insbesondere (Gro\u00df-)St\u00e4dter nach naheliegenden Aktivit\u00e4ts- und Erholungsm\u00f6glichkeiten. Dabei erfreut sich Wandern als Freizeitm\u00f6glichkeit wachsender Beliebtheit.<\/p>\n<p>Gefragt sind aber vor allem eine Top-Wegeinfrastruktur und echte Wandererlebnisse. Die Ressourcen auf organisatorischer Seite sind gleichzeitig begrenzt. Besonders f\u00fcr l\u00e4ndlich gepr\u00e4gte Regionen wird das Format Wandern als Chance f\u00fcr die nachhaltige Regionalentwicklung gesehen.<\/p>\n<div id=\"attachment_12397\" style=\"width: 310px\" class=\"wp-caption aligncenter\"><a href=\"https:\/\/www.naturparkmagazin.de\/stechlin\/wp-content\/uploads\/sites\/38\/masterplan.jpg\"><img aria-describedby=\"caption-attachment-12397\" decoding=\"async\" loading=\"lazy\" class=\"size-thumbnail wp-image-12397\" src=\"https:\/\/www.naturparkmagazin.de\/stechlin\/wp-content\/uploads\/sites\/38\/masterplan-300x180.jpg\" alt=\"Neue Beschilderung um den Katerbower See \u00a9 Olaf Wolff\" width=\"300\" height=\"180\" srcset=\"https:\/\/www.naturparkmagazin.de\/stechlin\/wp-content\/uploads\/sites\/38\/masterplan-300x180.jpg 300w, https:\/\/www.naturparkmagazin.de\/stechlin\/wp-content\/uploads\/sites\/38\/masterplan.jpg 500w, https:\/\/www.naturparkmagazin.de\/stechlin\/wp-content\/uploads\/sites\/38\/masterplan-200x120.jpg 200w\" sizes=\"(max-width: 300px) 100vw, 300px\" \/><\/a><p id=\"caption-attachment-12397\" class=\"wp-caption-text\">Neue Beschilderung um den Katerbower See\u00a9 Olaf Wolff<\/p><\/div>\n<p>Dieser Situation stellen sich der Naturpark Stechlin-Ruppiner Land und der Landkreis Ostprignitz-Ruppin in Kooperation mit der kommunalen Arbeitsgemeinschaft \u201eFreiraum Ruppiner Land\u201c (KAG FRL).<\/p>\n<p>In ihrem gemeinsamen Projekt \u201eErlebbares Fontaneland &#8211; Masterplan Wandern\u201c wird derzeitig ein Konzept erarbeitet, das aufzeigen soll in welchen Schritten sich der Naturpark und die sich angrenzenden Landschaftsr\u00e4ume um die St\u00e4dte Fehrbellin, Neuruppin und Wittstock\/Dosse zu einer attraktiven und nachhaltigen Wanderregion entwickeln k\u00f6nnten.<\/p>\n<p>Das Projekt ist Bestandteil einer bewilligten Zuwendung im Rahmen des F\u00f6rderprogrammes GRW-Infrastruktur der KAG FRL.<\/p>\n<p>Neben der Herausarbeitung von der Region pr\u00e4genden besonderen Wanderwegen und -attraktionen, geh\u00f6ren insbesondere eine zeitgem\u00e4\u00dfen Besucherlenkung durch Beschilderung und Markierungen, sowie die zuk\u00fcnftige Struktur der Pflege und Unterhaltung des entstehenden Wegenetzes dazu.<\/p>\n<p>Nach erfolgreicher Ausschreibung der Konzeptarbeit fand am 14.07.2022 die Auftaktveranstaltung mit dem beauftragten Beratungsunternehmen statt. Die Firma AUbE Tourismusberatung GmbH wird in den n\u00e4chsten Wochen mit einer Bestandserfassung an Wegen, Infrastruktur und weiterer Komponenten f\u00fcr eine \u00dcbersicht und Bewertung der Ausgangssituation starten.<\/p>\n<p>Dazu setzen sich die Mitarbeiter der AUbE Tourismusberatung GmbH u.a. in K\u00fcrze mit den Ansprechpartnern der St\u00e4dte und Kommunen, Touristinformationen sowie weiteren Akteuren zum Thema Wandern in der Region in Verbindung.<\/p>\n<p>Unabh\u00e4ngig davon nimmt Olaf Wolff als Ansprechpartner im Naturpark sehr gern Idee und Vorschl\u00e4ge von Interessenten und Wanderkundigen f\u00fcr die zuk\u00fcnftige Entwicklung des wandertouristischen Angebotes entgegen.<\/p>\n<p>Tel.: 033082 47018<\/p>\n<p>olaf.wolff@lfu.brandenburg.de<\/p>\n<div id=\"attachment_11959\" style=\"width: 310px\" class=\"wp-caption aligncenter\"><a href=\"https:\/\/www.naturparkmagazin.de\/stechlin\/wp-content\/uploads\/sites\/38\/Gesundheitswanderung.jpg\"><img aria-describedby=\"caption-attachment-11959\" decoding=\"async\" loading=\"lazy\" class=\"size-thumbnail wp-image-11959\" src=\"https:\/\/www.naturparkmagazin.de\/stechlin\/wp-content\/uploads\/sites\/38\/Gesundheitswanderung-300x180.jpg\" alt=\"\u00a9 Olaf Wolff\" width=\"300\" height=\"180\" srcset=\"https:\/\/www.naturparkmagazin.de\/stechlin\/wp-content\/uploads\/sites\/38\/Gesundheitswanderung-300x180.jpg 300w, https:\/\/www.naturparkmagazin.de\/stechlin\/wp-content\/uploads\/sites\/38\/Gesundheitswanderung.jpg 500w, https:\/\/www.naturparkmagazin.de\/stechlin\/wp-content\/uploads\/sites\/38\/Gesundheitswanderung-200x120.jpg 200w\" sizes=\"(max-width: 300px) 100vw, 300px\" \/><\/a><p id=\"caption-attachment-11959\" class=\"wp-caption-text\">\u00a9 Olaf Wolff<\/p><\/div>\n","protected":false},"excerpt":{"rendered":"<p>Das Projekt zur Erarbeitung eines Konzeptes f\u00fcr die Entwicklung zur Wanderregion ist gestartet!<\/p>\n","protected":false},"author":39,"featured_media":11149,"comment_status":"open","ping_status":"open","sticky":false,"template":"","format":"standard","meta":[],"categories":[7],"tags":[],"yoast_head":"<!-- This site is optimized with the Yoast SEO plugin v19.10 - https:\/\/yoast.com\/wordpress\/plugins\/seo\/ -->\n<title>Masterplan Wandern wurde f\u00fcr die Region gestartet! - Naturpark Stechlin-Ruppiner Land<\/title>\n<meta name=\"robots\" content=\"index, follow, max-snippet:-1, max-image-preview:large, max-video-preview:-1\" \/>\n<link rel=\"canonical\" href=\"https:\/\/www.naturparkmagazin.de\/stechlin\/masterplan-wandern-wurde-fuer-die-wanderregion-gestartet\/\" \/>\n<meta property=\"og:locale\" content=\"de_DE\" \/>\n<meta property=\"og:type\" content=\"article\" \/>\n<meta property=\"og:title\" content=\"Masterplan Wandern wurde f\u00fcr die Region gestartet! - Naturpark Stechlin-Ruppiner Land\" \/>\n<meta property=\"og:description\" content=\"Das Projekt zur Erarbeitung eines Konzeptes f\u00fcr die Entwicklung zur Wanderregion ist gestartet!\" \/>\n<meta property=\"og:url\" content=\"https:\/\/www.naturparkmagazin.de\/stechlin\/masterplan-wandern-wurde-fuer-die-wanderregion-gestartet\/\" \/>\n<meta property=\"og:site_name\" content=\"Naturpark Stechlin-Ruppiner Land\" \/>\n<meta property=\"article:published_time\" content=\"2022-07-15T13:00:01+00:00\" \/>\n<meta property=\"article:modified_time\" content=\"2022-07-20T14:06:29+00:00\" \/>\n<meta property=\"og:image\" content=\"https:\/\/www.naturparkmagazin.de\/stechlin\/wp-content\/uploads\/sites\/38\/wandermarathon_a.jpg\" \/>\n\t<meta property=\"og:image:width\" content=\"200\" \/>\n\t<meta property=\"og:image:height\" content=\"200\" \/>\n\t<meta property=\"og:image:type\" content=\"image\/jpeg\" \/>\n<meta name=\"author\" content=\"marioschrumpf\" \/>\n<meta name=\"twitter:label1\" content=\"Verfasst von\" \/>\n\t<meta name=\"twitter:data1\" content=\"marioschrumpf\" \/>\n\t<meta name=\"twitter:label2\" content=\"Gesch\u00e4tzte Lesezeit\" \/>\n\t<meta name=\"twitter:data2\" content=\"2\u00a0Minuten\" \/>\n<script type=\"application\/ld+json\" class=\"yoast-schema-graph\">{\"@context\":\"https:\/\/schema.org\",\"@graph\":[{\"@type\":\"WebPage\",\"@id\":\"https:\/\/www.naturparkmagazin.de\/stechlin\/masterplan-wandern-wurde-fuer-die-wanderregion-gestartet\/\",\"url\":\"https:\/\/www.naturparkmagazin.de\/stechlin\/masterplan-wandern-wurde-fuer-die-wanderregion-gestartet\/\",\"name\":\"Masterplan Wandern wurde f\u00fcr die Region gestartet! - Naturpark Stechlin-Ruppiner Land\",\"isPartOf\":{\"@id\":\"https:\/\/www.naturparkmagazin.de\/stechlin\/#website\"},\"datePublished\":\"2022-07-15T13:00:01+00:00\",\"dateModified\":\"2022-07-20T14:06:29+00:00\",\"author\":{\"@id\":\"https:\/\/www.naturparkmagazin.de\/stechlin\/#\/schema\/person\/3f0d93203df21c806dd63c76d9bb28bc\"},\"breadcrumb\":{\"@id\":\"https:\/\/www.naturparkmagazin.de\/stechlin\/masterplan-wandern-wurde-fuer-die-wanderregion-gestartet\/#breadcrumb\"},\"inLanguage\":\"de\",\"potentialAction\":[{\"@type\":\"ReadAction\",\"target\":[\"https:\/\/www.naturparkmagazin.de\/stechlin\/masterplan-wandern-wurde-fuer-die-wanderregion-gestartet\/\"]}]},{\"@type\":\"BreadcrumbList\",\"@id\":\"https:\/\/www.naturparkmagazin.de\/stechlin\/masterplan-wandern-wurde-fuer-die-wanderregion-gestartet\/#breadcrumb\",\"itemListElement\":[{\"@type\":\"ListItem\",\"position\":1,\"name\":\"Home\",\"item\":\"https:\/\/www.naturparkmagazin.de\/stechlin\/\"},{\"@type\":\"ListItem\",\"position\":2,\"name\":\"Masterplan Wandern wurde f\u00fcr die Region gestartet!\"}]},{\"@type\":\"WebSite\",\"@id\":\"https:\/\/www.naturparkmagazin.de\/stechlin\/#website\",\"url\":\"https:\/\/www.naturparkmagazin.de\/stechlin\/\",\"name\":\"Naturpark Stechlin-Ruppiner Land\",\"description\":\"\",\"potentialAction\":[{\"@type\":\"SearchAction\",\"target\":{\"@type\":\"EntryPoint\",\"urlTemplate\":\"https:\/\/www.naturparkmagazin.de\/stechlin\/?s={search_term_string}\"},\"query-input\":\"required name=search_term_string\"}],\"inLanguage\":\"de\"},{\"@type\":\"Person\",\"@id\":\"https:\/\/www.naturparkmagazin.de\/stechlin\/#\/schema\/person\/3f0d93203df21c806dd63c76d9bb28bc\",\"name\":\"marioschrumpf\",\"url\":\"https:\/\/www.naturparkmagazin.de\/stechlin\/author\/marioschrumpf\/\"}]}<\/script>\n<!-- \/ Yoast SEO plugin. -->","yoast_head_json":{"title":"Masterplan Wandern wurde f\u00fcr die Region gestartet! - Naturpark Stechlin-Ruppiner Land","robots":{"index":"index","follow":"follow","max-snippet":"max-snippet:-1","max-image-preview":"max-image-preview:large","max-video-preview":"max-video-preview:-1"},"canonical":"https:\/\/www.naturparkmagazin.de\/stechlin\/masterplan-wandern-wurde-fuer-die-wanderregion-gestartet\/","og_locale":"de_DE","og_type":"article","og_title":"Masterplan Wandern wurde f\u00fcr die Region gestartet! - Naturpark Stechlin-Ruppiner Land","og_description":"Das Projekt zur Erarbeitung eines Konzeptes f\u00fcr die Entwicklung zur Wanderregion ist gestartet!","og_url":"https:\/\/www.naturparkmagazin.de\/stechlin\/masterplan-wandern-wurde-fuer-die-wanderregion-gestartet\/","og_site_name":"Naturpark Stechlin-Ruppiner Land","article_published_time":"2022-07-15T13:00:01+00:00","article_modified_time":"2022-07-20T14:06:29+00:00","og_image":[{"width":200,"height":200,"url":"https:\/\/www.naturparkmagazin.de\/stechlin\/wp-content\/uploads\/sites\/38\/wandermarathon_a.jpg","type":"image\/jpeg"}],"author":"marioschrumpf","twitter_misc":{"Verfasst von":"marioschrumpf","Gesch\u00e4tzte Lesezeit":"2\u00a0Minuten"},"schema":{"@context":"https:\/\/schema.org","@graph":[{"@type":"WebPage","@id":"https:\/\/www.naturparkmagazin.de\/stechlin\/masterplan-wandern-wurde-fuer-die-wanderregion-gestartet\/","url":"https:\/\/www.naturparkmagazin.de\/stechlin\/masterplan-wandern-wurde-fuer-die-wanderregion-gestartet\/","name":"Masterplan Wandern wurde f\u00fcr die Region gestartet! - Naturpark Stechlin-Ruppiner Land","isPartOf":{"@id":"https:\/\/www.naturparkmagazin.de\/stechlin\/#website"},"datePublished":"2022-07-15T13:00:01+00:00","dateModified":"2022-07-20T14:06:29+00:00","author":{"@id":"https:\/\/www.naturparkmagazin.de\/stechlin\/#\/schema\/person\/3f0d93203df21c806dd63c76d9bb28bc"},"breadcrumb":{"@id":"https:\/\/www.naturparkmagazin.de\/stechlin\/masterplan-wandern-wurde-fuer-die-wanderregion-gestartet\/#breadcrumb"},"inLanguage":"de","potentialAction":[{"@type":"ReadAction","target":["https:\/\/www.naturparkmagazin.de\/stechlin\/masterplan-wandern-wurde-fuer-die-wanderregion-gestartet\/"]}]},{"@type":"BreadcrumbList","@id":"https:\/\/www.naturparkmagazin.de\/stechlin\/masterplan-wandern-wurde-fuer-die-wanderregion-gestartet\/#breadcrumb","itemListElement":[{"@type":"ListItem","position":1,"name":"Home","item":"https:\/\/www.naturparkmagazin.de\/stechlin\/"},{"@type":"ListItem","position":2,"name":"Masterplan Wandern wurde f\u00fcr die Region gestartet!"}]},{"@type":"WebSite","@id":"https:\/\/www.naturparkmagazin.de\/stechlin\/#website","url":"https:\/\/www.naturparkmagazin.de\/stechlin\/","name":"Naturpark Stechlin-Ruppiner Land","description":"","potentialAction":[{"@type":"SearchAction","target":{"@type":"EntryPoint","urlTemplate":"https:\/\/www.naturparkmagazin.de\/stechlin\/?s={search_term_string}"},"query-input":"required name=search_term_string"}],"inLanguage":"de"},{"@type":"Person","@id":"https:\/\/www.naturparkmagazin.de\/stechlin\/#\/schema\/person\/3f0d93203df21c806dd63c76d9bb28bc","name":"marioschrumpf","url":"https:\/\/www.naturparkmagazin.de\/stechlin\/author\/marioschrumpf\/"}]}},"_links":{"self":[{"href":"https:\/\/www.naturparkmagazin.de\/stechlin\/wp-json\/wp\/v2\/posts\/12364"}],"collection":[{"href":"https:\/\/www.naturparkmagazin.de\/stechlin\/wp-json\/wp\/v2\/posts"}],"about":[{"href":"https:\/\/www.naturparkmagazin.de\/stechlin\/wp-json\/wp\/v2\/types\/post"}],"author":[{"embeddable":true,"href":"https:\/\/www.naturparkmagazin.de\/stechlin\/wp-json\/wp\/v2\/users\/39"}],"replies":[{"embeddable":true,"href":"https:\/\/www.naturparkmagazin.de\/stechlin\/wp-json\/wp\/v2\/comments?post=12364"}],"version-history":[{"count":6,"href":"https:\/\/www.naturparkmagazin.de\/stechlin\/wp-json\/wp\/v2\/posts\/12364\/revisions"}],"predecessor-version":[{"id":12421,"href":"https:\/\/www.naturparkmagazin.de\/stechlin\/wp-json\/wp\/v2\/posts\/12364\/revisions\/12421"}],"wp:featuredmedia":[{"embeddable":true,"href":"https:\/\/www.naturparkmagazin.de\/stechlin\/wp-json\/wp\/v2\/media\/11149"}],"wp:attachment":[{"href":"https:\/\/www.naturparkmagazin.de\/stechlin\/wp-json\/wp\/v2\/media?parent=12364"}],"wp:term":[{"taxonomy":"category","embeddable":true,"href":"https:\/\/www.naturparkmagazin.de\/stechlin\/wp-json\/wp\/v2\/categories?post=12364"},{"taxonomy":"post_tag","embeddable":true,"href":"https:\/\/www.naturparkmagazin.de\/stechlin\/wp-json\/wp\/v2\/tags?post=12364"}],"curies":[{"name":"wp","href":"https:\/\/api.w.org\/{rel}","templated":true}]}}