{"id":1243,"date":"2014-08-19T09:32:30","date_gmt":"2014-08-19T07:32:30","guid":{"rendered":"http:\/\/www.naturparkmagazin.de\/stechlin\/?p=1243"},"modified":"2014-08-26T14:23:48","modified_gmt":"2014-08-26T12:23:48","slug":"hollaendische-fachbesucher-begeistert-vom-naturpark","status":"publish","type":"post","link":"https:\/\/www.naturparkmagazin.de\/stechlin\/hollaendische-fachbesucher-begeistert-vom-naturpark\/","title":{"rendered":"Holl\u00e4ndische Fachbesucher begeistert vom Naturpark"},"content":{"rendered":"<div>\n<div>\n<div id=\"attachment_1245\" style=\"width: 630px\" class=\"wp-caption alignnone\"><a href=\"https:\/\/www.naturparkmagazin.de\/stechlin\/wp-content\/uploads\/sites\/38\/k-Xanthidium-armatum_Germany_20140725_124x970\u00b5m_200xhv_WL.jpg\"><img aria-describedby=\"caption-attachment-1245\" decoding=\"async\" loading=\"lazy\" class=\"size-medium wp-image-1245\" alt=\"Xanthidium armatum\" src=\"https:\/\/www.naturparkmagazin.de\/stechlin\/wp-content\/uploads\/sites\/38\/k-Xanthidium-armatum_Germany_20140725_124x970\u00b5m_200xhv_WL-620x465.jpg\" width=\"620\" height=\"465\" srcset=\"https:\/\/www.naturparkmagazin.de\/stechlin\/wp-content\/uploads\/sites\/38\/k-Xanthidium-armatum_Germany_20140725_124x970\u00b5m_200xhv_WL-620x465.jpg 620w, https:\/\/www.naturparkmagazin.de\/stechlin\/wp-content\/uploads\/sites\/38\/k-Xanthidium-armatum_Germany_20140725_124x970\u00b5m_200xhv_WL-300x225.jpg 300w, https:\/\/www.naturparkmagazin.de\/stechlin\/wp-content\/uploads\/sites\/38\/k-Xanthidium-armatum_Germany_20140725_124x970\u00b5m_200xhv_WL-580x435.jpg 580w, https:\/\/www.naturparkmagazin.de\/stechlin\/wp-content\/uploads\/sites\/38\/k-Xanthidium-armatum_Germany_20140725_124x970\u00b5m_200xhv_WL-420x315.jpg 420w, https:\/\/www.naturparkmagazin.de\/stechlin\/wp-content\/uploads\/sites\/38\/k-Xanthidium-armatum_Germany_20140725_124x970\u00b5m_200xhv_WL-180x135.jpg 180w, https:\/\/www.naturparkmagazin.de\/stechlin\/wp-content\/uploads\/sites\/38\/k-Xanthidium-armatum_Germany_20140725_124x970\u00b5m_200xhv_WL-95x71.jpg 95w, https:\/\/www.naturparkmagazin.de\/stechlin\/wp-content\/uploads\/sites\/38\/k-Xanthidium-armatum_Germany_20140725_124x970\u00b5m_200xhv_WL-200x150.jpg 200w, https:\/\/www.naturparkmagazin.de\/stechlin\/wp-content\/uploads\/sites\/38\/k-Xanthidium-armatum_Germany_20140725_124x970\u00b5m_200xhv_WL.jpg 640w\" sizes=\"(max-width: 620px) 100vw, 620px\" \/><\/a><p id=\"caption-attachment-1245\" class=\"wp-caption-text\">Xanthidium armatum<\/p><\/div>\n<\/div>\n<p>Ende Juli\u00a0besuchten die renommierten niederl\u00e4ndischen Biologen Dr. Emile Nat, Wil Leurs, Casper Zuyderduyn und John Bruinsma den Naturpark Stechlin-Ruppiner Land. Naturpark-Mitarbeiterin Silke Oldorff f\u00fchrte sie dabei in die Naturschutzgebiete Stechlin, Rheinsberger Rhin und Hellberge sowie Wumm- und Twernsee, um den Zustand der Armleuchteralgen in Klarwasserseen und Kleingew\u00e4ssern zu untersuchen und Erfahrungen im Gew\u00e4sserschutz auszutauschen. Die europaweit anerkannten Experten arbeiten f\u00fcr das &#8222;Landelijk Informatiecentrum voor Kranswieren (LIK)&#8220; (Landesinformationszentrum f\u00fcr Characeen) in Leiden. Neben den Armleuchteralgen der Klarwasserseen und Kleingew\u00e4sser standen auch Schmuckalgen (Desmidiaceae) der dystrophen Moorgew\u00e4sser des Naturparks\u00a0auf dem\u00a0Untersuchungsprogramm, eine Artengruppe, die bislang noch nie im Stechlinseegebiet untersucht wurde. Eine<span style=\"color: #0000ff\"><span style=\"color: #000000\"> vorl\u00e4ufige Artenliste, die Wil Leurs nach dem Besuch zur Verf\u00fcgung stellte, verzeichnet 39 Arten in insgesamt 6 Untersuchungsfl\u00e4chen in den Naturschutzgebieten Stechlin, Himmelreich sowie Wumm- und Twernsee, wie zum Beispiel<\/span> <\/span><span style=\"color: #000000\"><em>Xanthidium armatum. <\/em><\/span>Die holl\u00e4ndischen Kollegen zeigten sich beeindruckt von unserer Naturausstattung. Viele der Arten, wie die Geweiharmleuchteralge, die Furchenstachlige oder die Kurzstachlige Armleuchteralge, die bei uns noch vorkommen,\u00a0sind es in den Niederlanden bereits ausgestorben.<\/p>\n<\/div>\n<div>\n<div id=\"attachment_1246\" style=\"width: 630px\" class=\"wp-caption alignnone\"><a href=\"https:\/\/www.naturparkmagazin.de\/stechlin\/wp-content\/uploads\/sites\/38\/k-IMG_3285.jpg\"><img aria-describedby=\"caption-attachment-1246\" decoding=\"async\" loading=\"lazy\" class=\"size-medium wp-image-1246\" alt=\"Chara intermedia\" src=\"https:\/\/www.naturparkmagazin.de\/stechlin\/wp-content\/uploads\/sites\/38\/k-IMG_3285-620x465.jpg\" width=\"620\" height=\"465\" srcset=\"https:\/\/www.naturparkmagazin.de\/stechlin\/wp-content\/uploads\/sites\/38\/k-IMG_3285-620x465.jpg 620w, https:\/\/www.naturparkmagazin.de\/stechlin\/wp-content\/uploads\/sites\/38\/k-IMG_3285-300x225.jpg 300w, https:\/\/www.naturparkmagazin.de\/stechlin\/wp-content\/uploads\/sites\/38\/k-IMG_3285-580x435.jpg 580w, https:\/\/www.naturparkmagazin.de\/stechlin\/wp-content\/uploads\/sites\/38\/k-IMG_3285-420x315.jpg 420w, https:\/\/www.naturparkmagazin.de\/stechlin\/wp-content\/uploads\/sites\/38\/k-IMG_3285-180x135.jpg 180w, https:\/\/www.naturparkmagazin.de\/stechlin\/wp-content\/uploads\/sites\/38\/k-IMG_3285-95x71.jpg 95w, https:\/\/www.naturparkmagazin.de\/stechlin\/wp-content\/uploads\/sites\/38\/k-IMG_3285-200x150.jpg 200w, https:\/\/www.naturparkmagazin.de\/stechlin\/wp-content\/uploads\/sites\/38\/k-IMG_3285.jpg 640w\" sizes=\"(max-width: 620px) 100vw, 620px\" \/><\/a><p id=\"caption-attachment-1246\" class=\"wp-caption-text\">Chara intermedia<\/p><\/div>\n<p><a href=\"https:\/\/www.naturparkmagazin.de\/stechlin\/wp-content\/uploads\/sites\/38\/k-P7271004.jpg\"><img decoding=\"async\" loading=\"lazy\" class=\"alignnone size-medium wp-image-1247\" alt=\"NP SRL\" src=\"https:\/\/www.naturparkmagazin.de\/stechlin\/wp-content\/uploads\/sites\/38\/k-P7271004-620x465.jpg\" width=\"620\" height=\"465\" srcset=\"https:\/\/www.naturparkmagazin.de\/stechlin\/wp-content\/uploads\/sites\/38\/k-P7271004-620x465.jpg 620w, https:\/\/www.naturparkmagazin.de\/stechlin\/wp-content\/uploads\/sites\/38\/k-P7271004-300x225.jpg 300w, https:\/\/www.naturparkmagazin.de\/stechlin\/wp-content\/uploads\/sites\/38\/k-P7271004-580x435.jpg 580w, https:\/\/www.naturparkmagazin.de\/stechlin\/wp-content\/uploads\/sites\/38\/k-P7271004-420x315.jpg 420w, https:\/\/www.naturparkmagazin.de\/stechlin\/wp-content\/uploads\/sites\/38\/k-P7271004-180x135.jpg 180w, https:\/\/www.naturparkmagazin.de\/stechlin\/wp-content\/uploads\/sites\/38\/k-P7271004-95x71.jpg 95w, https:\/\/www.naturparkmagazin.de\/stechlin\/wp-content\/uploads\/sites\/38\/k-P7271004-200x150.jpg 200w, https:\/\/www.naturparkmagazin.de\/stechlin\/wp-content\/uploads\/sites\/38\/k-P7271004.jpg 640w\" sizes=\"(max-width: 620px) 100vw, 620px\" \/><\/a><\/p>\n<\/div>\n","protected":false},"excerpt":{"rendered":"<p>Ende Juli besuchten die renommierten niederl\u00e4ndischen Biologen Dr. Emile Nat, Wil Leurs, Casper Zuyderduyn und John Bruinsma den Naturpark Stechlin-Ruppiner Land.<\/p>\n","protected":false},"author":39,"featured_media":1244,"comment_status":"open","ping_status":"open","sticky":false,"template":"","format":"standard","meta":[],"categories":[7],"tags":[],"yoast_head":"<!-- This site is optimized with the Yoast SEO plugin v19.10 - https:\/\/yoast.com\/wordpress\/plugins\/seo\/ -->\n<title>Holl\u00e4ndische Fachbesucher begeistert vom Naturpark - Naturpark Stechlin-Ruppiner Land<\/title>\n<meta name=\"robots\" content=\"index, follow, max-snippet:-1, max-image-preview:large, max-video-preview:-1\" \/>\n<link rel=\"canonical\" href=\"https:\/\/www.naturparkmagazin.de\/stechlin\/hollaendische-fachbesucher-begeistert-vom-naturpark\/\" \/>\n<meta property=\"og:locale\" content=\"de_DE\" \/>\n<meta property=\"og:type\" content=\"article\" \/>\n<meta property=\"og:title\" content=\"Holl\u00e4ndische Fachbesucher begeistert vom Naturpark - Naturpark Stechlin-Ruppiner Land\" \/>\n<meta property=\"og:description\" content=\"Ende Juli besuchten die renommierten niederl\u00e4ndischen Biologen Dr. Emile Nat, Wil Leurs, Casper Zuyderduyn und John Bruinsma den Naturpark Stechlin-Ruppiner Land.\" \/>\n<meta property=\"og:url\" content=\"https:\/\/www.naturparkmagazin.de\/stechlin\/hollaendische-fachbesucher-begeistert-vom-naturpark\/\" \/>\n<meta property=\"og:site_name\" content=\"Naturpark Stechlin-Ruppiner Land\" \/>\n<meta property=\"article:published_time\" content=\"2014-08-19T07:32:30+00:00\" \/>\n<meta property=\"article:modified_time\" content=\"2014-08-26T12:23:48+00:00\" \/>\n<meta property=\"og:image\" content=\"https:\/\/www.naturparkmagazin.de\/stechlin\/wp-content\/uploads\/sites\/38\/k-IMG_3279.jpg\" \/>\n\t<meta property=\"og:image:width\" content=\"640\" \/>\n\t<meta property=\"og:image:height\" content=\"480\" \/>\n\t<meta property=\"og:image:type\" content=\"image\/jpeg\" \/>\n<meta name=\"author\" content=\"marioschrumpf\" \/>\n<meta name=\"twitter:label1\" content=\"Verfasst von\" \/>\n\t<meta name=\"twitter:data1\" content=\"marioschrumpf\" \/>\n\t<meta name=\"twitter:label2\" content=\"Gesch\u00e4tzte Lesezeit\" \/>\n\t<meta name=\"twitter:data2\" content=\"1\u00a0Minute\" \/>\n<script type=\"application\/ld+json\" class=\"yoast-schema-graph\">{\"@context\":\"https:\/\/schema.org\",\"@graph\":[{\"@type\":\"WebPage\",\"@id\":\"https:\/\/www.naturparkmagazin.de\/stechlin\/hollaendische-fachbesucher-begeistert-vom-naturpark\/\",\"url\":\"https:\/\/www.naturparkmagazin.de\/stechlin\/hollaendische-fachbesucher-begeistert-vom-naturpark\/\",\"name\":\"Holl\u00e4ndische Fachbesucher begeistert vom Naturpark - Naturpark Stechlin-Ruppiner Land\",\"isPartOf\":{\"@id\":\"https:\/\/www.naturparkmagazin.de\/stechlin\/#website\"},\"datePublished\":\"2014-08-19T07:32:30+00:00\",\"dateModified\":\"2014-08-26T12:23:48+00:00\",\"author\":{\"@id\":\"https:\/\/www.naturparkmagazin.de\/stechlin\/#\/schema\/person\/3f0d93203df21c806dd63c76d9bb28bc\"},\"breadcrumb\":{\"@id\":\"https:\/\/www.naturparkmagazin.de\/stechlin\/hollaendische-fachbesucher-begeistert-vom-naturpark\/#breadcrumb\"},\"inLanguage\":\"de\",\"potentialAction\":[{\"@type\":\"ReadAction\",\"target\":[\"https:\/\/www.naturparkmagazin.de\/stechlin\/hollaendische-fachbesucher-begeistert-vom-naturpark\/\"]}]},{\"@type\":\"BreadcrumbList\",\"@id\":\"https:\/\/www.naturparkmagazin.de\/stechlin\/hollaendische-fachbesucher-begeistert-vom-naturpark\/#breadcrumb\",\"itemListElement\":[{\"@type\":\"ListItem\",\"position\":1,\"name\":\"Home\",\"item\":\"https:\/\/www.naturparkmagazin.de\/stechlin\/\"},{\"@type\":\"ListItem\",\"position\":2,\"name\":\"Holl\u00e4ndische Fachbesucher begeistert vom Naturpark\"}]},{\"@type\":\"WebSite\",\"@id\":\"https:\/\/www.naturparkmagazin.de\/stechlin\/#website\",\"url\":\"https:\/\/www.naturparkmagazin.de\/stechlin\/\",\"name\":\"Naturpark Stechlin-Ruppiner Land\",\"description\":\"\",\"potentialAction\":[{\"@type\":\"SearchAction\",\"target\":{\"@type\":\"EntryPoint\",\"urlTemplate\":\"https:\/\/www.naturparkmagazin.de\/stechlin\/?s={search_term_string}\"},\"query-input\":\"required name=search_term_string\"}],\"inLanguage\":\"de\"},{\"@type\":\"Person\",\"@id\":\"https:\/\/www.naturparkmagazin.de\/stechlin\/#\/schema\/person\/3f0d93203df21c806dd63c76d9bb28bc\",\"name\":\"marioschrumpf\",\"url\":\"https:\/\/www.naturparkmagazin.de\/stechlin\/author\/marioschrumpf\/\"}]}<\/script>\n<!-- \/ Yoast SEO plugin. -->","yoast_head_json":{"title":"Holl\u00e4ndische Fachbesucher begeistert vom Naturpark - Naturpark Stechlin-Ruppiner Land","robots":{"index":"index","follow":"follow","max-snippet":"max-snippet:-1","max-image-preview":"max-image-preview:large","max-video-preview":"max-video-preview:-1"},"canonical":"https:\/\/www.naturparkmagazin.de\/stechlin\/hollaendische-fachbesucher-begeistert-vom-naturpark\/","og_locale":"de_DE","og_type":"article","og_title":"Holl\u00e4ndische Fachbesucher begeistert vom Naturpark - Naturpark Stechlin-Ruppiner Land","og_description":"Ende Juli besuchten die renommierten niederl\u00e4ndischen Biologen Dr. Emile Nat, Wil Leurs, Casper Zuyderduyn und John Bruinsma den Naturpark Stechlin-Ruppiner Land.","og_url":"https:\/\/www.naturparkmagazin.de\/stechlin\/hollaendische-fachbesucher-begeistert-vom-naturpark\/","og_site_name":"Naturpark Stechlin-Ruppiner Land","article_published_time":"2014-08-19T07:32:30+00:00","article_modified_time":"2014-08-26T12:23:48+00:00","og_image":[{"width":640,"height":480,"url":"https:\/\/www.naturparkmagazin.de\/stechlin\/wp-content\/uploads\/sites\/38\/k-IMG_3279.jpg","type":"image\/jpeg"}],"author":"marioschrumpf","twitter_misc":{"Verfasst von":"marioschrumpf","Gesch\u00e4tzte Lesezeit":"1\u00a0Minute"},"schema":{"@context":"https:\/\/schema.org","@graph":[{"@type":"WebPage","@id":"https:\/\/www.naturparkmagazin.de\/stechlin\/hollaendische-fachbesucher-begeistert-vom-naturpark\/","url":"https:\/\/www.naturparkmagazin.de\/stechlin\/hollaendische-fachbesucher-begeistert-vom-naturpark\/","name":"Holl\u00e4ndische Fachbesucher begeistert vom Naturpark - Naturpark Stechlin-Ruppiner Land","isPartOf":{"@id":"https:\/\/www.naturparkmagazin.de\/stechlin\/#website"},"datePublished":"2014-08-19T07:32:30+00:00","dateModified":"2014-08-26T12:23:48+00:00","author":{"@id":"https:\/\/www.naturparkmagazin.de\/stechlin\/#\/schema\/person\/3f0d93203df21c806dd63c76d9bb28bc"},"breadcrumb":{"@id":"https:\/\/www.naturparkmagazin.de\/stechlin\/hollaendische-fachbesucher-begeistert-vom-naturpark\/#breadcrumb"},"inLanguage":"de","potentialAction":[{"@type":"ReadAction","target":["https:\/\/www.naturparkmagazin.de\/stechlin\/hollaendische-fachbesucher-begeistert-vom-naturpark\/"]}]},{"@type":"BreadcrumbList","@id":"https:\/\/www.naturparkmagazin.de\/stechlin\/hollaendische-fachbesucher-begeistert-vom-naturpark\/#breadcrumb","itemListElement":[{"@type":"ListItem","position":1,"name":"Home","item":"https:\/\/www.naturparkmagazin.de\/stechlin\/"},{"@type":"ListItem","position":2,"name":"Holl\u00e4ndische Fachbesucher begeistert vom Naturpark"}]},{"@type":"WebSite","@id":"https:\/\/www.naturparkmagazin.de\/stechlin\/#website","url":"https:\/\/www.naturparkmagazin.de\/stechlin\/","name":"Naturpark Stechlin-Ruppiner Land","description":"","potentialAction":[{"@type":"SearchAction","target":{"@type":"EntryPoint","urlTemplate":"https:\/\/www.naturparkmagazin.de\/stechlin\/?s={search_term_string}"},"query-input":"required name=search_term_string"}],"inLanguage":"de"},{"@type":"Person","@id":"https:\/\/www.naturparkmagazin.de\/stechlin\/#\/schema\/person\/3f0d93203df21c806dd63c76d9bb28bc","name":"marioschrumpf","url":"https:\/\/www.naturparkmagazin.de\/stechlin\/author\/marioschrumpf\/"}]}},"_links":{"self":[{"href":"https:\/\/www.naturparkmagazin.de\/stechlin\/wp-json\/wp\/v2\/posts\/1243"}],"collection":[{"href":"https:\/\/www.naturparkmagazin.de\/stechlin\/wp-json\/wp\/v2\/posts"}],"about":[{"href":"https:\/\/www.naturparkmagazin.de\/stechlin\/wp-json\/wp\/v2\/types\/post"}],"author":[{"embeddable":true,"href":"https:\/\/www.naturparkmagazin.de\/stechlin\/wp-json\/wp\/v2\/users\/39"}],"replies":[{"embeddable":true,"href":"https:\/\/www.naturparkmagazin.de\/stechlin\/wp-json\/wp\/v2\/comments?post=1243"}],"version-history":[{"count":3,"href":"https:\/\/www.naturparkmagazin.de\/stechlin\/wp-json\/wp\/v2\/posts\/1243\/revisions"}],"predecessor-version":[{"id":1323,"href":"https:\/\/www.naturparkmagazin.de\/stechlin\/wp-json\/wp\/v2\/posts\/1243\/revisions\/1323"}],"wp:featuredmedia":[{"embeddable":true,"href":"https:\/\/www.naturparkmagazin.de\/stechlin\/wp-json\/wp\/v2\/media\/1244"}],"wp:attachment":[{"href":"https:\/\/www.naturparkmagazin.de\/stechlin\/wp-json\/wp\/v2\/media?parent=1243"}],"wp:term":[{"taxonomy":"category","embeddable":true,"href":"https:\/\/www.naturparkmagazin.de\/stechlin\/wp-json\/wp\/v2\/categories?post=1243"},{"taxonomy":"post_tag","embeddable":true,"href":"https:\/\/www.naturparkmagazin.de\/stechlin\/wp-json\/wp\/v2\/tags?post=1243"}],"curies":[{"name":"wp","href":"https:\/\/api.w.org\/{rel}","templated":true}]}}