{"id":12453,"date":"2022-08-15T15:00:43","date_gmt":"2022-08-15T13:00:43","guid":{"rendered":"https:\/\/www.naturparkmagazin.de\/stechlin\/?p=12453"},"modified":"2022-08-15T15:58:20","modified_gmt":"2022-08-15T13:58:20","slug":"wassermangel-rheinsberger-rhin-gesperrt","status":"publish","type":"post","link":"https:\/\/www.naturparkmagazin.de\/stechlin\/wassermangel-rheinsberger-rhin-gesperrt\/","title":{"rendered":"Wassermangel: Rheinsberger Rhin gesperrt"},"content":{"rendered":"<p>Die Befahrung des Rheinsberger Rhin mit muskelkraftbetriebenen Wasserfahrzeugen (Einer- und Zweier-Kajaks) ist ab dem 20. Juli 2022, aufgrund von Wassermangel bis auf Weiteres nicht mehr gestattet.\n<a href=\"https:\/\/www.naturparkmagazin.de\/stechlin\/wp-content\/uploads\/sites\/38\/Aegagrophila-linnaei-so-4_klein.jpg\"><img decoding=\"async\" loading=\"lazy\" class=\"aligncenter size-thumbnail wp-image-9282\" src=\"https:\/\/www.naturparkmagazin.de\/stechlin\/wp-content\/uploads\/sites\/38\/Aegagrophila-linnaei-so-4_klein-300x180.jpg\" alt=\"NP SRL\/Silke Oldorff\" width=\"300\" height=\"180\" srcset=\"https:\/\/www.naturparkmagazin.de\/stechlin\/wp-content\/uploads\/sites\/38\/Aegagrophila-linnaei-so-4_klein-300x180.jpg 300w, https:\/\/www.naturparkmagazin.de\/stechlin\/wp-content\/uploads\/sites\/38\/Aegagrophila-linnaei-so-4_klein.jpg 500w, https:\/\/www.naturparkmagazin.de\/stechlin\/wp-content\/uploads\/sites\/38\/Aegagrophila-linnaei-so-4_klein-200x120.jpg 200w\" sizes=\"(max-width: 300px) 100vw, 300px\" \/><\/a>\nDer Pegel an der Oberm\u00fchle in Rheinsberg ist unter die, nach der <a class=\"csslink_extern\" title=\"Externer Link\" href=\"https:\/\/www.ostprignitz-ruppin.de\/redirect.phtml?extlink=1&amp;La=1&amp;url_fid=3039.2432.1\" target=\"_blank\">Verordnung \u00fcber das Naturschutzgebiet &#8222;Rheinsberger Rhin und Hellberge&#8220; des Landes Brandenburg<\/a>, zul\u00e4ssige Marke von 65 Zentimetern gefallen. Somit steht nicht genug Wasser im Rheinsberger Rhin zur Verf\u00fcgung, um ein schadloses Befahren des Gew\u00e4ssers zu gew\u00e4hrleisten. Vor dem Hintergrund einer hohen Verdunstung und ausbleibender Niederschl\u00e4ge war zuvor der Abfluss der Rheinsberger Seen in den Rheinsberger Rhin vom Bewirtschafter des Wehres an der Oberm\u00fchle reduziert worden. Mit Blick auf die Wetterprognosen ist dahingehend auch leider keine Besserung zu erwarten.<\/p>\n<div id=\"attachment_12236\" style=\"width: 310px\" class=\"wp-caption aligncenter\"><a href=\"https:\/\/www.naturparkmagazin.de\/stechlin\/wp-content\/uploads\/sites\/38\/csm_Rheinsberger_Rhin-8668_web_89cf35e404.jpg\"><img aria-describedby=\"caption-attachment-12236\" decoding=\"async\" loading=\"lazy\" class=\"size-thumbnail wp-image-12236\" src=\"https:\/\/www.naturparkmagazin.de\/stechlin\/wp-content\/uploads\/sites\/38\/csm_Rheinsberger_Rhin-8668_web_89cf35e404-300x499.jpg\" alt=\"Um die Pflanzen- und Tierwelt zu sch\u00fctzen, d\u00fcrfen in der Saison nur 150 Boote auf dem Rheinsberger Rhin paddeln. \u00a9 NaturSchutzFonds Brandenburg\" width=\"300\" height=\"499\" srcset=\"https:\/\/www.naturparkmagazin.de\/stechlin\/wp-content\/uploads\/sites\/38\/csm_Rheinsberger_Rhin-8668_web_89cf35e404.jpg 300w, https:\/\/www.naturparkmagazin.de\/stechlin\/wp-content\/uploads\/sites\/38\/csm_Rheinsberger_Rhin-8668_web_89cf35e404-200x333.jpg 200w\" sizes=\"(max-width: 300px) 100vw, 300px\" \/><\/a><p id=\"caption-attachment-12236\" class=\"wp-caption-text\">Um die Pflanzen- und Tierwelt zu sch\u00fctzen, d\u00fcrfen bei einem Pegel&lt;65 cm an der Rheinsberger Oberm\u00fchle keine Boote mehr\u00a0 auf dem Rheinsberger Rhin fahren.\u00a9 NaturSchutzFonds Brandenburg<\/p><\/div>\n<p>\u00dcber den Pegelstand an der Rheinsberger Oberm\u00fchle und eine damit verbundene, m\u00f6gliche Sperrung oder Befahrung des Rheinsberger Rhin, informiert immer zeitnah das Pegeltelefon. Dieses ist \u00fcber die Nummer 033082 \/ 407-16 zu erreichen (nur Textansage).<\/p>\n","protected":false},"excerpt":{"rendered":"<p>Die Befahrung des Rheinsberger Rhin mit muskelkraftbetriebenen Wasserfahrzeugen ist aufgrund von Wassermangel bis auf Weiteres nicht mehr gestattet.<\/p>\n","protected":false},"author":39,"featured_media":9736,"comment_status":"open","ping_status":"open","sticky":false,"template":"","format":"standard","meta":[],"categories":[7],"tags":[],"yoast_head":"<!-- This site is optimized with the Yoast SEO plugin v19.10 - https:\/\/yoast.com\/wordpress\/plugins\/seo\/ -->\n<title>Wassermangel: Rheinsberger Rhin gesperrt - Naturpark Stechlin-Ruppiner Land<\/title>\n<meta name=\"robots\" content=\"index, follow, max-snippet:-1, max-image-preview:large, max-video-preview:-1\" \/>\n<link rel=\"canonical\" href=\"https:\/\/www.naturparkmagazin.de\/stechlin\/wassermangel-rheinsberger-rhin-gesperrt\/\" \/>\n<meta property=\"og:locale\" content=\"de_DE\" \/>\n<meta property=\"og:type\" content=\"article\" \/>\n<meta property=\"og:title\" content=\"Wassermangel: Rheinsberger Rhin gesperrt - Naturpark Stechlin-Ruppiner Land\" \/>\n<meta property=\"og:description\" content=\"Die Befahrung des Rheinsberger Rhin mit muskelkraftbetriebenen Wasserfahrzeugen ist aufgrund von Wassermangel bis auf Weiteres nicht mehr gestattet.\" \/>\n<meta property=\"og:url\" content=\"https:\/\/www.naturparkmagazin.de\/stechlin\/wassermangel-rheinsberger-rhin-gesperrt\/\" \/>\n<meta property=\"og:site_name\" content=\"Naturpark Stechlin-Ruppiner Land\" \/>\n<meta property=\"article:published_time\" content=\"2022-08-15T13:00:43+00:00\" \/>\n<meta property=\"article:modified_time\" content=\"2022-08-15T13:58:20+00:00\" \/>\n<meta property=\"og:image\" content=\"https:\/\/www.naturparkmagazin.de\/stechlin\/wp-content\/uploads\/sites\/38\/pegelrot.jpg\" \/>\n\t<meta property=\"og:image:width\" content=\"200\" \/>\n\t<meta property=\"og:image:height\" content=\"200\" \/>\n\t<meta property=\"og:image:type\" content=\"image\/jpeg\" \/>\n<meta name=\"author\" content=\"marioschrumpf\" \/>\n<meta name=\"twitter:label1\" content=\"Verfasst von\" \/>\n\t<meta name=\"twitter:data1\" content=\"marioschrumpf\" \/>\n\t<meta name=\"twitter:label2\" content=\"Gesch\u00e4tzte Lesezeit\" \/>\n\t<meta name=\"twitter:data2\" content=\"1\u00a0Minute\" \/>\n<script type=\"application\/ld+json\" class=\"yoast-schema-graph\">{\"@context\":\"https:\/\/schema.org\",\"@graph\":[{\"@type\":\"WebPage\",\"@id\":\"https:\/\/www.naturparkmagazin.de\/stechlin\/wassermangel-rheinsberger-rhin-gesperrt\/\",\"url\":\"https:\/\/www.naturparkmagazin.de\/stechlin\/wassermangel-rheinsberger-rhin-gesperrt\/\",\"name\":\"Wassermangel: Rheinsberger Rhin gesperrt - Naturpark Stechlin-Ruppiner Land\",\"isPartOf\":{\"@id\":\"https:\/\/www.naturparkmagazin.de\/stechlin\/#website\"},\"datePublished\":\"2022-08-15T13:00:43+00:00\",\"dateModified\":\"2022-08-15T13:58:20+00:00\",\"author\":{\"@id\":\"https:\/\/www.naturparkmagazin.de\/stechlin\/#\/schema\/person\/3f0d93203df21c806dd63c76d9bb28bc\"},\"breadcrumb\":{\"@id\":\"https:\/\/www.naturparkmagazin.de\/stechlin\/wassermangel-rheinsberger-rhin-gesperrt\/#breadcrumb\"},\"inLanguage\":\"de\",\"potentialAction\":[{\"@type\":\"ReadAction\",\"target\":[\"https:\/\/www.naturparkmagazin.de\/stechlin\/wassermangel-rheinsberger-rhin-gesperrt\/\"]}]},{\"@type\":\"BreadcrumbList\",\"@id\":\"https:\/\/www.naturparkmagazin.de\/stechlin\/wassermangel-rheinsberger-rhin-gesperrt\/#breadcrumb\",\"itemListElement\":[{\"@type\":\"ListItem\",\"position\":1,\"name\":\"Home\",\"item\":\"https:\/\/www.naturparkmagazin.de\/stechlin\/\"},{\"@type\":\"ListItem\",\"position\":2,\"name\":\"Wassermangel: Rheinsberger Rhin gesperrt\"}]},{\"@type\":\"WebSite\",\"@id\":\"https:\/\/www.naturparkmagazin.de\/stechlin\/#website\",\"url\":\"https:\/\/www.naturparkmagazin.de\/stechlin\/\",\"name\":\"Naturpark Stechlin-Ruppiner Land\",\"description\":\"\",\"potentialAction\":[{\"@type\":\"SearchAction\",\"target\":{\"@type\":\"EntryPoint\",\"urlTemplate\":\"https:\/\/www.naturparkmagazin.de\/stechlin\/?s={search_term_string}\"},\"query-input\":\"required name=search_term_string\"}],\"inLanguage\":\"de\"},{\"@type\":\"Person\",\"@id\":\"https:\/\/www.naturparkmagazin.de\/stechlin\/#\/schema\/person\/3f0d93203df21c806dd63c76d9bb28bc\",\"name\":\"marioschrumpf\",\"url\":\"https:\/\/www.naturparkmagazin.de\/stechlin\/author\/marioschrumpf\/\"}]}<\/script>\n<!-- \/ Yoast SEO plugin. -->","yoast_head_json":{"title":"Wassermangel: Rheinsberger Rhin gesperrt - Naturpark Stechlin-Ruppiner Land","robots":{"index":"index","follow":"follow","max-snippet":"max-snippet:-1","max-image-preview":"max-image-preview:large","max-video-preview":"max-video-preview:-1"},"canonical":"https:\/\/www.naturparkmagazin.de\/stechlin\/wassermangel-rheinsberger-rhin-gesperrt\/","og_locale":"de_DE","og_type":"article","og_title":"Wassermangel: Rheinsberger Rhin gesperrt - Naturpark Stechlin-Ruppiner Land","og_description":"Die Befahrung des Rheinsberger Rhin mit muskelkraftbetriebenen Wasserfahrzeugen ist aufgrund von Wassermangel bis auf Weiteres nicht mehr gestattet.","og_url":"https:\/\/www.naturparkmagazin.de\/stechlin\/wassermangel-rheinsberger-rhin-gesperrt\/","og_site_name":"Naturpark Stechlin-Ruppiner Land","article_published_time":"2022-08-15T13:00:43+00:00","article_modified_time":"2022-08-15T13:58:20+00:00","og_image":[{"width":200,"height":200,"url":"https:\/\/www.naturparkmagazin.de\/stechlin\/wp-content\/uploads\/sites\/38\/pegelrot.jpg","type":"image\/jpeg"}],"author":"marioschrumpf","twitter_misc":{"Verfasst von":"marioschrumpf","Gesch\u00e4tzte Lesezeit":"1\u00a0Minute"},"schema":{"@context":"https:\/\/schema.org","@graph":[{"@type":"WebPage","@id":"https:\/\/www.naturparkmagazin.de\/stechlin\/wassermangel-rheinsberger-rhin-gesperrt\/","url":"https:\/\/www.naturparkmagazin.de\/stechlin\/wassermangel-rheinsberger-rhin-gesperrt\/","name":"Wassermangel: Rheinsberger Rhin gesperrt - Naturpark Stechlin-Ruppiner Land","isPartOf":{"@id":"https:\/\/www.naturparkmagazin.de\/stechlin\/#website"},"datePublished":"2022-08-15T13:00:43+00:00","dateModified":"2022-08-15T13:58:20+00:00","author":{"@id":"https:\/\/www.naturparkmagazin.de\/stechlin\/#\/schema\/person\/3f0d93203df21c806dd63c76d9bb28bc"},"breadcrumb":{"@id":"https:\/\/www.naturparkmagazin.de\/stechlin\/wassermangel-rheinsberger-rhin-gesperrt\/#breadcrumb"},"inLanguage":"de","potentialAction":[{"@type":"ReadAction","target":["https:\/\/www.naturparkmagazin.de\/stechlin\/wassermangel-rheinsberger-rhin-gesperrt\/"]}]},{"@type":"BreadcrumbList","@id":"https:\/\/www.naturparkmagazin.de\/stechlin\/wassermangel-rheinsberger-rhin-gesperrt\/#breadcrumb","itemListElement":[{"@type":"ListItem","position":1,"name":"Home","item":"https:\/\/www.naturparkmagazin.de\/stechlin\/"},{"@type":"ListItem","position":2,"name":"Wassermangel: Rheinsberger Rhin gesperrt"}]},{"@type":"WebSite","@id":"https:\/\/www.naturparkmagazin.de\/stechlin\/#website","url":"https:\/\/www.naturparkmagazin.de\/stechlin\/","name":"Naturpark Stechlin-Ruppiner Land","description":"","potentialAction":[{"@type":"SearchAction","target":{"@type":"EntryPoint","urlTemplate":"https:\/\/www.naturparkmagazin.de\/stechlin\/?s={search_term_string}"},"query-input":"required name=search_term_string"}],"inLanguage":"de"},{"@type":"Person","@id":"https:\/\/www.naturparkmagazin.de\/stechlin\/#\/schema\/person\/3f0d93203df21c806dd63c76d9bb28bc","name":"marioschrumpf","url":"https:\/\/www.naturparkmagazin.de\/stechlin\/author\/marioschrumpf\/"}]}},"_links":{"self":[{"href":"https:\/\/www.naturparkmagazin.de\/stechlin\/wp-json\/wp\/v2\/posts\/12453"}],"collection":[{"href":"https:\/\/www.naturparkmagazin.de\/stechlin\/wp-json\/wp\/v2\/posts"}],"about":[{"href":"https:\/\/www.naturparkmagazin.de\/stechlin\/wp-json\/wp\/v2\/types\/post"}],"author":[{"embeddable":true,"href":"https:\/\/www.naturparkmagazin.de\/stechlin\/wp-json\/wp\/v2\/users\/39"}],"replies":[{"embeddable":true,"href":"https:\/\/www.naturparkmagazin.de\/stechlin\/wp-json\/wp\/v2\/comments?post=12453"}],"version-history":[{"count":2,"href":"https:\/\/www.naturparkmagazin.de\/stechlin\/wp-json\/wp\/v2\/posts\/12453\/revisions"}],"predecessor-version":[{"id":12471,"href":"https:\/\/www.naturparkmagazin.de\/stechlin\/wp-json\/wp\/v2\/posts\/12453\/revisions\/12471"}],"wp:featuredmedia":[{"embeddable":true,"href":"https:\/\/www.naturparkmagazin.de\/stechlin\/wp-json\/wp\/v2\/media\/9736"}],"wp:attachment":[{"href":"https:\/\/www.naturparkmagazin.de\/stechlin\/wp-json\/wp\/v2\/media?parent=12453"}],"wp:term":[{"taxonomy":"category","embeddable":true,"href":"https:\/\/www.naturparkmagazin.de\/stechlin\/wp-json\/wp\/v2\/categories?post=12453"},{"taxonomy":"post_tag","embeddable":true,"href":"https:\/\/www.naturparkmagazin.de\/stechlin\/wp-json\/wp\/v2\/tags?post=12453"}],"curies":[{"name":"wp","href":"https:\/\/api.w.org\/{rel}","templated":true}]}}