{"id":12494,"date":"2022-08-16T14:19:55","date_gmt":"2022-08-16T12:19:55","guid":{"rendered":"https:\/\/www.naturparkmagazin.de\/stechlin\/?p=12494"},"modified":"2025-04-25T08:43:49","modified_gmt":"2025-04-25T06:43:49","slug":"rangertour-der-wolf-ist-da-was-nun","status":"publish","type":"post","link":"https:\/\/www.naturparkmagazin.de\/stechlin\/rangertour-der-wolf-ist-da-was-nun\/","title":{"rendered":"RangerTour: Der Wolf ist da \u2013 was nun? (2022)"},"content":{"rendered":"<div id=\"attachment_10950\" style=\"width: 310px\" class=\"wp-caption aligncenter\"><a href=\"https:\/\/www.naturparkmagazin.de\/stechlin\/wp-content\/uploads\/sites\/38\/Wolf_robert-franck.jpg\"><img aria-describedby=\"caption-attachment-10950\" decoding=\"async\" loading=\"lazy\" class=\"size-thumbnail wp-image-10950\" src=\"https:\/\/www.naturparkmagazin.de\/stechlin\/wp-content\/uploads\/sites\/38\/Wolf_robert-franck-300x180.jpg\" alt=\"\u00a9 Robert Franck\" width=\"300\" height=\"180\" srcset=\"https:\/\/www.naturparkmagazin.de\/stechlin\/wp-content\/uploads\/sites\/38\/Wolf_robert-franck-300x180.jpg 300w, https:\/\/www.naturparkmagazin.de\/stechlin\/wp-content\/uploads\/sites\/38\/Wolf_robert-franck.jpg 500w, https:\/\/www.naturparkmagazin.de\/stechlin\/wp-content\/uploads\/sites\/38\/Wolf_robert-franck-200x120.jpg 200w\" sizes=\"(max-width: 300px) 100vw, 300px\" \/><\/a><p id=\"caption-attachment-10950\" class=\"wp-caption-text\">Wolf in freier Wildbahn im Naturpark \u00a9 Robert Franck<\/p><\/div>\n<p>Mitte des 19. Jahrhunderts galt der Wolf in Deutschland als ausgerottet. Nun ist er seit gut 10 Jahren wieder heimisch in Brandenburg. Wie steht es um die Ausbreitung des Wolfes? Wie funktioniert das Monitoring? Welche Spuren hinterl\u00e4sst er? Aber auch: Welche Probleme bringt seine Ausbreitung mit sich? Wie reagieren Tierhalter auf seine Anwesenheit? Diesen Fragen wollen wir auf einer Radtour mit verschiedenen Stationen im Naturpark Stechlin-Ruppiner Land nachgehen. Wir treffen Schafhalter ebenso wie einen Wolfsbeauftragten.<\/p>\n<div id=\"attachment_11642\" style=\"width: 310px\" class=\"wp-caption aligncenter\"><a href=\"https:\/\/www.naturparkmagazin.de\/stechlin\/wp-content\/uploads\/sites\/38\/Robert-Franck.jpg\"><img aria-describedby=\"caption-attachment-11642\" decoding=\"async\" loading=\"lazy\" class=\"size-thumbnail wp-image-11642\" src=\"https:\/\/www.naturparkmagazin.de\/stechlin\/wp-content\/uploads\/sites\/38\/Robert-Franck-300x500.jpg\" alt=\"\u00a9 Foto: Dr. Mario Schrumpf\" width=\"300\" height=\"500\" srcset=\"https:\/\/www.naturparkmagazin.de\/stechlin\/wp-content\/uploads\/sites\/38\/Robert-Franck.jpg 300w, https:\/\/www.naturparkmagazin.de\/stechlin\/wp-content\/uploads\/sites\/38\/Robert-Franck-200x333.jpg 200w\" sizes=\"(max-width: 300px) 100vw, 300px\" \/><\/a><p id=\"caption-attachment-11642\" class=\"wp-caption-text\">Der &#8222;Wolfsbeauftragte&#8220; Robert Franck wird uns vor Ort Rede und Antwort stehen. \u00a9 Foto: Dr. Mario Schrumpf<\/p><\/div>\n<p><strong>Termin:<\/strong> 17.09.2022, 10-15 Uhr<\/p>\n<p><strong>Anmeldeschuss:<\/strong> 14.09.2022 (Anmeldung Tel.: +49 (0)175-7213053 oder +49 (0)33933-879521)\n<strong>Start:<\/strong> Bahnhof Rheinsberg\n<strong>Ende:<\/strong> Zippelsf\u00f6rde\n<strong>Strecke:<\/strong> 12,5 km\n<strong>Dauer:<\/strong> 5 Stunden<\/p>\n<p><strong>Kosten:<\/strong> 12 \u20ac\n<strong>Hinweis:<\/strong> Bitte bringen Sie Ihr Fahrrad mit oder wenden Sie sich an uns, wir vermitteln gerne den Kontakt zu einem Verleih. Bitte denken Sie auch an Proviant f\u00fcr ein kleines Picknick. In Zippelsf\u00f6rde wird es die M\u00f6glichkeit eines kleinen Imbiss beim Fischer geben.<\/p>\n<p>Diese F\u00fchrung ist ein Angebot der \u201eRanger- und Erlebnistouren\u201c.<\/p>\n","protected":false},"excerpt":{"rendered":"<p>Gemeinsam wollen wir am 17. September von 10-15 Uhr per Rad auf Tour gehen zum Thema Wolf. Wir treffen Schafhalter, ebenso wie einen &#8222;Wolfsbeauftragten&#8220;.<\/p>\n","protected":false},"author":39,"featured_media":10945,"comment_status":"open","ping_status":"open","sticky":false,"template":"","format":"standard","meta":[],"categories":[11],"tags":[],"yoast_head":"<!-- This site is optimized with the Yoast SEO plugin v19.10 - https:\/\/yoast.com\/wordpress\/plugins\/seo\/ -->\n<title>RangerTour: Der Wolf ist da \u2013 was nun? (2022) - Naturpark Stechlin-Ruppiner Land<\/title>\n<meta name=\"robots\" content=\"index, follow, max-snippet:-1, max-image-preview:large, max-video-preview:-1\" \/>\n<link rel=\"canonical\" href=\"https:\/\/www.naturparkmagazin.de\/stechlin\/rangertour-der-wolf-ist-da-was-nun\/\" \/>\n<meta property=\"og:locale\" content=\"de_DE\" \/>\n<meta property=\"og:type\" content=\"article\" \/>\n<meta property=\"og:title\" content=\"RangerTour: Der Wolf ist da \u2013 was nun? (2022) - Naturpark Stechlin-Ruppiner Land\" \/>\n<meta property=\"og:description\" content=\"Gemeinsam wollen wir am 17. September von 10-15 Uhr per Rad auf Tour gehen zum Thema Wolf. Wir treffen Schafhalter, ebenso wie einen &quot;Wolfsbeauftragten&quot;.\" \/>\n<meta property=\"og:url\" content=\"https:\/\/www.naturparkmagazin.de\/stechlin\/rangertour-der-wolf-ist-da-was-nun\/\" \/>\n<meta property=\"og:site_name\" content=\"Naturpark Stechlin-Ruppiner Land\" \/>\n<meta property=\"article:published_time\" content=\"2022-08-16T12:19:55+00:00\" \/>\n<meta property=\"article:modified_time\" content=\"2025-04-25T06:43:49+00:00\" \/>\n<meta property=\"og:image\" content=\"https:\/\/www.naturparkmagazin.de\/stechlin\/wp-content\/uploads\/sites\/38\/Eulenschild-Fahrrad_a.jpg\" \/>\n\t<meta property=\"og:image:width\" content=\"200\" \/>\n\t<meta property=\"og:image:height\" content=\"200\" \/>\n\t<meta property=\"og:image:type\" content=\"image\/jpeg\" \/>\n<meta name=\"author\" content=\"marioschrumpf\" \/>\n<meta name=\"twitter:label1\" content=\"Verfasst von\" \/>\n\t<meta name=\"twitter:data1\" content=\"marioschrumpf\" \/>\n\t<meta name=\"twitter:label2\" content=\"Gesch\u00e4tzte Lesezeit\" \/>\n\t<meta name=\"twitter:data2\" content=\"1\u00a0Minute\" \/>\n<script type=\"application\/ld+json\" class=\"yoast-schema-graph\">{\"@context\":\"https:\/\/schema.org\",\"@graph\":[{\"@type\":\"WebPage\",\"@id\":\"https:\/\/www.naturparkmagazin.de\/stechlin\/rangertour-der-wolf-ist-da-was-nun\/\",\"url\":\"https:\/\/www.naturparkmagazin.de\/stechlin\/rangertour-der-wolf-ist-da-was-nun\/\",\"name\":\"RangerTour: Der Wolf ist da \u2013 was nun? (2022) - Naturpark Stechlin-Ruppiner Land\",\"isPartOf\":{\"@id\":\"https:\/\/www.naturparkmagazin.de\/stechlin\/#website\"},\"datePublished\":\"2022-08-16T12:19:55+00:00\",\"dateModified\":\"2025-04-25T06:43:49+00:00\",\"author\":{\"@id\":\"https:\/\/www.naturparkmagazin.de\/stechlin\/#\/schema\/person\/3f0d93203df21c806dd63c76d9bb28bc\"},\"breadcrumb\":{\"@id\":\"https:\/\/www.naturparkmagazin.de\/stechlin\/rangertour-der-wolf-ist-da-was-nun\/#breadcrumb\"},\"inLanguage\":\"de\",\"potentialAction\":[{\"@type\":\"ReadAction\",\"target\":[\"https:\/\/www.naturparkmagazin.de\/stechlin\/rangertour-der-wolf-ist-da-was-nun\/\"]}]},{\"@type\":\"BreadcrumbList\",\"@id\":\"https:\/\/www.naturparkmagazin.de\/stechlin\/rangertour-der-wolf-ist-da-was-nun\/#breadcrumb\",\"itemListElement\":[{\"@type\":\"ListItem\",\"position\":1,\"name\":\"Home\",\"item\":\"https:\/\/www.naturparkmagazin.de\/stechlin\/\"},{\"@type\":\"ListItem\",\"position\":2,\"name\":\"RangerTour: Der Wolf ist da \u2013 was nun? (2022)\"}]},{\"@type\":\"WebSite\",\"@id\":\"https:\/\/www.naturparkmagazin.de\/stechlin\/#website\",\"url\":\"https:\/\/www.naturparkmagazin.de\/stechlin\/\",\"name\":\"Naturpark Stechlin-Ruppiner Land\",\"description\":\"\",\"potentialAction\":[{\"@type\":\"SearchAction\",\"target\":{\"@type\":\"EntryPoint\",\"urlTemplate\":\"https:\/\/www.naturparkmagazin.de\/stechlin\/?s={search_term_string}\"},\"query-input\":\"required name=search_term_string\"}],\"inLanguage\":\"de\"},{\"@type\":\"Person\",\"@id\":\"https:\/\/www.naturparkmagazin.de\/stechlin\/#\/schema\/person\/3f0d93203df21c806dd63c76d9bb28bc\",\"name\":\"marioschrumpf\",\"url\":\"https:\/\/www.naturparkmagazin.de\/stechlin\/author\/marioschrumpf\/\"}]}<\/script>\n<!-- \/ Yoast SEO plugin. -->","yoast_head_json":{"title":"RangerTour: Der Wolf ist da \u2013 was nun? (2022) - Naturpark Stechlin-Ruppiner Land","robots":{"index":"index","follow":"follow","max-snippet":"max-snippet:-1","max-image-preview":"max-image-preview:large","max-video-preview":"max-video-preview:-1"},"canonical":"https:\/\/www.naturparkmagazin.de\/stechlin\/rangertour-der-wolf-ist-da-was-nun\/","og_locale":"de_DE","og_type":"article","og_title":"RangerTour: Der Wolf ist da \u2013 was nun? (2022) - Naturpark Stechlin-Ruppiner Land","og_description":"Gemeinsam wollen wir am 17. September von 10-15 Uhr per Rad auf Tour gehen zum Thema Wolf. Wir treffen Schafhalter, ebenso wie einen \"Wolfsbeauftragten\".","og_url":"https:\/\/www.naturparkmagazin.de\/stechlin\/rangertour-der-wolf-ist-da-was-nun\/","og_site_name":"Naturpark Stechlin-Ruppiner Land","article_published_time":"2022-08-16T12:19:55+00:00","article_modified_time":"2025-04-25T06:43:49+00:00","og_image":[{"width":200,"height":200,"url":"https:\/\/www.naturparkmagazin.de\/stechlin\/wp-content\/uploads\/sites\/38\/Eulenschild-Fahrrad_a.jpg","type":"image\/jpeg"}],"author":"marioschrumpf","twitter_misc":{"Verfasst von":"marioschrumpf","Gesch\u00e4tzte Lesezeit":"1\u00a0Minute"},"schema":{"@context":"https:\/\/schema.org","@graph":[{"@type":"WebPage","@id":"https:\/\/www.naturparkmagazin.de\/stechlin\/rangertour-der-wolf-ist-da-was-nun\/","url":"https:\/\/www.naturparkmagazin.de\/stechlin\/rangertour-der-wolf-ist-da-was-nun\/","name":"RangerTour: Der Wolf ist da \u2013 was nun? (2022) - Naturpark Stechlin-Ruppiner Land","isPartOf":{"@id":"https:\/\/www.naturparkmagazin.de\/stechlin\/#website"},"datePublished":"2022-08-16T12:19:55+00:00","dateModified":"2025-04-25T06:43:49+00:00","author":{"@id":"https:\/\/www.naturparkmagazin.de\/stechlin\/#\/schema\/person\/3f0d93203df21c806dd63c76d9bb28bc"},"breadcrumb":{"@id":"https:\/\/www.naturparkmagazin.de\/stechlin\/rangertour-der-wolf-ist-da-was-nun\/#breadcrumb"},"inLanguage":"de","potentialAction":[{"@type":"ReadAction","target":["https:\/\/www.naturparkmagazin.de\/stechlin\/rangertour-der-wolf-ist-da-was-nun\/"]}]},{"@type":"BreadcrumbList","@id":"https:\/\/www.naturparkmagazin.de\/stechlin\/rangertour-der-wolf-ist-da-was-nun\/#breadcrumb","itemListElement":[{"@type":"ListItem","position":1,"name":"Home","item":"https:\/\/www.naturparkmagazin.de\/stechlin\/"},{"@type":"ListItem","position":2,"name":"RangerTour: Der Wolf ist da \u2013 was nun? (2022)"}]},{"@type":"WebSite","@id":"https:\/\/www.naturparkmagazin.de\/stechlin\/#website","url":"https:\/\/www.naturparkmagazin.de\/stechlin\/","name":"Naturpark Stechlin-Ruppiner Land","description":"","potentialAction":[{"@type":"SearchAction","target":{"@type":"EntryPoint","urlTemplate":"https:\/\/www.naturparkmagazin.de\/stechlin\/?s={search_term_string}"},"query-input":"required name=search_term_string"}],"inLanguage":"de"},{"@type":"Person","@id":"https:\/\/www.naturparkmagazin.de\/stechlin\/#\/schema\/person\/3f0d93203df21c806dd63c76d9bb28bc","name":"marioschrumpf","url":"https:\/\/www.naturparkmagazin.de\/stechlin\/author\/marioschrumpf\/"}]}},"_links":{"self":[{"href":"https:\/\/www.naturparkmagazin.de\/stechlin\/wp-json\/wp\/v2\/posts\/12494"}],"collection":[{"href":"https:\/\/www.naturparkmagazin.de\/stechlin\/wp-json\/wp\/v2\/posts"}],"about":[{"href":"https:\/\/www.naturparkmagazin.de\/stechlin\/wp-json\/wp\/v2\/types\/post"}],"author":[{"embeddable":true,"href":"https:\/\/www.naturparkmagazin.de\/stechlin\/wp-json\/wp\/v2\/users\/39"}],"replies":[{"embeddable":true,"href":"https:\/\/www.naturparkmagazin.de\/stechlin\/wp-json\/wp\/v2\/comments?post=12494"}],"version-history":[{"count":5,"href":"https:\/\/www.naturparkmagazin.de\/stechlin\/wp-json\/wp\/v2\/posts\/12494\/revisions"}],"predecessor-version":[{"id":17161,"href":"https:\/\/www.naturparkmagazin.de\/stechlin\/wp-json\/wp\/v2\/posts\/12494\/revisions\/17161"}],"wp:featuredmedia":[{"embeddable":true,"href":"https:\/\/www.naturparkmagazin.de\/stechlin\/wp-json\/wp\/v2\/media\/10945"}],"wp:attachment":[{"href":"https:\/\/www.naturparkmagazin.de\/stechlin\/wp-json\/wp\/v2\/media?parent=12494"}],"wp:term":[{"taxonomy":"category","embeddable":true,"href":"https:\/\/www.naturparkmagazin.de\/stechlin\/wp-json\/wp\/v2\/categories?post=12494"},{"taxonomy":"post_tag","embeddable":true,"href":"https:\/\/www.naturparkmagazin.de\/stechlin\/wp-json\/wp\/v2\/tags?post=12494"}],"curies":[{"name":"wp","href":"https:\/\/api.w.org\/{rel}","templated":true}]}}