{"id":1250,"date":"2014-08-19T09:55:49","date_gmt":"2014-08-19T07:55:49","guid":{"rendered":"http:\/\/www.naturparkmagazin.de\/stechlin\/?p=1250"},"modified":"2014-08-26T14:20:24","modified_gmt":"2014-08-26T12:20:24","slug":"piepenbrock-azubi-projekttage-waren-ein-voller-erfolg","status":"publish","type":"post","link":"https:\/\/www.naturparkmagazin.de\/stechlin\/piepenbrock-azubi-projekttage-waren-ein-voller-erfolg\/","title":{"rendered":"Piepenbrock Azubi-Projekttage waren ein voller Erfolg"},"content":{"rendered":"<div id=\"attachment_1252\" style=\"width: 630px\" class=\"wp-caption alignnone\"><a href=\"https:\/\/www.naturparkmagazin.de\/stechlin\/wp-content\/uploads\/sites\/38\/k-DSC_00071.jpg\"><img aria-describedby=\"caption-attachment-1252\" decoding=\"async\" loading=\"lazy\" class=\"size-medium wp-image-1252\" alt=\"Azubis bei der Arbeit\" src=\"https:\/\/www.naturparkmagazin.de\/stechlin\/wp-content\/uploads\/sites\/38\/k-DSC_00071-620x465.jpg\" width=\"620\" height=\"465\" srcset=\"https:\/\/www.naturparkmagazin.de\/stechlin\/wp-content\/uploads\/sites\/38\/k-DSC_00071-620x465.jpg 620w, https:\/\/www.naturparkmagazin.de\/stechlin\/wp-content\/uploads\/sites\/38\/k-DSC_00071-300x225.jpg 300w, https:\/\/www.naturparkmagazin.de\/stechlin\/wp-content\/uploads\/sites\/38\/k-DSC_00071-580x435.jpg 580w, https:\/\/www.naturparkmagazin.de\/stechlin\/wp-content\/uploads\/sites\/38\/k-DSC_00071-420x315.jpg 420w, https:\/\/www.naturparkmagazin.de\/stechlin\/wp-content\/uploads\/sites\/38\/k-DSC_00071-180x135.jpg 180w, https:\/\/www.naturparkmagazin.de\/stechlin\/wp-content\/uploads\/sites\/38\/k-DSC_00071-95x71.jpg 95w, https:\/\/www.naturparkmagazin.de\/stechlin\/wp-content\/uploads\/sites\/38\/k-DSC_00071-200x150.jpg 200w, https:\/\/www.naturparkmagazin.de\/stechlin\/wp-content\/uploads\/sites\/38\/k-DSC_00071.jpg 640w\" sizes=\"(max-width: 620px) 100vw, 620px\" \/><\/a><p id=\"caption-attachment-1252\" class=\"wp-caption-text\">Azubis bei der Arbeit<\/p><\/div>\n<p>10 Auszubildende und ihre Betreuer waren Anfang August f\u00fcr drei Tage im Rahmen der Azubi-Projekttage der Unternehmensgruppe Piepenbrock zu Gast im Naturpark. Bereits zum drittenmal fanden die Projekttage in Brandenburgs j\u00fcngstem Gro\u00dfschutzgebiet statt. Naturparkleiter Dr. Mario Schrumpf stellte den G\u00e4sten in einem Einf\u00fchrungsvortrag den Naturpark vor. Im firmeneigenen Forst Rheinshagen wurden am zweiten Tag mit Unterst\u00fctzung der Naturwacht praktisch Hand angelegt. Beim Arbeitseinsatz im Naturschutzgebiet und gleichnamigen Fauna-Flora-Habitat (FFH-) Gebiet Rheinsberger Rhin und Hellberge wurden weitere Teilbereiche der 8 Hektar gro\u00dfen Heidefl\u00e4che am Zechower Berg entbuscht. Diese Fl\u00e4che wird seit nunmehr 3 Jahren durch die Azubis im Rahmen der Projekttage gepflegt. Bei der praktischen Naturschutzarbeit begegneten die Teilnehmer einigen der an den europaweit gesch\u00fctzten Lebensraum Sandheide speziell angepassten Arten, wie der Blaufl\u00fcgligen \u00d6dlandschrecke, der Blindschleiche sowie der Wald- und Zauneidechse. Gemeinsam wurde \u00fcberlegt, ob auf der Fl\u00e4che mit Unterst\u00fctzung der Fa. Piepenbrock spezielle Nistr\u00f6hren\u00a0f\u00fcr den Wiedehopf ausgebracht werden k\u00f6nnen. Die europaweit gef\u00e4hrdete Vogelart ist ein typischer Bewohner solcher Biotope. Neben der Arbeit standen auch gemeinsame Freizeitaktivit\u00e4ten sowie eine Kanutour auf dem Rheinsberger Rhin, gemeinsames Grillen und ein Besuch im Sinnesgarten des NaturParkHauses Stechlin in Menz auf dem Programm.<\/p>\n<div id=\"attachment_1253\" style=\"width: 630px\" class=\"wp-caption alignnone\"><a href=\"https:\/\/www.naturparkmagazin.de\/stechlin\/wp-content\/uploads\/sites\/38\/k-DSC_00081.jpg\"><img aria-describedby=\"caption-attachment-1253\" decoding=\"async\" loading=\"lazy\" class=\"size-medium wp-image-1253\" alt=\"Azubis im Sinnesgarten des NaturParkHauses Stechlin\" src=\"https:\/\/www.naturparkmagazin.de\/stechlin\/wp-content\/uploads\/sites\/38\/k-DSC_00081-620x465.jpg\" width=\"620\" height=\"465\" srcset=\"https:\/\/www.naturparkmagazin.de\/stechlin\/wp-content\/uploads\/sites\/38\/k-DSC_00081-620x465.jpg 620w, https:\/\/www.naturparkmagazin.de\/stechlin\/wp-content\/uploads\/sites\/38\/k-DSC_00081-300x225.jpg 300w, https:\/\/www.naturparkmagazin.de\/stechlin\/wp-content\/uploads\/sites\/38\/k-DSC_00081-580x435.jpg 580w, https:\/\/www.naturparkmagazin.de\/stechlin\/wp-content\/uploads\/sites\/38\/k-DSC_00081-420x315.jpg 420w, https:\/\/www.naturparkmagazin.de\/stechlin\/wp-content\/uploads\/sites\/38\/k-DSC_00081-180x135.jpg 180w, https:\/\/www.naturparkmagazin.de\/stechlin\/wp-content\/uploads\/sites\/38\/k-DSC_00081-95x71.jpg 95w, https:\/\/www.naturparkmagazin.de\/stechlin\/wp-content\/uploads\/sites\/38\/k-DSC_00081-200x150.jpg 200w, https:\/\/www.naturparkmagazin.de\/stechlin\/wp-content\/uploads\/sites\/38\/k-DSC_00081.jpg 640w\" sizes=\"(max-width: 620px) 100vw, 620px\" \/><\/a><p id=\"caption-attachment-1253\" class=\"wp-caption-text\">Azubis im Sinnesgarten des NaturParkHauses Stechlin<\/p><\/div>\n","protected":false},"excerpt":{"rendered":"<p>10 Auszubildende und ihre Betreuer waren Anfang August f\u00fcr drei Tage im Rahmen der Azubi-Projekttage der Unternehmensgruppe Piepenbrock zu Gast im Naturpark.<\/p>\n","protected":false},"author":39,"featured_media":1251,"comment_status":"open","ping_status":"open","sticky":false,"template":"","format":"standard","meta":[],"categories":[7],"tags":[],"yoast_head":"<!-- This site is optimized with the Yoast SEO plugin v19.10 - https:\/\/yoast.com\/wordpress\/plugins\/seo\/ -->\n<title>Piepenbrock Azubi-Projekttage waren ein voller Erfolg - Naturpark Stechlin-Ruppiner Land<\/title>\n<meta name=\"robots\" content=\"index, follow, max-snippet:-1, max-image-preview:large, max-video-preview:-1\" \/>\n<link rel=\"canonical\" href=\"https:\/\/www.naturparkmagazin.de\/stechlin\/piepenbrock-azubi-projekttage-waren-ein-voller-erfolg\/\" \/>\n<meta property=\"og:locale\" content=\"de_DE\" \/>\n<meta property=\"og:type\" content=\"article\" \/>\n<meta property=\"og:title\" content=\"Piepenbrock Azubi-Projekttage waren ein voller Erfolg - Naturpark Stechlin-Ruppiner Land\" \/>\n<meta property=\"og:description\" content=\"10 Auszubildende und ihre Betreuer waren Anfang August f\u00fcr drei Tage im Rahmen der Azubi-Projekttage der Unternehmensgruppe Piepenbrock zu Gast im Naturpark.\" \/>\n<meta property=\"og:url\" content=\"https:\/\/www.naturparkmagazin.de\/stechlin\/piepenbrock-azubi-projekttage-waren-ein-voller-erfolg\/\" \/>\n<meta property=\"og:site_name\" content=\"Naturpark Stechlin-Ruppiner Land\" \/>\n<meta property=\"article:published_time\" content=\"2014-08-19T07:55:49+00:00\" \/>\n<meta property=\"article:modified_time\" content=\"2014-08-26T12:20:24+00:00\" \/>\n<meta property=\"og:image\" content=\"https:\/\/www.naturparkmagazin.de\/stechlin\/wp-content\/uploads\/sites\/38\/k-DSC_00031.jpg\" \/>\n\t<meta property=\"og:image:width\" content=\"640\" \/>\n\t<meta property=\"og:image:height\" content=\"480\" \/>\n\t<meta property=\"og:image:type\" content=\"image\/jpeg\" \/>\n<meta name=\"author\" content=\"marioschrumpf\" \/>\n<meta name=\"twitter:label1\" content=\"Verfasst von\" \/>\n\t<meta name=\"twitter:data1\" content=\"marioschrumpf\" \/>\n\t<meta name=\"twitter:label2\" content=\"Gesch\u00e4tzte Lesezeit\" \/>\n\t<meta name=\"twitter:data2\" content=\"1\u00a0Minute\" \/>\n<script type=\"application\/ld+json\" class=\"yoast-schema-graph\">{\"@context\":\"https:\/\/schema.org\",\"@graph\":[{\"@type\":\"WebPage\",\"@id\":\"https:\/\/www.naturparkmagazin.de\/stechlin\/piepenbrock-azubi-projekttage-waren-ein-voller-erfolg\/\",\"url\":\"https:\/\/www.naturparkmagazin.de\/stechlin\/piepenbrock-azubi-projekttage-waren-ein-voller-erfolg\/\",\"name\":\"Piepenbrock Azubi-Projekttage waren ein voller Erfolg - Naturpark Stechlin-Ruppiner Land\",\"isPartOf\":{\"@id\":\"https:\/\/www.naturparkmagazin.de\/stechlin\/#website\"},\"datePublished\":\"2014-08-19T07:55:49+00:00\",\"dateModified\":\"2014-08-26T12:20:24+00:00\",\"author\":{\"@id\":\"https:\/\/www.naturparkmagazin.de\/stechlin\/#\/schema\/person\/3f0d93203df21c806dd63c76d9bb28bc\"},\"breadcrumb\":{\"@id\":\"https:\/\/www.naturparkmagazin.de\/stechlin\/piepenbrock-azubi-projekttage-waren-ein-voller-erfolg\/#breadcrumb\"},\"inLanguage\":\"de\",\"potentialAction\":[{\"@type\":\"ReadAction\",\"target\":[\"https:\/\/www.naturparkmagazin.de\/stechlin\/piepenbrock-azubi-projekttage-waren-ein-voller-erfolg\/\"]}]},{\"@type\":\"BreadcrumbList\",\"@id\":\"https:\/\/www.naturparkmagazin.de\/stechlin\/piepenbrock-azubi-projekttage-waren-ein-voller-erfolg\/#breadcrumb\",\"itemListElement\":[{\"@type\":\"ListItem\",\"position\":1,\"name\":\"Home\",\"item\":\"https:\/\/www.naturparkmagazin.de\/stechlin\/\"},{\"@type\":\"ListItem\",\"position\":2,\"name\":\"Piepenbrock Azubi-Projekttage waren ein voller Erfolg\"}]},{\"@type\":\"WebSite\",\"@id\":\"https:\/\/www.naturparkmagazin.de\/stechlin\/#website\",\"url\":\"https:\/\/www.naturparkmagazin.de\/stechlin\/\",\"name\":\"Naturpark Stechlin-Ruppiner Land\",\"description\":\"\",\"potentialAction\":[{\"@type\":\"SearchAction\",\"target\":{\"@type\":\"EntryPoint\",\"urlTemplate\":\"https:\/\/www.naturparkmagazin.de\/stechlin\/?s={search_term_string}\"},\"query-input\":\"required name=search_term_string\"}],\"inLanguage\":\"de\"},{\"@type\":\"Person\",\"@id\":\"https:\/\/www.naturparkmagazin.de\/stechlin\/#\/schema\/person\/3f0d93203df21c806dd63c76d9bb28bc\",\"name\":\"marioschrumpf\",\"url\":\"https:\/\/www.naturparkmagazin.de\/stechlin\/author\/marioschrumpf\/\"}]}<\/script>\n<!-- \/ Yoast SEO plugin. -->","yoast_head_json":{"title":"Piepenbrock Azubi-Projekttage waren ein voller Erfolg - Naturpark Stechlin-Ruppiner Land","robots":{"index":"index","follow":"follow","max-snippet":"max-snippet:-1","max-image-preview":"max-image-preview:large","max-video-preview":"max-video-preview:-1"},"canonical":"https:\/\/www.naturparkmagazin.de\/stechlin\/piepenbrock-azubi-projekttage-waren-ein-voller-erfolg\/","og_locale":"de_DE","og_type":"article","og_title":"Piepenbrock Azubi-Projekttage waren ein voller Erfolg - Naturpark Stechlin-Ruppiner Land","og_description":"10 Auszubildende und ihre Betreuer waren Anfang August f\u00fcr drei Tage im Rahmen der Azubi-Projekttage der Unternehmensgruppe Piepenbrock zu Gast im Naturpark.","og_url":"https:\/\/www.naturparkmagazin.de\/stechlin\/piepenbrock-azubi-projekttage-waren-ein-voller-erfolg\/","og_site_name":"Naturpark Stechlin-Ruppiner Land","article_published_time":"2014-08-19T07:55:49+00:00","article_modified_time":"2014-08-26T12:20:24+00:00","og_image":[{"width":640,"height":480,"url":"https:\/\/www.naturparkmagazin.de\/stechlin\/wp-content\/uploads\/sites\/38\/k-DSC_00031.jpg","type":"image\/jpeg"}],"author":"marioschrumpf","twitter_misc":{"Verfasst von":"marioschrumpf","Gesch\u00e4tzte Lesezeit":"1\u00a0Minute"},"schema":{"@context":"https:\/\/schema.org","@graph":[{"@type":"WebPage","@id":"https:\/\/www.naturparkmagazin.de\/stechlin\/piepenbrock-azubi-projekttage-waren-ein-voller-erfolg\/","url":"https:\/\/www.naturparkmagazin.de\/stechlin\/piepenbrock-azubi-projekttage-waren-ein-voller-erfolg\/","name":"Piepenbrock Azubi-Projekttage waren ein voller Erfolg - Naturpark Stechlin-Ruppiner Land","isPartOf":{"@id":"https:\/\/www.naturparkmagazin.de\/stechlin\/#website"},"datePublished":"2014-08-19T07:55:49+00:00","dateModified":"2014-08-26T12:20:24+00:00","author":{"@id":"https:\/\/www.naturparkmagazin.de\/stechlin\/#\/schema\/person\/3f0d93203df21c806dd63c76d9bb28bc"},"breadcrumb":{"@id":"https:\/\/www.naturparkmagazin.de\/stechlin\/piepenbrock-azubi-projekttage-waren-ein-voller-erfolg\/#breadcrumb"},"inLanguage":"de","potentialAction":[{"@type":"ReadAction","target":["https:\/\/www.naturparkmagazin.de\/stechlin\/piepenbrock-azubi-projekttage-waren-ein-voller-erfolg\/"]}]},{"@type":"BreadcrumbList","@id":"https:\/\/www.naturparkmagazin.de\/stechlin\/piepenbrock-azubi-projekttage-waren-ein-voller-erfolg\/#breadcrumb","itemListElement":[{"@type":"ListItem","position":1,"name":"Home","item":"https:\/\/www.naturparkmagazin.de\/stechlin\/"},{"@type":"ListItem","position":2,"name":"Piepenbrock Azubi-Projekttage waren ein voller Erfolg"}]},{"@type":"WebSite","@id":"https:\/\/www.naturparkmagazin.de\/stechlin\/#website","url":"https:\/\/www.naturparkmagazin.de\/stechlin\/","name":"Naturpark Stechlin-Ruppiner Land","description":"","potentialAction":[{"@type":"SearchAction","target":{"@type":"EntryPoint","urlTemplate":"https:\/\/www.naturparkmagazin.de\/stechlin\/?s={search_term_string}"},"query-input":"required name=search_term_string"}],"inLanguage":"de"},{"@type":"Person","@id":"https:\/\/www.naturparkmagazin.de\/stechlin\/#\/schema\/person\/3f0d93203df21c806dd63c76d9bb28bc","name":"marioschrumpf","url":"https:\/\/www.naturparkmagazin.de\/stechlin\/author\/marioschrumpf\/"}]}},"_links":{"self":[{"href":"https:\/\/www.naturparkmagazin.de\/stechlin\/wp-json\/wp\/v2\/posts\/1250"}],"collection":[{"href":"https:\/\/www.naturparkmagazin.de\/stechlin\/wp-json\/wp\/v2\/posts"}],"about":[{"href":"https:\/\/www.naturparkmagazin.de\/stechlin\/wp-json\/wp\/v2\/types\/post"}],"author":[{"embeddable":true,"href":"https:\/\/www.naturparkmagazin.de\/stechlin\/wp-json\/wp\/v2\/users\/39"}],"replies":[{"embeddable":true,"href":"https:\/\/www.naturparkmagazin.de\/stechlin\/wp-json\/wp\/v2\/comments?post=1250"}],"version-history":[{"count":2,"href":"https:\/\/www.naturparkmagazin.de\/stechlin\/wp-json\/wp\/v2\/posts\/1250\/revisions"}],"predecessor-version":[{"id":1322,"href":"https:\/\/www.naturparkmagazin.de\/stechlin\/wp-json\/wp\/v2\/posts\/1250\/revisions\/1322"}],"wp:featuredmedia":[{"embeddable":true,"href":"https:\/\/www.naturparkmagazin.de\/stechlin\/wp-json\/wp\/v2\/media\/1251"}],"wp:attachment":[{"href":"https:\/\/www.naturparkmagazin.de\/stechlin\/wp-json\/wp\/v2\/media?parent=1250"}],"wp:term":[{"taxonomy":"category","embeddable":true,"href":"https:\/\/www.naturparkmagazin.de\/stechlin\/wp-json\/wp\/v2\/categories?post=1250"},{"taxonomy":"post_tag","embeddable":true,"href":"https:\/\/www.naturparkmagazin.de\/stechlin\/wp-json\/wp\/v2\/tags?post=1250"}],"curies":[{"name":"wp","href":"https:\/\/api.w.org\/{rel}","templated":true}]}}