{"id":12507,"date":"2022-08-14T14:32:56","date_gmt":"2022-08-14T12:32:56","guid":{"rendered":"https:\/\/www.naturparkmagazin.de\/stechlin\/?p=12507"},"modified":"2022-08-16T14:53:21","modified_gmt":"2022-08-16T12:53:21","slug":"fortbildung-lern-und-erlebnisort-streuobstwiese-am-15-09-2022-im-haus-lichtenhain-boitzenburg","status":"publish","type":"post","link":"https:\/\/www.naturparkmagazin.de\/stechlin\/fortbildung-lern-und-erlebnisort-streuobstwiese-am-15-09-2022-im-haus-lichtenhain-boitzenburg\/","title":{"rendered":"Fortbildung \u201eLern- und Erlebnisort Streuobstwiese\u201c am 15.09.2022 im Haus Lichtenhain, Boitzenburg"},"content":{"rendered":"<div id=\"attachment_252\" style=\"width: 310px\" class=\"wp-caption aligncenter\"><a href=\"https:\/\/www.naturparkmagazin.de\/stechlin\/wp-content\/uploads\/sites\/38\/k-PA174912.jpg\"><img aria-describedby=\"caption-attachment-252\" decoding=\"async\" loading=\"lazy\" class=\"size-thumbnail wp-image-252\" src=\"https:\/\/www.naturparkmagazin.de\/stechlin\/wp-content\/uploads\/sites\/38\/k-PA174912-300x225.jpg\" alt=\"Ausstellerin Frau W\u00e4hnert aus Hoppenrade\" width=\"300\" height=\"225\" srcset=\"https:\/\/www.naturparkmagazin.de\/stechlin\/wp-content\/uploads\/sites\/38\/k-PA174912-300x225.jpg 300w, https:\/\/www.naturparkmagazin.de\/stechlin\/wp-content\/uploads\/sites\/38\/k-PA174912-620x465.jpg 620w, https:\/\/www.naturparkmagazin.de\/stechlin\/wp-content\/uploads\/sites\/38\/k-PA174912-940x705.jpg 940w, https:\/\/www.naturparkmagazin.de\/stechlin\/wp-content\/uploads\/sites\/38\/k-PA174912-580x435.jpg 580w, https:\/\/www.naturparkmagazin.de\/stechlin\/wp-content\/uploads\/sites\/38\/k-PA174912-420x315.jpg 420w, https:\/\/www.naturparkmagazin.de\/stechlin\/wp-content\/uploads\/sites\/38\/k-PA174912-180x135.jpg 180w, https:\/\/www.naturparkmagazin.de\/stechlin\/wp-content\/uploads\/sites\/38\/k-PA174912-95x71.jpg 95w, https:\/\/www.naturparkmagazin.de\/stechlin\/wp-content\/uploads\/sites\/38\/k-PA174912-670x503.jpg 670w, https:\/\/www.naturparkmagazin.de\/stechlin\/wp-content\/uploads\/sites\/38\/k-PA174912-200x150.jpg 200w, https:\/\/www.naturparkmagazin.de\/stechlin\/wp-content\/uploads\/sites\/38\/k-PA174912.jpg 1824w\" sizes=\"(max-width: 300px) 100vw, 300px\" \/><\/a><p id=\"caption-attachment-252\" class=\"wp-caption-text\">Der Apfelhof W\u00e4hnert in\u00a0 Hoppenrade baut im Naturpark Streuobst an<\/p><\/div>\n<p>Streuobstwiesen liefern nicht nur k\u00f6stliches regionales Obst, sondern sie sind auch fester Bestandteil unserer Kulturlandschaft, bieten R\u00fcckzugsr\u00e4ume f\u00fcr seltene Tier- und Pflanzenarten und wappnen uns durch Sortenreichtum f\u00fcr den Klimawandel.<\/p>\n<p>&nbsp;<\/p>\n<div id=\"attachment_359\" style=\"width: 310px\" class=\"wp-caption aligncenter\"><a href=\"https:\/\/www.naturparkmagazin.de\/stechlin\/wp-content\/uploads\/sites\/38\/k-Apfel4.jpg\"><img aria-describedby=\"caption-attachment-359\" decoding=\"async\" loading=\"lazy\" class=\"size-thumbnail wp-image-359\" src=\"https:\/\/www.naturparkmagazin.de\/stechlin\/wp-content\/uploads\/sites\/38\/k-Apfel4-300x201.jpg\" alt=\"Erstmalig in Menz Edda M\u00fcller vom Gutshof Kraatz mit uckerm\u00e4rkischem Apfelwein\" width=\"300\" height=\"201\" srcset=\"https:\/\/www.naturparkmagazin.de\/stechlin\/wp-content\/uploads\/sites\/38\/k-Apfel4-300x201.jpg 300w, https:\/\/www.naturparkmagazin.de\/stechlin\/wp-content\/uploads\/sites\/38\/k-Apfel4-620x415.jpg 620w, https:\/\/www.naturparkmagazin.de\/stechlin\/wp-content\/uploads\/sites\/38\/k-Apfel4-940x629.jpg 940w, https:\/\/www.naturparkmagazin.de\/stechlin\/wp-content\/uploads\/sites\/38\/k-Apfel4-670x449.jpg 670w, https:\/\/www.naturparkmagazin.de\/stechlin\/wp-content\/uploads\/sites\/38\/k-Apfel4-200x134.jpg 200w, https:\/\/www.naturparkmagazin.de\/stechlin\/wp-content\/uploads\/sites\/38\/k-Apfel4.jpg 1936w\" sizes=\"(max-width: 300px) 100vw, 300px\" \/><\/a><p id=\"caption-attachment-359\" class=\"wp-caption-text\">Der Gutshof Kraatz veredelt heimisches Streuobst zu uckerm\u00e4rkischem Apfelwein<\/p><\/div>\n<p>In den Naturparken Uckerm\u00e4rkische Seen und Stechlin-Ruppiner Land werden zur Bewahrung dieses Natur- und Kulturschatzes\u00a0 bereits seit vielen Jahren j\u00e4hrlich regionaltypische Apfelsorten in die Pflege von \u201eApfelhochstammpartnern\u201c gegeben. Nun k\u00f6nnen sich Partner und P\u00e4dagogen auch f\u00fcr die umweltp\u00e4dagogische Arbeit rund um Streuobst qualifizieren lassen.<\/p>\n<p>&nbsp;<\/p>\n<div id=\"attachment_360\" style=\"width: 310px\" class=\"wp-caption aligncenter\"><a href=\"https:\/\/www.naturparkmagazin.de\/stechlin\/wp-content\/uploads\/sites\/38\/k-Apfel5.jpg\"><img aria-describedby=\"caption-attachment-360\" decoding=\"async\" loading=\"lazy\" class=\"size-thumbnail wp-image-360\" src=\"https:\/\/www.naturparkmagazin.de\/stechlin\/wp-content\/uploads\/sites\/38\/k-Apfel5-300x201.jpg\" alt=\"Friedrun Sinnecker bei der Sortenbestimmung\" width=\"300\" height=\"201\" srcset=\"https:\/\/www.naturparkmagazin.de\/stechlin\/wp-content\/uploads\/sites\/38\/k-Apfel5-300x201.jpg 300w, https:\/\/www.naturparkmagazin.de\/stechlin\/wp-content\/uploads\/sites\/38\/k-Apfel5-620x415.jpg 620w, https:\/\/www.naturparkmagazin.de\/stechlin\/wp-content\/uploads\/sites\/38\/k-Apfel5-940x629.jpg 940w, https:\/\/www.naturparkmagazin.de\/stechlin\/wp-content\/uploads\/sites\/38\/k-Apfel5-670x449.jpg 670w, https:\/\/www.naturparkmagazin.de\/stechlin\/wp-content\/uploads\/sites\/38\/k-Apfel5-200x134.jpg 200w, https:\/\/www.naturparkmagazin.de\/stechlin\/wp-content\/uploads\/sites\/38\/k-Apfel5.jpg 1936w\" sizes=\"(max-width: 300px) 100vw, 300px\" \/><\/a><p id=\"caption-attachment-360\" class=\"wp-caption-text\">Friedrun Sinnecker bei der Sortenbestimmung zum Mnezer Apfeltag<\/p><\/div>\n<p>Als au\u00dferschulischer Lernort bietet die Streuobstwiese viele Ansatzpunkte, um die Natur mit allen Sinnen zu erleben und eine Bildung f\u00fcr nachhaltige Entwicklung (BNE) mit Leben zu f\u00fcllen. Die Fortbildung des Naturpark Uckerm\u00e4rkische See vermittelt Grundwissen \u00fcber BNE und bietet die M\u00f6glichkeit Spiele und Methoden in der Praxis zu erproben. Die kostenfreie Fortbildung richtet sich an Multiplikator*innen wie P\u00e4dagog*innen und Naturf\u00fchrende, sowie alle Interessierten.<\/p>\n<p><strong>Termin:<\/strong> 15. September 2022<\/p>\n<p><strong>Ort:<\/strong> Haus Lichtenhain im Boitzenburger Land (Hof der uckerm\u00e4rkischen Apfelgr\u00e4fin Daisy von Arnim)<\/p>\n<p><strong>Anmeldungen:<\/strong> bitte bis zum 7. September an <a href=\"mailto:jana.klockow@lfu.brandenburg.de\">jana.klockow@lfu.brandenburg.de<\/a>. (Tel.: 03334 27784-14 )<\/p>\n","protected":false},"excerpt":{"rendered":"<p>Als au\u00dferschulischer Lernort bietet die Streuobstwiese viele Ansatzpunkte, um die Natur mit allen Sinnen zu erleben und eine Bildung f\u00fcr nachhaltige Entwicklung (BNE) mit Leben zu f\u00fcllen.<\/p>\n","protected":false},"author":39,"featured_media":11132,"comment_status":"open","ping_status":"open","sticky":false,"template":"","format":"standard","meta":[],"categories":[11],"tags":[],"yoast_head":"<!-- This site is optimized with the Yoast SEO plugin v19.10 - https:\/\/yoast.com\/wordpress\/plugins\/seo\/ -->\n<title>Fortbildung \u201eLern- und Erlebnisort Streuobstwiese\u201c am 15.09.2022 im Haus Lichtenhain, Boitzenburg - Naturpark Stechlin-Ruppiner Land<\/title>\n<meta name=\"robots\" content=\"index, follow, max-snippet:-1, max-image-preview:large, max-video-preview:-1\" \/>\n<link rel=\"canonical\" href=\"https:\/\/www.naturparkmagazin.de\/stechlin\/fortbildung-lern-und-erlebnisort-streuobstwiese-am-15-09-2022-im-haus-lichtenhain-boitzenburg\/\" \/>\n<meta property=\"og:locale\" content=\"de_DE\" \/>\n<meta property=\"og:type\" content=\"article\" \/>\n<meta property=\"og:title\" content=\"Fortbildung \u201eLern- und Erlebnisort Streuobstwiese\u201c am 15.09.2022 im Haus Lichtenhain, Boitzenburg - Naturpark Stechlin-Ruppiner Land\" \/>\n<meta property=\"og:description\" content=\"Als au\u00dferschulischer Lernort bietet die Streuobstwiese viele Ansatzpunkte, um die Natur mit allen Sinnen zu erleben und eine Bildung f\u00fcr nachhaltige Entwicklung (BNE) mit Leben zu f\u00fcllen.\" \/>\n<meta property=\"og:url\" content=\"https:\/\/www.naturparkmagazin.de\/stechlin\/fortbildung-lern-und-erlebnisort-streuobstwiese-am-15-09-2022-im-haus-lichtenhain-boitzenburg\/\" \/>\n<meta property=\"og:site_name\" content=\"Naturpark Stechlin-Ruppiner Land\" \/>\n<meta property=\"article:published_time\" content=\"2022-08-14T12:32:56+00:00\" \/>\n<meta property=\"article:modified_time\" content=\"2022-08-16T12:53:21+00:00\" \/>\n<meta property=\"og:image\" content=\"https:\/\/www.naturparkmagazin.de\/stechlin\/wp-content\/uploads\/sites\/38\/preisverleihung-n-garten_a.jpg\" \/>\n\t<meta property=\"og:image:width\" content=\"200\" \/>\n\t<meta property=\"og:image:height\" content=\"200\" \/>\n\t<meta property=\"og:image:type\" content=\"image\/jpeg\" \/>\n<meta name=\"author\" content=\"marioschrumpf\" \/>\n<meta name=\"twitter:label1\" content=\"Verfasst von\" \/>\n\t<meta name=\"twitter:data1\" content=\"marioschrumpf\" \/>\n\t<meta name=\"twitter:label2\" content=\"Gesch\u00e4tzte Lesezeit\" \/>\n\t<meta name=\"twitter:data2\" content=\"1\u00a0Minute\" \/>\n<script type=\"application\/ld+json\" class=\"yoast-schema-graph\">{\"@context\":\"https:\/\/schema.org\",\"@graph\":[{\"@type\":\"WebPage\",\"@id\":\"https:\/\/www.naturparkmagazin.de\/stechlin\/fortbildung-lern-und-erlebnisort-streuobstwiese-am-15-09-2022-im-haus-lichtenhain-boitzenburg\/\",\"url\":\"https:\/\/www.naturparkmagazin.de\/stechlin\/fortbildung-lern-und-erlebnisort-streuobstwiese-am-15-09-2022-im-haus-lichtenhain-boitzenburg\/\",\"name\":\"Fortbildung \u201eLern- und Erlebnisort Streuobstwiese\u201c am 15.09.2022 im Haus Lichtenhain, Boitzenburg - Naturpark Stechlin-Ruppiner Land\",\"isPartOf\":{\"@id\":\"https:\/\/www.naturparkmagazin.de\/stechlin\/#website\"},\"datePublished\":\"2022-08-14T12:32:56+00:00\",\"dateModified\":\"2022-08-16T12:53:21+00:00\",\"author\":{\"@id\":\"https:\/\/www.naturparkmagazin.de\/stechlin\/#\/schema\/person\/3f0d93203df21c806dd63c76d9bb28bc\"},\"breadcrumb\":{\"@id\":\"https:\/\/www.naturparkmagazin.de\/stechlin\/fortbildung-lern-und-erlebnisort-streuobstwiese-am-15-09-2022-im-haus-lichtenhain-boitzenburg\/#breadcrumb\"},\"inLanguage\":\"de\",\"potentialAction\":[{\"@type\":\"ReadAction\",\"target\":[\"https:\/\/www.naturparkmagazin.de\/stechlin\/fortbildung-lern-und-erlebnisort-streuobstwiese-am-15-09-2022-im-haus-lichtenhain-boitzenburg\/\"]}]},{\"@type\":\"BreadcrumbList\",\"@id\":\"https:\/\/www.naturparkmagazin.de\/stechlin\/fortbildung-lern-und-erlebnisort-streuobstwiese-am-15-09-2022-im-haus-lichtenhain-boitzenburg\/#breadcrumb\",\"itemListElement\":[{\"@type\":\"ListItem\",\"position\":1,\"name\":\"Home\",\"item\":\"https:\/\/www.naturparkmagazin.de\/stechlin\/\"},{\"@type\":\"ListItem\",\"position\":2,\"name\":\"Fortbildung \u201eLern- und Erlebnisort Streuobstwiese\u201c am 15.09.2022 im Haus Lichtenhain, Boitzenburg\"}]},{\"@type\":\"WebSite\",\"@id\":\"https:\/\/www.naturparkmagazin.de\/stechlin\/#website\",\"url\":\"https:\/\/www.naturparkmagazin.de\/stechlin\/\",\"name\":\"Naturpark Stechlin-Ruppiner Land\",\"description\":\"\",\"potentialAction\":[{\"@type\":\"SearchAction\",\"target\":{\"@type\":\"EntryPoint\",\"urlTemplate\":\"https:\/\/www.naturparkmagazin.de\/stechlin\/?s={search_term_string}\"},\"query-input\":\"required name=search_term_string\"}],\"inLanguage\":\"de\"},{\"@type\":\"Person\",\"@id\":\"https:\/\/www.naturparkmagazin.de\/stechlin\/#\/schema\/person\/3f0d93203df21c806dd63c76d9bb28bc\",\"name\":\"marioschrumpf\",\"url\":\"https:\/\/www.naturparkmagazin.de\/stechlin\/author\/marioschrumpf\/\"}]}<\/script>\n<!-- \/ Yoast SEO plugin. -->","yoast_head_json":{"title":"Fortbildung \u201eLern- und Erlebnisort Streuobstwiese\u201c am 15.09.2022 im Haus Lichtenhain, Boitzenburg - Naturpark Stechlin-Ruppiner Land","robots":{"index":"index","follow":"follow","max-snippet":"max-snippet:-1","max-image-preview":"max-image-preview:large","max-video-preview":"max-video-preview:-1"},"canonical":"https:\/\/www.naturparkmagazin.de\/stechlin\/fortbildung-lern-und-erlebnisort-streuobstwiese-am-15-09-2022-im-haus-lichtenhain-boitzenburg\/","og_locale":"de_DE","og_type":"article","og_title":"Fortbildung \u201eLern- und Erlebnisort Streuobstwiese\u201c am 15.09.2022 im Haus Lichtenhain, Boitzenburg - Naturpark Stechlin-Ruppiner Land","og_description":"Als au\u00dferschulischer Lernort bietet die Streuobstwiese viele Ansatzpunkte, um die Natur mit allen Sinnen zu erleben und eine Bildung f\u00fcr nachhaltige Entwicklung (BNE) mit Leben zu f\u00fcllen.","og_url":"https:\/\/www.naturparkmagazin.de\/stechlin\/fortbildung-lern-und-erlebnisort-streuobstwiese-am-15-09-2022-im-haus-lichtenhain-boitzenburg\/","og_site_name":"Naturpark Stechlin-Ruppiner Land","article_published_time":"2022-08-14T12:32:56+00:00","article_modified_time":"2022-08-16T12:53:21+00:00","og_image":[{"width":200,"height":200,"url":"https:\/\/www.naturparkmagazin.de\/stechlin\/wp-content\/uploads\/sites\/38\/preisverleihung-n-garten_a.jpg","type":"image\/jpeg"}],"author":"marioschrumpf","twitter_misc":{"Verfasst von":"marioschrumpf","Gesch\u00e4tzte Lesezeit":"1\u00a0Minute"},"schema":{"@context":"https:\/\/schema.org","@graph":[{"@type":"WebPage","@id":"https:\/\/www.naturparkmagazin.de\/stechlin\/fortbildung-lern-und-erlebnisort-streuobstwiese-am-15-09-2022-im-haus-lichtenhain-boitzenburg\/","url":"https:\/\/www.naturparkmagazin.de\/stechlin\/fortbildung-lern-und-erlebnisort-streuobstwiese-am-15-09-2022-im-haus-lichtenhain-boitzenburg\/","name":"Fortbildung \u201eLern- und Erlebnisort Streuobstwiese\u201c am 15.09.2022 im Haus Lichtenhain, Boitzenburg - Naturpark Stechlin-Ruppiner Land","isPartOf":{"@id":"https:\/\/www.naturparkmagazin.de\/stechlin\/#website"},"datePublished":"2022-08-14T12:32:56+00:00","dateModified":"2022-08-16T12:53:21+00:00","author":{"@id":"https:\/\/www.naturparkmagazin.de\/stechlin\/#\/schema\/person\/3f0d93203df21c806dd63c76d9bb28bc"},"breadcrumb":{"@id":"https:\/\/www.naturparkmagazin.de\/stechlin\/fortbildung-lern-und-erlebnisort-streuobstwiese-am-15-09-2022-im-haus-lichtenhain-boitzenburg\/#breadcrumb"},"inLanguage":"de","potentialAction":[{"@type":"ReadAction","target":["https:\/\/www.naturparkmagazin.de\/stechlin\/fortbildung-lern-und-erlebnisort-streuobstwiese-am-15-09-2022-im-haus-lichtenhain-boitzenburg\/"]}]},{"@type":"BreadcrumbList","@id":"https:\/\/www.naturparkmagazin.de\/stechlin\/fortbildung-lern-und-erlebnisort-streuobstwiese-am-15-09-2022-im-haus-lichtenhain-boitzenburg\/#breadcrumb","itemListElement":[{"@type":"ListItem","position":1,"name":"Home","item":"https:\/\/www.naturparkmagazin.de\/stechlin\/"},{"@type":"ListItem","position":2,"name":"Fortbildung \u201eLern- und Erlebnisort Streuobstwiese\u201c am 15.09.2022 im Haus Lichtenhain, Boitzenburg"}]},{"@type":"WebSite","@id":"https:\/\/www.naturparkmagazin.de\/stechlin\/#website","url":"https:\/\/www.naturparkmagazin.de\/stechlin\/","name":"Naturpark Stechlin-Ruppiner Land","description":"","potentialAction":[{"@type":"SearchAction","target":{"@type":"EntryPoint","urlTemplate":"https:\/\/www.naturparkmagazin.de\/stechlin\/?s={search_term_string}"},"query-input":"required name=search_term_string"}],"inLanguage":"de"},{"@type":"Person","@id":"https:\/\/www.naturparkmagazin.de\/stechlin\/#\/schema\/person\/3f0d93203df21c806dd63c76d9bb28bc","name":"marioschrumpf","url":"https:\/\/www.naturparkmagazin.de\/stechlin\/author\/marioschrumpf\/"}]}},"_links":{"self":[{"href":"https:\/\/www.naturparkmagazin.de\/stechlin\/wp-json\/wp\/v2\/posts\/12507"}],"collection":[{"href":"https:\/\/www.naturparkmagazin.de\/stechlin\/wp-json\/wp\/v2\/posts"}],"about":[{"href":"https:\/\/www.naturparkmagazin.de\/stechlin\/wp-json\/wp\/v2\/types\/post"}],"author":[{"embeddable":true,"href":"https:\/\/www.naturparkmagazin.de\/stechlin\/wp-json\/wp\/v2\/users\/39"}],"replies":[{"embeddable":true,"href":"https:\/\/www.naturparkmagazin.de\/stechlin\/wp-json\/wp\/v2\/comments?post=12507"}],"version-history":[{"count":4,"href":"https:\/\/www.naturparkmagazin.de\/stechlin\/wp-json\/wp\/v2\/posts\/12507\/revisions"}],"predecessor-version":[{"id":12509,"href":"https:\/\/www.naturparkmagazin.de\/stechlin\/wp-json\/wp\/v2\/posts\/12507\/revisions\/12509"}],"wp:featuredmedia":[{"embeddable":true,"href":"https:\/\/www.naturparkmagazin.de\/stechlin\/wp-json\/wp\/v2\/media\/11132"}],"wp:attachment":[{"href":"https:\/\/www.naturparkmagazin.de\/stechlin\/wp-json\/wp\/v2\/media?parent=12507"}],"wp:term":[{"taxonomy":"category","embeddable":true,"href":"https:\/\/www.naturparkmagazin.de\/stechlin\/wp-json\/wp\/v2\/categories?post=12507"},{"taxonomy":"post_tag","embeddable":true,"href":"https:\/\/www.naturparkmagazin.de\/stechlin\/wp-json\/wp\/v2\/tags?post=12507"}],"curies":[{"name":"wp","href":"https:\/\/api.w.org\/{rel}","templated":true}]}}