{"id":12538,"date":"2022-09-19T10:44:29","date_gmt":"2022-09-19T08:44:29","guid":{"rendered":"https:\/\/www.naturparkmagazin.de\/stechlin\/?p=12538"},"modified":"2025-01-24T10:25:13","modified_gmt":"2025-01-24T09:25:13","slug":"endlich-wieder-menzer-apfeltag","status":"publish","type":"post","link":"https:\/\/www.naturparkmagazin.de\/stechlin\/endlich-wieder-menzer-apfeltag\/","title":{"rendered":"Endlich wieder Menzer Apfeltag! (2022)"},"content":{"rendered":"<p>Nach zwei Jahren coronabedingter Pause findet am <strong>15. Oktober<\/strong> der <strong>17. Menzer Apfeltag<\/strong> statt. An diesem Tag wird sich alles um die paradiesische Frucht drehen.<\/p>\n<p>Der F\u00f6rderverein Naturlandschaft Stechlin und Menzer Heide e.V., die Naturparkverwaltung und die Naturwacht laden gemeinsam Menzer Apfeltag auf den Friedensplatz rund um die Regionalwerkstatt Stechlin ein.<\/p>\n<div id=\"attachment_10454\" style=\"width: 310px\" class=\"wp-caption aligncenter\"><a href=\"https:\/\/www.naturparkmagazin.de\/stechlin\/wp-content\/uploads\/sites\/38\/P9010836.jpg\"><img aria-describedby=\"caption-attachment-10454\" decoding=\"async\" loading=\"lazy\" class=\"size-thumbnail wp-image-10454\" src=\"https:\/\/www.naturparkmagazin.de\/stechlin\/wp-content\/uploads\/sites\/38\/P9010836-300x180.jpg\" alt=\"\u00a9Dr. Mario Schrumpf\" width=\"300\" height=\"180\" srcset=\"https:\/\/www.naturparkmagazin.de\/stechlin\/wp-content\/uploads\/sites\/38\/P9010836-300x180.jpg 300w, https:\/\/www.naturparkmagazin.de\/stechlin\/wp-content\/uploads\/sites\/38\/P9010836.jpg 500w, https:\/\/www.naturparkmagazin.de\/stechlin\/wp-content\/uploads\/sites\/38\/P9010836-200x120.jpg 200w\" sizes=\"(max-width: 300px) 100vw, 300px\" \/><\/a><p id=\"caption-attachment-10454\" class=\"wp-caption-text\">Wer m\u00f6chte, kann die Menzer Streuobstwiese besuchen\u00a0 \u00a9Dr. Mario Schrumpf<\/p><\/div>\n<p>Neben der traditionellen Apfelausstellung und der Sortenbestimmung durch Urte Delft und Martin Rech vom Pomologenverein Berlin-Brandenburg wird es auch einen Vortrag geben. Vivian B\u00f6llersen von der Wallnussmeisterei Herzberg wird Interessantes \u00fcber den Walnussanbau in Deutschland und ihre Gesch\u00e4ftsidee berichten.<\/p>\n<div id=\"attachment_9130\" style=\"width: 210px\" class=\"wp-caption aligncenter\"><a href=\"https:\/\/www.naturparkmagazin.de\/stechlin\/wp-content\/uploads\/sites\/38\/Vivian-B\u00f6llersen_35.jpg\"><img aria-describedby=\"caption-attachment-9130\" decoding=\"async\" loading=\"lazy\" class=\"size-full wp-image-9130\" src=\"https:\/\/www.naturparkmagazin.de\/stechlin\/wp-content\/uploads\/sites\/38\/Vivian-B\u00f6llersen_35.jpg\" alt=\"Vivian B\u00f6llersen\" width=\"200\" height=\"200\" srcset=\"https:\/\/www.naturparkmagazin.de\/stechlin\/wp-content\/uploads\/sites\/38\/Vivian-B\u00f6llersen_35.jpg 200w, https:\/\/www.naturparkmagazin.de\/stechlin\/wp-content\/uploads\/sites\/38\/Vivian-B\u00f6llersen_35-30x30.jpg 30w\" sizes=\"(max-width: 200px) 100vw, 200px\" \/><\/a><p id=\"caption-attachment-9130\" class=\"wp-caption-text\">Vivian B\u00f6llersen wird \u00fcber den Walnussanbau in Deutschland referieren<\/p><\/div>\n<p>Daisy von Arnim, die Apfelgr\u00e4fin aus der Uckermark wird mit ihrer Presse vor Ort sein und Direktsaft aus mitgebrachten \u00c4pfeln pressen. Bitte unbedingt vorab bei ihr einen Termin daf\u00fcr sichern (Tel. 039889\/8250).<\/p>\n<p>Die Barnimer Baumschulen Biesenthal bieten zum Apfeltag verschiedene Baumschulerzeugnisse (B\u00e4ume und Str\u00e4ucher) an. Wer spezielle W\u00fcnsche hat, kann gern vorbestellen (Tel. 03337\/430311; e-mail: <a href=\"mailto:barnimer-baumschulen@lobetal.de\">barnimer-baumschulen@lobetal.de<\/a>).<\/p>\n<p>Hobbyb\u00e4ckerinnen und \u2013b\u00e4cker sind zur Teilnahme am traditionellen Apfelkuchenwettbewerb aufgerufen. Die Kuchen bitte bis 10 Uhr in der Regionalwerkstatt abgeben. Die Kuchen sind Spenden f\u00fcr den Kuchenbasar der Naturparkschule Theodor Fontane Menz. Die Preisverleihung findet um 12:30 Uhr statt.<\/p>\n<p>Ab 13 Uhr gibt es im Saal Live-Musik mit der Gruppe \u201eIntiSonLatino\u201c aus Brodowin.<\/p>\n<p>&nbsp;<\/p>\n<div id=\"attachment_3716\" style=\"width: 310px\" class=\"wp-caption aligncenter\"><a href=\"https:\/\/www.naturparkmagazin.de\/stechlin\/wp-content\/uploads\/sites\/38\/Manuela-R\u00f6hken.jpg\"><img aria-describedby=\"caption-attachment-3716\" decoding=\"async\" loading=\"lazy\" class=\"size-thumbnail wp-image-3716\" src=\"https:\/\/www.naturparkmagazin.de\/stechlin\/wp-content\/uploads\/sites\/38\/Manuela-R\u00f6hken-300x180.jpg\" alt=\"Der Regionalmarkt mit Anbietern aus dem Naturpark ist fester Bestandteil des Apfeltages\" width=\"300\" height=\"180\" srcset=\"https:\/\/www.naturparkmagazin.de\/stechlin\/wp-content\/uploads\/sites\/38\/Manuela-R\u00f6hken-300x180.jpg 300w, https:\/\/www.naturparkmagazin.de\/stechlin\/wp-content\/uploads\/sites\/38\/Manuela-R\u00f6hken.jpg 500w, https:\/\/www.naturparkmagazin.de\/stechlin\/wp-content\/uploads\/sites\/38\/Manuela-R\u00f6hken-200x120.jpg 200w\" sizes=\"(max-width: 300px) 100vw, 300px\" \/><\/a><p id=\"caption-attachment-3716\" class=\"wp-caption-text\">Der Regionalmarkt mit Anbietern aus dem Naturpark ist fester Bestandteil des Apfeltages<\/p><\/div>\n<p>Rund um die Regionalwerkstatt Stechlin wird es von 10-15 Uhr einen Regionalmarkt mit unterschiedlichen Anbietern aus der Naturparkregion und dar\u00fcber hinaus geben.<\/p>\n<p>Hier kann das <a href=\"https:\/\/www.stechlin-ruppiner-land-naturpark.de\/fileadmin\/user_upload\/PDF\/Stechlin-Ruppin\/Aktuelles\/Apfeltag_Plakat_22_Druck_final.pdf\" target=\"_blank\" rel=\"noopener\">Plakat heruntergeladen (pdf, 6 MB)<\/a> werden!\nHier kann der <a href=\"https:\/\/www.stechlin-ruppiner-land-naturpark.de\/fileadmin\/user_upload\/PDF\/Stechlin-Ruppin\/Aktuelles\/Apfeltag_Handzettel_22_Druck_final.pdf\" target=\"_blank\" rel=\"noopener\">Handzettel heruntergeladen (pdf, 0,5 MB)<\/a> werden!<\/p>\n","protected":false},"excerpt":{"rendered":"<p>Der F\u00f6rderverein Naturlandschaft Stechlin und Menzer Heide e.V., die Naturparkverwaltung und die Naturwacht laden gemeinsam Menzer Apfeltag auf den Friedensplatz rund um die Regionalwerkstatt Stechlin ein.<\/p>\n","protected":false},"author":39,"featured_media":10942,"comment_status":"open","ping_status":"open","sticky":false,"template":"","format":"standard","meta":[],"categories":[11],"tags":[],"yoast_head":"<!-- This site is optimized with the Yoast SEO plugin v19.10 - https:\/\/yoast.com\/wordpress\/plugins\/seo\/ -->\n<title>Endlich wieder Menzer Apfeltag! (2022) - Naturpark Stechlin-Ruppiner Land<\/title>\n<meta name=\"robots\" content=\"index, follow, max-snippet:-1, max-image-preview:large, max-video-preview:-1\" \/>\n<link rel=\"canonical\" href=\"https:\/\/www.naturparkmagazin.de\/stechlin\/endlich-wieder-menzer-apfeltag\/\" \/>\n<meta property=\"og:locale\" content=\"de_DE\" \/>\n<meta property=\"og:type\" content=\"article\" \/>\n<meta property=\"og:title\" content=\"Endlich wieder Menzer Apfeltag! (2022) - Naturpark Stechlin-Ruppiner Land\" \/>\n<meta property=\"og:description\" content=\"Der F\u00f6rderverein Naturlandschaft Stechlin und Menzer Heide e.V., die Naturparkverwaltung und die Naturwacht laden gemeinsam Menzer Apfeltag auf den Friedensplatz rund um die Regionalwerkstatt Stechlin ein.\" \/>\n<meta property=\"og:url\" content=\"https:\/\/www.naturparkmagazin.de\/stechlin\/endlich-wieder-menzer-apfeltag\/\" \/>\n<meta property=\"og:site_name\" content=\"Naturpark Stechlin-Ruppiner Land\" \/>\n<meta property=\"article:published_time\" content=\"2022-09-19T08:44:29+00:00\" \/>\n<meta property=\"article:modified_time\" content=\"2025-01-24T09:25:13+00:00\" \/>\n<meta property=\"og:image\" content=\"https:\/\/www.naturparkmagazin.de\/stechlin\/wp-content\/uploads\/sites\/38\/\u00e4pfel-sewekow.jpg\" \/>\n\t<meta property=\"og:image:width\" content=\"200\" \/>\n\t<meta property=\"og:image:height\" content=\"200\" \/>\n\t<meta property=\"og:image:type\" content=\"image\/jpeg\" \/>\n<meta name=\"author\" content=\"marioschrumpf\" \/>\n<meta name=\"twitter:label1\" content=\"Verfasst von\" \/>\n\t<meta name=\"twitter:data1\" content=\"marioschrumpf\" \/>\n\t<meta name=\"twitter:label2\" content=\"Gesch\u00e4tzte Lesezeit\" \/>\n\t<meta name=\"twitter:data2\" content=\"3\u00a0Minuten\" \/>\n<script type=\"application\/ld+json\" class=\"yoast-schema-graph\">{\"@context\":\"https:\/\/schema.org\",\"@graph\":[{\"@type\":\"WebPage\",\"@id\":\"https:\/\/www.naturparkmagazin.de\/stechlin\/endlich-wieder-menzer-apfeltag\/\",\"url\":\"https:\/\/www.naturparkmagazin.de\/stechlin\/endlich-wieder-menzer-apfeltag\/\",\"name\":\"Endlich wieder Menzer Apfeltag! (2022) - Naturpark Stechlin-Ruppiner Land\",\"isPartOf\":{\"@id\":\"https:\/\/www.naturparkmagazin.de\/stechlin\/#website\"},\"datePublished\":\"2022-09-19T08:44:29+00:00\",\"dateModified\":\"2025-01-24T09:25:13+00:00\",\"author\":{\"@id\":\"https:\/\/www.naturparkmagazin.de\/stechlin\/#\/schema\/person\/3f0d93203df21c806dd63c76d9bb28bc\"},\"breadcrumb\":{\"@id\":\"https:\/\/www.naturparkmagazin.de\/stechlin\/endlich-wieder-menzer-apfeltag\/#breadcrumb\"},\"inLanguage\":\"de\",\"potentialAction\":[{\"@type\":\"ReadAction\",\"target\":[\"https:\/\/www.naturparkmagazin.de\/stechlin\/endlich-wieder-menzer-apfeltag\/\"]}]},{\"@type\":\"BreadcrumbList\",\"@id\":\"https:\/\/www.naturparkmagazin.de\/stechlin\/endlich-wieder-menzer-apfeltag\/#breadcrumb\",\"itemListElement\":[{\"@type\":\"ListItem\",\"position\":1,\"name\":\"Home\",\"item\":\"https:\/\/www.naturparkmagazin.de\/stechlin\/\"},{\"@type\":\"ListItem\",\"position\":2,\"name\":\"Endlich wieder Menzer Apfeltag! (2022)\"}]},{\"@type\":\"WebSite\",\"@id\":\"https:\/\/www.naturparkmagazin.de\/stechlin\/#website\",\"url\":\"https:\/\/www.naturparkmagazin.de\/stechlin\/\",\"name\":\"Naturpark Stechlin-Ruppiner Land\",\"description\":\"\",\"potentialAction\":[{\"@type\":\"SearchAction\",\"target\":{\"@type\":\"EntryPoint\",\"urlTemplate\":\"https:\/\/www.naturparkmagazin.de\/stechlin\/?s={search_term_string}\"},\"query-input\":\"required name=search_term_string\"}],\"inLanguage\":\"de\"},{\"@type\":\"Person\",\"@id\":\"https:\/\/www.naturparkmagazin.de\/stechlin\/#\/schema\/person\/3f0d93203df21c806dd63c76d9bb28bc\",\"name\":\"marioschrumpf\",\"url\":\"https:\/\/www.naturparkmagazin.de\/stechlin\/author\/marioschrumpf\/\"}]}<\/script>\n<!-- \/ Yoast SEO plugin. -->","yoast_head_json":{"title":"Endlich wieder Menzer Apfeltag! (2022) - Naturpark Stechlin-Ruppiner Land","robots":{"index":"index","follow":"follow","max-snippet":"max-snippet:-1","max-image-preview":"max-image-preview:large","max-video-preview":"max-video-preview:-1"},"canonical":"https:\/\/www.naturparkmagazin.de\/stechlin\/endlich-wieder-menzer-apfeltag\/","og_locale":"de_DE","og_type":"article","og_title":"Endlich wieder Menzer Apfeltag! (2022) - Naturpark Stechlin-Ruppiner Land","og_description":"Der F\u00f6rderverein Naturlandschaft Stechlin und Menzer Heide e.V., die Naturparkverwaltung und die Naturwacht laden gemeinsam Menzer Apfeltag auf den Friedensplatz rund um die Regionalwerkstatt Stechlin ein.","og_url":"https:\/\/www.naturparkmagazin.de\/stechlin\/endlich-wieder-menzer-apfeltag\/","og_site_name":"Naturpark Stechlin-Ruppiner Land","article_published_time":"2022-09-19T08:44:29+00:00","article_modified_time":"2025-01-24T09:25:13+00:00","og_image":[{"width":200,"height":200,"url":"https:\/\/www.naturparkmagazin.de\/stechlin\/wp-content\/uploads\/sites\/38\/\u00e4pfel-sewekow.jpg","type":"image\/jpeg"}],"author":"marioschrumpf","twitter_misc":{"Verfasst von":"marioschrumpf","Gesch\u00e4tzte Lesezeit":"3\u00a0Minuten"},"schema":{"@context":"https:\/\/schema.org","@graph":[{"@type":"WebPage","@id":"https:\/\/www.naturparkmagazin.de\/stechlin\/endlich-wieder-menzer-apfeltag\/","url":"https:\/\/www.naturparkmagazin.de\/stechlin\/endlich-wieder-menzer-apfeltag\/","name":"Endlich wieder Menzer Apfeltag! (2022) - Naturpark Stechlin-Ruppiner Land","isPartOf":{"@id":"https:\/\/www.naturparkmagazin.de\/stechlin\/#website"},"datePublished":"2022-09-19T08:44:29+00:00","dateModified":"2025-01-24T09:25:13+00:00","author":{"@id":"https:\/\/www.naturparkmagazin.de\/stechlin\/#\/schema\/person\/3f0d93203df21c806dd63c76d9bb28bc"},"breadcrumb":{"@id":"https:\/\/www.naturparkmagazin.de\/stechlin\/endlich-wieder-menzer-apfeltag\/#breadcrumb"},"inLanguage":"de","potentialAction":[{"@type":"ReadAction","target":["https:\/\/www.naturparkmagazin.de\/stechlin\/endlich-wieder-menzer-apfeltag\/"]}]},{"@type":"BreadcrumbList","@id":"https:\/\/www.naturparkmagazin.de\/stechlin\/endlich-wieder-menzer-apfeltag\/#breadcrumb","itemListElement":[{"@type":"ListItem","position":1,"name":"Home","item":"https:\/\/www.naturparkmagazin.de\/stechlin\/"},{"@type":"ListItem","position":2,"name":"Endlich wieder Menzer Apfeltag! (2022)"}]},{"@type":"WebSite","@id":"https:\/\/www.naturparkmagazin.de\/stechlin\/#website","url":"https:\/\/www.naturparkmagazin.de\/stechlin\/","name":"Naturpark Stechlin-Ruppiner Land","description":"","potentialAction":[{"@type":"SearchAction","target":{"@type":"EntryPoint","urlTemplate":"https:\/\/www.naturparkmagazin.de\/stechlin\/?s={search_term_string}"},"query-input":"required name=search_term_string"}],"inLanguage":"de"},{"@type":"Person","@id":"https:\/\/www.naturparkmagazin.de\/stechlin\/#\/schema\/person\/3f0d93203df21c806dd63c76d9bb28bc","name":"marioschrumpf","url":"https:\/\/www.naturparkmagazin.de\/stechlin\/author\/marioschrumpf\/"}]}},"_links":{"self":[{"href":"https:\/\/www.naturparkmagazin.de\/stechlin\/wp-json\/wp\/v2\/posts\/12538"}],"collection":[{"href":"https:\/\/www.naturparkmagazin.de\/stechlin\/wp-json\/wp\/v2\/posts"}],"about":[{"href":"https:\/\/www.naturparkmagazin.de\/stechlin\/wp-json\/wp\/v2\/types\/post"}],"author":[{"embeddable":true,"href":"https:\/\/www.naturparkmagazin.de\/stechlin\/wp-json\/wp\/v2\/users\/39"}],"replies":[{"embeddable":true,"href":"https:\/\/www.naturparkmagazin.de\/stechlin\/wp-json\/wp\/v2\/comments?post=12538"}],"version-history":[{"count":5,"href":"https:\/\/www.naturparkmagazin.de\/stechlin\/wp-json\/wp\/v2\/posts\/12538\/revisions"}],"predecessor-version":[{"id":16610,"href":"https:\/\/www.naturparkmagazin.de\/stechlin\/wp-json\/wp\/v2\/posts\/12538\/revisions\/16610"}],"wp:featuredmedia":[{"embeddable":true,"href":"https:\/\/www.naturparkmagazin.de\/stechlin\/wp-json\/wp\/v2\/media\/10942"}],"wp:attachment":[{"href":"https:\/\/www.naturparkmagazin.de\/stechlin\/wp-json\/wp\/v2\/media?parent=12538"}],"wp:term":[{"taxonomy":"category","embeddable":true,"href":"https:\/\/www.naturparkmagazin.de\/stechlin\/wp-json\/wp\/v2\/categories?post=12538"},{"taxonomy":"post_tag","embeddable":true,"href":"https:\/\/www.naturparkmagazin.de\/stechlin\/wp-json\/wp\/v2\/tags?post=12538"}],"curies":[{"name":"wp","href":"https:\/\/api.w.org\/{rel}","templated":true}]}}