{"id":12542,"date":"2022-09-19T15:00:24","date_gmt":"2022-09-19T13:00:24","guid":{"rendered":"https:\/\/www.naturparkmagazin.de\/stechlin\/?p=12542"},"modified":"2025-02-24T16:56:05","modified_gmt":"2025-02-24T15:56:05","slug":"350-glueckliche-wanderinnen-beim-3-fontane-wandermarathon","status":"publish","type":"post","link":"https:\/\/www.naturparkmagazin.de\/stechlin\/350-glueckliche-wanderinnen-beim-3-fontane-wandermarathon\/","title":{"rendered":"350 gl\u00fcckliche WanderInnen beim 3. Fontane-Wandermarathon (2022)"},"content":{"rendered":"<p>&#8222;<em>Tolle Strecke, hervorragende Markierung, nette Betreuung an den Kontrollpunkten &#8211; wir kommen wieder!<\/em>&#8222;, diese Worte h\u00f6rten die Organisatoren vielfach im Ziel von den Teilnehmern des 3. Fontane-Wandermarathons am 10. September. Mehr als 350 Wanderer waren rund um die Dreiseen-Stadt Lindow\/Mark unterwegs. Im Angebot waren eine Halbmarathon-Strecke \u00fcber 23 km und eine Marathonstrecke \u00fcber 42 km.<\/p>\n<div id=\"attachment_12618\" style=\"width: 310px\" class=\"wp-caption aligncenter\"><a href=\"https:\/\/www.naturparkmagazin.de\/stechlin\/wp-content\/uploads\/sites\/38\/DSC_00571.jpg\"><img aria-describedby=\"caption-attachment-12618\" decoding=\"async\" loading=\"lazy\" class=\"size-thumbnail wp-image-12618\" src=\"https:\/\/www.naturparkmagazin.de\/stechlin\/wp-content\/uploads\/sites\/38\/DSC_00571-300x180.jpg\" alt=\"Wanderer auf der Strecke in G\u00fchlen \u00a9 Dr. Mario Schrumpf\" width=\"300\" height=\"180\" srcset=\"https:\/\/www.naturparkmagazin.de\/stechlin\/wp-content\/uploads\/sites\/38\/DSC_00571-300x180.jpg 300w, https:\/\/www.naturparkmagazin.de\/stechlin\/wp-content\/uploads\/sites\/38\/DSC_00571.jpg 500w, https:\/\/www.naturparkmagazin.de\/stechlin\/wp-content\/uploads\/sites\/38\/DSC_00571-200x120.jpg 200w\" sizes=\"(max-width: 300px) 100vw, 300px\" \/><\/a><p id=\"caption-attachment-12618\" class=\"wp-caption-text\">Wanderer auf der Strecke in G\u00fchlen\u00a9 Dr. Mario Schrumpf<\/p><\/div>\n<p>Umweltminister Axel Vogel lies es sich als Schirmherr nicht nehmen trotz vollem Terminkalender mit auf die Strecke zu gehen. So begleitete er die WanderInnen bis zur Kramnitzm\u00fchle, ehe er weiter mu\u00dfte zum Landes-Dorf- und Erntefest nach Wullkow.<\/p>\n<div id=\"attachment_12616\" style=\"width: 310px\" class=\"wp-caption aligncenter\"><a href=\"https:\/\/www.naturparkmagazin.de\/stechlin\/wp-content\/uploads\/sites\/38\/20220910_0030.jpg\"><img aria-describedby=\"caption-attachment-12616\" decoding=\"async\" loading=\"lazy\" class=\"size-thumbnail wp-image-12616\" src=\"https:\/\/www.naturparkmagazin.de\/stechlin\/wp-content\/uploads\/sites\/38\/20220910_0030-300x500.jpg\" alt=\"Umweltminister Axel Vogel in Begleitung von Naturparkleiter Dr. Mario Schrumpf auf den ersten Metern der Strecke \u00a9 Foto Jannika Olesch\" width=\"300\" height=\"500\" srcset=\"https:\/\/www.naturparkmagazin.de\/stechlin\/wp-content\/uploads\/sites\/38\/20220910_0030.jpg 300w, https:\/\/www.naturparkmagazin.de\/stechlin\/wp-content\/uploads\/sites\/38\/20220910_0030-200x333.jpg 200w\" sizes=\"(max-width: 300px) 100vw, 300px\" \/><\/a><p id=\"caption-attachment-12616\" class=\"wp-caption-text\">Umweltminister Axel Vogel in Begleitung von Naturparkleiter Dr. Mario Schrumpf auf den ersten Metern der Strecke\u00a9 Foto Jannika Olesch<\/p><\/div>\n<p>In Sachen Wetter hatte das 40-k\u00f6pfige, ehrenamtliche Orga-Team das Gl\u00fcck des T\u00fcchtigen auf seiner Seite. W\u00e4hrend es am Donnerstag bei der Streckenmarkierung noch wie aus K\u00fcbeln sch\u00fcttete, zeigte sich Petrus am Marathontag von seiner besten Seite und lie\u00df die einzigartige Landschaft im Sonnenlicht erstrahlen.<\/p>\n<div id=\"attachment_12617\" style=\"width: 310px\" class=\"wp-caption aligncenter\"><a href=\"https:\/\/www.naturparkmagazin.de\/stechlin\/wp-content\/uploads\/sites\/38\/DSC_0030.jpg\"><img aria-describedby=\"caption-attachment-12617\" decoding=\"async\" loading=\"lazy\" class=\"size-thumbnail wp-image-12617\" src=\"https:\/\/www.naturparkmagazin.de\/stechlin\/wp-content\/uploads\/sites\/38\/DSC_0030-300x180.jpg\" alt=\"Bernd Zimmermann am Kontrollpunkt Dampfm\u00fchle mit Postkartenblick \u00fcber den Gudelacksee auf Lindow \u00a9 Dr. Mario Schrumpf\" width=\"300\" height=\"180\" srcset=\"https:\/\/www.naturparkmagazin.de\/stechlin\/wp-content\/uploads\/sites\/38\/DSC_0030-300x180.jpg 300w, https:\/\/www.naturparkmagazin.de\/stechlin\/wp-content\/uploads\/sites\/38\/DSC_0030.jpg 500w, https:\/\/www.naturparkmagazin.de\/stechlin\/wp-content\/uploads\/sites\/38\/DSC_0030-200x120.jpg 200w\" sizes=\"(max-width: 300px) 100vw, 300px\" \/><\/a><p id=\"caption-attachment-12617\" class=\"wp-caption-text\">Bernd Zimmermann am Kontrollpunkt Dampfm\u00fchle mit Postkartenblick \u00fcber den Gudelacksee auf Lindow\u00a9 Dr. Mario Schrumpf<\/p><\/div>\n<p>Ausgehend vom Start in der Sportschule Lindow\/Mark waren die Wanderer rund um den Gudelacksee \u00fcber Dampfm\u00fchle, Kramnitzer M\u00fchle, G\u00fchlen und Salusklinik unterwegs. Von Lindow aus ging es vorbei am Kloster entlang des Ufers am Wutzsee zur Mittagspause bzw. zum Halbmarathonziel Sportschule. Gest\u00e4rkt mit Erbsensuppe in Bio-Qualit\u00e4t und mit Musik der Fontane-Wandermarathon-Haus&amp;Hof-Band &#8222;M\u00e4rkisch Blech&#8220; ging es f\u00fcr die Marathon-Wanderer weiter rund um den Huwenowsee nach Meseberg mit Stop beim Dorffest in Strubbensee. Im Meseberger Dorfkrug wurden die Wanderer mit Kaffee und Kuchen der B\u00e4ckerei Th\u00fcrke Gransee verw\u00f6hnt, bevor zur\u00fcck nach Lindow\/Mark zum Ziel in der Sportschule gewandert wurde.<\/p>\n<div id=\"attachment_12619\" style=\"width: 310px\" class=\"wp-caption aligncenter\"><a href=\"https:\/\/www.naturparkmagazin.de\/stechlin\/wp-content\/uploads\/sites\/38\/DSC_0090.jpg\"><img aria-describedby=\"caption-attachment-12619\" decoding=\"async\" loading=\"lazy\" class=\"size-thumbnail wp-image-12619\" src=\"https:\/\/www.naturparkmagazin.de\/stechlin\/wp-content\/uploads\/sites\/38\/DSC_0090-300x180.jpg\" alt=\"Marcus Franz, Gesch\u00e4ftsf\u00fchrer des Tourismusverbandes Frankenwald und Chef-Organisator des ber\u00fchmtesn Frankenwaldmarathons war auf der Halbmarathon-Strecke unterwegs. \u00a9 Dr. Mario Schrumpf\" width=\"300\" height=\"180\" srcset=\"https:\/\/www.naturparkmagazin.de\/stechlin\/wp-content\/uploads\/sites\/38\/DSC_0090-300x180.jpg 300w, https:\/\/www.naturparkmagazin.de\/stechlin\/wp-content\/uploads\/sites\/38\/DSC_0090.jpg 500w, https:\/\/www.naturparkmagazin.de\/stechlin\/wp-content\/uploads\/sites\/38\/DSC_0090-200x120.jpg 200w\" sizes=\"(max-width: 300px) 100vw, 300px\" \/><\/a><p id=\"caption-attachment-12619\" class=\"wp-caption-text\">Marcus Franz, Gesch\u00e4ftsf\u00fchrer des Tourismusverbandes Frankenwald und Chef-Organisator des ber\u00fchmten Frankenwald-Wandermarathons war auf der Halbmarathon-Strecke unterwegs.\u00a9 Dr. Mario Schrumpf<\/p><\/div>\n<p>Ein herzliches Dankesch\u00f6n an die vielen flei\u00dfigen Helfer, die zum Erfolg der wichtigsten Naturtourismusveranstaltung im Naturpark beigetragen haben!<\/p>\n<div id=\"attachment_12620\" style=\"width: 310px\" class=\"wp-caption aligncenter\"><a href=\"https:\/\/www.naturparkmagazin.de\/stechlin\/wp-content\/uploads\/sites\/38\/DSC_0098.jpg\"><img aria-describedby=\"caption-attachment-12620\" decoding=\"async\" loading=\"lazy\" class=\"size-thumbnail wp-image-12620\" src=\"https:\/\/www.naturparkmagazin.de\/stechlin\/wp-content\/uploads\/sites\/38\/DSC_0098-300x180.jpg\" alt=\"Das flei\u00dfige Team am Ziel des Halbmarathons \u00a9 Dr. Mario Schrumpf\" width=\"300\" height=\"180\" srcset=\"https:\/\/www.naturparkmagazin.de\/stechlin\/wp-content\/uploads\/sites\/38\/DSC_0098-300x180.jpg 300w, https:\/\/www.naturparkmagazin.de\/stechlin\/wp-content\/uploads\/sites\/38\/DSC_0098.jpg 500w, https:\/\/www.naturparkmagazin.de\/stechlin\/wp-content\/uploads\/sites\/38\/DSC_0098-200x120.jpg 200w\" sizes=\"(max-width: 300px) 100vw, 300px\" \/><\/a><p id=\"caption-attachment-12620\" class=\"wp-caption-text\">Das flei\u00dfige Team am Ziel des Halbmarathons\u00a9 Dr. Mario Schrumpf<\/p><\/div>\n<p>Wer im n\u00e4chsten Jahr mit dabei sein will, sollte sich unbedingt den Termin vormerken:<\/p>\n<p>Am <strong>9. September 2023<\/strong> findet der <strong>4. Fontane-Wandermarathon durch die Kyritz-Ruppiner Heide zum Ruppiner See<\/strong> statt.<\/p>\n<p>&nbsp;<\/p>\n","protected":false},"excerpt":{"rendered":"<p>&#8222;Tolle Strecke, hervorragende Markierung, nette Betreuung an den Kontrollpunkten &#8211; wir kommen wieder!&#8220;<\/p>\n","protected":false},"author":39,"featured_media":8363,"comment_status":"open","ping_status":"open","sticky":false,"template":"","format":"standard","meta":[],"categories":[7],"tags":[],"yoast_head":"<!-- This site is optimized with the Yoast SEO plugin v19.10 - https:\/\/yoast.com\/wordpress\/plugins\/seo\/ -->\n<title>350 gl\u00fcckliche WanderInnen beim 3. Fontane-Wandermarathon (2022) - Naturpark Stechlin-Ruppiner Land<\/title>\n<meta name=\"robots\" content=\"index, follow, max-snippet:-1, max-image-preview:large, max-video-preview:-1\" \/>\n<link rel=\"canonical\" href=\"https:\/\/www.naturparkmagazin.de\/stechlin\/350-glueckliche-wanderinnen-beim-3-fontane-wandermarathon\/\" \/>\n<meta property=\"og:locale\" content=\"de_DE\" \/>\n<meta property=\"og:type\" content=\"article\" \/>\n<meta property=\"og:title\" content=\"350 gl\u00fcckliche WanderInnen beim 3. Fontane-Wandermarathon (2022) - Naturpark Stechlin-Ruppiner Land\" \/>\n<meta property=\"og:description\" content=\"&quot;Tolle Strecke, hervorragende Markierung, nette Betreuung an den Kontrollpunkten - wir kommen wieder!&quot;\" \/>\n<meta property=\"og:url\" content=\"https:\/\/www.naturparkmagazin.de\/stechlin\/350-glueckliche-wanderinnen-beim-3-fontane-wandermarathon\/\" \/>\n<meta property=\"og:site_name\" content=\"Naturpark Stechlin-Ruppiner Land\" \/>\n<meta property=\"article:published_time\" content=\"2022-09-19T13:00:24+00:00\" \/>\n<meta property=\"article:modified_time\" content=\"2025-02-24T15:56:05+00:00\" \/>\n<meta property=\"og:image\" content=\"https:\/\/www.naturparkmagazin.de\/stechlin\/wp-content\/uploads\/sites\/38\/Logo_Fontane-Wandermarathon_Entwurf_1.jpg\" \/>\n\t<meta property=\"og:image:width\" content=\"200\" \/>\n\t<meta property=\"og:image:height\" content=\"200\" \/>\n\t<meta property=\"og:image:type\" content=\"image\/jpeg\" \/>\n<meta name=\"author\" content=\"marioschrumpf\" \/>\n<meta name=\"twitter:label1\" content=\"Verfasst von\" \/>\n\t<meta name=\"twitter:data1\" content=\"marioschrumpf\" \/>\n\t<meta name=\"twitter:label2\" content=\"Gesch\u00e4tzte Lesezeit\" \/>\n\t<meta name=\"twitter:data2\" content=\"4\u00a0Minuten\" \/>\n<script type=\"application\/ld+json\" class=\"yoast-schema-graph\">{\"@context\":\"https:\/\/schema.org\",\"@graph\":[{\"@type\":\"WebPage\",\"@id\":\"https:\/\/www.naturparkmagazin.de\/stechlin\/350-glueckliche-wanderinnen-beim-3-fontane-wandermarathon\/\",\"url\":\"https:\/\/www.naturparkmagazin.de\/stechlin\/350-glueckliche-wanderinnen-beim-3-fontane-wandermarathon\/\",\"name\":\"350 gl\u00fcckliche WanderInnen beim 3. Fontane-Wandermarathon (2022) - Naturpark Stechlin-Ruppiner Land\",\"isPartOf\":{\"@id\":\"https:\/\/www.naturparkmagazin.de\/stechlin\/#website\"},\"datePublished\":\"2022-09-19T13:00:24+00:00\",\"dateModified\":\"2025-02-24T15:56:05+00:00\",\"author\":{\"@id\":\"https:\/\/www.naturparkmagazin.de\/stechlin\/#\/schema\/person\/3f0d93203df21c806dd63c76d9bb28bc\"},\"breadcrumb\":{\"@id\":\"https:\/\/www.naturparkmagazin.de\/stechlin\/350-glueckliche-wanderinnen-beim-3-fontane-wandermarathon\/#breadcrumb\"},\"inLanguage\":\"de\",\"potentialAction\":[{\"@type\":\"ReadAction\",\"target\":[\"https:\/\/www.naturparkmagazin.de\/stechlin\/350-glueckliche-wanderinnen-beim-3-fontane-wandermarathon\/\"]}]},{\"@type\":\"BreadcrumbList\",\"@id\":\"https:\/\/www.naturparkmagazin.de\/stechlin\/350-glueckliche-wanderinnen-beim-3-fontane-wandermarathon\/#breadcrumb\",\"itemListElement\":[{\"@type\":\"ListItem\",\"position\":1,\"name\":\"Home\",\"item\":\"https:\/\/www.naturparkmagazin.de\/stechlin\/\"},{\"@type\":\"ListItem\",\"position\":2,\"name\":\"350 gl\u00fcckliche WanderInnen beim 3. Fontane-Wandermarathon (2022)\"}]},{\"@type\":\"WebSite\",\"@id\":\"https:\/\/www.naturparkmagazin.de\/stechlin\/#website\",\"url\":\"https:\/\/www.naturparkmagazin.de\/stechlin\/\",\"name\":\"Naturpark Stechlin-Ruppiner Land\",\"description\":\"\",\"potentialAction\":[{\"@type\":\"SearchAction\",\"target\":{\"@type\":\"EntryPoint\",\"urlTemplate\":\"https:\/\/www.naturparkmagazin.de\/stechlin\/?s={search_term_string}\"},\"query-input\":\"required name=search_term_string\"}],\"inLanguage\":\"de\"},{\"@type\":\"Person\",\"@id\":\"https:\/\/www.naturparkmagazin.de\/stechlin\/#\/schema\/person\/3f0d93203df21c806dd63c76d9bb28bc\",\"name\":\"marioschrumpf\",\"url\":\"https:\/\/www.naturparkmagazin.de\/stechlin\/author\/marioschrumpf\/\"}]}<\/script>\n<!-- \/ Yoast SEO plugin. -->","yoast_head_json":{"title":"350 gl\u00fcckliche WanderInnen beim 3. Fontane-Wandermarathon (2022) - Naturpark Stechlin-Ruppiner Land","robots":{"index":"index","follow":"follow","max-snippet":"max-snippet:-1","max-image-preview":"max-image-preview:large","max-video-preview":"max-video-preview:-1"},"canonical":"https:\/\/www.naturparkmagazin.de\/stechlin\/350-glueckliche-wanderinnen-beim-3-fontane-wandermarathon\/","og_locale":"de_DE","og_type":"article","og_title":"350 gl\u00fcckliche WanderInnen beim 3. Fontane-Wandermarathon (2022) - Naturpark Stechlin-Ruppiner Land","og_description":"\"Tolle Strecke, hervorragende Markierung, nette Betreuung an den Kontrollpunkten - wir kommen wieder!\"","og_url":"https:\/\/www.naturparkmagazin.de\/stechlin\/350-glueckliche-wanderinnen-beim-3-fontane-wandermarathon\/","og_site_name":"Naturpark Stechlin-Ruppiner Land","article_published_time":"2022-09-19T13:00:24+00:00","article_modified_time":"2025-02-24T15:56:05+00:00","og_image":[{"width":200,"height":200,"url":"https:\/\/www.naturparkmagazin.de\/stechlin\/wp-content\/uploads\/sites\/38\/Logo_Fontane-Wandermarathon_Entwurf_1.jpg","type":"image\/jpeg"}],"author":"marioschrumpf","twitter_misc":{"Verfasst von":"marioschrumpf","Gesch\u00e4tzte Lesezeit":"4\u00a0Minuten"},"schema":{"@context":"https:\/\/schema.org","@graph":[{"@type":"WebPage","@id":"https:\/\/www.naturparkmagazin.de\/stechlin\/350-glueckliche-wanderinnen-beim-3-fontane-wandermarathon\/","url":"https:\/\/www.naturparkmagazin.de\/stechlin\/350-glueckliche-wanderinnen-beim-3-fontane-wandermarathon\/","name":"350 gl\u00fcckliche WanderInnen beim 3. Fontane-Wandermarathon (2022) - Naturpark Stechlin-Ruppiner Land","isPartOf":{"@id":"https:\/\/www.naturparkmagazin.de\/stechlin\/#website"},"datePublished":"2022-09-19T13:00:24+00:00","dateModified":"2025-02-24T15:56:05+00:00","author":{"@id":"https:\/\/www.naturparkmagazin.de\/stechlin\/#\/schema\/person\/3f0d93203df21c806dd63c76d9bb28bc"},"breadcrumb":{"@id":"https:\/\/www.naturparkmagazin.de\/stechlin\/350-glueckliche-wanderinnen-beim-3-fontane-wandermarathon\/#breadcrumb"},"inLanguage":"de","potentialAction":[{"@type":"ReadAction","target":["https:\/\/www.naturparkmagazin.de\/stechlin\/350-glueckliche-wanderinnen-beim-3-fontane-wandermarathon\/"]}]},{"@type":"BreadcrumbList","@id":"https:\/\/www.naturparkmagazin.de\/stechlin\/350-glueckliche-wanderinnen-beim-3-fontane-wandermarathon\/#breadcrumb","itemListElement":[{"@type":"ListItem","position":1,"name":"Home","item":"https:\/\/www.naturparkmagazin.de\/stechlin\/"},{"@type":"ListItem","position":2,"name":"350 gl\u00fcckliche WanderInnen beim 3. Fontane-Wandermarathon (2022)"}]},{"@type":"WebSite","@id":"https:\/\/www.naturparkmagazin.de\/stechlin\/#website","url":"https:\/\/www.naturparkmagazin.de\/stechlin\/","name":"Naturpark Stechlin-Ruppiner Land","description":"","potentialAction":[{"@type":"SearchAction","target":{"@type":"EntryPoint","urlTemplate":"https:\/\/www.naturparkmagazin.de\/stechlin\/?s={search_term_string}"},"query-input":"required name=search_term_string"}],"inLanguage":"de"},{"@type":"Person","@id":"https:\/\/www.naturparkmagazin.de\/stechlin\/#\/schema\/person\/3f0d93203df21c806dd63c76d9bb28bc","name":"marioschrumpf","url":"https:\/\/www.naturparkmagazin.de\/stechlin\/author\/marioschrumpf\/"}]}},"_links":{"self":[{"href":"https:\/\/www.naturparkmagazin.de\/stechlin\/wp-json\/wp\/v2\/posts\/12542"}],"collection":[{"href":"https:\/\/www.naturparkmagazin.de\/stechlin\/wp-json\/wp\/v2\/posts"}],"about":[{"href":"https:\/\/www.naturparkmagazin.de\/stechlin\/wp-json\/wp\/v2\/types\/post"}],"author":[{"embeddable":true,"href":"https:\/\/www.naturparkmagazin.de\/stechlin\/wp-json\/wp\/v2\/users\/39"}],"replies":[{"embeddable":true,"href":"https:\/\/www.naturparkmagazin.de\/stechlin\/wp-json\/wp\/v2\/comments?post=12542"}],"version-history":[{"count":8,"href":"https:\/\/www.naturparkmagazin.de\/stechlin\/wp-json\/wp\/v2\/posts\/12542\/revisions"}],"predecessor-version":[{"id":16835,"href":"https:\/\/www.naturparkmagazin.de\/stechlin\/wp-json\/wp\/v2\/posts\/12542\/revisions\/16835"}],"wp:featuredmedia":[{"embeddable":true,"href":"https:\/\/www.naturparkmagazin.de\/stechlin\/wp-json\/wp\/v2\/media\/8363"}],"wp:attachment":[{"href":"https:\/\/www.naturparkmagazin.de\/stechlin\/wp-json\/wp\/v2\/media?parent=12542"}],"wp:term":[{"taxonomy":"category","embeddable":true,"href":"https:\/\/www.naturparkmagazin.de\/stechlin\/wp-json\/wp\/v2\/categories?post=12542"},{"taxonomy":"post_tag","embeddable":true,"href":"https:\/\/www.naturparkmagazin.de\/stechlin\/wp-json\/wp\/v2\/tags?post=12542"}],"curies":[{"name":"wp","href":"https:\/\/api.w.org\/{rel}","templated":true}]}}