{"id":1255,"date":"2014-08-19T13:53:50","date_gmt":"2014-08-19T11:53:50","guid":{"rendered":"http:\/\/www.naturparkmagazin.de\/stechlin\/?p=1255"},"modified":"2014-09-05T08:46:29","modified_gmt":"2014-09-05T06:46:29","slug":"13-internationales-kunstsymposium-des-naturparks-stechlin-ruppiner-land","status":"publish","type":"post","link":"https:\/\/www.naturparkmagazin.de\/stechlin\/13-internationales-kunstsymposium-des-naturparks-stechlin-ruppiner-land\/","title":{"rendered":"13. Internationales Kunstsymposium des Naturparks Stechlin-Ruppiner Land"},"content":{"rendered":"<p>&nbsp;<\/p>\n<div id=\"attachment_1258\" style=\"width: 630px\" class=\"wp-caption alignnone\"><a href=\"https:\/\/www.naturparkmagazin.de\/stechlin\/wp-content\/uploads\/sites\/38\/k-Finissage_mit-Alphorn.jpg\"><img aria-describedby=\"caption-attachment-1258\" decoding=\"async\" loading=\"lazy\" class=\"size-medium wp-image-1258\" alt=\"Finissage mit Alphorn\" src=\"https:\/\/www.naturparkmagazin.de\/stechlin\/wp-content\/uploads\/sites\/38\/k-Finissage_mit-Alphorn-620x465.jpg\" width=\"620\" height=\"465\" srcset=\"https:\/\/www.naturparkmagazin.de\/stechlin\/wp-content\/uploads\/sites\/38\/k-Finissage_mit-Alphorn-620x465.jpg 620w, https:\/\/www.naturparkmagazin.de\/stechlin\/wp-content\/uploads\/sites\/38\/k-Finissage_mit-Alphorn-300x225.jpg 300w, https:\/\/www.naturparkmagazin.de\/stechlin\/wp-content\/uploads\/sites\/38\/k-Finissage_mit-Alphorn-580x435.jpg 580w, https:\/\/www.naturparkmagazin.de\/stechlin\/wp-content\/uploads\/sites\/38\/k-Finissage_mit-Alphorn-420x315.jpg 420w, https:\/\/www.naturparkmagazin.de\/stechlin\/wp-content\/uploads\/sites\/38\/k-Finissage_mit-Alphorn-180x135.jpg 180w, https:\/\/www.naturparkmagazin.de\/stechlin\/wp-content\/uploads\/sites\/38\/k-Finissage_mit-Alphorn-95x71.jpg 95w, https:\/\/www.naturparkmagazin.de\/stechlin\/wp-content\/uploads\/sites\/38\/k-Finissage_mit-Alphorn-200x150.jpg 200w, https:\/\/www.naturparkmagazin.de\/stechlin\/wp-content\/uploads\/sites\/38\/k-Finissage_mit-Alphorn.jpg 640w\" sizes=\"(max-width: 620px) 100vw, 620px\" \/><\/a><p id=\"caption-attachment-1258\" class=\"wp-caption-text\">Finissage mit Alphorn<\/p><\/div>\n<p>7 K\u00fcnstler aus Polen, Tschechien, der T\u00fcrkei und Deutschland arbeiteten im Juli 12 Tage gemeinsam im Rahmen des 13. Internationalen Kunstsymposiums in Kunsterspring zum Thema &#8222;Biologische Vielfalt &#8211; Moorschutz &#8211; Klima&#8220;. Bei der Finnisage wurden die eindrucksvollen Arbeiten erstmals \u00f6ffentlich vorgestellt. Teilnehmer waren Mariusz Pjotr Urbaniak (Polen), Karla Sachse, Uwe Dobbeke, Ingolf Seidel, Gudrun und Kuno Lomas (Deutschland). Die entstandenen Holzskulpturen sollen zuk\u00fcnftig Bestandteil des vom Naturpark im Raum Rheinsberg geplanten Kunstwanderweges werden. Das Symposium wurde finanziell durch das EU-Life-Projekt Feuchtw\u00e4lder Brandenburgs (Tr\u00e4ger: NaturSchutzFonds Brandenburg) unterst\u00fctzt. In einer Kooperationsvereinbarung zwischen EU-Life-Projekt, Kunstverein Zehdenick e.V. und Naturpark wurde verabredet, Menschen \u00fcber das Medium Kunst f\u00fcr den Schutz von Mooren und Feuchtw\u00e4ldern zu sensibilisieren. Dies soll im Rahmen von drei Kunstsymposien mit internationaler Beteiligung und anschlie\u00dfender Wanderausstellung w\u00e4hrend der Projektlaufzeit (2014-2022) geschehen. Ein herzliches Dankesch\u00f6n an die Waldarbeitsschule Kunsterspring f\u00fcr ihre Gastfreundschaft.<\/p>\n<div id=\"attachment_1259\" style=\"width: 630px\" class=\"wp-caption alignnone\"><a href=\"https:\/\/www.naturparkmagazin.de\/stechlin\/wp-content\/uploads\/sites\/38\/k-F\u00fchrung_1.jpg\"><img aria-describedby=\"caption-attachment-1259\" decoding=\"async\" loading=\"lazy\" class=\"size-medium wp-image-1259\" alt=\"Gudrun Lomas erkl\u00e4rt ihre Skulptur\" src=\"https:\/\/www.naturparkmagazin.de\/stechlin\/wp-content\/uploads\/sites\/38\/k-F\u00fchrung_1-620x465.jpg\" width=\"620\" height=\"465\" srcset=\"https:\/\/www.naturparkmagazin.de\/stechlin\/wp-content\/uploads\/sites\/38\/k-F\u00fchrung_1-620x465.jpg 620w, https:\/\/www.naturparkmagazin.de\/stechlin\/wp-content\/uploads\/sites\/38\/k-F\u00fchrung_1-300x225.jpg 300w, https:\/\/www.naturparkmagazin.de\/stechlin\/wp-content\/uploads\/sites\/38\/k-F\u00fchrung_1-580x435.jpg 580w, https:\/\/www.naturparkmagazin.de\/stechlin\/wp-content\/uploads\/sites\/38\/k-F\u00fchrung_1-420x315.jpg 420w, https:\/\/www.naturparkmagazin.de\/stechlin\/wp-content\/uploads\/sites\/38\/k-F\u00fchrung_1-180x135.jpg 180w, https:\/\/www.naturparkmagazin.de\/stechlin\/wp-content\/uploads\/sites\/38\/k-F\u00fchrung_1-95x71.jpg 95w, https:\/\/www.naturparkmagazin.de\/stechlin\/wp-content\/uploads\/sites\/38\/k-F\u00fchrung_1-200x150.jpg 200w, https:\/\/www.naturparkmagazin.de\/stechlin\/wp-content\/uploads\/sites\/38\/k-F\u00fchrung_1.jpg 640w\" sizes=\"(max-width: 620px) 100vw, 620px\" \/><\/a><p id=\"caption-attachment-1259\" class=\"wp-caption-text\">Gudrun Lomas erkl\u00e4rt ihre Skulptur<\/p><\/div>\n<div id=\"attachment_1260\" style=\"width: 630px\" class=\"wp-caption alignnone\"><a href=\"https:\/\/www.naturparkmagazin.de\/stechlin\/wp-content\/uploads\/sites\/38\/k-Gro\u00dfe_Augaben.jpg\"><img aria-describedby=\"caption-attachment-1260\" decoding=\"async\" loading=\"lazy\" class=\"size-medium wp-image-1260\" alt=\"In m\u00fchevoller Arbeit entstanden aus gro\u00dfen Eichenst\u00e4mmen Holzskulpturen.\" src=\"https:\/\/www.naturparkmagazin.de\/stechlin\/wp-content\/uploads\/sites\/38\/k-Gro\u00dfe_Augaben-620x465.jpg\" width=\"620\" height=\"465\" srcset=\"https:\/\/www.naturparkmagazin.de\/stechlin\/wp-content\/uploads\/sites\/38\/k-Gro\u00dfe_Augaben-620x465.jpg 620w, https:\/\/www.naturparkmagazin.de\/stechlin\/wp-content\/uploads\/sites\/38\/k-Gro\u00dfe_Augaben-300x225.jpg 300w, https:\/\/www.naturparkmagazin.de\/stechlin\/wp-content\/uploads\/sites\/38\/k-Gro\u00dfe_Augaben-580x435.jpg 580w, https:\/\/www.naturparkmagazin.de\/stechlin\/wp-content\/uploads\/sites\/38\/k-Gro\u00dfe_Augaben-420x315.jpg 420w, https:\/\/www.naturparkmagazin.de\/stechlin\/wp-content\/uploads\/sites\/38\/k-Gro\u00dfe_Augaben-180x135.jpg 180w, https:\/\/www.naturparkmagazin.de\/stechlin\/wp-content\/uploads\/sites\/38\/k-Gro\u00dfe_Augaben-95x71.jpg 95w, https:\/\/www.naturparkmagazin.de\/stechlin\/wp-content\/uploads\/sites\/38\/k-Gro\u00dfe_Augaben-200x150.jpg 200w, https:\/\/www.naturparkmagazin.de\/stechlin\/wp-content\/uploads\/sites\/38\/k-Gro\u00dfe_Augaben.jpg 640w\" sizes=\"(max-width: 620px) 100vw, 620px\" \/><\/a><p id=\"caption-attachment-1260\" class=\"wp-caption-text\">In m\u00fchevoller Arbeit entstanden aus gro\u00dfen Eichenst\u00e4mmen Holzskulpturen.<\/p><\/div>\n","protected":false},"excerpt":{"rendered":"<p>7 K\u00fcnstler aus Polen, Tschechien, der T\u00fcrkei und Deutschland arbeiteten in Kunsterspring zum Thema &#8222;Biologische Vielfalt &#8211; Moorschutz &#8211; Klima&#8220;.<\/p>\n","protected":false},"author":39,"featured_media":1257,"comment_status":"open","ping_status":"open","sticky":false,"template":"","format":"standard","meta":[],"categories":[7],"tags":[],"yoast_head":"<!-- This site is optimized with the Yoast SEO plugin v19.10 - https:\/\/yoast.com\/wordpress\/plugins\/seo\/ -->\n<title>13. Internationales Kunstsymposium des Naturparks Stechlin-Ruppiner Land - Naturpark Stechlin-Ruppiner Land<\/title>\n<meta name=\"robots\" content=\"index, follow, max-snippet:-1, max-image-preview:large, max-video-preview:-1\" \/>\n<link rel=\"canonical\" href=\"https:\/\/www.naturparkmagazin.de\/stechlin\/13-internationales-kunstsymposium-des-naturparks-stechlin-ruppiner-land\/\" \/>\n<meta property=\"og:locale\" content=\"de_DE\" \/>\n<meta property=\"og:type\" content=\"article\" \/>\n<meta property=\"og:title\" content=\"13. Internationales Kunstsymposium des Naturparks Stechlin-Ruppiner Land - Naturpark Stechlin-Ruppiner Land\" \/>\n<meta property=\"og:description\" content=\"7 K\u00fcnstler aus Polen, Tschechien, der T\u00fcrkei und Deutschland arbeiteten in Kunsterspring zum Thema &quot;Biologische Vielfalt - Moorschutz - Klima&quot;.\" \/>\n<meta property=\"og:url\" content=\"https:\/\/www.naturparkmagazin.de\/stechlin\/13-internationales-kunstsymposium-des-naturparks-stechlin-ruppiner-land\/\" \/>\n<meta property=\"og:site_name\" content=\"Naturpark Stechlin-Ruppiner Land\" \/>\n<meta property=\"article:published_time\" content=\"2014-08-19T11:53:50+00:00\" \/>\n<meta property=\"article:modified_time\" content=\"2014-09-05T06:46:29+00:00\" \/>\n<meta property=\"og:image\" content=\"https:\/\/www.naturparkmagazin.de\/stechlin\/wp-content\/uploads\/sites\/38\/k-P1017807-e1408016875239.jpg\" \/>\n\t<meta property=\"og:image:width\" content=\"101\" \/>\n\t<meta property=\"og:image:height\" content=\"135\" \/>\n\t<meta property=\"og:image:type\" content=\"image\/jpeg\" \/>\n<meta name=\"author\" content=\"marioschrumpf\" \/>\n<meta name=\"twitter:label1\" content=\"Verfasst von\" \/>\n\t<meta name=\"twitter:data1\" content=\"marioschrumpf\" \/>\n\t<meta name=\"twitter:label2\" content=\"Gesch\u00e4tzte Lesezeit\" \/>\n\t<meta name=\"twitter:data2\" content=\"1\u00a0Minute\" \/>\n<script type=\"application\/ld+json\" class=\"yoast-schema-graph\">{\"@context\":\"https:\/\/schema.org\",\"@graph\":[{\"@type\":\"WebPage\",\"@id\":\"https:\/\/www.naturparkmagazin.de\/stechlin\/13-internationales-kunstsymposium-des-naturparks-stechlin-ruppiner-land\/\",\"url\":\"https:\/\/www.naturparkmagazin.de\/stechlin\/13-internationales-kunstsymposium-des-naturparks-stechlin-ruppiner-land\/\",\"name\":\"13. Internationales Kunstsymposium des Naturparks Stechlin-Ruppiner Land - Naturpark Stechlin-Ruppiner Land\",\"isPartOf\":{\"@id\":\"https:\/\/www.naturparkmagazin.de\/stechlin\/#website\"},\"datePublished\":\"2014-08-19T11:53:50+00:00\",\"dateModified\":\"2014-09-05T06:46:29+00:00\",\"author\":{\"@id\":\"https:\/\/www.naturparkmagazin.de\/stechlin\/#\/schema\/person\/3f0d93203df21c806dd63c76d9bb28bc\"},\"breadcrumb\":{\"@id\":\"https:\/\/www.naturparkmagazin.de\/stechlin\/13-internationales-kunstsymposium-des-naturparks-stechlin-ruppiner-land\/#breadcrumb\"},\"inLanguage\":\"de\",\"potentialAction\":[{\"@type\":\"ReadAction\",\"target\":[\"https:\/\/www.naturparkmagazin.de\/stechlin\/13-internationales-kunstsymposium-des-naturparks-stechlin-ruppiner-land\/\"]}]},{\"@type\":\"BreadcrumbList\",\"@id\":\"https:\/\/www.naturparkmagazin.de\/stechlin\/13-internationales-kunstsymposium-des-naturparks-stechlin-ruppiner-land\/#breadcrumb\",\"itemListElement\":[{\"@type\":\"ListItem\",\"position\":1,\"name\":\"Home\",\"item\":\"https:\/\/www.naturparkmagazin.de\/stechlin\/\"},{\"@type\":\"ListItem\",\"position\":2,\"name\":\"13. Internationales Kunstsymposium des Naturparks Stechlin-Ruppiner Land\"}]},{\"@type\":\"WebSite\",\"@id\":\"https:\/\/www.naturparkmagazin.de\/stechlin\/#website\",\"url\":\"https:\/\/www.naturparkmagazin.de\/stechlin\/\",\"name\":\"Naturpark Stechlin-Ruppiner Land\",\"description\":\"\",\"potentialAction\":[{\"@type\":\"SearchAction\",\"target\":{\"@type\":\"EntryPoint\",\"urlTemplate\":\"https:\/\/www.naturparkmagazin.de\/stechlin\/?s={search_term_string}\"},\"query-input\":\"required name=search_term_string\"}],\"inLanguage\":\"de\"},{\"@type\":\"Person\",\"@id\":\"https:\/\/www.naturparkmagazin.de\/stechlin\/#\/schema\/person\/3f0d93203df21c806dd63c76d9bb28bc\",\"name\":\"marioschrumpf\",\"url\":\"https:\/\/www.naturparkmagazin.de\/stechlin\/author\/marioschrumpf\/\"}]}<\/script>\n<!-- \/ Yoast SEO plugin. -->","yoast_head_json":{"title":"13. Internationales Kunstsymposium des Naturparks Stechlin-Ruppiner Land - Naturpark Stechlin-Ruppiner Land","robots":{"index":"index","follow":"follow","max-snippet":"max-snippet:-1","max-image-preview":"max-image-preview:large","max-video-preview":"max-video-preview:-1"},"canonical":"https:\/\/www.naturparkmagazin.de\/stechlin\/13-internationales-kunstsymposium-des-naturparks-stechlin-ruppiner-land\/","og_locale":"de_DE","og_type":"article","og_title":"13. Internationales Kunstsymposium des Naturparks Stechlin-Ruppiner Land - Naturpark Stechlin-Ruppiner Land","og_description":"7 K\u00fcnstler aus Polen, Tschechien, der T\u00fcrkei und Deutschland arbeiteten in Kunsterspring zum Thema \"Biologische Vielfalt - Moorschutz - Klima\".","og_url":"https:\/\/www.naturparkmagazin.de\/stechlin\/13-internationales-kunstsymposium-des-naturparks-stechlin-ruppiner-land\/","og_site_name":"Naturpark Stechlin-Ruppiner Land","article_published_time":"2014-08-19T11:53:50+00:00","article_modified_time":"2014-09-05T06:46:29+00:00","og_image":[{"width":101,"height":135,"url":"https:\/\/www.naturparkmagazin.de\/stechlin\/wp-content\/uploads\/sites\/38\/k-P1017807-e1408016875239.jpg","type":"image\/jpeg"}],"author":"marioschrumpf","twitter_misc":{"Verfasst von":"marioschrumpf","Gesch\u00e4tzte Lesezeit":"1\u00a0Minute"},"schema":{"@context":"https:\/\/schema.org","@graph":[{"@type":"WebPage","@id":"https:\/\/www.naturparkmagazin.de\/stechlin\/13-internationales-kunstsymposium-des-naturparks-stechlin-ruppiner-land\/","url":"https:\/\/www.naturparkmagazin.de\/stechlin\/13-internationales-kunstsymposium-des-naturparks-stechlin-ruppiner-land\/","name":"13. Internationales Kunstsymposium des Naturparks Stechlin-Ruppiner Land - Naturpark Stechlin-Ruppiner Land","isPartOf":{"@id":"https:\/\/www.naturparkmagazin.de\/stechlin\/#website"},"datePublished":"2014-08-19T11:53:50+00:00","dateModified":"2014-09-05T06:46:29+00:00","author":{"@id":"https:\/\/www.naturparkmagazin.de\/stechlin\/#\/schema\/person\/3f0d93203df21c806dd63c76d9bb28bc"},"breadcrumb":{"@id":"https:\/\/www.naturparkmagazin.de\/stechlin\/13-internationales-kunstsymposium-des-naturparks-stechlin-ruppiner-land\/#breadcrumb"},"inLanguage":"de","potentialAction":[{"@type":"ReadAction","target":["https:\/\/www.naturparkmagazin.de\/stechlin\/13-internationales-kunstsymposium-des-naturparks-stechlin-ruppiner-land\/"]}]},{"@type":"BreadcrumbList","@id":"https:\/\/www.naturparkmagazin.de\/stechlin\/13-internationales-kunstsymposium-des-naturparks-stechlin-ruppiner-land\/#breadcrumb","itemListElement":[{"@type":"ListItem","position":1,"name":"Home","item":"https:\/\/www.naturparkmagazin.de\/stechlin\/"},{"@type":"ListItem","position":2,"name":"13. Internationales Kunstsymposium des Naturparks Stechlin-Ruppiner Land"}]},{"@type":"WebSite","@id":"https:\/\/www.naturparkmagazin.de\/stechlin\/#website","url":"https:\/\/www.naturparkmagazin.de\/stechlin\/","name":"Naturpark Stechlin-Ruppiner Land","description":"","potentialAction":[{"@type":"SearchAction","target":{"@type":"EntryPoint","urlTemplate":"https:\/\/www.naturparkmagazin.de\/stechlin\/?s={search_term_string}"},"query-input":"required name=search_term_string"}],"inLanguage":"de"},{"@type":"Person","@id":"https:\/\/www.naturparkmagazin.de\/stechlin\/#\/schema\/person\/3f0d93203df21c806dd63c76d9bb28bc","name":"marioschrumpf","url":"https:\/\/www.naturparkmagazin.de\/stechlin\/author\/marioschrumpf\/"}]}},"_links":{"self":[{"href":"https:\/\/www.naturparkmagazin.de\/stechlin\/wp-json\/wp\/v2\/posts\/1255"}],"collection":[{"href":"https:\/\/www.naturparkmagazin.de\/stechlin\/wp-json\/wp\/v2\/posts"}],"about":[{"href":"https:\/\/www.naturparkmagazin.de\/stechlin\/wp-json\/wp\/v2\/types\/post"}],"author":[{"embeddable":true,"href":"https:\/\/www.naturparkmagazin.de\/stechlin\/wp-json\/wp\/v2\/users\/39"}],"replies":[{"embeddable":true,"href":"https:\/\/www.naturparkmagazin.de\/stechlin\/wp-json\/wp\/v2\/comments?post=1255"}],"version-history":[{"count":4,"href":"https:\/\/www.naturparkmagazin.de\/stechlin\/wp-json\/wp\/v2\/posts\/1255\/revisions"}],"predecessor-version":[{"id":1332,"href":"https:\/\/www.naturparkmagazin.de\/stechlin\/wp-json\/wp\/v2\/posts\/1255\/revisions\/1332"}],"wp:featuredmedia":[{"embeddable":true,"href":"https:\/\/www.naturparkmagazin.de\/stechlin\/wp-json\/wp\/v2\/media\/1257"}],"wp:attachment":[{"href":"https:\/\/www.naturparkmagazin.de\/stechlin\/wp-json\/wp\/v2\/media?parent=1255"}],"wp:term":[{"taxonomy":"category","embeddable":true,"href":"https:\/\/www.naturparkmagazin.de\/stechlin\/wp-json\/wp\/v2\/categories?post=1255"},{"taxonomy":"post_tag","embeddable":true,"href":"https:\/\/www.naturparkmagazin.de\/stechlin\/wp-json\/wp\/v2\/tags?post=1255"}],"curies":[{"name":"wp","href":"https:\/\/api.w.org\/{rel}","templated":true}]}}