{"id":12551,"date":"2022-09-19T15:00:54","date_gmt":"2022-09-19T13:00:54","guid":{"rendered":"https:\/\/www.naturparkmagazin.de\/stechlin\/?p=12551"},"modified":"2022-09-20T15:02:09","modified_gmt":"2022-09-20T13:02:09","slug":"natur-im-garten-erfolgreich-in-brandenburg-gestartet","status":"publish","type":"post","link":"https:\/\/www.naturparkmagazin.de\/stechlin\/natur-im-garten-erfolgreich-in-brandenburg-gestartet\/","title":{"rendered":"&#8222;Natur im Garten&#8220; erfolgreich in Brandenburg gestartet"},"content":{"rendered":"<p>Brandenburgs Umweltstaatssekret\u00e4rin Anja Bourdon \u00fcbergab k\u00fcrzlich in Gumtow in der Prignitz die ersten Plaketten f\u00fcr naturnahe G\u00e4rten.<\/p>\n<div id=\"attachment_12609\" style=\"width: 310px\" class=\"wp-caption aligncenter\"><a href=\"https:\/\/www.naturparkmagazin.de\/stechlin\/wp-content\/uploads\/sites\/38\/DSC_0215.jpg\"><img aria-describedby=\"caption-attachment-12609\" decoding=\"async\" loading=\"lazy\" class=\"size-thumbnail wp-image-12609\" src=\"https:\/\/www.naturparkmagazin.de\/stechlin\/wp-content\/uploads\/sites\/38\/DSC_0215-300x500.jpg\" alt=\"Maik Misch aus Linow geh\u00f6rt zu den ersten ausgezeichneten Gartenbesitzern \u00a9 Dr. Mario Schrumpf\" width=\"300\" height=\"500\" srcset=\"https:\/\/www.naturparkmagazin.de\/stechlin\/wp-content\/uploads\/sites\/38\/DSC_0215.jpg 300w, https:\/\/www.naturparkmagazin.de\/stechlin\/wp-content\/uploads\/sites\/38\/DSC_0215-200x333.jpg 200w\" sizes=\"(max-width: 300px) 100vw, 300px\" \/><\/a><p id=\"caption-attachment-12609\" class=\"wp-caption-text\">Maik Misch aus Linow im Naturpark geh\u00f6rt zu den ersten ausgezeichneten Gartenbesitzern\u00a9 Dr. Mario Schrumpf<\/p><\/div>\n<p>Damit wurde die Initiative &#8222;<em>Natur im Garten<\/em>&#8220; ist im Nordwesten Brandenburgs erfolgreich gestartet. Koordiniert durch Brandenburgischen Naturlandschaften und den Landschaftspflegeverband &#8222;Prignitz-Ruppiner Land&#8220; e.V. werden von nun an Beratungen angeboten und auszeichnungsw\u00fcrdige G\u00e4rten zertifiziert.<\/p>\n<div id=\"attachment_12611\" style=\"width: 310px\" class=\"wp-caption aligncenter\"><a href=\"https:\/\/www.naturparkmagazin.de\/stechlin\/wp-content\/uploads\/sites\/38\/DSC_0225.jpg\"><img aria-describedby=\"caption-attachment-12611\" decoding=\"async\" loading=\"lazy\" class=\"size-thumbnail wp-image-12611\" src=\"https:\/\/www.naturparkmagazin.de\/stechlin\/wp-content\/uploads\/sites\/38\/DSC_0225-300x180.jpg\" alt=\"Umweltstaatssekret\u00e4rin Anja Bourdon zeichnet Familie Schneider aus Br\u00fcsenhagen aus \u00a9 Dr. Mario Schrumpf\" width=\"300\" height=\"180\" srcset=\"https:\/\/www.naturparkmagazin.de\/stechlin\/wp-content\/uploads\/sites\/38\/DSC_0225-300x180.jpg 300w, https:\/\/www.naturparkmagazin.de\/stechlin\/wp-content\/uploads\/sites\/38\/DSC_0225.jpg 500w, https:\/\/www.naturparkmagazin.de\/stechlin\/wp-content\/uploads\/sites\/38\/DSC_0225-200x120.jpg 200w\" sizes=\"(max-width: 300px) 100vw, 300px\" \/><\/a><p id=\"caption-attachment-12611\" class=\"wp-caption-text\">Umweltstaatssekret\u00e4rin Anja Bourdon zeichnet Familie Schneider aus Br\u00fcsenhagen aus\u00a9 Dr. Mario Schrumpf<\/p><\/div>\n<p>Hier gibt es weitere <a href=\"http:\/\/www.natur-brandenburg.de\/erleben-lernen\/naturimgarten\">Informationen<\/a>.<\/p>\n<p>1999 wurde die Initiative &#8222;Natur im Garten&#8220; mit der Grundidee &#8222;G\u00e4rtnern mit der Natur&#8220; ins Leben gerufen. Die Kernkriterien sind: G\u00e4rtnern ohne chemisch-Synthetische D\u00fcngemittel und Pflanzenschutzmittel sowie ohne Torf.<\/p>\n<p>Mit der Initiative soll die Vielfalt im Garten gef\u00f6rdert werden. Die Initiative ist im Land Nieder\u00f6stereich entstanden und mittlerweile im deutschsprachigen Raum weitverbreitet<\/p>\n<div id=\"attachment_12610\" style=\"width: 310px\" class=\"wp-caption aligncenter\"><a href=\"https:\/\/www.naturparkmagazin.de\/stechlin\/wp-content\/uploads\/sites\/38\/DSC_0217.jpg\"><img aria-describedby=\"caption-attachment-12610\" decoding=\"async\" loading=\"lazy\" class=\"size-thumbnail wp-image-12610\" src=\"https:\/\/www.naturparkmagazin.de\/stechlin\/wp-content\/uploads\/sites\/38\/DSC_0217-300x180.jpg\" alt=\"Gruppenbild mit Preistr\u00e4gern, Zertifizierern und Organisatoren \u00a9 Dr. Mario Schrumpf\" width=\"300\" height=\"180\" srcset=\"https:\/\/www.naturparkmagazin.de\/stechlin\/wp-content\/uploads\/sites\/38\/DSC_0217-300x180.jpg 300w, https:\/\/www.naturparkmagazin.de\/stechlin\/wp-content\/uploads\/sites\/38\/DSC_0217.jpg 500w, https:\/\/www.naturparkmagazin.de\/stechlin\/wp-content\/uploads\/sites\/38\/DSC_0217-200x120.jpg 200w\" sizes=\"(max-width: 300px) 100vw, 300px\" \/><\/a><p id=\"caption-attachment-12610\" class=\"wp-caption-text\">Gruppenbild mit Preistr\u00e4gern, Zertifizierern und Organisatoren\u00a9 Dr. Mario Schrumpf<\/p><\/div>\n","protected":false},"excerpt":{"rendered":"<p>Brandenburgs Umweltstaatssekret\u00e4rin Anja Bourdon \u00fcbergab k\u00fcrzlich in Gumtow in der Prignitz die ersten Plaketten f\u00fcr naturnahe G\u00e4rten im Land Brandenburg.<\/p>\n","protected":false},"author":39,"featured_media":12431,"comment_status":"open","ping_status":"open","sticky":false,"template":"","format":"standard","meta":[],"categories":[7],"tags":[],"yoast_head":"<!-- This site is optimized with the Yoast SEO plugin v19.10 - https:\/\/yoast.com\/wordpress\/plugins\/seo\/ -->\n<title>&quot;Natur im Garten&quot; erfolgreich in Brandenburg gestartet - Naturpark Stechlin-Ruppiner Land<\/title>\n<meta name=\"robots\" content=\"index, follow, max-snippet:-1, max-image-preview:large, max-video-preview:-1\" \/>\n<link rel=\"canonical\" href=\"https:\/\/www.naturparkmagazin.de\/stechlin\/natur-im-garten-erfolgreich-in-brandenburg-gestartet\/\" \/>\n<meta property=\"og:locale\" content=\"de_DE\" \/>\n<meta property=\"og:type\" content=\"article\" \/>\n<meta property=\"og:title\" content=\"&quot;Natur im Garten&quot; erfolgreich in Brandenburg gestartet - Naturpark Stechlin-Ruppiner Land\" \/>\n<meta property=\"og:description\" content=\"Brandenburgs Umweltstaatssekret\u00e4rin Anja Bourdon \u00fcbergab k\u00fcrzlich in Gumtow in der Prignitz die ersten Plaketten f\u00fcr naturnahe G\u00e4rten im Land Brandenburg.\" \/>\n<meta property=\"og:url\" content=\"https:\/\/www.naturparkmagazin.de\/stechlin\/natur-im-garten-erfolgreich-in-brandenburg-gestartet\/\" \/>\n<meta property=\"og:site_name\" content=\"Naturpark Stechlin-Ruppiner Land\" \/>\n<meta property=\"article:published_time\" content=\"2022-09-19T13:00:54+00:00\" \/>\n<meta property=\"article:modified_time\" content=\"2022-09-20T13:02:09+00:00\" \/>\n<meta property=\"og:image\" content=\"https:\/\/www.naturparkmagazin.de\/stechlin\/wp-content\/uploads\/sites\/38\/logo_a.jpg\" \/>\n\t<meta property=\"og:image:width\" content=\"2362\" \/>\n\t<meta property=\"og:image:height\" content=\"2362\" \/>\n\t<meta property=\"og:image:type\" content=\"image\/jpeg\" \/>\n<meta name=\"author\" content=\"marioschrumpf\" \/>\n<meta name=\"twitter:label1\" content=\"Verfasst von\" \/>\n\t<meta name=\"twitter:data1\" content=\"marioschrumpf\" \/>\n\t<meta name=\"twitter:label2\" content=\"Gesch\u00e4tzte Lesezeit\" \/>\n\t<meta name=\"twitter:data2\" content=\"1\u00a0Minute\" \/>\n<script type=\"application\/ld+json\" class=\"yoast-schema-graph\">{\"@context\":\"https:\/\/schema.org\",\"@graph\":[{\"@type\":\"WebPage\",\"@id\":\"https:\/\/www.naturparkmagazin.de\/stechlin\/natur-im-garten-erfolgreich-in-brandenburg-gestartet\/\",\"url\":\"https:\/\/www.naturparkmagazin.de\/stechlin\/natur-im-garten-erfolgreich-in-brandenburg-gestartet\/\",\"name\":\"\\\"Natur im Garten\\\" erfolgreich in Brandenburg gestartet - Naturpark Stechlin-Ruppiner Land\",\"isPartOf\":{\"@id\":\"https:\/\/www.naturparkmagazin.de\/stechlin\/#website\"},\"datePublished\":\"2022-09-19T13:00:54+00:00\",\"dateModified\":\"2022-09-20T13:02:09+00:00\",\"author\":{\"@id\":\"https:\/\/www.naturparkmagazin.de\/stechlin\/#\/schema\/person\/3f0d93203df21c806dd63c76d9bb28bc\"},\"breadcrumb\":{\"@id\":\"https:\/\/www.naturparkmagazin.de\/stechlin\/natur-im-garten-erfolgreich-in-brandenburg-gestartet\/#breadcrumb\"},\"inLanguage\":\"de\",\"potentialAction\":[{\"@type\":\"ReadAction\",\"target\":[\"https:\/\/www.naturparkmagazin.de\/stechlin\/natur-im-garten-erfolgreich-in-brandenburg-gestartet\/\"]}]},{\"@type\":\"BreadcrumbList\",\"@id\":\"https:\/\/www.naturparkmagazin.de\/stechlin\/natur-im-garten-erfolgreich-in-brandenburg-gestartet\/#breadcrumb\",\"itemListElement\":[{\"@type\":\"ListItem\",\"position\":1,\"name\":\"Home\",\"item\":\"https:\/\/www.naturparkmagazin.de\/stechlin\/\"},{\"@type\":\"ListItem\",\"position\":2,\"name\":\"&#8222;Natur im Garten&#8220; erfolgreich in Brandenburg gestartet\"}]},{\"@type\":\"WebSite\",\"@id\":\"https:\/\/www.naturparkmagazin.de\/stechlin\/#website\",\"url\":\"https:\/\/www.naturparkmagazin.de\/stechlin\/\",\"name\":\"Naturpark Stechlin-Ruppiner Land\",\"description\":\"\",\"potentialAction\":[{\"@type\":\"SearchAction\",\"target\":{\"@type\":\"EntryPoint\",\"urlTemplate\":\"https:\/\/www.naturparkmagazin.de\/stechlin\/?s={search_term_string}\"},\"query-input\":\"required name=search_term_string\"}],\"inLanguage\":\"de\"},{\"@type\":\"Person\",\"@id\":\"https:\/\/www.naturparkmagazin.de\/stechlin\/#\/schema\/person\/3f0d93203df21c806dd63c76d9bb28bc\",\"name\":\"marioschrumpf\",\"url\":\"https:\/\/www.naturparkmagazin.de\/stechlin\/author\/marioschrumpf\/\"}]}<\/script>\n<!-- \/ Yoast SEO plugin. -->","yoast_head_json":{"title":"\"Natur im Garten\" erfolgreich in Brandenburg gestartet - Naturpark Stechlin-Ruppiner Land","robots":{"index":"index","follow":"follow","max-snippet":"max-snippet:-1","max-image-preview":"max-image-preview:large","max-video-preview":"max-video-preview:-1"},"canonical":"https:\/\/www.naturparkmagazin.de\/stechlin\/natur-im-garten-erfolgreich-in-brandenburg-gestartet\/","og_locale":"de_DE","og_type":"article","og_title":"\"Natur im Garten\" erfolgreich in Brandenburg gestartet - Naturpark Stechlin-Ruppiner Land","og_description":"Brandenburgs Umweltstaatssekret\u00e4rin Anja Bourdon \u00fcbergab k\u00fcrzlich in Gumtow in der Prignitz die ersten Plaketten f\u00fcr naturnahe G\u00e4rten im Land Brandenburg.","og_url":"https:\/\/www.naturparkmagazin.de\/stechlin\/natur-im-garten-erfolgreich-in-brandenburg-gestartet\/","og_site_name":"Naturpark Stechlin-Ruppiner Land","article_published_time":"2022-09-19T13:00:54+00:00","article_modified_time":"2022-09-20T13:02:09+00:00","og_image":[{"width":2362,"height":2362,"url":"https:\/\/www.naturparkmagazin.de\/stechlin\/wp-content\/uploads\/sites\/38\/logo_a.jpg","type":"image\/jpeg"}],"author":"marioschrumpf","twitter_misc":{"Verfasst von":"marioschrumpf","Gesch\u00e4tzte Lesezeit":"1\u00a0Minute"},"schema":{"@context":"https:\/\/schema.org","@graph":[{"@type":"WebPage","@id":"https:\/\/www.naturparkmagazin.de\/stechlin\/natur-im-garten-erfolgreich-in-brandenburg-gestartet\/","url":"https:\/\/www.naturparkmagazin.de\/stechlin\/natur-im-garten-erfolgreich-in-brandenburg-gestartet\/","name":"\"Natur im Garten\" erfolgreich in Brandenburg gestartet - Naturpark Stechlin-Ruppiner Land","isPartOf":{"@id":"https:\/\/www.naturparkmagazin.de\/stechlin\/#website"},"datePublished":"2022-09-19T13:00:54+00:00","dateModified":"2022-09-20T13:02:09+00:00","author":{"@id":"https:\/\/www.naturparkmagazin.de\/stechlin\/#\/schema\/person\/3f0d93203df21c806dd63c76d9bb28bc"},"breadcrumb":{"@id":"https:\/\/www.naturparkmagazin.de\/stechlin\/natur-im-garten-erfolgreich-in-brandenburg-gestartet\/#breadcrumb"},"inLanguage":"de","potentialAction":[{"@type":"ReadAction","target":["https:\/\/www.naturparkmagazin.de\/stechlin\/natur-im-garten-erfolgreich-in-brandenburg-gestartet\/"]}]},{"@type":"BreadcrumbList","@id":"https:\/\/www.naturparkmagazin.de\/stechlin\/natur-im-garten-erfolgreich-in-brandenburg-gestartet\/#breadcrumb","itemListElement":[{"@type":"ListItem","position":1,"name":"Home","item":"https:\/\/www.naturparkmagazin.de\/stechlin\/"},{"@type":"ListItem","position":2,"name":"&#8222;Natur im Garten&#8220; erfolgreich in Brandenburg gestartet"}]},{"@type":"WebSite","@id":"https:\/\/www.naturparkmagazin.de\/stechlin\/#website","url":"https:\/\/www.naturparkmagazin.de\/stechlin\/","name":"Naturpark Stechlin-Ruppiner Land","description":"","potentialAction":[{"@type":"SearchAction","target":{"@type":"EntryPoint","urlTemplate":"https:\/\/www.naturparkmagazin.de\/stechlin\/?s={search_term_string}"},"query-input":"required name=search_term_string"}],"inLanguage":"de"},{"@type":"Person","@id":"https:\/\/www.naturparkmagazin.de\/stechlin\/#\/schema\/person\/3f0d93203df21c806dd63c76d9bb28bc","name":"marioschrumpf","url":"https:\/\/www.naturparkmagazin.de\/stechlin\/author\/marioschrumpf\/"}]}},"_links":{"self":[{"href":"https:\/\/www.naturparkmagazin.de\/stechlin\/wp-json\/wp\/v2\/posts\/12551"}],"collection":[{"href":"https:\/\/www.naturparkmagazin.de\/stechlin\/wp-json\/wp\/v2\/posts"}],"about":[{"href":"https:\/\/www.naturparkmagazin.de\/stechlin\/wp-json\/wp\/v2\/types\/post"}],"author":[{"embeddable":true,"href":"https:\/\/www.naturparkmagazin.de\/stechlin\/wp-json\/wp\/v2\/users\/39"}],"replies":[{"embeddable":true,"href":"https:\/\/www.naturparkmagazin.de\/stechlin\/wp-json\/wp\/v2\/comments?post=12551"}],"version-history":[{"count":8,"href":"https:\/\/www.naturparkmagazin.de\/stechlin\/wp-json\/wp\/v2\/posts\/12551\/revisions"}],"predecessor-version":[{"id":12648,"href":"https:\/\/www.naturparkmagazin.de\/stechlin\/wp-json\/wp\/v2\/posts\/12551\/revisions\/12648"}],"wp:featuredmedia":[{"embeddable":true,"href":"https:\/\/www.naturparkmagazin.de\/stechlin\/wp-json\/wp\/v2\/media\/12431"}],"wp:attachment":[{"href":"https:\/\/www.naturparkmagazin.de\/stechlin\/wp-json\/wp\/v2\/media?parent=12551"}],"wp:term":[{"taxonomy":"category","embeddable":true,"href":"https:\/\/www.naturparkmagazin.de\/stechlin\/wp-json\/wp\/v2\/categories?post=12551"},{"taxonomy":"post_tag","embeddable":true,"href":"https:\/\/www.naturparkmagazin.de\/stechlin\/wp-json\/wp\/v2\/tags?post=12551"}],"curies":[{"name":"wp","href":"https:\/\/api.w.org\/{rel}","templated":true}]}}