{"id":12555,"date":"2022-09-19T15:00:12","date_gmt":"2022-09-19T13:00:12","guid":{"rendered":"https:\/\/www.naturparkmagazin.de\/stechlin\/?p=12555"},"modified":"2022-09-26T13:41:20","modified_gmt":"2022-09-26T11:41:20","slug":"bundestagsabgeordnete-anke-domscheid-berg-die-linke-besucht-kyritz-ruppiner-heide","status":"publish","type":"post","link":"https:\/\/www.naturparkmagazin.de\/stechlin\/bundestagsabgeordnete-anke-domscheid-berg-die-linke-besucht-kyritz-ruppiner-heide\/","title":{"rendered":"Bundestagsabgeordnete Anke Domscheid-Berg (Die Linke) besucht Kyritz-Ruppiner-Heide"},"content":{"rendered":"<p>Normalerweise steht Ende August die Kyritz-Ruppiner-Heide in vollster Bl\u00fchtenpracht. Nicht nach diesem trockenen und hei\u00dfen Sommer!<\/p>\n<div id=\"attachment_12627\" style=\"width: 310px\" class=\"wp-caption aligncenter\"><a href=\"https:\/\/www.naturparkmagazin.de\/stechlin\/wp-content\/uploads\/sites\/38\/kremser-b2.jpg\"><img aria-describedby=\"caption-attachment-12627\" decoding=\"async\" loading=\"lazy\" class=\"size-thumbnail wp-image-12627\" src=\"https:\/\/www.naturparkmagazin.de\/stechlin\/wp-content\/uploads\/sites\/38\/kremser-b2-300x500.jpg\" alt=\"Ziel der Kremserfahrt war der Heideturm auf dem Sielmann-H\u00fcgel \u00a9 Dr. Mario Schrumpf\" width=\"300\" height=\"500\" srcset=\"https:\/\/www.naturparkmagazin.de\/stechlin\/wp-content\/uploads\/sites\/38\/kremser-b2-300x500.jpg 300w, https:\/\/www.naturparkmagazin.de\/stechlin\/wp-content\/uploads\/sites\/38\/kremser-b2-200x333.jpg 200w, https:\/\/www.naturparkmagazin.de\/stechlin\/wp-content\/uploads\/sites\/38\/kremser-b2.jpg 500w\" sizes=\"(max-width: 300px) 100vw, 300px\" \/><\/a><p id=\"caption-attachment-12627\" class=\"wp-caption-text\">Ziel der Kremserfahrt war der Heideturm auf dem Sielmann-H\u00fcgel\u00a9 Dr. Mario Schrumpf<\/p><\/div>\n<p>Trotzdem starteten am vorletzten Augusttag auf Einladung von Anke Domscheid-Berg Vertreter von Landkreis, Bundesforst, Heinz Sielmann Stiftung, Naturpark und Abgeordnetenb\u00fcros mit dem Kremser von Neuglienicke aus in die Heide. Die Bundestagsabgeordnete f\u00fcr Die Linke f\u00fchrt die Tradition fort, die ihre langj\u00e4hrige Vorg\u00e4nger im Bundestag Kirsten Tackmann, auch in diesem Jahr mit auf dem Kremser, eingef\u00fchrt hatte. Im Mittelpunkt der Gespr\u00e4che stand die Entwicklung der Heide in den Bereichen Naturschutz, Tourismus und Wirtschaft.<\/p>\n<div id=\"attachment_12626\" style=\"width: 310px\" class=\"wp-caption aligncenter\"><a href=\"https:\/\/www.naturparkmagazin.de\/stechlin\/wp-content\/uploads\/sites\/38\/kremser-b1.jpg\"><img aria-describedby=\"caption-attachment-12626\" decoding=\"async\" loading=\"lazy\" class=\"size-thumbnail wp-image-12626\" src=\"https:\/\/www.naturparkmagazin.de\/stechlin\/wp-content\/uploads\/sites\/38\/kremser-b1-300x180.jpg\" alt=\"Anke Domscheid-Berg im gespr\u00e4ch mit Landrat Ralf Reinhardt. \u00a9 Dr. Mario Schrumpf\" width=\"300\" height=\"180\" srcset=\"https:\/\/www.naturparkmagazin.de\/stechlin\/wp-content\/uploads\/sites\/38\/kremser-b1-300x180.jpg 300w, https:\/\/www.naturparkmagazin.de\/stechlin\/wp-content\/uploads\/sites\/38\/kremser-b1.jpg 500w, https:\/\/www.naturparkmagazin.de\/stechlin\/wp-content\/uploads\/sites\/38\/kremser-b1-200x120.jpg 200w\" sizes=\"(max-width: 300px) 100vw, 300px\" \/><\/a><p id=\"caption-attachment-12626\" class=\"wp-caption-text\">Anke Domscheid-Berg im gespr\u00e4ch mit Landrat Ralf Reinhardt.\u00a9 Dr. Mario Schrumpf<\/p><\/div>\n<p>Landrat Ralf Reinhardt informierte, dass der Kreistag Ostprignitz-Ruppin im Juni beschlossen hat, den G\u00fcltigkeitsbereich der Gefahrenabwehrverordnung ab 1. Januar 2023 zu verringern. So werden weite Teile s\u00fcdlich des Heidewanderweges von Neuglienicke \u00fcber den Sielmann-H\u00fcgel nach Rossow zuk\u00fcnftig frei betretbar sein. Grundlage ist ein Gutachten des Brandenburgischen Munitionsbergungsdienstes zur Munitionsbelastung. Bis zum Jahresanfang wird die Beschilderung durch die Bundesforst im Auftrag des Landkreises an die neue Grenzlinie versetzt. Damit kommt die Region dem Ziel &#8222;Freie Heide&#8220; ein St\u00fcck weit n\u00e4her.<\/p>\n<div id=\"attachment_12628\" style=\"width: 310px\" class=\"wp-caption aligncenter\"><a href=\"https:\/\/www.naturparkmagazin.de\/stechlin\/wp-content\/uploads\/sites\/38\/kremser-b3.jpg\"><img aria-describedby=\"caption-attachment-12628\" decoding=\"async\" loading=\"lazy\" class=\"size-thumbnail wp-image-12628\" src=\"https:\/\/www.naturparkmagazin.de\/stechlin\/wp-content\/uploads\/sites\/38\/kremser-b3-300x180.jpg\" alt=\"Rainer Entrup, Leiter des Bundesforstbetriebes Westbrandenburg an der Seite der ehemaligen linken Bundestagsabgeordneten Kirsten Tackmann \u00a9 Dr. Mario Schrumpf\" width=\"300\" height=\"180\" srcset=\"https:\/\/www.naturparkmagazin.de\/stechlin\/wp-content\/uploads\/sites\/38\/kremser-b3-300x180.jpg 300w, https:\/\/www.naturparkmagazin.de\/stechlin\/wp-content\/uploads\/sites\/38\/kremser-b3.jpg 500w, https:\/\/www.naturparkmagazin.de\/stechlin\/wp-content\/uploads\/sites\/38\/kremser-b3-200x120.jpg 200w\" sizes=\"(max-width: 300px) 100vw, 300px\" \/><\/a><p id=\"caption-attachment-12628\" class=\"wp-caption-text\">Rainer Entrup, Leiter des Bundesforstbetriebes Westbrandenburg an der Seite der ehemaligen linken Bundestagsabgeordneten Kirsten Tackmann\u00a9 Dr. Mario Schrumpf<\/p><\/div>\n<p>Gemeinsam mit dem Landkreis arbeitet die Naturparkverwaltung an der Umsetzung der Empfehlungen aus dem Gutachten zur Inwertsetzung der Kyritz-Ruppiner-Heide. So sollen die Zug\u00e4nge Pfalzheim, Neuglienicke und Rossow in Abstimmung mit den Mitgliedern der Kommunalen Arbeitsgruppe Eingangsbereiche erhalten, die mit Unterst\u00fctzung der Waldarbeitsschule Kunsterspring gebaut werden. Dar\u00fcberhinaus soll die Wanderwege-Beschilderung des Heidewanderweges erneuert werden.<\/p>\n","protected":false},"excerpt":{"rendered":"<p>Normalerweise steht Ende August die Kyritz-Ruppiner-Heide in vollster Bl\u00fchtenpracht. Nicht nach diesem trockenen und hei\u00dfen Sommer!<\/p>\n","protected":false},"author":39,"featured_media":12629,"comment_status":"open","ping_status":"open","sticky":false,"template":"","format":"standard","meta":[],"categories":[7],"tags":[],"yoast_head":"<!-- This site is optimized with the Yoast SEO plugin v19.10 - https:\/\/yoast.com\/wordpress\/plugins\/seo\/ -->\n<title>Bundestagsabgeordnete Anke Domscheid-Berg (Die Linke) besucht Kyritz-Ruppiner-Heide - Naturpark Stechlin-Ruppiner Land<\/title>\n<meta name=\"robots\" content=\"index, follow, max-snippet:-1, max-image-preview:large, max-video-preview:-1\" \/>\n<link rel=\"canonical\" href=\"https:\/\/www.naturparkmagazin.de\/stechlin\/bundestagsabgeordnete-anke-domscheid-berg-die-linke-besucht-kyritz-ruppiner-heide\/\" \/>\n<meta property=\"og:locale\" content=\"de_DE\" \/>\n<meta property=\"og:type\" content=\"article\" \/>\n<meta property=\"og:title\" content=\"Bundestagsabgeordnete Anke Domscheid-Berg (Die Linke) besucht Kyritz-Ruppiner-Heide - Naturpark Stechlin-Ruppiner Land\" \/>\n<meta property=\"og:description\" content=\"Normalerweise steht Ende August die Kyritz-Ruppiner-Heide in vollster Bl\u00fchtenpracht. Nicht nach diesem trockenen und hei\u00dfen Sommer!\" \/>\n<meta property=\"og:url\" content=\"https:\/\/www.naturparkmagazin.de\/stechlin\/bundestagsabgeordnete-anke-domscheid-berg-die-linke-besucht-kyritz-ruppiner-heide\/\" \/>\n<meta property=\"og:site_name\" content=\"Naturpark Stechlin-Ruppiner Land\" \/>\n<meta property=\"article:published_time\" content=\"2022-09-19T13:00:12+00:00\" \/>\n<meta property=\"article:modified_time\" content=\"2022-09-26T11:41:20+00:00\" \/>\n<meta property=\"og:image\" content=\"https:\/\/www.naturparkmagazin.de\/stechlin\/wp-content\/uploads\/sites\/38\/kremser_a1.jpg\" \/>\n\t<meta property=\"og:image:width\" content=\"200\" \/>\n\t<meta property=\"og:image:height\" content=\"200\" \/>\n\t<meta property=\"og:image:type\" content=\"image\/jpeg\" \/>\n<meta name=\"author\" content=\"marioschrumpf\" \/>\n<meta name=\"twitter:label1\" content=\"Verfasst von\" \/>\n\t<meta name=\"twitter:data1\" content=\"marioschrumpf\" \/>\n\t<meta name=\"twitter:label2\" content=\"Gesch\u00e4tzte Lesezeit\" \/>\n\t<meta name=\"twitter:data2\" content=\"2\u00a0Minuten\" \/>\n<script type=\"application\/ld+json\" class=\"yoast-schema-graph\">{\"@context\":\"https:\/\/schema.org\",\"@graph\":[{\"@type\":\"WebPage\",\"@id\":\"https:\/\/www.naturparkmagazin.de\/stechlin\/bundestagsabgeordnete-anke-domscheid-berg-die-linke-besucht-kyritz-ruppiner-heide\/\",\"url\":\"https:\/\/www.naturparkmagazin.de\/stechlin\/bundestagsabgeordnete-anke-domscheid-berg-die-linke-besucht-kyritz-ruppiner-heide\/\",\"name\":\"Bundestagsabgeordnete Anke Domscheid-Berg (Die Linke) besucht Kyritz-Ruppiner-Heide - Naturpark Stechlin-Ruppiner Land\",\"isPartOf\":{\"@id\":\"https:\/\/www.naturparkmagazin.de\/stechlin\/#website\"},\"datePublished\":\"2022-09-19T13:00:12+00:00\",\"dateModified\":\"2022-09-26T11:41:20+00:00\",\"author\":{\"@id\":\"https:\/\/www.naturparkmagazin.de\/stechlin\/#\/schema\/person\/3f0d93203df21c806dd63c76d9bb28bc\"},\"breadcrumb\":{\"@id\":\"https:\/\/www.naturparkmagazin.de\/stechlin\/bundestagsabgeordnete-anke-domscheid-berg-die-linke-besucht-kyritz-ruppiner-heide\/#breadcrumb\"},\"inLanguage\":\"de\",\"potentialAction\":[{\"@type\":\"ReadAction\",\"target\":[\"https:\/\/www.naturparkmagazin.de\/stechlin\/bundestagsabgeordnete-anke-domscheid-berg-die-linke-besucht-kyritz-ruppiner-heide\/\"]}]},{\"@type\":\"BreadcrumbList\",\"@id\":\"https:\/\/www.naturparkmagazin.de\/stechlin\/bundestagsabgeordnete-anke-domscheid-berg-die-linke-besucht-kyritz-ruppiner-heide\/#breadcrumb\",\"itemListElement\":[{\"@type\":\"ListItem\",\"position\":1,\"name\":\"Home\",\"item\":\"https:\/\/www.naturparkmagazin.de\/stechlin\/\"},{\"@type\":\"ListItem\",\"position\":2,\"name\":\"Bundestagsabgeordnete Anke Domscheid-Berg (Die Linke) besucht Kyritz-Ruppiner-Heide\"}]},{\"@type\":\"WebSite\",\"@id\":\"https:\/\/www.naturparkmagazin.de\/stechlin\/#website\",\"url\":\"https:\/\/www.naturparkmagazin.de\/stechlin\/\",\"name\":\"Naturpark Stechlin-Ruppiner Land\",\"description\":\"\",\"potentialAction\":[{\"@type\":\"SearchAction\",\"target\":{\"@type\":\"EntryPoint\",\"urlTemplate\":\"https:\/\/www.naturparkmagazin.de\/stechlin\/?s={search_term_string}\"},\"query-input\":\"required name=search_term_string\"}],\"inLanguage\":\"de\"},{\"@type\":\"Person\",\"@id\":\"https:\/\/www.naturparkmagazin.de\/stechlin\/#\/schema\/person\/3f0d93203df21c806dd63c76d9bb28bc\",\"name\":\"marioschrumpf\",\"url\":\"https:\/\/www.naturparkmagazin.de\/stechlin\/author\/marioschrumpf\/\"}]}<\/script>\n<!-- \/ Yoast SEO plugin. -->","yoast_head_json":{"title":"Bundestagsabgeordnete Anke Domscheid-Berg (Die Linke) besucht Kyritz-Ruppiner-Heide - Naturpark Stechlin-Ruppiner Land","robots":{"index":"index","follow":"follow","max-snippet":"max-snippet:-1","max-image-preview":"max-image-preview:large","max-video-preview":"max-video-preview:-1"},"canonical":"https:\/\/www.naturparkmagazin.de\/stechlin\/bundestagsabgeordnete-anke-domscheid-berg-die-linke-besucht-kyritz-ruppiner-heide\/","og_locale":"de_DE","og_type":"article","og_title":"Bundestagsabgeordnete Anke Domscheid-Berg (Die Linke) besucht Kyritz-Ruppiner-Heide - Naturpark Stechlin-Ruppiner Land","og_description":"Normalerweise steht Ende August die Kyritz-Ruppiner-Heide in vollster Bl\u00fchtenpracht. Nicht nach diesem trockenen und hei\u00dfen Sommer!","og_url":"https:\/\/www.naturparkmagazin.de\/stechlin\/bundestagsabgeordnete-anke-domscheid-berg-die-linke-besucht-kyritz-ruppiner-heide\/","og_site_name":"Naturpark Stechlin-Ruppiner Land","article_published_time":"2022-09-19T13:00:12+00:00","article_modified_time":"2022-09-26T11:41:20+00:00","og_image":[{"width":200,"height":200,"url":"https:\/\/www.naturparkmagazin.de\/stechlin\/wp-content\/uploads\/sites\/38\/kremser_a1.jpg","type":"image\/jpeg"}],"author":"marioschrumpf","twitter_misc":{"Verfasst von":"marioschrumpf","Gesch\u00e4tzte Lesezeit":"2\u00a0Minuten"},"schema":{"@context":"https:\/\/schema.org","@graph":[{"@type":"WebPage","@id":"https:\/\/www.naturparkmagazin.de\/stechlin\/bundestagsabgeordnete-anke-domscheid-berg-die-linke-besucht-kyritz-ruppiner-heide\/","url":"https:\/\/www.naturparkmagazin.de\/stechlin\/bundestagsabgeordnete-anke-domscheid-berg-die-linke-besucht-kyritz-ruppiner-heide\/","name":"Bundestagsabgeordnete Anke Domscheid-Berg (Die Linke) besucht Kyritz-Ruppiner-Heide - Naturpark Stechlin-Ruppiner Land","isPartOf":{"@id":"https:\/\/www.naturparkmagazin.de\/stechlin\/#website"},"datePublished":"2022-09-19T13:00:12+00:00","dateModified":"2022-09-26T11:41:20+00:00","author":{"@id":"https:\/\/www.naturparkmagazin.de\/stechlin\/#\/schema\/person\/3f0d93203df21c806dd63c76d9bb28bc"},"breadcrumb":{"@id":"https:\/\/www.naturparkmagazin.de\/stechlin\/bundestagsabgeordnete-anke-domscheid-berg-die-linke-besucht-kyritz-ruppiner-heide\/#breadcrumb"},"inLanguage":"de","potentialAction":[{"@type":"ReadAction","target":["https:\/\/www.naturparkmagazin.de\/stechlin\/bundestagsabgeordnete-anke-domscheid-berg-die-linke-besucht-kyritz-ruppiner-heide\/"]}]},{"@type":"BreadcrumbList","@id":"https:\/\/www.naturparkmagazin.de\/stechlin\/bundestagsabgeordnete-anke-domscheid-berg-die-linke-besucht-kyritz-ruppiner-heide\/#breadcrumb","itemListElement":[{"@type":"ListItem","position":1,"name":"Home","item":"https:\/\/www.naturparkmagazin.de\/stechlin\/"},{"@type":"ListItem","position":2,"name":"Bundestagsabgeordnete Anke Domscheid-Berg (Die Linke) besucht Kyritz-Ruppiner-Heide"}]},{"@type":"WebSite","@id":"https:\/\/www.naturparkmagazin.de\/stechlin\/#website","url":"https:\/\/www.naturparkmagazin.de\/stechlin\/","name":"Naturpark Stechlin-Ruppiner Land","description":"","potentialAction":[{"@type":"SearchAction","target":{"@type":"EntryPoint","urlTemplate":"https:\/\/www.naturparkmagazin.de\/stechlin\/?s={search_term_string}"},"query-input":"required name=search_term_string"}],"inLanguage":"de"},{"@type":"Person","@id":"https:\/\/www.naturparkmagazin.de\/stechlin\/#\/schema\/person\/3f0d93203df21c806dd63c76d9bb28bc","name":"marioschrumpf","url":"https:\/\/www.naturparkmagazin.de\/stechlin\/author\/marioschrumpf\/"}]}},"_links":{"self":[{"href":"https:\/\/www.naturparkmagazin.de\/stechlin\/wp-json\/wp\/v2\/posts\/12555"}],"collection":[{"href":"https:\/\/www.naturparkmagazin.de\/stechlin\/wp-json\/wp\/v2\/posts"}],"about":[{"href":"https:\/\/www.naturparkmagazin.de\/stechlin\/wp-json\/wp\/v2\/types\/post"}],"author":[{"embeddable":true,"href":"https:\/\/www.naturparkmagazin.de\/stechlin\/wp-json\/wp\/v2\/users\/39"}],"replies":[{"embeddable":true,"href":"https:\/\/www.naturparkmagazin.de\/stechlin\/wp-json\/wp\/v2\/comments?post=12555"}],"version-history":[{"count":5,"href":"https:\/\/www.naturparkmagazin.de\/stechlin\/wp-json\/wp\/v2\/posts\/12555\/revisions"}],"predecessor-version":[{"id":12667,"href":"https:\/\/www.naturparkmagazin.de\/stechlin\/wp-json\/wp\/v2\/posts\/12555\/revisions\/12667"}],"wp:featuredmedia":[{"embeddable":true,"href":"https:\/\/www.naturparkmagazin.de\/stechlin\/wp-json\/wp\/v2\/media\/12629"}],"wp:attachment":[{"href":"https:\/\/www.naturparkmagazin.de\/stechlin\/wp-json\/wp\/v2\/media?parent=12555"}],"wp:term":[{"taxonomy":"category","embeddable":true,"href":"https:\/\/www.naturparkmagazin.de\/stechlin\/wp-json\/wp\/v2\/categories?post=12555"},{"taxonomy":"post_tag","embeddable":true,"href":"https:\/\/www.naturparkmagazin.de\/stechlin\/wp-json\/wp\/v2\/tags?post=12555"}],"curies":[{"name":"wp","href":"https:\/\/api.w.org\/{rel}","templated":true}]}}