{"id":12557,"date":"2022-09-19T16:00:31","date_gmt":"2022-09-19T14:00:31","guid":{"rendered":"https:\/\/www.naturparkmagazin.de\/stechlin\/?p=12557"},"modified":"2022-09-26T13:39:37","modified_gmt":"2022-09-26T11:39:37","slug":"wandern-mit-seeblick-12-tourenvorschlaege-fuer-familien","status":"publish","type":"post","link":"https:\/\/www.naturparkmagazin.de\/stechlin\/wandern-mit-seeblick-12-tourenvorschlaege-fuer-familien\/","title":{"rendered":"Wandern mit Seeblick: 12 Tourenvorschl\u00e4ge f\u00fcr Familien"},"content":{"rendered":"<p>Wandern macht nachweislich gl\u00fccklich und liegt im Trend. Immer wieder wird mittlerweile auch im Naturpark nach Wandertipps gefragt. Gut, dass der Tourismusverband Ruppiner Seenland jetzt eine Brosch\u00fcre mit 12 familientauglichen Tourenvorschl\u00e4gen auf den Markt gebracht hat.<\/p>\n<div id=\"attachment_12582\" style=\"width: 310px\" class=\"wp-caption aligncenter\"><a href=\"https:\/\/www.naturparkmagazin.de\/stechlin\/wp-content\/uploads\/sites\/38\/deckblatt_TV-Ruppiner-Seenland_Wanderbroschu\u0308re_2022-2.jpg\"><img aria-describedby=\"caption-attachment-12582\" decoding=\"async\" loading=\"lazy\" class=\"size-thumbnail wp-image-12582\" src=\"https:\/\/www.naturparkmagazin.de\/stechlin\/wp-content\/uploads\/sites\/38\/deckblatt_TV-Ruppiner-Seenland_Wanderbroschu\u0308re_2022-2-300x641.jpg\" alt=\"Wanderbrosch\u00fcre Tourismusverband Ruppiner Seenland e.V. \u00a9Tourismusverband Ruppiner Seenland e.V. (Foto: Julia Nimke)\" width=\"300\" height=\"641\" srcset=\"https:\/\/www.naturparkmagazin.de\/stechlin\/wp-content\/uploads\/sites\/38\/deckblatt_TV-Ruppiner-Seenland_Wanderbroschu\u0308re_2022-2-300x641.jpg 300w, https:\/\/www.naturparkmagazin.de\/stechlin\/wp-content\/uploads\/sites\/38\/deckblatt_TV-Ruppiner-Seenland_Wanderbroschu\u0308re_2022-2-200x427.jpg 200w, https:\/\/www.naturparkmagazin.de\/stechlin\/wp-content\/uploads\/sites\/38\/deckblatt_TV-Ruppiner-Seenland_Wanderbroschu\u0308re_2022-2.jpg 386w\" sizes=\"(max-width: 300px) 100vw, 300px\" \/><\/a><p id=\"caption-attachment-12582\" class=\"wp-caption-text\">Wanderbrosch\u00fcre Tourismusverband Ruppiner Seenland e.V.\u00a9 Tourismusverband Ruppiner Seenland e.V. (Foto: Julia Nimke)<\/p><\/div>\n<p>So f\u00fchrt eine der vorgestellten Touren Wanderbegeisterte auf Sandwegen durch die Kyritz-Ruppiner Heide &#8211; die zweitgr\u00f6\u00dfte, zusammenh\u00e4ngende Heidefl\u00e4che Deutschlands. Auf Rundtouren entlang von Naturerlebnispfaden k\u00f6nnen Geheimnisse sprudelnder Quellen oder sagenumwobener Moore gel\u00fcftet werden. Weitere Wanderwege f\u00fchren Menschen mit Kinderwagen oder Rollstuhl abschnittsweise barrierefrei \u00fcber Holzstege, entlang kleiner Naturparadiese. Eindrucksvolle Schl\u00f6sser, eine historische Windm\u00fchle und kunstvolle Skulpturen stellen nur ein paar der Kultursch\u00e4tze dar, die entlang der Touren entdeckt werden k\u00f6nnen.<\/p>\n<p>&#8222;<em>Ja, hier wandert man ohne Berge. Aber macht nichts, denn wir haben Seen &#8211; und das ist noch viel besser! Und weniger anstrengend<\/em>.&#8220; ist sich Jannika Olesch, Redaktionsleiterin beim Tourismusverband Ruppiner Seenland, sicher.<\/p>\n<p>Die geb\u00fcrtige Oldenburgerin liebt das entschleunigte Flachlandwandern durch ihre wasser- und waldreiche, nordbrandenburgische Wahlheimat &#8211; und ist immer wieder \u00fcberrascht, wenn sie dann doch mal den einen oder anderen, eiszeitlichen H\u00fcgel erklimmen muss.<\/p>\n<div id=\"attachment_11959\" style=\"width: 310px\" class=\"wp-caption aligncenter\"><a href=\"https:\/\/www.naturparkmagazin.de\/stechlin\/wp-content\/uploads\/sites\/38\/Gesundheitswanderung.jpg\"><img aria-describedby=\"caption-attachment-11959\" decoding=\"async\" loading=\"lazy\" class=\"size-thumbnail wp-image-11959\" src=\"https:\/\/www.naturparkmagazin.de\/stechlin\/wp-content\/uploads\/sites\/38\/Gesundheitswanderung-300x180.jpg\" alt=\"\u00a9 Olaf Wolff\" width=\"300\" height=\"180\" srcset=\"https:\/\/www.naturparkmagazin.de\/stechlin\/wp-content\/uploads\/sites\/38\/Gesundheitswanderung-300x180.jpg 300w, https:\/\/www.naturparkmagazin.de\/stechlin\/wp-content\/uploads\/sites\/38\/Gesundheitswanderung.jpg 500w, https:\/\/www.naturparkmagazin.de\/stechlin\/wp-content\/uploads\/sites\/38\/Gesundheitswanderung-200x120.jpg 200w\" sizes=\"(max-width: 300px) 100vw, 300px\" \/><\/a><p id=\"caption-attachment-11959\" class=\"wp-caption-text\">Wandern macht gl\u00fccklich! \u00a9 Olaf Wolff<\/p><\/div>\n<p>&#8222;<em>Mit der Brosch\u00fcre m\u00f6chten wir einen Beitrag leisten, das Ruppiner Seenland nachhaltig als Wanderregion zu etablieren<\/em>&#8222;, teilt Itta Olaj, Gesch\u00e4ftsf\u00fchrerin des Tourismusverbandes, mit.<\/p>\n<p>Alle 12 Wanderrouten sind mit kurzem Text, Infos zur L\u00e4nge und Dauer, zu Anreisem\u00f6glichkeiten und Orientierungspunkten dargestellt. Ein Bild sowie ein kleiner Kartenausschnitt geben einen ersten Eindruck. Mit Hilfe eines QR-Codes k\u00f6nnen Interessierte direkt zu weiteren Infos sowie zum GPX-Track auf der Website <a href=\"http:\/\/www.ruppiner-seenland.de\">www.ruppiner-seenland.de<\/a> gelangen. Alle Routen sind auch \u00fcber den Auftritt des Tourismusverbandes auf der Online-Plattform bzw. App &#8222;komoot&#8220; abrufbar.<\/p>\n<p>&nbsp;<\/p>\n<p>&nbsp;<\/p>\n","protected":false},"excerpt":{"rendered":"<p>Wandern macht nachweislich gl\u00fccklich und liegt im Trend. Immer wieder wird mittlerweile auch im Naturpark nach Wandertipps gefragt.<\/p>\n","protected":false},"author":39,"featured_media":12581,"comment_status":"open","ping_status":"open","sticky":false,"template":"","format":"standard","meta":[],"categories":[7],"tags":[],"yoast_head":"<!-- This site is optimized with the Yoast SEO plugin v19.10 - https:\/\/yoast.com\/wordpress\/plugins\/seo\/ -->\n<title>Wandern mit Seeblick: 12 Tourenvorschl\u00e4ge f\u00fcr Familien - Naturpark Stechlin-Ruppiner Land<\/title>\n<meta name=\"robots\" content=\"index, follow, max-snippet:-1, max-image-preview:large, max-video-preview:-1\" \/>\n<link rel=\"canonical\" href=\"https:\/\/www.naturparkmagazin.de\/stechlin\/wandern-mit-seeblick-12-tourenvorschlaege-fuer-familien\/\" \/>\n<meta property=\"og:locale\" content=\"de_DE\" \/>\n<meta property=\"og:type\" content=\"article\" \/>\n<meta property=\"og:title\" content=\"Wandern mit Seeblick: 12 Tourenvorschl\u00e4ge f\u00fcr Familien - Naturpark Stechlin-Ruppiner Land\" \/>\n<meta property=\"og:description\" content=\"Wandern macht nachweislich gl\u00fccklich und liegt im Trend. Immer wieder wird mittlerweile auch im Naturpark nach Wandertipps gefragt.\" \/>\n<meta property=\"og:url\" content=\"https:\/\/www.naturparkmagazin.de\/stechlin\/wandern-mit-seeblick-12-tourenvorschlaege-fuer-familien\/\" \/>\n<meta property=\"og:site_name\" content=\"Naturpark Stechlin-Ruppiner Land\" \/>\n<meta property=\"article:published_time\" content=\"2022-09-19T14:00:31+00:00\" \/>\n<meta property=\"article:modified_time\" content=\"2022-09-26T11:39:37+00:00\" \/>\n<meta property=\"og:image\" content=\"https:\/\/www.naturparkmagazin.de\/stechlin\/wp-content\/uploads\/sites\/38\/2022_09_07-Presseinfo-Wanderbrosch\u00fcre-c-Julia-Nimke.jpg\" \/>\n\t<meta property=\"og:image:width\" content=\"200\" \/>\n\t<meta property=\"og:image:height\" content=\"200\" \/>\n\t<meta property=\"og:image:type\" content=\"image\/jpeg\" \/>\n<meta name=\"author\" content=\"marioschrumpf\" \/>\n<meta name=\"twitter:label1\" content=\"Verfasst von\" \/>\n\t<meta name=\"twitter:data1\" content=\"marioschrumpf\" \/>\n\t<meta name=\"twitter:label2\" content=\"Gesch\u00e4tzte Lesezeit\" \/>\n\t<meta name=\"twitter:data2\" content=\"2\u00a0Minuten\" \/>\n<script type=\"application\/ld+json\" class=\"yoast-schema-graph\">{\"@context\":\"https:\/\/schema.org\",\"@graph\":[{\"@type\":\"WebPage\",\"@id\":\"https:\/\/www.naturparkmagazin.de\/stechlin\/wandern-mit-seeblick-12-tourenvorschlaege-fuer-familien\/\",\"url\":\"https:\/\/www.naturparkmagazin.de\/stechlin\/wandern-mit-seeblick-12-tourenvorschlaege-fuer-familien\/\",\"name\":\"Wandern mit Seeblick: 12 Tourenvorschl\u00e4ge f\u00fcr Familien - Naturpark Stechlin-Ruppiner Land\",\"isPartOf\":{\"@id\":\"https:\/\/www.naturparkmagazin.de\/stechlin\/#website\"},\"datePublished\":\"2022-09-19T14:00:31+00:00\",\"dateModified\":\"2022-09-26T11:39:37+00:00\",\"author\":{\"@id\":\"https:\/\/www.naturparkmagazin.de\/stechlin\/#\/schema\/person\/3f0d93203df21c806dd63c76d9bb28bc\"},\"breadcrumb\":{\"@id\":\"https:\/\/www.naturparkmagazin.de\/stechlin\/wandern-mit-seeblick-12-tourenvorschlaege-fuer-familien\/#breadcrumb\"},\"inLanguage\":\"de\",\"potentialAction\":[{\"@type\":\"ReadAction\",\"target\":[\"https:\/\/www.naturparkmagazin.de\/stechlin\/wandern-mit-seeblick-12-tourenvorschlaege-fuer-familien\/\"]}]},{\"@type\":\"BreadcrumbList\",\"@id\":\"https:\/\/www.naturparkmagazin.de\/stechlin\/wandern-mit-seeblick-12-tourenvorschlaege-fuer-familien\/#breadcrumb\",\"itemListElement\":[{\"@type\":\"ListItem\",\"position\":1,\"name\":\"Home\",\"item\":\"https:\/\/www.naturparkmagazin.de\/stechlin\/\"},{\"@type\":\"ListItem\",\"position\":2,\"name\":\"Wandern mit Seeblick: 12 Tourenvorschl\u00e4ge f\u00fcr Familien\"}]},{\"@type\":\"WebSite\",\"@id\":\"https:\/\/www.naturparkmagazin.de\/stechlin\/#website\",\"url\":\"https:\/\/www.naturparkmagazin.de\/stechlin\/\",\"name\":\"Naturpark Stechlin-Ruppiner Land\",\"description\":\"\",\"potentialAction\":[{\"@type\":\"SearchAction\",\"target\":{\"@type\":\"EntryPoint\",\"urlTemplate\":\"https:\/\/www.naturparkmagazin.de\/stechlin\/?s={search_term_string}\"},\"query-input\":\"required name=search_term_string\"}],\"inLanguage\":\"de\"},{\"@type\":\"Person\",\"@id\":\"https:\/\/www.naturparkmagazin.de\/stechlin\/#\/schema\/person\/3f0d93203df21c806dd63c76d9bb28bc\",\"name\":\"marioschrumpf\",\"url\":\"https:\/\/www.naturparkmagazin.de\/stechlin\/author\/marioschrumpf\/\"}]}<\/script>\n<!-- \/ Yoast SEO plugin. -->","yoast_head_json":{"title":"Wandern mit Seeblick: 12 Tourenvorschl\u00e4ge f\u00fcr Familien - Naturpark Stechlin-Ruppiner Land","robots":{"index":"index","follow":"follow","max-snippet":"max-snippet:-1","max-image-preview":"max-image-preview:large","max-video-preview":"max-video-preview:-1"},"canonical":"https:\/\/www.naturparkmagazin.de\/stechlin\/wandern-mit-seeblick-12-tourenvorschlaege-fuer-familien\/","og_locale":"de_DE","og_type":"article","og_title":"Wandern mit Seeblick: 12 Tourenvorschl\u00e4ge f\u00fcr Familien - Naturpark Stechlin-Ruppiner Land","og_description":"Wandern macht nachweislich gl\u00fccklich und liegt im Trend. Immer wieder wird mittlerweile auch im Naturpark nach Wandertipps gefragt.","og_url":"https:\/\/www.naturparkmagazin.de\/stechlin\/wandern-mit-seeblick-12-tourenvorschlaege-fuer-familien\/","og_site_name":"Naturpark Stechlin-Ruppiner Land","article_published_time":"2022-09-19T14:00:31+00:00","article_modified_time":"2022-09-26T11:39:37+00:00","og_image":[{"width":200,"height":200,"url":"https:\/\/www.naturparkmagazin.de\/stechlin\/wp-content\/uploads\/sites\/38\/2022_09_07-Presseinfo-Wanderbrosch\u00fcre-c-Julia-Nimke.jpg","type":"image\/jpeg"}],"author":"marioschrumpf","twitter_misc":{"Verfasst von":"marioschrumpf","Gesch\u00e4tzte Lesezeit":"2\u00a0Minuten"},"schema":{"@context":"https:\/\/schema.org","@graph":[{"@type":"WebPage","@id":"https:\/\/www.naturparkmagazin.de\/stechlin\/wandern-mit-seeblick-12-tourenvorschlaege-fuer-familien\/","url":"https:\/\/www.naturparkmagazin.de\/stechlin\/wandern-mit-seeblick-12-tourenvorschlaege-fuer-familien\/","name":"Wandern mit Seeblick: 12 Tourenvorschl\u00e4ge f\u00fcr Familien - Naturpark Stechlin-Ruppiner Land","isPartOf":{"@id":"https:\/\/www.naturparkmagazin.de\/stechlin\/#website"},"datePublished":"2022-09-19T14:00:31+00:00","dateModified":"2022-09-26T11:39:37+00:00","author":{"@id":"https:\/\/www.naturparkmagazin.de\/stechlin\/#\/schema\/person\/3f0d93203df21c806dd63c76d9bb28bc"},"breadcrumb":{"@id":"https:\/\/www.naturparkmagazin.de\/stechlin\/wandern-mit-seeblick-12-tourenvorschlaege-fuer-familien\/#breadcrumb"},"inLanguage":"de","potentialAction":[{"@type":"ReadAction","target":["https:\/\/www.naturparkmagazin.de\/stechlin\/wandern-mit-seeblick-12-tourenvorschlaege-fuer-familien\/"]}]},{"@type":"BreadcrumbList","@id":"https:\/\/www.naturparkmagazin.de\/stechlin\/wandern-mit-seeblick-12-tourenvorschlaege-fuer-familien\/#breadcrumb","itemListElement":[{"@type":"ListItem","position":1,"name":"Home","item":"https:\/\/www.naturparkmagazin.de\/stechlin\/"},{"@type":"ListItem","position":2,"name":"Wandern mit Seeblick: 12 Tourenvorschl\u00e4ge f\u00fcr Familien"}]},{"@type":"WebSite","@id":"https:\/\/www.naturparkmagazin.de\/stechlin\/#website","url":"https:\/\/www.naturparkmagazin.de\/stechlin\/","name":"Naturpark Stechlin-Ruppiner Land","description":"","potentialAction":[{"@type":"SearchAction","target":{"@type":"EntryPoint","urlTemplate":"https:\/\/www.naturparkmagazin.de\/stechlin\/?s={search_term_string}"},"query-input":"required name=search_term_string"}],"inLanguage":"de"},{"@type":"Person","@id":"https:\/\/www.naturparkmagazin.de\/stechlin\/#\/schema\/person\/3f0d93203df21c806dd63c76d9bb28bc","name":"marioschrumpf","url":"https:\/\/www.naturparkmagazin.de\/stechlin\/author\/marioschrumpf\/"}]}},"_links":{"self":[{"href":"https:\/\/www.naturparkmagazin.de\/stechlin\/wp-json\/wp\/v2\/posts\/12557"}],"collection":[{"href":"https:\/\/www.naturparkmagazin.de\/stechlin\/wp-json\/wp\/v2\/posts"}],"about":[{"href":"https:\/\/www.naturparkmagazin.de\/stechlin\/wp-json\/wp\/v2\/types\/post"}],"author":[{"embeddable":true,"href":"https:\/\/www.naturparkmagazin.de\/stechlin\/wp-json\/wp\/v2\/users\/39"}],"replies":[{"embeddable":true,"href":"https:\/\/www.naturparkmagazin.de\/stechlin\/wp-json\/wp\/v2\/comments?post=12557"}],"version-history":[{"count":8,"href":"https:\/\/www.naturparkmagazin.de\/stechlin\/wp-json\/wp\/v2\/posts\/12557\/revisions"}],"predecessor-version":[{"id":12665,"href":"https:\/\/www.naturparkmagazin.de\/stechlin\/wp-json\/wp\/v2\/posts\/12557\/revisions\/12665"}],"wp:featuredmedia":[{"embeddable":true,"href":"https:\/\/www.naturparkmagazin.de\/stechlin\/wp-json\/wp\/v2\/media\/12581"}],"wp:attachment":[{"href":"https:\/\/www.naturparkmagazin.de\/stechlin\/wp-json\/wp\/v2\/media?parent=12557"}],"wp:term":[{"taxonomy":"category","embeddable":true,"href":"https:\/\/www.naturparkmagazin.de\/stechlin\/wp-json\/wp\/v2\/categories?post=12557"},{"taxonomy":"post_tag","embeddable":true,"href":"https:\/\/www.naturparkmagazin.de\/stechlin\/wp-json\/wp\/v2\/tags?post=12557"}],"curies":[{"name":"wp","href":"https:\/\/api.w.org\/{rel}","templated":true}]}}