{"id":12559,"date":"2022-09-19T15:00:26","date_gmt":"2022-09-19T13:00:26","guid":{"rendered":"https:\/\/www.naturparkmagazin.de\/stechlin\/?p=12559"},"modified":"2022-09-30T08:10:23","modified_gmt":"2022-09-30T06:10:23","slug":"die-welt-raeumt-auf-wir-machen-mit-clean-up-gudelacksee","status":"publish","type":"post","link":"https:\/\/www.naturparkmagazin.de\/stechlin\/die-welt-raeumt-auf-wir-machen-mit-clean-up-gudelacksee\/","title":{"rendered":"Die Welt r\u00e4umt auf, wir machen mit \u2013 Clean up Gudelacksee!"},"content":{"rendered":"<p>Am 17. September 2022 veranstaltete ein B\u00fcndnis bestehend aus der Stadt Lindow\/Mark mit Unterst\u00fctzung des B\u00fcrgermeisters, der NABU \u2013 Ortsgruppe Rheinsberg-Lindow e.V., dem Tauchclub Nehmitzsee e.V., der Jugendfeuerwehr Lindow und der B\u00fcrgerinitiative Dampfm\u00fchle ein M\u00fcllsammelevent im Rahmen des World Clean up day.<\/p>\n<div id=\"attachment_12569\" style=\"width: 310px\" class=\"wp-caption aligncenter\"><a href=\"https:\/\/www.naturparkmagazin.de\/stechlin\/wp-content\/uploads\/sites\/38\/helferinnen.jpg\"><img aria-describedby=\"caption-attachment-12569\" decoding=\"async\" loading=\"lazy\" class=\"size-thumbnail wp-image-12569\" src=\"https:\/\/www.naturparkmagazin.de\/stechlin\/wp-content\/uploads\/sites\/38\/helferinnen-300x180.jpg\" alt=\"\u00a9 Annette Baumann\" width=\"300\" height=\"180\" srcset=\"https:\/\/www.naturparkmagazin.de\/stechlin\/wp-content\/uploads\/sites\/38\/helferinnen-300x180.jpg 300w, https:\/\/www.naturparkmagazin.de\/stechlin\/wp-content\/uploads\/sites\/38\/helferinnen.jpg 500w, https:\/\/www.naturparkmagazin.de\/stechlin\/wp-content\/uploads\/sites\/38\/helferinnen-200x120.jpg 200w\" sizes=\"(max-width: 300px) 100vw, 300px\" \/><\/a><p id=\"caption-attachment-12569\" class=\"wp-caption-text\">\u00a9 Leif Miller<\/p><\/div>\n<p>Schl\u00fcssel dieser Aktion war die Zusammenarbeit zwischen den Kindern der Kinder- und Jugendfeuerwehr Lindow, den Kindern der NABU Ortsgruppe Rheinsberg Lindow und den Tauchern. Dabei wurde auf einem Uferbereich von 150 m unter Wasser 2,4 Tonnen M\u00fcll gesammelt, an Land von den Kindern von Muscheln befreit, gewogen und entsorgt. Trotz schlechter Sicht unter Wasser wurden im Minutentakt volle M\u00fcllbeutel, Autoreifen, Metallteile oder Klappst\u00fchle an Land gebracht. Dadurch wurde der Verm\u00fcllungsgrad in den sonst nicht sichtbaren Unterwasserregionen extrem greifbar und nicht nur die Kinder waren merklich betroffen. Zus\u00e4tzlich lagen noch unz\u00e4hlige abgetriebene gro\u00dfe Gummimatten in einer Tiefe von 4-6 Meter im Wasser, die durch die Taucher an Seilen befestigt, dann per Boot an geeignete Stellen geschleppt wurden und dort mit vereinigten Kr\u00e4ften und schwerem Ger\u00e4t der Feuerwehr geborgen werden konnten. So wurden fast 2 Tonnen Gummi aus dem See entfernt. Au\u00dferdem wurde der Uferstreifen abgesucht und dort weitere 162 Kilogramm Unrat gesammelt. Der gesamte M\u00fcll wurde freundlicherweise im Auftrag der Abfallwirtschaft des Landkreises Ostprignitz-Ruppin durch die AWU entsorgt.<\/p>\n<div id=\"attachment_12572\" style=\"width: 310px\" class=\"wp-caption aligncenter\"><a href=\"https:\/\/www.naturparkmagazin.de\/stechlin\/wp-content\/uploads\/sites\/38\/m\u00fcll_b.jpg\"><img aria-describedby=\"caption-attachment-12572\" decoding=\"async\" loading=\"lazy\" class=\"size-thumbnail wp-image-12572\" src=\"https:\/\/www.naturparkmagazin.de\/stechlin\/wp-content\/uploads\/sites\/38\/m\u00fcll_b-300x180.jpg\" alt=\"\u00a9 Silke Oldorff\" width=\"300\" height=\"180\" srcset=\"https:\/\/www.naturparkmagazin.de\/stechlin\/wp-content\/uploads\/sites\/38\/m\u00fcll_b-300x180.jpg 300w, https:\/\/www.naturparkmagazin.de\/stechlin\/wp-content\/uploads\/sites\/38\/m\u00fcll_b.jpg 500w, https:\/\/www.naturparkmagazin.de\/stechlin\/wp-content\/uploads\/sites\/38\/m\u00fcll_b-200x120.jpg 200w\" sizes=\"(max-width: 300px) 100vw, 300px\" \/><\/a><p id=\"caption-attachment-12572\" class=\"wp-caption-text\">Allein 2 Tonnen Gummimatten wurden aus dem Gudelacksee geholt \u00a9 Silke Oldorff<\/p><\/div>\n<div id=\"attachment_12573\" style=\"width: 310px\" class=\"wp-caption aligncenter\"><a href=\"https:\/\/www.naturparkmagazin.de\/stechlin\/wp-content\/uploads\/sites\/38\/m\u00fcll_b2.jpg\"><img aria-describedby=\"caption-attachment-12573\" decoding=\"async\" loading=\"lazy\" class=\"size-thumbnail wp-image-12573\" src=\"https:\/\/www.naturparkmagazin.de\/stechlin\/wp-content\/uploads\/sites\/38\/m\u00fcll_b2-300x180.jpg\" alt=\"\u00a9 Silke Oldorff\" width=\"300\" height=\"180\" srcset=\"https:\/\/www.naturparkmagazin.de\/stechlin\/wp-content\/uploads\/sites\/38\/m\u00fcll_b2-300x180.jpg 300w, https:\/\/www.naturparkmagazin.de\/stechlin\/wp-content\/uploads\/sites\/38\/m\u00fcll_b2.jpg 500w, https:\/\/www.naturparkmagazin.de\/stechlin\/wp-content\/uploads\/sites\/38\/m\u00fcll_b2-200x120.jpg 200w\" sizes=\"(max-width: 300px) 100vw, 300px\" \/><\/a><p id=\"caption-attachment-12573\" class=\"wp-caption-text\">M\u00fcll und Schrot unterschiedlichster Art \u00a9 Silke Oldorff<\/p><\/div>\n<div id=\"attachment_12574\" style=\"width: 310px\" class=\"wp-caption aligncenter\"><a href=\"https:\/\/www.naturparkmagazin.de\/stechlin\/wp-content\/uploads\/sites\/38\/taucherinnnen.jpg\"><img aria-describedby=\"caption-attachment-12574\" decoding=\"async\" loading=\"lazy\" class=\"size-thumbnail wp-image-12574\" src=\"https:\/\/www.naturparkmagazin.de\/stechlin\/wp-content\/uploads\/sites\/38\/taucherinnnen-300x180.jpg\" alt=\"\u00a9 Annette Baumann\" width=\"300\" height=\"180\" srcset=\"https:\/\/www.naturparkmagazin.de\/stechlin\/wp-content\/uploads\/sites\/38\/taucherinnnen-300x180.jpg 300w, https:\/\/www.naturparkmagazin.de\/stechlin\/wp-content\/uploads\/sites\/38\/taucherinnnen.jpg 500w, https:\/\/www.naturparkmagazin.de\/stechlin\/wp-content\/uploads\/sites\/38\/taucherinnnen-200x120.jpg 200w\" sizes=\"(max-width: 300px) 100vw, 300px\" \/><\/a><p id=\"caption-attachment-12574\" class=\"wp-caption-text\">Amtsdirektor Danielo Lieske (li) dankte dem Taucherteam f\u00fcr die Hilfe \u00a9 Leif Miller<\/p><\/div>\n<p>Durch die Breite des Organisationsb\u00fcndnisses sowie die Unterst\u00fctzung durch den B\u00fcrgermeister und den Naturpark Stechlin-Ruppiner Land hatte die Aktion von vornherein gro\u00dfe mediale Aufmerksamkeit. Im Ergebnis wurden in zwei Regionalzeitungen lange und insgesamt sehr positive Berichte ver\u00f6ffentlicht, die hoffentlich eine nachhaltige Wirkung zeigen und dazu beitragen, dass in Zukunft weniger M\u00fcll in die Seen entsorgt wird.<\/p>\n<div id=\"attachment_12570\" style=\"width: 310px\" class=\"wp-caption aligncenter\"><a href=\"https:\/\/www.naturparkmagazin.de\/stechlin\/wp-content\/uploads\/sites\/38\/helferinnen2.jpg\"><img aria-describedby=\"caption-attachment-12570\" decoding=\"async\" loading=\"lazy\" class=\"size-thumbnail wp-image-12570\" src=\"https:\/\/www.naturparkmagazin.de\/stechlin\/wp-content\/uploads\/sites\/38\/helferinnen2-300x180.jpg\" alt=\"\u00a9 Annette Baumann\" width=\"300\" height=\"180\" srcset=\"https:\/\/www.naturparkmagazin.de\/stechlin\/wp-content\/uploads\/sites\/38\/helferinnen2-300x180.jpg 300w, https:\/\/www.naturparkmagazin.de\/stechlin\/wp-content\/uploads\/sites\/38\/helferinnen2.jpg 500w, https:\/\/www.naturparkmagazin.de\/stechlin\/wp-content\/uploads\/sites\/38\/helferinnen2-200x120.jpg 200w\" sizes=\"(max-width: 300px) 100vw, 300px\" \/><\/a><p id=\"caption-attachment-12570\" class=\"wp-caption-text\">Auch der Nachwuchs des NABU und der Feuerwehr packten mit an \u00a9 Leif Miller<\/p><\/div>\n<p>F\u00fcr alle Beteiligten konnten Getr\u00e4nke und Verpflegung bereitgestellt werden. Insgesamt ist dadurch ein erf\u00fcllender Aktionstag gelungen, der allen Beteiligten so viel Freude bereitet hat, dass f\u00fcr n\u00e4chstes Jahr bereits eine Wiederholung vorgesehen ist. Insbesondere durch die starke Einbindung der Kinder besteht die Hoffnung eine wirklich nachhaltige Ver\u00e4nderung in der Region zu bewirken<\/p>\n","protected":false},"excerpt":{"rendered":"<p>Insgesamt 2,4 Tonnen M\u00fcll wurden am 17. September 2022 bei einem M\u00fcllsammelevent im Rahmen des World Clean up day aus dem Gudelacksee geholt. <\/p>\n","protected":false},"author":39,"featured_media":12571,"comment_status":"open","ping_status":"open","sticky":false,"template":"","format":"standard","meta":[],"categories":[7],"tags":[],"yoast_head":"<!-- This site is optimized with the Yoast SEO plugin v19.10 - https:\/\/yoast.com\/wordpress\/plugins\/seo\/ -->\n<title>Die Welt r\u00e4umt auf, wir machen mit \u2013 Clean up Gudelacksee! - Naturpark Stechlin-Ruppiner Land<\/title>\n<meta name=\"robots\" content=\"index, follow, max-snippet:-1, max-image-preview:large, max-video-preview:-1\" \/>\n<link rel=\"canonical\" href=\"https:\/\/www.naturparkmagazin.de\/stechlin\/die-welt-raeumt-auf-wir-machen-mit-clean-up-gudelacksee\/\" \/>\n<meta property=\"og:locale\" content=\"de_DE\" \/>\n<meta property=\"og:type\" content=\"article\" \/>\n<meta property=\"og:title\" content=\"Die Welt r\u00e4umt auf, wir machen mit \u2013 Clean up Gudelacksee! - Naturpark Stechlin-Ruppiner Land\" \/>\n<meta property=\"og:description\" content=\"Insgesamt 2,4 Tonnen M\u00fcll wurden am 17. September 2022 bei einem M\u00fcllsammelevent im Rahmen des World Clean up day aus dem Gudelacksee geholt.\" \/>\n<meta property=\"og:url\" content=\"https:\/\/www.naturparkmagazin.de\/stechlin\/die-welt-raeumt-auf-wir-machen-mit-clean-up-gudelacksee\/\" \/>\n<meta property=\"og:site_name\" content=\"Naturpark Stechlin-Ruppiner Land\" \/>\n<meta property=\"article:published_time\" content=\"2022-09-19T13:00:26+00:00\" \/>\n<meta property=\"article:modified_time\" content=\"2022-09-30T06:10:23+00:00\" \/>\n<meta property=\"og:image\" content=\"https:\/\/www.naturparkmagazin.de\/stechlin\/wp-content\/uploads\/sites\/38\/m\u00fcll_a.jpg\" \/>\n\t<meta property=\"og:image:width\" content=\"200\" \/>\n\t<meta property=\"og:image:height\" content=\"200\" \/>\n\t<meta property=\"og:image:type\" content=\"image\/jpeg\" \/>\n<meta name=\"author\" content=\"marioschrumpf\" \/>\n<meta name=\"twitter:label1\" content=\"Verfasst von\" \/>\n\t<meta name=\"twitter:data1\" content=\"marioschrumpf\" \/>\n\t<meta name=\"twitter:label2\" content=\"Gesch\u00e4tzte Lesezeit\" \/>\n\t<meta name=\"twitter:data2\" content=\"2\u00a0Minuten\" \/>\n<script type=\"application\/ld+json\" class=\"yoast-schema-graph\">{\"@context\":\"https:\/\/schema.org\",\"@graph\":[{\"@type\":\"WebPage\",\"@id\":\"https:\/\/www.naturparkmagazin.de\/stechlin\/die-welt-raeumt-auf-wir-machen-mit-clean-up-gudelacksee\/\",\"url\":\"https:\/\/www.naturparkmagazin.de\/stechlin\/die-welt-raeumt-auf-wir-machen-mit-clean-up-gudelacksee\/\",\"name\":\"Die Welt r\u00e4umt auf, wir machen mit \u2013 Clean up Gudelacksee! - Naturpark Stechlin-Ruppiner Land\",\"isPartOf\":{\"@id\":\"https:\/\/www.naturparkmagazin.de\/stechlin\/#website\"},\"datePublished\":\"2022-09-19T13:00:26+00:00\",\"dateModified\":\"2022-09-30T06:10:23+00:00\",\"author\":{\"@id\":\"https:\/\/www.naturparkmagazin.de\/stechlin\/#\/schema\/person\/3f0d93203df21c806dd63c76d9bb28bc\"},\"breadcrumb\":{\"@id\":\"https:\/\/www.naturparkmagazin.de\/stechlin\/die-welt-raeumt-auf-wir-machen-mit-clean-up-gudelacksee\/#breadcrumb\"},\"inLanguage\":\"de\",\"potentialAction\":[{\"@type\":\"ReadAction\",\"target\":[\"https:\/\/www.naturparkmagazin.de\/stechlin\/die-welt-raeumt-auf-wir-machen-mit-clean-up-gudelacksee\/\"]}]},{\"@type\":\"BreadcrumbList\",\"@id\":\"https:\/\/www.naturparkmagazin.de\/stechlin\/die-welt-raeumt-auf-wir-machen-mit-clean-up-gudelacksee\/#breadcrumb\",\"itemListElement\":[{\"@type\":\"ListItem\",\"position\":1,\"name\":\"Home\",\"item\":\"https:\/\/www.naturparkmagazin.de\/stechlin\/\"},{\"@type\":\"ListItem\",\"position\":2,\"name\":\"Die Welt r\u00e4umt auf, wir machen mit \u2013 Clean up Gudelacksee!\"}]},{\"@type\":\"WebSite\",\"@id\":\"https:\/\/www.naturparkmagazin.de\/stechlin\/#website\",\"url\":\"https:\/\/www.naturparkmagazin.de\/stechlin\/\",\"name\":\"Naturpark Stechlin-Ruppiner Land\",\"description\":\"\",\"potentialAction\":[{\"@type\":\"SearchAction\",\"target\":{\"@type\":\"EntryPoint\",\"urlTemplate\":\"https:\/\/www.naturparkmagazin.de\/stechlin\/?s={search_term_string}\"},\"query-input\":\"required name=search_term_string\"}],\"inLanguage\":\"de\"},{\"@type\":\"Person\",\"@id\":\"https:\/\/www.naturparkmagazin.de\/stechlin\/#\/schema\/person\/3f0d93203df21c806dd63c76d9bb28bc\",\"name\":\"marioschrumpf\",\"url\":\"https:\/\/www.naturparkmagazin.de\/stechlin\/author\/marioschrumpf\/\"}]}<\/script>\n<!-- \/ Yoast SEO plugin. -->","yoast_head_json":{"title":"Die Welt r\u00e4umt auf, wir machen mit \u2013 Clean up Gudelacksee! - Naturpark Stechlin-Ruppiner Land","robots":{"index":"index","follow":"follow","max-snippet":"max-snippet:-1","max-image-preview":"max-image-preview:large","max-video-preview":"max-video-preview:-1"},"canonical":"https:\/\/www.naturparkmagazin.de\/stechlin\/die-welt-raeumt-auf-wir-machen-mit-clean-up-gudelacksee\/","og_locale":"de_DE","og_type":"article","og_title":"Die Welt r\u00e4umt auf, wir machen mit \u2013 Clean up Gudelacksee! - Naturpark Stechlin-Ruppiner Land","og_description":"Insgesamt 2,4 Tonnen M\u00fcll wurden am 17. September 2022 bei einem M\u00fcllsammelevent im Rahmen des World Clean up day aus dem Gudelacksee geholt.","og_url":"https:\/\/www.naturparkmagazin.de\/stechlin\/die-welt-raeumt-auf-wir-machen-mit-clean-up-gudelacksee\/","og_site_name":"Naturpark Stechlin-Ruppiner Land","article_published_time":"2022-09-19T13:00:26+00:00","article_modified_time":"2022-09-30T06:10:23+00:00","og_image":[{"width":200,"height":200,"url":"https:\/\/www.naturparkmagazin.de\/stechlin\/wp-content\/uploads\/sites\/38\/m\u00fcll_a.jpg","type":"image\/jpeg"}],"author":"marioschrumpf","twitter_misc":{"Verfasst von":"marioschrumpf","Gesch\u00e4tzte Lesezeit":"2\u00a0Minuten"},"schema":{"@context":"https:\/\/schema.org","@graph":[{"@type":"WebPage","@id":"https:\/\/www.naturparkmagazin.de\/stechlin\/die-welt-raeumt-auf-wir-machen-mit-clean-up-gudelacksee\/","url":"https:\/\/www.naturparkmagazin.de\/stechlin\/die-welt-raeumt-auf-wir-machen-mit-clean-up-gudelacksee\/","name":"Die Welt r\u00e4umt auf, wir machen mit \u2013 Clean up Gudelacksee! - Naturpark Stechlin-Ruppiner Land","isPartOf":{"@id":"https:\/\/www.naturparkmagazin.de\/stechlin\/#website"},"datePublished":"2022-09-19T13:00:26+00:00","dateModified":"2022-09-30T06:10:23+00:00","author":{"@id":"https:\/\/www.naturparkmagazin.de\/stechlin\/#\/schema\/person\/3f0d93203df21c806dd63c76d9bb28bc"},"breadcrumb":{"@id":"https:\/\/www.naturparkmagazin.de\/stechlin\/die-welt-raeumt-auf-wir-machen-mit-clean-up-gudelacksee\/#breadcrumb"},"inLanguage":"de","potentialAction":[{"@type":"ReadAction","target":["https:\/\/www.naturparkmagazin.de\/stechlin\/die-welt-raeumt-auf-wir-machen-mit-clean-up-gudelacksee\/"]}]},{"@type":"BreadcrumbList","@id":"https:\/\/www.naturparkmagazin.de\/stechlin\/die-welt-raeumt-auf-wir-machen-mit-clean-up-gudelacksee\/#breadcrumb","itemListElement":[{"@type":"ListItem","position":1,"name":"Home","item":"https:\/\/www.naturparkmagazin.de\/stechlin\/"},{"@type":"ListItem","position":2,"name":"Die Welt r\u00e4umt auf, wir machen mit \u2013 Clean up Gudelacksee!"}]},{"@type":"WebSite","@id":"https:\/\/www.naturparkmagazin.de\/stechlin\/#website","url":"https:\/\/www.naturparkmagazin.de\/stechlin\/","name":"Naturpark Stechlin-Ruppiner Land","description":"","potentialAction":[{"@type":"SearchAction","target":{"@type":"EntryPoint","urlTemplate":"https:\/\/www.naturparkmagazin.de\/stechlin\/?s={search_term_string}"},"query-input":"required name=search_term_string"}],"inLanguage":"de"},{"@type":"Person","@id":"https:\/\/www.naturparkmagazin.de\/stechlin\/#\/schema\/person\/3f0d93203df21c806dd63c76d9bb28bc","name":"marioschrumpf","url":"https:\/\/www.naturparkmagazin.de\/stechlin\/author\/marioschrumpf\/"}]}},"_links":{"self":[{"href":"https:\/\/www.naturparkmagazin.de\/stechlin\/wp-json\/wp\/v2\/posts\/12559"}],"collection":[{"href":"https:\/\/www.naturparkmagazin.de\/stechlin\/wp-json\/wp\/v2\/posts"}],"about":[{"href":"https:\/\/www.naturparkmagazin.de\/stechlin\/wp-json\/wp\/v2\/types\/post"}],"author":[{"embeddable":true,"href":"https:\/\/www.naturparkmagazin.de\/stechlin\/wp-json\/wp\/v2\/users\/39"}],"replies":[{"embeddable":true,"href":"https:\/\/www.naturparkmagazin.de\/stechlin\/wp-json\/wp\/v2\/comments?post=12559"}],"version-history":[{"count":8,"href":"https:\/\/www.naturparkmagazin.de\/stechlin\/wp-json\/wp\/v2\/posts\/12559\/revisions"}],"predecessor-version":[{"id":12672,"href":"https:\/\/www.naturparkmagazin.de\/stechlin\/wp-json\/wp\/v2\/posts\/12559\/revisions\/12672"}],"wp:featuredmedia":[{"embeddable":true,"href":"https:\/\/www.naturparkmagazin.de\/stechlin\/wp-json\/wp\/v2\/media\/12571"}],"wp:attachment":[{"href":"https:\/\/www.naturparkmagazin.de\/stechlin\/wp-json\/wp\/v2\/media?parent=12559"}],"wp:term":[{"taxonomy":"category","embeddable":true,"href":"https:\/\/www.naturparkmagazin.de\/stechlin\/wp-json\/wp\/v2\/categories?post=12559"},{"taxonomy":"post_tag","embeddable":true,"href":"https:\/\/www.naturparkmagazin.de\/stechlin\/wp-json\/wp\/v2\/tags?post=12559"}],"curies":[{"name":"wp","href":"https:\/\/api.w.org\/{rel}","templated":true}]}}