{"id":1262,"date":"2014-08-20T18:07:26","date_gmt":"2014-08-20T16:07:26","guid":{"rendered":"http:\/\/www.naturparkmagazin.de\/stechlin\/?p=1262"},"modified":"2014-08-27T16:19:50","modified_gmt":"2014-08-27T14:19:50","slug":"ausstellungseroeffnung-1955-rheinsberg-zwischen-blockwarte-und-kulturhaus-das-kernkraftwerk-der-ddr","status":"publish","type":"post","link":"https:\/\/www.naturparkmagazin.de\/stechlin\/ausstellungseroeffnung-1955-rheinsberg-zwischen-blockwarte-und-kulturhaus-das-kernkraftwerk-der-ddr\/","title":{"rendered":"Ausstellungser\u00f6ffnung &#8222;1955 Rheinsberg zwischen Blockwarte und Kulturhaus &#8211; Das Kernkraftwerk der DDR&#8220;"},"content":{"rendered":"<p><a href=\"https:\/\/www.naturparkmagazin.de\/stechlin\/wp-content\/uploads\/sites\/38\/KKW-Rheinsberg.jpg\"><img decoding=\"async\" loading=\"lazy\" class=\"alignnone size-full wp-image-1289\" alt=\"KKW Rheinsberg\" src=\"https:\/\/www.naturparkmagazin.de\/stechlin\/wp-content\/uploads\/sites\/38\/KKW-Rheinsberg.jpg\" width=\"553\" height=\"467\" srcset=\"https:\/\/www.naturparkmagazin.de\/stechlin\/wp-content\/uploads\/sites\/38\/KKW-Rheinsberg.jpg 553w, https:\/\/www.naturparkmagazin.de\/stechlin\/wp-content\/uploads\/sites\/38\/KKW-Rheinsberg-300x253.jpg 300w, https:\/\/www.naturparkmagazin.de\/stechlin\/wp-content\/uploads\/sites\/38\/KKW-Rheinsberg-200x169.jpg 200w\" sizes=\"(max-width: 553px) 100vw, 553px\" \/><\/a><\/p>\n<p>Der Verein Stadtgeschichte Rheinsberg e. V. l\u00e4dt am <strong>5.September, 18 Uhr<\/strong> in die Regionalwerkstatt Stechlin zur Er\u00f6ffnung einer Ausstellung \u00fcber die Geschichte des Kernkraftwerkes Rheinsberg ein. Wenn ich am Aussichtspunkt Fenchelberg auf dem Stechlinsee-Rundwanderweg mit G\u00e4sten des Naturparks ins Gespr\u00e4ch komme, h\u00f6re ich oft die Frage nach dem gro\u00dfen Schornstein der unvermittelt aus dem Wald am Stechlinsee herausragt. Die begeisterten Erz\u00e4hlungen \u00fcber Sch\u00f6nheit von Natur und Landschaft brechen abrupt ab. Das Wort Kernkraftwerk schockiert die Nichteinheimischen. Dabei ist der Aufbau, Betrieb und R\u00fcckbau des Kernkraftwerkes Rheinsberg ein St\u00fcck Geschichte unseres Naturparks. Ich bin dankbar, dass der Verein Stadtgeschichte Rheinsberg e. V. diese Geschichte in einer Ausstellung aufgearbeitet hat. Ich lade Sie ein, sich w\u00e4hrend der Ausstellung vom 5.9.-31.10. umfassend zu informieren. In der Verordnung \u00fcber das Naturschutzgebiet Stechlin ist klar formuliert, dass die Fl\u00e4che des KKW nach dem R\u00fcckbau in das Naturschutzgebiet einzubeziehen ist. Die Naturparkverwaltung tritt daher konsequent f\u00fcr den R\u00fcckbau bis zur &#8222;gr\u00fcnen Wiese&#8220; ein.<\/p>\n<p>Dr. Mario Schrumpf<\/p>\n<p>Teamleiter<\/p>\n","protected":false},"excerpt":{"rendered":"<p>Der Verein Stadtgeschichte Rheinsberg e. V. l\u00e4dt am 5.September, 18 Uhr in die Regionalwerkstatt Stechlin in Menz zur Er\u00f6ffnung einer Ausstellung \u00fcber die Geschichte des Kernkraftwerkes Rheinsberg ein. <\/p>\n","protected":false},"author":39,"featured_media":1289,"comment_status":"open","ping_status":"open","sticky":false,"template":"","format":"standard","meta":[],"categories":[11],"tags":[],"yoast_head":"<!-- This site is optimized with the Yoast SEO plugin v19.10 - https:\/\/yoast.com\/wordpress\/plugins\/seo\/ -->\n<title>Ausstellungser\u00f6ffnung &quot;1955 Rheinsberg zwischen Blockwarte und Kulturhaus - Das Kernkraftwerk der DDR&quot; - Naturpark Stechlin-Ruppiner Land<\/title>\n<meta name=\"robots\" content=\"index, follow, max-snippet:-1, max-image-preview:large, max-video-preview:-1\" \/>\n<link rel=\"canonical\" href=\"https:\/\/www.naturparkmagazin.de\/stechlin\/ausstellungseroeffnung-1955-rheinsberg-zwischen-blockwarte-und-kulturhaus-das-kernkraftwerk-der-ddr\/\" \/>\n<meta property=\"og:locale\" content=\"de_DE\" \/>\n<meta property=\"og:type\" content=\"article\" \/>\n<meta property=\"og:title\" content=\"Ausstellungser\u00f6ffnung &quot;1955 Rheinsberg zwischen Blockwarte und Kulturhaus - Das Kernkraftwerk der DDR&quot; - Naturpark Stechlin-Ruppiner Land\" \/>\n<meta property=\"og:description\" content=\"Der Verein Stadtgeschichte Rheinsberg e. V. l\u00e4dt am 5.September, 18 Uhr in die Regionalwerkstatt Stechlin in Menz zur Er\u00f6ffnung einer Ausstellung \u00fcber die Geschichte des Kernkraftwerkes Rheinsberg ein.\" \/>\n<meta property=\"og:url\" content=\"https:\/\/www.naturparkmagazin.de\/stechlin\/ausstellungseroeffnung-1955-rheinsberg-zwischen-blockwarte-und-kulturhaus-das-kernkraftwerk-der-ddr\/\" \/>\n<meta property=\"og:site_name\" content=\"Naturpark Stechlin-Ruppiner Land\" \/>\n<meta property=\"article:published_time\" content=\"2014-08-20T16:07:26+00:00\" \/>\n<meta property=\"article:modified_time\" content=\"2014-08-27T14:19:50+00:00\" \/>\n<meta property=\"og:image\" content=\"https:\/\/www.naturparkmagazin.de\/stechlin\/wp-content\/uploads\/sites\/38\/KKW-Rheinsberg.jpg\" \/>\n\t<meta property=\"og:image:width\" content=\"553\" \/>\n\t<meta property=\"og:image:height\" content=\"467\" \/>\n\t<meta property=\"og:image:type\" content=\"image\/jpeg\" \/>\n<meta name=\"author\" content=\"marioschrumpf\" \/>\n<meta name=\"twitter:label1\" content=\"Verfasst von\" \/>\n\t<meta name=\"twitter:data1\" content=\"marioschrumpf\" \/>\n\t<meta name=\"twitter:label2\" content=\"Gesch\u00e4tzte Lesezeit\" \/>\n\t<meta name=\"twitter:data2\" content=\"1\u00a0Minute\" \/>\n<script type=\"application\/ld+json\" class=\"yoast-schema-graph\">{\"@context\":\"https:\/\/schema.org\",\"@graph\":[{\"@type\":\"WebPage\",\"@id\":\"https:\/\/www.naturparkmagazin.de\/stechlin\/ausstellungseroeffnung-1955-rheinsberg-zwischen-blockwarte-und-kulturhaus-das-kernkraftwerk-der-ddr\/\",\"url\":\"https:\/\/www.naturparkmagazin.de\/stechlin\/ausstellungseroeffnung-1955-rheinsberg-zwischen-blockwarte-und-kulturhaus-das-kernkraftwerk-der-ddr\/\",\"name\":\"Ausstellungser\u00f6ffnung \\\"1955 Rheinsberg zwischen Blockwarte und Kulturhaus - Das Kernkraftwerk der DDR\\\" - Naturpark Stechlin-Ruppiner Land\",\"isPartOf\":{\"@id\":\"https:\/\/www.naturparkmagazin.de\/stechlin\/#website\"},\"datePublished\":\"2014-08-20T16:07:26+00:00\",\"dateModified\":\"2014-08-27T14:19:50+00:00\",\"author\":{\"@id\":\"https:\/\/www.naturparkmagazin.de\/stechlin\/#\/schema\/person\/3f0d93203df21c806dd63c76d9bb28bc\"},\"breadcrumb\":{\"@id\":\"https:\/\/www.naturparkmagazin.de\/stechlin\/ausstellungseroeffnung-1955-rheinsberg-zwischen-blockwarte-und-kulturhaus-das-kernkraftwerk-der-ddr\/#breadcrumb\"},\"inLanguage\":\"de\",\"potentialAction\":[{\"@type\":\"ReadAction\",\"target\":[\"https:\/\/www.naturparkmagazin.de\/stechlin\/ausstellungseroeffnung-1955-rheinsberg-zwischen-blockwarte-und-kulturhaus-das-kernkraftwerk-der-ddr\/\"]}]},{\"@type\":\"BreadcrumbList\",\"@id\":\"https:\/\/www.naturparkmagazin.de\/stechlin\/ausstellungseroeffnung-1955-rheinsberg-zwischen-blockwarte-und-kulturhaus-das-kernkraftwerk-der-ddr\/#breadcrumb\",\"itemListElement\":[{\"@type\":\"ListItem\",\"position\":1,\"name\":\"Home\",\"item\":\"https:\/\/www.naturparkmagazin.de\/stechlin\/\"},{\"@type\":\"ListItem\",\"position\":2,\"name\":\"Ausstellungser\u00f6ffnung &#8222;1955 Rheinsberg zwischen Blockwarte und Kulturhaus &#8211; Das Kernkraftwerk der DDR&#8220;\"}]},{\"@type\":\"WebSite\",\"@id\":\"https:\/\/www.naturparkmagazin.de\/stechlin\/#website\",\"url\":\"https:\/\/www.naturparkmagazin.de\/stechlin\/\",\"name\":\"Naturpark Stechlin-Ruppiner Land\",\"description\":\"\",\"potentialAction\":[{\"@type\":\"SearchAction\",\"target\":{\"@type\":\"EntryPoint\",\"urlTemplate\":\"https:\/\/www.naturparkmagazin.de\/stechlin\/?s={search_term_string}\"},\"query-input\":\"required name=search_term_string\"}],\"inLanguage\":\"de\"},{\"@type\":\"Person\",\"@id\":\"https:\/\/www.naturparkmagazin.de\/stechlin\/#\/schema\/person\/3f0d93203df21c806dd63c76d9bb28bc\",\"name\":\"marioschrumpf\",\"url\":\"https:\/\/www.naturparkmagazin.de\/stechlin\/author\/marioschrumpf\/\"}]}<\/script>\n<!-- \/ Yoast SEO plugin. -->","yoast_head_json":{"title":"Ausstellungser\u00f6ffnung \"1955 Rheinsberg zwischen Blockwarte und Kulturhaus - Das Kernkraftwerk der DDR\" - Naturpark Stechlin-Ruppiner Land","robots":{"index":"index","follow":"follow","max-snippet":"max-snippet:-1","max-image-preview":"max-image-preview:large","max-video-preview":"max-video-preview:-1"},"canonical":"https:\/\/www.naturparkmagazin.de\/stechlin\/ausstellungseroeffnung-1955-rheinsberg-zwischen-blockwarte-und-kulturhaus-das-kernkraftwerk-der-ddr\/","og_locale":"de_DE","og_type":"article","og_title":"Ausstellungser\u00f6ffnung \"1955 Rheinsberg zwischen Blockwarte und Kulturhaus - Das Kernkraftwerk der DDR\" - Naturpark Stechlin-Ruppiner Land","og_description":"Der Verein Stadtgeschichte Rheinsberg e. V. l\u00e4dt am 5.September, 18 Uhr in die Regionalwerkstatt Stechlin in Menz zur Er\u00f6ffnung einer Ausstellung \u00fcber die Geschichte des Kernkraftwerkes Rheinsberg ein.","og_url":"https:\/\/www.naturparkmagazin.de\/stechlin\/ausstellungseroeffnung-1955-rheinsberg-zwischen-blockwarte-und-kulturhaus-das-kernkraftwerk-der-ddr\/","og_site_name":"Naturpark Stechlin-Ruppiner Land","article_published_time":"2014-08-20T16:07:26+00:00","article_modified_time":"2014-08-27T14:19:50+00:00","og_image":[{"width":553,"height":467,"url":"https:\/\/www.naturparkmagazin.de\/stechlin\/wp-content\/uploads\/sites\/38\/KKW-Rheinsberg.jpg","type":"image\/jpeg"}],"author":"marioschrumpf","twitter_misc":{"Verfasst von":"marioschrumpf","Gesch\u00e4tzte Lesezeit":"1\u00a0Minute"},"schema":{"@context":"https:\/\/schema.org","@graph":[{"@type":"WebPage","@id":"https:\/\/www.naturparkmagazin.de\/stechlin\/ausstellungseroeffnung-1955-rheinsberg-zwischen-blockwarte-und-kulturhaus-das-kernkraftwerk-der-ddr\/","url":"https:\/\/www.naturparkmagazin.de\/stechlin\/ausstellungseroeffnung-1955-rheinsberg-zwischen-blockwarte-und-kulturhaus-das-kernkraftwerk-der-ddr\/","name":"Ausstellungser\u00f6ffnung \"1955 Rheinsberg zwischen Blockwarte und Kulturhaus - Das Kernkraftwerk der DDR\" - Naturpark Stechlin-Ruppiner Land","isPartOf":{"@id":"https:\/\/www.naturparkmagazin.de\/stechlin\/#website"},"datePublished":"2014-08-20T16:07:26+00:00","dateModified":"2014-08-27T14:19:50+00:00","author":{"@id":"https:\/\/www.naturparkmagazin.de\/stechlin\/#\/schema\/person\/3f0d93203df21c806dd63c76d9bb28bc"},"breadcrumb":{"@id":"https:\/\/www.naturparkmagazin.de\/stechlin\/ausstellungseroeffnung-1955-rheinsberg-zwischen-blockwarte-und-kulturhaus-das-kernkraftwerk-der-ddr\/#breadcrumb"},"inLanguage":"de","potentialAction":[{"@type":"ReadAction","target":["https:\/\/www.naturparkmagazin.de\/stechlin\/ausstellungseroeffnung-1955-rheinsberg-zwischen-blockwarte-und-kulturhaus-das-kernkraftwerk-der-ddr\/"]}]},{"@type":"BreadcrumbList","@id":"https:\/\/www.naturparkmagazin.de\/stechlin\/ausstellungseroeffnung-1955-rheinsberg-zwischen-blockwarte-und-kulturhaus-das-kernkraftwerk-der-ddr\/#breadcrumb","itemListElement":[{"@type":"ListItem","position":1,"name":"Home","item":"https:\/\/www.naturparkmagazin.de\/stechlin\/"},{"@type":"ListItem","position":2,"name":"Ausstellungser\u00f6ffnung &#8222;1955 Rheinsberg zwischen Blockwarte und Kulturhaus &#8211; Das Kernkraftwerk der DDR&#8220;"}]},{"@type":"WebSite","@id":"https:\/\/www.naturparkmagazin.de\/stechlin\/#website","url":"https:\/\/www.naturparkmagazin.de\/stechlin\/","name":"Naturpark Stechlin-Ruppiner Land","description":"","potentialAction":[{"@type":"SearchAction","target":{"@type":"EntryPoint","urlTemplate":"https:\/\/www.naturparkmagazin.de\/stechlin\/?s={search_term_string}"},"query-input":"required name=search_term_string"}],"inLanguage":"de"},{"@type":"Person","@id":"https:\/\/www.naturparkmagazin.de\/stechlin\/#\/schema\/person\/3f0d93203df21c806dd63c76d9bb28bc","name":"marioschrumpf","url":"https:\/\/www.naturparkmagazin.de\/stechlin\/author\/marioschrumpf\/"}]}},"_links":{"self":[{"href":"https:\/\/www.naturparkmagazin.de\/stechlin\/wp-json\/wp\/v2\/posts\/1262"}],"collection":[{"href":"https:\/\/www.naturparkmagazin.de\/stechlin\/wp-json\/wp\/v2\/posts"}],"about":[{"href":"https:\/\/www.naturparkmagazin.de\/stechlin\/wp-json\/wp\/v2\/types\/post"}],"author":[{"embeddable":true,"href":"https:\/\/www.naturparkmagazin.de\/stechlin\/wp-json\/wp\/v2\/users\/39"}],"replies":[{"embeddable":true,"href":"https:\/\/www.naturparkmagazin.de\/stechlin\/wp-json\/wp\/v2\/comments?post=1262"}],"version-history":[{"count":4,"href":"https:\/\/www.naturparkmagazin.de\/stechlin\/wp-json\/wp\/v2\/posts\/1262\/revisions"}],"predecessor-version":[{"id":1311,"href":"https:\/\/www.naturparkmagazin.de\/stechlin\/wp-json\/wp\/v2\/posts\/1262\/revisions\/1311"}],"wp:featuredmedia":[{"embeddable":true,"href":"https:\/\/www.naturparkmagazin.de\/stechlin\/wp-json\/wp\/v2\/media\/1289"}],"wp:attachment":[{"href":"https:\/\/www.naturparkmagazin.de\/stechlin\/wp-json\/wp\/v2\/media?parent=1262"}],"wp:term":[{"taxonomy":"category","embeddable":true,"href":"https:\/\/www.naturparkmagazin.de\/stechlin\/wp-json\/wp\/v2\/categories?post=1262"},{"taxonomy":"post_tag","embeddable":true,"href":"https:\/\/www.naturparkmagazin.de\/stechlin\/wp-json\/wp\/v2\/tags?post=1262"}],"curies":[{"name":"wp","href":"https:\/\/api.w.org\/{rel}","templated":true}]}}