{"id":12635,"date":"2022-09-19T15:00:18","date_gmt":"2022-09-19T13:00:18","guid":{"rendered":"https:\/\/www.naturparkmagazin.de\/stechlin\/?p=12635"},"modified":"2022-09-20T15:05:43","modified_gmt":"2022-09-20T13:05:43","slug":"aktionstag-zum-thema-moblitaet-in-wusterhausen","status":"publish","type":"post","link":"https:\/\/www.naturparkmagazin.de\/stechlin\/aktionstag-zum-thema-moblitaet-in-wusterhausen\/","title":{"rendered":"Aktionstag zum Thema Moblit\u00e4t in Wusterhausen"},"content":{"rendered":"<p>Am 16. September drehte sich in Wusterhausen alles um das Thema Mobilit\u00e4t. Der Landkreis Ostprignitz-Ruppin und die Gemeinde Wusterhausen organisierten zusammen im Rahmen der <strong>Europ\u00e4ischen Mobilit\u00e4tswoche<\/strong> einen ganzt\u00e4gigen Aktionstag auf dem Marktplatz in Wusterhausen, bei dem verschiedenste Mobilit\u00e4tsformen ausprobiert werden k\u00f6nnen.<\/p>\n<p>Partner und Anbieter aus der Region stellten ab 9.00 Uhr vor wie wir im Landkreis unsere Alltagswege bestm\u00f6glich meistern k\u00f6nnen und man auch in der Freizeit nachhaltig mobil sein kann. Es gab die M\u00f6glichkeit unter anderem verschiedenste E-Bikes und Lastenr\u00e4der auszuprobieren. Die Polizei bot eine Fahrradcodierung an. Au\u00dferdem gab es die M\u00f6glichkeit f\u00fcr Testfahrten mit einem E-Fahrzeug. Die Stadtwerke Neuruppin berateten erg\u00e4nzend zum Thema Ladestationen\/Wallboxen.<\/p>\n<p>Von 14.00 bis 18.00 Uhr wurden Kremserfahrten angeboten. Mitmachangebote f\u00fcr Kinder und Jugendliche erg\u00e4nzten das Markttreiben. Am Aktionstag \u00f6ffnete das Wegemuseum direkt am Markt ab 9.00 Uhr kostenlos seine T\u00fcren und er\u00f6ffnet die Ausstellung zum autonomen Bus \u201eRobi\u201c.<\/p>\n<p>Beim Mobilit\u00e4tstag waren das Wegemuseum Wusterhausen, die Ostprignitz-Ruppiner Personennahverkehrsgesellschaft, der Verkehrsverbund Berlin-Brandenburg, die Hanseatische Eisenbahn, die REG Nordwestbrandenburg, der Dorfverein Barsikow, der Tourismusverband Prignitz, der auftragsrad store, die Stadtwerke Neuruppin, die ADFC Regionalgruppe OPR, das Autohaus F\u00fcllgraf, \u201eMa Kieken\u201c, das DDR-Zweiradmuseum, Schr\u00f6der-Reisen sowie die Polizei als Partner dabei.<\/p>\n<div id=\"attachment_12637\" style=\"width: 310px\" class=\"wp-caption aligncenter\"><a href=\"https:\/\/www.naturparkmagazin.de\/stechlin\/wp-content\/uploads\/sites\/38\/Wusterhausen_Mobilita\u2560\u00eat_Flyer_mailing_2.jpg\"><img aria-describedby=\"caption-attachment-12637\" decoding=\"async\" loading=\"lazy\" class=\"size-thumbnail wp-image-12637\" src=\"https:\/\/www.naturparkmagazin.de\/stechlin\/wp-content\/uploads\/sites\/38\/Wusterhausen_Mobilita\u2560\u00eat_Flyer_mailing_2-300x452.jpg\" alt=\"Ablaufplan \u00a9 Landkreis OPR\" width=\"300\" height=\"452\" srcset=\"https:\/\/www.naturparkmagazin.de\/stechlin\/wp-content\/uploads\/sites\/38\/Wusterhausen_Mobilita\u2560\u00eat_Flyer_mailing_2.jpg 300w, https:\/\/www.naturparkmagazin.de\/stechlin\/wp-content\/uploads\/sites\/38\/Wusterhausen_Mobilita\u2560\u00eat_Flyer_mailing_2-200x301.jpg 200w\" sizes=\"(max-width: 300px) 100vw, 300px\" \/><\/a><p id=\"caption-attachment-12637\" class=\"wp-caption-text\">Ablaufplan\u00a9 Landkreis OPR<\/p><\/div>\n<p>Das vollst\u00e4ndige Programm finden Sie auf der Seite <a href=\"https:\/\/www.ostprignitz-ruppin.de\/Landkreis\/Mobilit\u00e4t\" target=\"_blank\">Mobilit\u00e4t<\/a>.<\/p>\n","protected":false},"excerpt":{"rendered":"<p>Am 16. September drehte sich in Wusterhausen alles um das Thema Mobilit\u00e4t. Der Landkreis Ostprignitz-Ruppin und die Gemeinde Wusterhausen organisierten zusammen im Rahmen der Europ\u00e4ischen Mobilit\u00e4tswoche einen ganzt\u00e4gigen Aktionstag. <\/p>\n","protected":false},"author":39,"featured_media":12638,"comment_status":"open","ping_status":"open","sticky":false,"template":"","format":"standard","meta":[],"categories":[11],"tags":[],"yoast_head":"<!-- This site is optimized with the Yoast SEO plugin v19.10 - https:\/\/yoast.com\/wordpress\/plugins\/seo\/ -->\n<title>Aktionstag zum Thema Moblit\u00e4t in Wusterhausen - Naturpark Stechlin-Ruppiner Land<\/title>\n<meta name=\"robots\" content=\"index, follow, max-snippet:-1, max-image-preview:large, max-video-preview:-1\" \/>\n<link rel=\"canonical\" href=\"https:\/\/www.naturparkmagazin.de\/stechlin\/aktionstag-zum-thema-moblitaet-in-wusterhausen\/\" \/>\n<meta property=\"og:locale\" content=\"de_DE\" \/>\n<meta property=\"og:type\" content=\"article\" \/>\n<meta property=\"og:title\" content=\"Aktionstag zum Thema Moblit\u00e4t in Wusterhausen - Naturpark Stechlin-Ruppiner Land\" \/>\n<meta property=\"og:description\" content=\"Am 16. September drehte sich in Wusterhausen alles um das Thema Mobilit\u00e4t. Der Landkreis Ostprignitz-Ruppin und die Gemeinde Wusterhausen organisierten zusammen im Rahmen der Europ\u00e4ischen Mobilit\u00e4tswoche einen ganzt\u00e4gigen Aktionstag.\" \/>\n<meta property=\"og:url\" content=\"https:\/\/www.naturparkmagazin.de\/stechlin\/aktionstag-zum-thema-moblitaet-in-wusterhausen\/\" \/>\n<meta property=\"og:site_name\" content=\"Naturpark Stechlin-Ruppiner Land\" \/>\n<meta property=\"article:published_time\" content=\"2022-09-19T13:00:18+00:00\" \/>\n<meta property=\"article:modified_time\" content=\"2022-09-20T13:05:43+00:00\" \/>\n<meta property=\"og:image\" content=\"https:\/\/www.naturparkmagazin.de\/stechlin\/wp-content\/uploads\/sites\/38\/Wusterhausen_Mobilita\u2560\u00eat_web_1_a.jpg\" \/>\n\t<meta property=\"og:image:width\" content=\"200\" \/>\n\t<meta property=\"og:image:height\" content=\"200\" \/>\n\t<meta property=\"og:image:type\" content=\"image\/jpeg\" \/>\n<meta name=\"author\" content=\"marioschrumpf\" \/>\n<meta name=\"twitter:label1\" content=\"Verfasst von\" \/>\n\t<meta name=\"twitter:data1\" content=\"marioschrumpf\" \/>\n\t<meta name=\"twitter:label2\" content=\"Gesch\u00e4tzte Lesezeit\" \/>\n\t<meta name=\"twitter:data2\" content=\"1\u00a0Minute\" \/>\n<script type=\"application\/ld+json\" class=\"yoast-schema-graph\">{\"@context\":\"https:\/\/schema.org\",\"@graph\":[{\"@type\":\"WebPage\",\"@id\":\"https:\/\/www.naturparkmagazin.de\/stechlin\/aktionstag-zum-thema-moblitaet-in-wusterhausen\/\",\"url\":\"https:\/\/www.naturparkmagazin.de\/stechlin\/aktionstag-zum-thema-moblitaet-in-wusterhausen\/\",\"name\":\"Aktionstag zum Thema Moblit\u00e4t in Wusterhausen - Naturpark Stechlin-Ruppiner Land\",\"isPartOf\":{\"@id\":\"https:\/\/www.naturparkmagazin.de\/stechlin\/#website\"},\"datePublished\":\"2022-09-19T13:00:18+00:00\",\"dateModified\":\"2022-09-20T13:05:43+00:00\",\"author\":{\"@id\":\"https:\/\/www.naturparkmagazin.de\/stechlin\/#\/schema\/person\/3f0d93203df21c806dd63c76d9bb28bc\"},\"breadcrumb\":{\"@id\":\"https:\/\/www.naturparkmagazin.de\/stechlin\/aktionstag-zum-thema-moblitaet-in-wusterhausen\/#breadcrumb\"},\"inLanguage\":\"de\",\"potentialAction\":[{\"@type\":\"ReadAction\",\"target\":[\"https:\/\/www.naturparkmagazin.de\/stechlin\/aktionstag-zum-thema-moblitaet-in-wusterhausen\/\"]}]},{\"@type\":\"BreadcrumbList\",\"@id\":\"https:\/\/www.naturparkmagazin.de\/stechlin\/aktionstag-zum-thema-moblitaet-in-wusterhausen\/#breadcrumb\",\"itemListElement\":[{\"@type\":\"ListItem\",\"position\":1,\"name\":\"Home\",\"item\":\"https:\/\/www.naturparkmagazin.de\/stechlin\/\"},{\"@type\":\"ListItem\",\"position\":2,\"name\":\"Aktionstag zum Thema Moblit\u00e4t in Wusterhausen\"}]},{\"@type\":\"WebSite\",\"@id\":\"https:\/\/www.naturparkmagazin.de\/stechlin\/#website\",\"url\":\"https:\/\/www.naturparkmagazin.de\/stechlin\/\",\"name\":\"Naturpark Stechlin-Ruppiner Land\",\"description\":\"\",\"potentialAction\":[{\"@type\":\"SearchAction\",\"target\":{\"@type\":\"EntryPoint\",\"urlTemplate\":\"https:\/\/www.naturparkmagazin.de\/stechlin\/?s={search_term_string}\"},\"query-input\":\"required name=search_term_string\"}],\"inLanguage\":\"de\"},{\"@type\":\"Person\",\"@id\":\"https:\/\/www.naturparkmagazin.de\/stechlin\/#\/schema\/person\/3f0d93203df21c806dd63c76d9bb28bc\",\"name\":\"marioschrumpf\",\"url\":\"https:\/\/www.naturparkmagazin.de\/stechlin\/author\/marioschrumpf\/\"}]}<\/script>\n<!-- \/ Yoast SEO plugin. -->","yoast_head_json":{"title":"Aktionstag zum Thema Moblit\u00e4t in Wusterhausen - Naturpark Stechlin-Ruppiner Land","robots":{"index":"index","follow":"follow","max-snippet":"max-snippet:-1","max-image-preview":"max-image-preview:large","max-video-preview":"max-video-preview:-1"},"canonical":"https:\/\/www.naturparkmagazin.de\/stechlin\/aktionstag-zum-thema-moblitaet-in-wusterhausen\/","og_locale":"de_DE","og_type":"article","og_title":"Aktionstag zum Thema Moblit\u00e4t in Wusterhausen - Naturpark Stechlin-Ruppiner Land","og_description":"Am 16. September drehte sich in Wusterhausen alles um das Thema Mobilit\u00e4t. Der Landkreis Ostprignitz-Ruppin und die Gemeinde Wusterhausen organisierten zusammen im Rahmen der Europ\u00e4ischen Mobilit\u00e4tswoche einen ganzt\u00e4gigen Aktionstag.","og_url":"https:\/\/www.naturparkmagazin.de\/stechlin\/aktionstag-zum-thema-moblitaet-in-wusterhausen\/","og_site_name":"Naturpark Stechlin-Ruppiner Land","article_published_time":"2022-09-19T13:00:18+00:00","article_modified_time":"2022-09-20T13:05:43+00:00","og_image":[{"width":200,"height":200,"url":"https:\/\/www.naturparkmagazin.de\/stechlin\/wp-content\/uploads\/sites\/38\/Wusterhausen_Mobilita\u2560\u00eat_web_1_a.jpg","type":"image\/jpeg"}],"author":"marioschrumpf","twitter_misc":{"Verfasst von":"marioschrumpf","Gesch\u00e4tzte Lesezeit":"1\u00a0Minute"},"schema":{"@context":"https:\/\/schema.org","@graph":[{"@type":"WebPage","@id":"https:\/\/www.naturparkmagazin.de\/stechlin\/aktionstag-zum-thema-moblitaet-in-wusterhausen\/","url":"https:\/\/www.naturparkmagazin.de\/stechlin\/aktionstag-zum-thema-moblitaet-in-wusterhausen\/","name":"Aktionstag zum Thema Moblit\u00e4t in Wusterhausen - Naturpark Stechlin-Ruppiner Land","isPartOf":{"@id":"https:\/\/www.naturparkmagazin.de\/stechlin\/#website"},"datePublished":"2022-09-19T13:00:18+00:00","dateModified":"2022-09-20T13:05:43+00:00","author":{"@id":"https:\/\/www.naturparkmagazin.de\/stechlin\/#\/schema\/person\/3f0d93203df21c806dd63c76d9bb28bc"},"breadcrumb":{"@id":"https:\/\/www.naturparkmagazin.de\/stechlin\/aktionstag-zum-thema-moblitaet-in-wusterhausen\/#breadcrumb"},"inLanguage":"de","potentialAction":[{"@type":"ReadAction","target":["https:\/\/www.naturparkmagazin.de\/stechlin\/aktionstag-zum-thema-moblitaet-in-wusterhausen\/"]}]},{"@type":"BreadcrumbList","@id":"https:\/\/www.naturparkmagazin.de\/stechlin\/aktionstag-zum-thema-moblitaet-in-wusterhausen\/#breadcrumb","itemListElement":[{"@type":"ListItem","position":1,"name":"Home","item":"https:\/\/www.naturparkmagazin.de\/stechlin\/"},{"@type":"ListItem","position":2,"name":"Aktionstag zum Thema Moblit\u00e4t in Wusterhausen"}]},{"@type":"WebSite","@id":"https:\/\/www.naturparkmagazin.de\/stechlin\/#website","url":"https:\/\/www.naturparkmagazin.de\/stechlin\/","name":"Naturpark Stechlin-Ruppiner Land","description":"","potentialAction":[{"@type":"SearchAction","target":{"@type":"EntryPoint","urlTemplate":"https:\/\/www.naturparkmagazin.de\/stechlin\/?s={search_term_string}"},"query-input":"required name=search_term_string"}],"inLanguage":"de"},{"@type":"Person","@id":"https:\/\/www.naturparkmagazin.de\/stechlin\/#\/schema\/person\/3f0d93203df21c806dd63c76d9bb28bc","name":"marioschrumpf","url":"https:\/\/www.naturparkmagazin.de\/stechlin\/author\/marioschrumpf\/"}]}},"_links":{"self":[{"href":"https:\/\/www.naturparkmagazin.de\/stechlin\/wp-json\/wp\/v2\/posts\/12635"}],"collection":[{"href":"https:\/\/www.naturparkmagazin.de\/stechlin\/wp-json\/wp\/v2\/posts"}],"about":[{"href":"https:\/\/www.naturparkmagazin.de\/stechlin\/wp-json\/wp\/v2\/types\/post"}],"author":[{"embeddable":true,"href":"https:\/\/www.naturparkmagazin.de\/stechlin\/wp-json\/wp\/v2\/users\/39"}],"replies":[{"embeddable":true,"href":"https:\/\/www.naturparkmagazin.de\/stechlin\/wp-json\/wp\/v2\/comments?post=12635"}],"version-history":[{"count":3,"href":"https:\/\/www.naturparkmagazin.de\/stechlin\/wp-json\/wp\/v2\/posts\/12635\/revisions"}],"predecessor-version":[{"id":12654,"href":"https:\/\/www.naturparkmagazin.de\/stechlin\/wp-json\/wp\/v2\/posts\/12635\/revisions\/12654"}],"wp:featuredmedia":[{"embeddable":true,"href":"https:\/\/www.naturparkmagazin.de\/stechlin\/wp-json\/wp\/v2\/media\/12638"}],"wp:attachment":[{"href":"https:\/\/www.naturparkmagazin.de\/stechlin\/wp-json\/wp\/v2\/media?parent=12635"}],"wp:term":[{"taxonomy":"category","embeddable":true,"href":"https:\/\/www.naturparkmagazin.de\/stechlin\/wp-json\/wp\/v2\/categories?post=12635"},{"taxonomy":"post_tag","embeddable":true,"href":"https:\/\/www.naturparkmagazin.de\/stechlin\/wp-json\/wp\/v2\/tags?post=12635"}],"curies":[{"name":"wp","href":"https:\/\/api.w.org\/{rel}","templated":true}]}}