{"id":12691,"date":"2022-10-15T10:49:16","date_gmt":"2022-10-15T08:49:16","guid":{"rendered":"https:\/\/www.naturparkmagazin.de\/stechlin\/?p=12691"},"modified":"2022-10-24T13:25:37","modified_gmt":"2022-10-24T11:25:37","slug":"neue-oeffnungszeiten-im-cafe-glasklar","status":"publish","type":"post","link":"https:\/\/www.naturparkmagazin.de\/stechlin\/neue-oeffnungszeiten-im-cafe-glasklar\/","title":{"rendered":"Neue \u00d6ffnungszeiten im Cafe Glasklar"},"content":{"rendered":"<p>Nach erfolgreichem Umbau ist der alte und gleichzeitig &#8222;neue&#8220; Cafe-Raum zur\u00fcck. <strong>Susanne Ludwig<\/strong> l\u00e4dt mit ihren MitarbeiterInnen im Herbst zum gem\u00fctlichen Einkehren auf herrlich duftende Kaffeespezialit\u00e4ten und hausgebackenen Kuchen &amp; Torten-Kreationen ein. Dazu gibt es k\u00f6stlich herzhafte Speisen und leckere Herbstgetr\u00e4nke &#8211; regionale Produkte und Lebensmittel runden das Angebot ab.<\/p>\n<div id=\"attachment_12708\" style=\"width: 310px\" class=\"wp-caption aligncenter\"><a href=\"https:\/\/www.naturparkmagazin.de\/stechlin\/wp-content\/uploads\/sites\/38\/bild31.jpg\"><img aria-describedby=\"caption-attachment-12708\" decoding=\"async\" loading=\"lazy\" class=\"size-thumbnail wp-image-12708\" src=\"https:\/\/www.naturparkmagazin.de\/stechlin\/wp-content\/uploads\/sites\/38\/bild31-300x179.jpg\" alt=\"Der alte und gleichzeitig &quot;neue&quot; Caf\u00e9-Raum bietet zusammen mit der Sonnenterasse viel Platz zum Verweilen. \u00a9 Archiv Caf\u00e9 Glasklar\" width=\"300\" height=\"179\" srcset=\"https:\/\/www.naturparkmagazin.de\/stechlin\/wp-content\/uploads\/sites\/38\/bild31-300x179.jpg 300w, https:\/\/www.naturparkmagazin.de\/stechlin\/wp-content\/uploads\/sites\/38\/bild31.jpg 500w, https:\/\/www.naturparkmagazin.de\/stechlin\/wp-content\/uploads\/sites\/38\/bild31-200x120.jpg 200w\" sizes=\"(max-width: 300px) 100vw, 300px\" \/><\/a><p id=\"caption-attachment-12708\" class=\"wp-caption-text\">Der alte und gleichzeitig &#8222;neue&#8220; Caf\u00e9-Raum bietet zusammen mit der Sonnenterasse viel Platz zum Verweilen.\u00a9 Archiv Caf\u00e9 Glasklar<\/p><\/div>\n<p>Ge\u00f6ffnet ist ab sofort:<\/p>\n<p><strong>Mittwoch &amp; Donnerstag: 14-17 Uhr<\/strong><\/p>\n<p><strong>Freitag bis Sonntag: 11-17 Uhr<\/strong><\/p>\n<p>Dar\u00fcberhinaus besteht die M\u00f6glichkeit im Herbst und Winter das Cafe f\u00fcr gem\u00fctliche Fr\u00fchst\u00fccksrunden von 9-11 Uhr zu buchen.<\/p>\n<p>Weitere Infos unter <a href=\"http:\/\/www.cafeglasklar.de\">www.cafeglasklar.de<\/a><\/p>\n<div id=\"attachment_12706\" style=\"width: 310px\" class=\"wp-caption aligncenter\"><a href=\"https:\/\/www.naturparkmagazin.de\/stechlin\/wp-content\/uploads\/sites\/38\/bild11.jpg\"><img aria-describedby=\"caption-attachment-12706\" decoding=\"async\" loading=\"lazy\" class=\"size-thumbnail wp-image-12706\" src=\"https:\/\/www.naturparkmagazin.de\/stechlin\/wp-content\/uploads\/sites\/38\/bild11-300x179.jpg\" alt=\"Selbstgemachte Kuchen und Torten werden angeboten. \u00a9 Archiv Caf\u00e9 Glasklar\" width=\"300\" height=\"179\" srcset=\"https:\/\/www.naturparkmagazin.de\/stechlin\/wp-content\/uploads\/sites\/38\/bild11-300x179.jpg 300w, https:\/\/www.naturparkmagazin.de\/stechlin\/wp-content\/uploads\/sites\/38\/bild11.jpg 500w, https:\/\/www.naturparkmagazin.de\/stechlin\/wp-content\/uploads\/sites\/38\/bild11-200x120.jpg 200w\" sizes=\"(max-width: 300px) 100vw, 300px\" \/><\/a><p id=\"caption-attachment-12706\" class=\"wp-caption-text\">Selbstgemachte Kuchen und Torten werden angeboten.\u00a9 Archiv Caf\u00e9 Glasklar<\/p><\/div>\n<div id=\"attachment_12707\" style=\"width: 310px\" class=\"wp-caption aligncenter\"><a href=\"https:\/\/www.naturparkmagazin.de\/stechlin\/wp-content\/uploads\/sites\/38\/bild21.jpg\"><img aria-describedby=\"caption-attachment-12707\" decoding=\"async\" loading=\"lazy\" class=\"size-thumbnail wp-image-12707\" src=\"https:\/\/www.naturparkmagazin.de\/stechlin\/wp-content\/uploads\/sites\/38\/bild21-300x179.jpg\" alt=\"&quot;Fr\u00fchst\u00fccksplatte Brandenburg&quot; aus frischen regionalen Zutaten \u00a9 Archiv Caf\u00e9 Glasklar\" width=\"300\" height=\"179\" srcset=\"https:\/\/www.naturparkmagazin.de\/stechlin\/wp-content\/uploads\/sites\/38\/bild21-300x179.jpg 300w, https:\/\/www.naturparkmagazin.de\/stechlin\/wp-content\/uploads\/sites\/38\/bild21.jpg 500w, https:\/\/www.naturparkmagazin.de\/stechlin\/wp-content\/uploads\/sites\/38\/bild21-200x120.jpg 200w\" sizes=\"(max-width: 300px) 100vw, 300px\" \/><\/a><p id=\"caption-attachment-12707\" class=\"wp-caption-text\">&#8222;Fr\u00fchst\u00fccksplatte Brandenburg&#8220; aus frischen regionalen Zutaten\u00a9 Archiv Caf\u00e9 Glasklar<\/p><\/div>\n","protected":false},"excerpt":{"rendered":"<p>Susanne Ludwig l\u00e4dt mit ihren MitarbeiterInnen im Herbst zum gem\u00fctlichen Einkehren auf herrlich duftende Kaffeespezialit\u00e4ten und hausgebackenen Kuchen &amp; Torten-Kreationen ein. <\/p>\n","protected":false},"author":39,"featured_media":12705,"comment_status":"open","ping_status":"open","sticky":false,"template":"","format":"standard","meta":[],"categories":[11],"tags":[],"yoast_head":"<!-- This site is optimized with the Yoast SEO plugin v19.10 - https:\/\/yoast.com\/wordpress\/plugins\/seo\/ -->\n<title>Neue \u00d6ffnungszeiten im Cafe Glasklar - Naturpark Stechlin-Ruppiner Land<\/title>\n<meta name=\"robots\" content=\"index, follow, max-snippet:-1, max-image-preview:large, max-video-preview:-1\" \/>\n<link rel=\"canonical\" href=\"https:\/\/www.naturparkmagazin.de\/stechlin\/neue-oeffnungszeiten-im-cafe-glasklar\/\" \/>\n<meta property=\"og:locale\" content=\"de_DE\" \/>\n<meta property=\"og:type\" content=\"article\" \/>\n<meta property=\"og:title\" content=\"Neue \u00d6ffnungszeiten im Cafe Glasklar - Naturpark Stechlin-Ruppiner Land\" \/>\n<meta property=\"og:description\" content=\"Susanne Ludwig l\u00e4dt mit ihren MitarbeiterInnen im Herbst zum gem\u00fctlichen Einkehren auf herrlich duftende Kaffeespezialit\u00e4ten und hausgebackenen Kuchen &amp; Torten-Kreationen ein.\" \/>\n<meta property=\"og:url\" content=\"https:\/\/www.naturparkmagazin.de\/stechlin\/neue-oeffnungszeiten-im-cafe-glasklar\/\" \/>\n<meta property=\"og:site_name\" content=\"Naturpark Stechlin-Ruppiner Land\" \/>\n<meta property=\"article:published_time\" content=\"2022-10-15T08:49:16+00:00\" \/>\n<meta property=\"article:modified_time\" content=\"2022-10-24T11:25:37+00:00\" \/>\n<meta property=\"og:image\" content=\"https:\/\/www.naturparkmagazin.de\/stechlin\/wp-content\/uploads\/sites\/38\/aufmacher20.jpg\" \/>\n\t<meta property=\"og:image:width\" content=\"200\" \/>\n\t<meta property=\"og:image:height\" content=\"200\" \/>\n\t<meta property=\"og:image:type\" content=\"image\/jpeg\" \/>\n<meta name=\"author\" content=\"marioschrumpf\" \/>\n<meta name=\"twitter:label1\" content=\"Verfasst von\" \/>\n\t<meta name=\"twitter:data1\" content=\"marioschrumpf\" \/>\n\t<meta name=\"twitter:label2\" content=\"Gesch\u00e4tzte Lesezeit\" \/>\n\t<meta name=\"twitter:data2\" content=\"1\u00a0Minute\" \/>\n<script type=\"application\/ld+json\" class=\"yoast-schema-graph\">{\"@context\":\"https:\/\/schema.org\",\"@graph\":[{\"@type\":\"WebPage\",\"@id\":\"https:\/\/www.naturparkmagazin.de\/stechlin\/neue-oeffnungszeiten-im-cafe-glasklar\/\",\"url\":\"https:\/\/www.naturparkmagazin.de\/stechlin\/neue-oeffnungszeiten-im-cafe-glasklar\/\",\"name\":\"Neue \u00d6ffnungszeiten im Cafe Glasklar - Naturpark Stechlin-Ruppiner Land\",\"isPartOf\":{\"@id\":\"https:\/\/www.naturparkmagazin.de\/stechlin\/#website\"},\"datePublished\":\"2022-10-15T08:49:16+00:00\",\"dateModified\":\"2022-10-24T11:25:37+00:00\",\"author\":{\"@id\":\"https:\/\/www.naturparkmagazin.de\/stechlin\/#\/schema\/person\/3f0d93203df21c806dd63c76d9bb28bc\"},\"breadcrumb\":{\"@id\":\"https:\/\/www.naturparkmagazin.de\/stechlin\/neue-oeffnungszeiten-im-cafe-glasklar\/#breadcrumb\"},\"inLanguage\":\"de\",\"potentialAction\":[{\"@type\":\"ReadAction\",\"target\":[\"https:\/\/www.naturparkmagazin.de\/stechlin\/neue-oeffnungszeiten-im-cafe-glasklar\/\"]}]},{\"@type\":\"BreadcrumbList\",\"@id\":\"https:\/\/www.naturparkmagazin.de\/stechlin\/neue-oeffnungszeiten-im-cafe-glasklar\/#breadcrumb\",\"itemListElement\":[{\"@type\":\"ListItem\",\"position\":1,\"name\":\"Home\",\"item\":\"https:\/\/www.naturparkmagazin.de\/stechlin\/\"},{\"@type\":\"ListItem\",\"position\":2,\"name\":\"Neue \u00d6ffnungszeiten im Cafe Glasklar\"}]},{\"@type\":\"WebSite\",\"@id\":\"https:\/\/www.naturparkmagazin.de\/stechlin\/#website\",\"url\":\"https:\/\/www.naturparkmagazin.de\/stechlin\/\",\"name\":\"Naturpark Stechlin-Ruppiner Land\",\"description\":\"\",\"potentialAction\":[{\"@type\":\"SearchAction\",\"target\":{\"@type\":\"EntryPoint\",\"urlTemplate\":\"https:\/\/www.naturparkmagazin.de\/stechlin\/?s={search_term_string}\"},\"query-input\":\"required name=search_term_string\"}],\"inLanguage\":\"de\"},{\"@type\":\"Person\",\"@id\":\"https:\/\/www.naturparkmagazin.de\/stechlin\/#\/schema\/person\/3f0d93203df21c806dd63c76d9bb28bc\",\"name\":\"marioschrumpf\",\"url\":\"https:\/\/www.naturparkmagazin.de\/stechlin\/author\/marioschrumpf\/\"}]}<\/script>\n<!-- \/ Yoast SEO plugin. -->","yoast_head_json":{"title":"Neue \u00d6ffnungszeiten im Cafe Glasklar - Naturpark Stechlin-Ruppiner Land","robots":{"index":"index","follow":"follow","max-snippet":"max-snippet:-1","max-image-preview":"max-image-preview:large","max-video-preview":"max-video-preview:-1"},"canonical":"https:\/\/www.naturparkmagazin.de\/stechlin\/neue-oeffnungszeiten-im-cafe-glasklar\/","og_locale":"de_DE","og_type":"article","og_title":"Neue \u00d6ffnungszeiten im Cafe Glasklar - Naturpark Stechlin-Ruppiner Land","og_description":"Susanne Ludwig l\u00e4dt mit ihren MitarbeiterInnen im Herbst zum gem\u00fctlichen Einkehren auf herrlich duftende Kaffeespezialit\u00e4ten und hausgebackenen Kuchen &amp; Torten-Kreationen ein.","og_url":"https:\/\/www.naturparkmagazin.de\/stechlin\/neue-oeffnungszeiten-im-cafe-glasklar\/","og_site_name":"Naturpark Stechlin-Ruppiner Land","article_published_time":"2022-10-15T08:49:16+00:00","article_modified_time":"2022-10-24T11:25:37+00:00","og_image":[{"width":200,"height":200,"url":"https:\/\/www.naturparkmagazin.de\/stechlin\/wp-content\/uploads\/sites\/38\/aufmacher20.jpg","type":"image\/jpeg"}],"author":"marioschrumpf","twitter_misc":{"Verfasst von":"marioschrumpf","Gesch\u00e4tzte Lesezeit":"1\u00a0Minute"},"schema":{"@context":"https:\/\/schema.org","@graph":[{"@type":"WebPage","@id":"https:\/\/www.naturparkmagazin.de\/stechlin\/neue-oeffnungszeiten-im-cafe-glasklar\/","url":"https:\/\/www.naturparkmagazin.de\/stechlin\/neue-oeffnungszeiten-im-cafe-glasklar\/","name":"Neue \u00d6ffnungszeiten im Cafe Glasklar - Naturpark Stechlin-Ruppiner Land","isPartOf":{"@id":"https:\/\/www.naturparkmagazin.de\/stechlin\/#website"},"datePublished":"2022-10-15T08:49:16+00:00","dateModified":"2022-10-24T11:25:37+00:00","author":{"@id":"https:\/\/www.naturparkmagazin.de\/stechlin\/#\/schema\/person\/3f0d93203df21c806dd63c76d9bb28bc"},"breadcrumb":{"@id":"https:\/\/www.naturparkmagazin.de\/stechlin\/neue-oeffnungszeiten-im-cafe-glasklar\/#breadcrumb"},"inLanguage":"de","potentialAction":[{"@type":"ReadAction","target":["https:\/\/www.naturparkmagazin.de\/stechlin\/neue-oeffnungszeiten-im-cafe-glasklar\/"]}]},{"@type":"BreadcrumbList","@id":"https:\/\/www.naturparkmagazin.de\/stechlin\/neue-oeffnungszeiten-im-cafe-glasklar\/#breadcrumb","itemListElement":[{"@type":"ListItem","position":1,"name":"Home","item":"https:\/\/www.naturparkmagazin.de\/stechlin\/"},{"@type":"ListItem","position":2,"name":"Neue \u00d6ffnungszeiten im Cafe Glasklar"}]},{"@type":"WebSite","@id":"https:\/\/www.naturparkmagazin.de\/stechlin\/#website","url":"https:\/\/www.naturparkmagazin.de\/stechlin\/","name":"Naturpark Stechlin-Ruppiner Land","description":"","potentialAction":[{"@type":"SearchAction","target":{"@type":"EntryPoint","urlTemplate":"https:\/\/www.naturparkmagazin.de\/stechlin\/?s={search_term_string}"},"query-input":"required name=search_term_string"}],"inLanguage":"de"},{"@type":"Person","@id":"https:\/\/www.naturparkmagazin.de\/stechlin\/#\/schema\/person\/3f0d93203df21c806dd63c76d9bb28bc","name":"marioschrumpf","url":"https:\/\/www.naturparkmagazin.de\/stechlin\/author\/marioschrumpf\/"}]}},"_links":{"self":[{"href":"https:\/\/www.naturparkmagazin.de\/stechlin\/wp-json\/wp\/v2\/posts\/12691"}],"collection":[{"href":"https:\/\/www.naturparkmagazin.de\/stechlin\/wp-json\/wp\/v2\/posts"}],"about":[{"href":"https:\/\/www.naturparkmagazin.de\/stechlin\/wp-json\/wp\/v2\/types\/post"}],"author":[{"embeddable":true,"href":"https:\/\/www.naturparkmagazin.de\/stechlin\/wp-json\/wp\/v2\/users\/39"}],"replies":[{"embeddable":true,"href":"https:\/\/www.naturparkmagazin.de\/stechlin\/wp-json\/wp\/v2\/comments?post=12691"}],"version-history":[{"count":5,"href":"https:\/\/www.naturparkmagazin.de\/stechlin\/wp-json\/wp\/v2\/posts\/12691\/revisions"}],"predecessor-version":[{"id":12736,"href":"https:\/\/www.naturparkmagazin.de\/stechlin\/wp-json\/wp\/v2\/posts\/12691\/revisions\/12736"}],"wp:featuredmedia":[{"embeddable":true,"href":"https:\/\/www.naturparkmagazin.de\/stechlin\/wp-json\/wp\/v2\/media\/12705"}],"wp:attachment":[{"href":"https:\/\/www.naturparkmagazin.de\/stechlin\/wp-json\/wp\/v2\/media?parent=12691"}],"wp:term":[{"taxonomy":"category","embeddable":true,"href":"https:\/\/www.naturparkmagazin.de\/stechlin\/wp-json\/wp\/v2\/categories?post=12691"},{"taxonomy":"post_tag","embeddable":true,"href":"https:\/\/www.naturparkmagazin.de\/stechlin\/wp-json\/wp\/v2\/tags?post=12691"}],"curies":[{"name":"wp","href":"https:\/\/api.w.org\/{rel}","templated":true}]}}