{"id":1270,"date":"2016-08-15T19:00:31","date_gmt":"2016-08-15T17:00:31","guid":{"rendered":"http:\/\/www.naturparkmagazin.de\/stechlin\/?p=1270"},"modified":"2016-08-22T12:55:43","modified_gmt":"2016-08-22T10:55:43","slug":"tag-des-offenen-denkmals-auf-gut-zernikow","status":"publish","type":"post","link":"https:\/\/www.naturparkmagazin.de\/stechlin\/tag-des-offenen-denkmals-auf-gut-zernikow\/","title":{"rendered":"Tag des offenen Denkmals auf Gut Zernikow"},"content":{"rendered":"<p><a href=\"https:\/\/www.naturparkmagazin.de\/stechlin\/wp-content\/uploads\/sites\/38\/Gut-Zernikow.jpg\"><img decoding=\"async\" loading=\"lazy\" class=\"size-full wp-image-821\" src=\"https:\/\/www.naturparkmagazin.de\/stechlin\/wp-content\/uploads\/sites\/38\/Gut-Zernikow.jpg\" alt=\"Gut Zernikow\" width=\"500\" height=\"335\" srcset=\"https:\/\/www.naturparkmagazin.de\/stechlin\/wp-content\/uploads\/sites\/38\/Gut-Zernikow.jpg 500w, https:\/\/www.naturparkmagazin.de\/stechlin\/wp-content\/uploads\/sites\/38\/Gut-Zernikow-300x201.jpg 300w, https:\/\/www.naturparkmagazin.de\/stechlin\/wp-content\/uploads\/sites\/38\/Gut-Zernikow-200x134.jpg 200w\" sizes=\"(max-width: 500px) 100vw, 500px\" \/><\/a><\/p>\n<p>Die Initiative Zernikow e. V. l\u00e4dt am <strong>11. September 2016 zwischen 11 und 16 Uhr<\/strong> zu F\u00fchrungen auf Gut Zernikow ein. B\u00e4rbel Backwitz, zertifizierte Natur- und Landschaftsf\u00fchrerin des Naturparks, wird im Gartensaal des Gutshauses kleine Geschichten \u00fcber die Entstehung des Gutes und ihre Bewohner erz\u00e4hlen.<\/p>\n<p>Der Eintritt ist frei. Weitere Infos unter Tel.: 033082\/49025.<\/p>\n<p><span style=\"color: #000000;font-family: Times New Roman\">\u00a0<\/span><\/p>\n<p><span style=\"color: #000000;font-family: Times New Roman\">\u00a0<\/span><\/p>\n<dl class=\"wp-caption alignnone\" style=\"width: 510px\">\n<dd class=\"wp-caption-dd\">\u00a0<\/dd>\n<\/dl>\n","protected":false},"excerpt":{"rendered":"<p>Die Initiative Zernikow e. V. l\u00e4dt anl\u00e4\u00dflich des Tages des offenen Denkmals am 11. September 2016 zwischen 10 und 14 Uhr zu F\u00fchrungen auf Gut Zernikow ein.<\/p>\n","protected":false},"author":39,"featured_media":821,"comment_status":"open","ping_status":"open","sticky":false,"template":"","format":"standard","meta":[],"categories":[11],"tags":[],"yoast_head":"<!-- This site is optimized with the Yoast SEO plugin v19.10 - https:\/\/yoast.com\/wordpress\/plugins\/seo\/ -->\n<title>Tag des offenen Denkmals auf Gut Zernikow - Naturpark Stechlin-Ruppiner Land<\/title>\n<meta name=\"robots\" content=\"index, follow, max-snippet:-1, max-image-preview:large, max-video-preview:-1\" \/>\n<link rel=\"canonical\" href=\"https:\/\/www.naturparkmagazin.de\/stechlin\/tag-des-offenen-denkmals-auf-gut-zernikow\/\" \/>\n<meta property=\"og:locale\" content=\"de_DE\" \/>\n<meta property=\"og:type\" content=\"article\" \/>\n<meta property=\"og:title\" content=\"Tag des offenen Denkmals auf Gut Zernikow - Naturpark Stechlin-Ruppiner Land\" \/>\n<meta property=\"og:description\" content=\"Die Initiative Zernikow e. V. l\u00e4dt anl\u00e4\u00dflich des Tages des offenen Denkmals am 11. September 2016 zwischen 10 und 14 Uhr zu F\u00fchrungen auf Gut Zernikow ein.\" \/>\n<meta property=\"og:url\" content=\"https:\/\/www.naturparkmagazin.de\/stechlin\/tag-des-offenen-denkmals-auf-gut-zernikow\/\" \/>\n<meta property=\"og:site_name\" content=\"Naturpark Stechlin-Ruppiner Land\" \/>\n<meta property=\"article:published_time\" content=\"2016-08-15T17:00:31+00:00\" \/>\n<meta property=\"article:modified_time\" content=\"2016-08-22T10:55:43+00:00\" \/>\n<meta property=\"og:image\" content=\"https:\/\/www.naturparkmagazin.de\/stechlin\/wp-content\/uploads\/sites\/38\/Gut-Zernikow.jpg\" \/>\n\t<meta property=\"og:image:width\" content=\"500\" \/>\n\t<meta property=\"og:image:height\" content=\"335\" \/>\n\t<meta property=\"og:image:type\" content=\"image\/jpeg\" \/>\n<meta name=\"author\" content=\"marioschrumpf\" \/>\n<meta name=\"twitter:label1\" content=\"Verfasst von\" \/>\n\t<meta name=\"twitter:data1\" content=\"marioschrumpf\" \/>\n<script type=\"application\/ld+json\" class=\"yoast-schema-graph\">{\"@context\":\"https:\/\/schema.org\",\"@graph\":[{\"@type\":\"WebPage\",\"@id\":\"https:\/\/www.naturparkmagazin.de\/stechlin\/tag-des-offenen-denkmals-auf-gut-zernikow\/\",\"url\":\"https:\/\/www.naturparkmagazin.de\/stechlin\/tag-des-offenen-denkmals-auf-gut-zernikow\/\",\"name\":\"Tag des offenen Denkmals auf Gut Zernikow - Naturpark Stechlin-Ruppiner Land\",\"isPartOf\":{\"@id\":\"https:\/\/www.naturparkmagazin.de\/stechlin\/#website\"},\"datePublished\":\"2016-08-15T17:00:31+00:00\",\"dateModified\":\"2016-08-22T10:55:43+00:00\",\"author\":{\"@id\":\"https:\/\/www.naturparkmagazin.de\/stechlin\/#\/schema\/person\/3f0d93203df21c806dd63c76d9bb28bc\"},\"breadcrumb\":{\"@id\":\"https:\/\/www.naturparkmagazin.de\/stechlin\/tag-des-offenen-denkmals-auf-gut-zernikow\/#breadcrumb\"},\"inLanguage\":\"de\",\"potentialAction\":[{\"@type\":\"ReadAction\",\"target\":[\"https:\/\/www.naturparkmagazin.de\/stechlin\/tag-des-offenen-denkmals-auf-gut-zernikow\/\"]}]},{\"@type\":\"BreadcrumbList\",\"@id\":\"https:\/\/www.naturparkmagazin.de\/stechlin\/tag-des-offenen-denkmals-auf-gut-zernikow\/#breadcrumb\",\"itemListElement\":[{\"@type\":\"ListItem\",\"position\":1,\"name\":\"Home\",\"item\":\"https:\/\/www.naturparkmagazin.de\/stechlin\/\"},{\"@type\":\"ListItem\",\"position\":2,\"name\":\"Tag des offenen Denkmals auf Gut Zernikow\"}]},{\"@type\":\"WebSite\",\"@id\":\"https:\/\/www.naturparkmagazin.de\/stechlin\/#website\",\"url\":\"https:\/\/www.naturparkmagazin.de\/stechlin\/\",\"name\":\"Naturpark Stechlin-Ruppiner Land\",\"description\":\"\",\"potentialAction\":[{\"@type\":\"SearchAction\",\"target\":{\"@type\":\"EntryPoint\",\"urlTemplate\":\"https:\/\/www.naturparkmagazin.de\/stechlin\/?s={search_term_string}\"},\"query-input\":\"required name=search_term_string\"}],\"inLanguage\":\"de\"},{\"@type\":\"Person\",\"@id\":\"https:\/\/www.naturparkmagazin.de\/stechlin\/#\/schema\/person\/3f0d93203df21c806dd63c76d9bb28bc\",\"name\":\"marioschrumpf\",\"url\":\"https:\/\/www.naturparkmagazin.de\/stechlin\/author\/marioschrumpf\/\"}]}<\/script>\n<!-- \/ Yoast SEO plugin. -->","yoast_head_json":{"title":"Tag des offenen Denkmals auf Gut Zernikow - Naturpark Stechlin-Ruppiner Land","robots":{"index":"index","follow":"follow","max-snippet":"max-snippet:-1","max-image-preview":"max-image-preview:large","max-video-preview":"max-video-preview:-1"},"canonical":"https:\/\/www.naturparkmagazin.de\/stechlin\/tag-des-offenen-denkmals-auf-gut-zernikow\/","og_locale":"de_DE","og_type":"article","og_title":"Tag des offenen Denkmals auf Gut Zernikow - Naturpark Stechlin-Ruppiner Land","og_description":"Die Initiative Zernikow e. V. l\u00e4dt anl\u00e4\u00dflich des Tages des offenen Denkmals am 11. September 2016 zwischen 10 und 14 Uhr zu F\u00fchrungen auf Gut Zernikow ein.","og_url":"https:\/\/www.naturparkmagazin.de\/stechlin\/tag-des-offenen-denkmals-auf-gut-zernikow\/","og_site_name":"Naturpark Stechlin-Ruppiner Land","article_published_time":"2016-08-15T17:00:31+00:00","article_modified_time":"2016-08-22T10:55:43+00:00","og_image":[{"width":500,"height":335,"url":"https:\/\/www.naturparkmagazin.de\/stechlin\/wp-content\/uploads\/sites\/38\/Gut-Zernikow.jpg","type":"image\/jpeg"}],"author":"marioschrumpf","twitter_misc":{"Verfasst von":"marioschrumpf"},"schema":{"@context":"https:\/\/schema.org","@graph":[{"@type":"WebPage","@id":"https:\/\/www.naturparkmagazin.de\/stechlin\/tag-des-offenen-denkmals-auf-gut-zernikow\/","url":"https:\/\/www.naturparkmagazin.de\/stechlin\/tag-des-offenen-denkmals-auf-gut-zernikow\/","name":"Tag des offenen Denkmals auf Gut Zernikow - Naturpark Stechlin-Ruppiner Land","isPartOf":{"@id":"https:\/\/www.naturparkmagazin.de\/stechlin\/#website"},"datePublished":"2016-08-15T17:00:31+00:00","dateModified":"2016-08-22T10:55:43+00:00","author":{"@id":"https:\/\/www.naturparkmagazin.de\/stechlin\/#\/schema\/person\/3f0d93203df21c806dd63c76d9bb28bc"},"breadcrumb":{"@id":"https:\/\/www.naturparkmagazin.de\/stechlin\/tag-des-offenen-denkmals-auf-gut-zernikow\/#breadcrumb"},"inLanguage":"de","potentialAction":[{"@type":"ReadAction","target":["https:\/\/www.naturparkmagazin.de\/stechlin\/tag-des-offenen-denkmals-auf-gut-zernikow\/"]}]},{"@type":"BreadcrumbList","@id":"https:\/\/www.naturparkmagazin.de\/stechlin\/tag-des-offenen-denkmals-auf-gut-zernikow\/#breadcrumb","itemListElement":[{"@type":"ListItem","position":1,"name":"Home","item":"https:\/\/www.naturparkmagazin.de\/stechlin\/"},{"@type":"ListItem","position":2,"name":"Tag des offenen Denkmals auf Gut Zernikow"}]},{"@type":"WebSite","@id":"https:\/\/www.naturparkmagazin.de\/stechlin\/#website","url":"https:\/\/www.naturparkmagazin.de\/stechlin\/","name":"Naturpark Stechlin-Ruppiner Land","description":"","potentialAction":[{"@type":"SearchAction","target":{"@type":"EntryPoint","urlTemplate":"https:\/\/www.naturparkmagazin.de\/stechlin\/?s={search_term_string}"},"query-input":"required name=search_term_string"}],"inLanguage":"de"},{"@type":"Person","@id":"https:\/\/www.naturparkmagazin.de\/stechlin\/#\/schema\/person\/3f0d93203df21c806dd63c76d9bb28bc","name":"marioschrumpf","url":"https:\/\/www.naturparkmagazin.de\/stechlin\/author\/marioschrumpf\/"}]}},"_links":{"self":[{"href":"https:\/\/www.naturparkmagazin.de\/stechlin\/wp-json\/wp\/v2\/posts\/1270"}],"collection":[{"href":"https:\/\/www.naturparkmagazin.de\/stechlin\/wp-json\/wp\/v2\/posts"}],"about":[{"href":"https:\/\/www.naturparkmagazin.de\/stechlin\/wp-json\/wp\/v2\/types\/post"}],"author":[{"embeddable":true,"href":"https:\/\/www.naturparkmagazin.de\/stechlin\/wp-json\/wp\/v2\/users\/39"}],"replies":[{"embeddable":true,"href":"https:\/\/www.naturparkmagazin.de\/stechlin\/wp-json\/wp\/v2\/comments?post=1270"}],"version-history":[{"count":9,"href":"https:\/\/www.naturparkmagazin.de\/stechlin\/wp-json\/wp\/v2\/posts\/1270\/revisions"}],"predecessor-version":[{"id":4423,"href":"https:\/\/www.naturparkmagazin.de\/stechlin\/wp-json\/wp\/v2\/posts\/1270\/revisions\/4423"}],"wp:featuredmedia":[{"embeddable":true,"href":"https:\/\/www.naturparkmagazin.de\/stechlin\/wp-json\/wp\/v2\/media\/821"}],"wp:attachment":[{"href":"https:\/\/www.naturparkmagazin.de\/stechlin\/wp-json\/wp\/v2\/media?parent=1270"}],"wp:term":[{"taxonomy":"category","embeddable":true,"href":"https:\/\/www.naturparkmagazin.de\/stechlin\/wp-json\/wp\/v2\/categories?post=1270"},{"taxonomy":"post_tag","embeddable":true,"href":"https:\/\/www.naturparkmagazin.de\/stechlin\/wp-json\/wp\/v2\/tags?post=1270"}],"curies":[{"name":"wp","href":"https:\/\/api.w.org\/{rel}","templated":true}]}}