{"id":12710,"date":"2022-10-15T15:00:27","date_gmt":"2022-10-15T13:00:27","guid":{"rendered":"https:\/\/www.naturparkmagazin.de\/stechlin\/?p=12710"},"modified":"2025-01-24T10:29:05","modified_gmt":"2025-01-24T09:29:05","slug":"jens-jacobi-ist-neuer-pfarrer-in-menz","status":"publish","type":"post","link":"https:\/\/www.naturparkmagazin.de\/stechlin\/jens-jacobi-ist-neuer-pfarrer-in-menz\/","title":{"rendered":"Jens Jacobi ist neuer Pfarrer in Menz (2022)"},"content":{"rendered":"<p>Nachdem Mathias Wolf, langj\u00e4hriger Pfarrer in Menz, im Sommer in seinen wohlverdienten Ruhestand gegangen ist, hat im Oktober Jens Jacobi seine Nachfolge angetreten.<\/p>\n<p>\u201e<em>Schau Dir mal Menz an. Da ist es wirklich nett. Vielleicht willst du dort Pfarrer werden ?!<\/em>\u201c Die Worte seines Freundes bewegten Pfarrer Jens Jacobi dazu, sich mit diesem Gedanken hier Pfarrer zu werden, vertraut zu machen. Ein Besuch vor Ort \u00fcberzeugte ihn.<\/p>\n<p>Neben der einmaligen Natur und Landschaft war es vorallem die N\u00e4he des Pfarrhauses zum Roofensee, die ihn begeisterte. Denn das Wasser verbindet all seine bisherigen Gemeinden.<\/p>\n<p>Zuletzt war es der Wannsee im Berliner S\u00fcdwesten. Davor waren es die Havel in Berlin-Spandau und am Brandenburger Dom sowie der Beetzsee w\u00e4hrend seines Vikariats.<\/p>\n<p><strong>Der neue Arbeitsplatz in einem Naturpark der allein 180 Seen beherbergt, darunter Brandenburgs bekannster, der Stechlin, ist aus dieser Sicht eine sehr gute Wahl!<\/strong><\/p>\n<p>Am Sonntag, den 9. Oktober 2022 wurde Pfarrer Jens Jacobi als Pfarrer in der Evangelischen Gesamtkirchengemeinde Menz offiziell eingef\u00fchrt.<\/p>\n<div id=\"attachment_12712\" style=\"width: 310px\" class=\"wp-caption aligncenter\"><a href=\"https:\/\/www.naturparkmagazin.de\/stechlin\/wp-content\/uploads\/sites\/38\/neuer-pfarrer.jpg\"><img aria-describedby=\"caption-attachment-12712\" decoding=\"async\" loading=\"lazy\" class=\"size-thumbnail wp-image-12712\" src=\"https:\/\/www.naturparkmagazin.de\/stechlin\/wp-content\/uploads\/sites\/38\/neuer-pfarrer-300x500.jpg\" alt=\"Der neue Menzer Pfarrer Jans Jacobi er\u00f6ffnete mit einer Apfelandacht den Apfeltag. \u00a9 Dr. Mario Schrumpf\" width=\"300\" height=\"500\" srcset=\"https:\/\/www.naturparkmagazin.de\/stechlin\/wp-content\/uploads\/sites\/38\/neuer-pfarrer.jpg 300w, https:\/\/www.naturparkmagazin.de\/stechlin\/wp-content\/uploads\/sites\/38\/neuer-pfarrer-200x333.jpg 200w\" sizes=\"(max-width: 300px) 100vw, 300px\" \/><\/a><p id=\"caption-attachment-12712\" class=\"wp-caption-text\">Der neue Menzer Pfarrer Jens Jacobi er\u00f6ffnete mit einer Apfelandacht den Apfeltag.\u00a9 Dr. Mario Schrumpf<\/p><\/div>\n<p>Bereits am 15. Oktober er\u00f6ffnete den 17. Menzer Apfeltag mit einer Apfelandacht. Jens Jacobi f\u00fchrt damit eine langj\u00e4hrige Tradition seines Vorg\u00e4ngers fort, Besucherinnen und Besucher mit den Worten Gottes in den Apfeltag zu begleiten.<\/p>\n<p><strong>Herzlich willkommen im Naturpark! Auf eine gute Zusammenarbeit!<\/strong><\/p>\n","protected":false},"excerpt":{"rendered":"<p>Nachdem Mathias Wolf, langj\u00e4hriger Pfarrer in Menz, im Sommer in seinen wohlverdienten Ruhestand gegangen ist, hat im Oktober Jens Jacobi seine Nachfolge angetreten.<\/p>\n","protected":false},"author":39,"featured_media":12713,"comment_status":"open","ping_status":"open","sticky":false,"template":"","format":"standard","meta":[],"categories":[8],"tags":[],"yoast_head":"<!-- This site is optimized with the Yoast SEO plugin v19.10 - https:\/\/yoast.com\/wordpress\/plugins\/seo\/ -->\n<title>Jens Jacobi ist neuer Pfarrer in Menz (2022) - Naturpark Stechlin-Ruppiner Land<\/title>\n<meta name=\"robots\" content=\"index, follow, max-snippet:-1, max-image-preview:large, max-video-preview:-1\" \/>\n<link rel=\"canonical\" href=\"https:\/\/www.naturparkmagazin.de\/stechlin\/jens-jacobi-ist-neuer-pfarrer-in-menz\/\" \/>\n<meta property=\"og:locale\" content=\"de_DE\" \/>\n<meta property=\"og:type\" content=\"article\" \/>\n<meta property=\"og:title\" content=\"Jens Jacobi ist neuer Pfarrer in Menz (2022) - Naturpark Stechlin-Ruppiner Land\" \/>\n<meta property=\"og:description\" content=\"Nachdem Mathias Wolf, langj\u00e4hriger Pfarrer in Menz, im Sommer in seinen wohlverdienten Ruhestand gegangen ist, hat im Oktober Jens Jacobi seine Nachfolge angetreten.\" \/>\n<meta property=\"og:url\" content=\"https:\/\/www.naturparkmagazin.de\/stechlin\/jens-jacobi-ist-neuer-pfarrer-in-menz\/\" \/>\n<meta property=\"og:site_name\" content=\"Naturpark Stechlin-Ruppiner Land\" \/>\n<meta property=\"article:published_time\" content=\"2022-10-15T13:00:27+00:00\" \/>\n<meta property=\"article:modified_time\" content=\"2025-01-24T09:29:05+00:00\" \/>\n<meta property=\"og:image\" content=\"https:\/\/www.naturparkmagazin.de\/stechlin\/wp-content\/uploads\/sites\/38\/neuer-pfarrer_a.jpg\" \/>\n\t<meta property=\"og:image:width\" content=\"200\" \/>\n\t<meta property=\"og:image:height\" content=\"200\" \/>\n\t<meta property=\"og:image:type\" content=\"image\/jpeg\" \/>\n<meta name=\"author\" content=\"marioschrumpf\" \/>\n<meta name=\"twitter:label1\" content=\"Verfasst von\" \/>\n\t<meta name=\"twitter:data1\" content=\"marioschrumpf\" \/>\n\t<meta name=\"twitter:label2\" content=\"Gesch\u00e4tzte Lesezeit\" \/>\n\t<meta name=\"twitter:data2\" content=\"2\u00a0Minuten\" \/>\n<script type=\"application\/ld+json\" class=\"yoast-schema-graph\">{\"@context\":\"https:\/\/schema.org\",\"@graph\":[{\"@type\":\"WebPage\",\"@id\":\"https:\/\/www.naturparkmagazin.de\/stechlin\/jens-jacobi-ist-neuer-pfarrer-in-menz\/\",\"url\":\"https:\/\/www.naturparkmagazin.de\/stechlin\/jens-jacobi-ist-neuer-pfarrer-in-menz\/\",\"name\":\"Jens Jacobi ist neuer Pfarrer in Menz (2022) - Naturpark Stechlin-Ruppiner Land\",\"isPartOf\":{\"@id\":\"https:\/\/www.naturparkmagazin.de\/stechlin\/#website\"},\"datePublished\":\"2022-10-15T13:00:27+00:00\",\"dateModified\":\"2025-01-24T09:29:05+00:00\",\"author\":{\"@id\":\"https:\/\/www.naturparkmagazin.de\/stechlin\/#\/schema\/person\/3f0d93203df21c806dd63c76d9bb28bc\"},\"breadcrumb\":{\"@id\":\"https:\/\/www.naturparkmagazin.de\/stechlin\/jens-jacobi-ist-neuer-pfarrer-in-menz\/#breadcrumb\"},\"inLanguage\":\"de\",\"potentialAction\":[{\"@type\":\"ReadAction\",\"target\":[\"https:\/\/www.naturparkmagazin.de\/stechlin\/jens-jacobi-ist-neuer-pfarrer-in-menz\/\"]}]},{\"@type\":\"BreadcrumbList\",\"@id\":\"https:\/\/www.naturparkmagazin.de\/stechlin\/jens-jacobi-ist-neuer-pfarrer-in-menz\/#breadcrumb\",\"itemListElement\":[{\"@type\":\"ListItem\",\"position\":1,\"name\":\"Home\",\"item\":\"https:\/\/www.naturparkmagazin.de\/stechlin\/\"},{\"@type\":\"ListItem\",\"position\":2,\"name\":\"Jens Jacobi ist neuer Pfarrer in Menz (2022)\"}]},{\"@type\":\"WebSite\",\"@id\":\"https:\/\/www.naturparkmagazin.de\/stechlin\/#website\",\"url\":\"https:\/\/www.naturparkmagazin.de\/stechlin\/\",\"name\":\"Naturpark Stechlin-Ruppiner Land\",\"description\":\"\",\"potentialAction\":[{\"@type\":\"SearchAction\",\"target\":{\"@type\":\"EntryPoint\",\"urlTemplate\":\"https:\/\/www.naturparkmagazin.de\/stechlin\/?s={search_term_string}\"},\"query-input\":\"required name=search_term_string\"}],\"inLanguage\":\"de\"},{\"@type\":\"Person\",\"@id\":\"https:\/\/www.naturparkmagazin.de\/stechlin\/#\/schema\/person\/3f0d93203df21c806dd63c76d9bb28bc\",\"name\":\"marioschrumpf\",\"url\":\"https:\/\/www.naturparkmagazin.de\/stechlin\/author\/marioschrumpf\/\"}]}<\/script>\n<!-- \/ Yoast SEO plugin. -->","yoast_head_json":{"title":"Jens Jacobi ist neuer Pfarrer in Menz (2022) - Naturpark Stechlin-Ruppiner Land","robots":{"index":"index","follow":"follow","max-snippet":"max-snippet:-1","max-image-preview":"max-image-preview:large","max-video-preview":"max-video-preview:-1"},"canonical":"https:\/\/www.naturparkmagazin.de\/stechlin\/jens-jacobi-ist-neuer-pfarrer-in-menz\/","og_locale":"de_DE","og_type":"article","og_title":"Jens Jacobi ist neuer Pfarrer in Menz (2022) - Naturpark Stechlin-Ruppiner Land","og_description":"Nachdem Mathias Wolf, langj\u00e4hriger Pfarrer in Menz, im Sommer in seinen wohlverdienten Ruhestand gegangen ist, hat im Oktober Jens Jacobi seine Nachfolge angetreten.","og_url":"https:\/\/www.naturparkmagazin.de\/stechlin\/jens-jacobi-ist-neuer-pfarrer-in-menz\/","og_site_name":"Naturpark Stechlin-Ruppiner Land","article_published_time":"2022-10-15T13:00:27+00:00","article_modified_time":"2025-01-24T09:29:05+00:00","og_image":[{"width":200,"height":200,"url":"https:\/\/www.naturparkmagazin.de\/stechlin\/wp-content\/uploads\/sites\/38\/neuer-pfarrer_a.jpg","type":"image\/jpeg"}],"author":"marioschrumpf","twitter_misc":{"Verfasst von":"marioschrumpf","Gesch\u00e4tzte Lesezeit":"2\u00a0Minuten"},"schema":{"@context":"https:\/\/schema.org","@graph":[{"@type":"WebPage","@id":"https:\/\/www.naturparkmagazin.de\/stechlin\/jens-jacobi-ist-neuer-pfarrer-in-menz\/","url":"https:\/\/www.naturparkmagazin.de\/stechlin\/jens-jacobi-ist-neuer-pfarrer-in-menz\/","name":"Jens Jacobi ist neuer Pfarrer in Menz (2022) - Naturpark Stechlin-Ruppiner Land","isPartOf":{"@id":"https:\/\/www.naturparkmagazin.de\/stechlin\/#website"},"datePublished":"2022-10-15T13:00:27+00:00","dateModified":"2025-01-24T09:29:05+00:00","author":{"@id":"https:\/\/www.naturparkmagazin.de\/stechlin\/#\/schema\/person\/3f0d93203df21c806dd63c76d9bb28bc"},"breadcrumb":{"@id":"https:\/\/www.naturparkmagazin.de\/stechlin\/jens-jacobi-ist-neuer-pfarrer-in-menz\/#breadcrumb"},"inLanguage":"de","potentialAction":[{"@type":"ReadAction","target":["https:\/\/www.naturparkmagazin.de\/stechlin\/jens-jacobi-ist-neuer-pfarrer-in-menz\/"]}]},{"@type":"BreadcrumbList","@id":"https:\/\/www.naturparkmagazin.de\/stechlin\/jens-jacobi-ist-neuer-pfarrer-in-menz\/#breadcrumb","itemListElement":[{"@type":"ListItem","position":1,"name":"Home","item":"https:\/\/www.naturparkmagazin.de\/stechlin\/"},{"@type":"ListItem","position":2,"name":"Jens Jacobi ist neuer Pfarrer in Menz (2022)"}]},{"@type":"WebSite","@id":"https:\/\/www.naturparkmagazin.de\/stechlin\/#website","url":"https:\/\/www.naturparkmagazin.de\/stechlin\/","name":"Naturpark Stechlin-Ruppiner Land","description":"","potentialAction":[{"@type":"SearchAction","target":{"@type":"EntryPoint","urlTemplate":"https:\/\/www.naturparkmagazin.de\/stechlin\/?s={search_term_string}"},"query-input":"required name=search_term_string"}],"inLanguage":"de"},{"@type":"Person","@id":"https:\/\/www.naturparkmagazin.de\/stechlin\/#\/schema\/person\/3f0d93203df21c806dd63c76d9bb28bc","name":"marioschrumpf","url":"https:\/\/www.naturparkmagazin.de\/stechlin\/author\/marioschrumpf\/"}]}},"_links":{"self":[{"href":"https:\/\/www.naturparkmagazin.de\/stechlin\/wp-json\/wp\/v2\/posts\/12710"}],"collection":[{"href":"https:\/\/www.naturparkmagazin.de\/stechlin\/wp-json\/wp\/v2\/posts"}],"about":[{"href":"https:\/\/www.naturparkmagazin.de\/stechlin\/wp-json\/wp\/v2\/types\/post"}],"author":[{"embeddable":true,"href":"https:\/\/www.naturparkmagazin.de\/stechlin\/wp-json\/wp\/v2\/users\/39"}],"replies":[{"embeddable":true,"href":"https:\/\/www.naturparkmagazin.de\/stechlin\/wp-json\/wp\/v2\/comments?post=12710"}],"version-history":[{"count":12,"href":"https:\/\/www.naturparkmagazin.de\/stechlin\/wp-json\/wp\/v2\/posts\/12710\/revisions"}],"predecessor-version":[{"id":16617,"href":"https:\/\/www.naturparkmagazin.de\/stechlin\/wp-json\/wp\/v2\/posts\/12710\/revisions\/16617"}],"wp:featuredmedia":[{"embeddable":true,"href":"https:\/\/www.naturparkmagazin.de\/stechlin\/wp-json\/wp\/v2\/media\/12713"}],"wp:attachment":[{"href":"https:\/\/www.naturparkmagazin.de\/stechlin\/wp-json\/wp\/v2\/media?parent=12710"}],"wp:term":[{"taxonomy":"category","embeddable":true,"href":"https:\/\/www.naturparkmagazin.de\/stechlin\/wp-json\/wp\/v2\/categories?post=12710"},{"taxonomy":"post_tag","embeddable":true,"href":"https:\/\/www.naturparkmagazin.de\/stechlin\/wp-json\/wp\/v2\/tags?post=12710"}],"curies":[{"name":"wp","href":"https:\/\/api.w.org\/{rel}","templated":true}]}}