{"id":1272,"date":"2016-08-15T15:00:18","date_gmt":"2016-08-15T13:00:18","guid":{"rendered":"http:\/\/www.naturparkmagazin.de\/stechlin\/?p=1272"},"modified":"2016-08-22T12:58:17","modified_gmt":"2016-08-22T10:58:17","slug":"aktiv-durch-das-ruppiner-seenland","status":"publish","type":"post","link":"https:\/\/www.naturparkmagazin.de\/stechlin\/aktiv-durch-das-ruppiner-seenland\/","title":{"rendered":"Aktiv durch das Ruppiner Seenland"},"content":{"rendered":"<p>&nbsp;<\/p>\n<p><a href=\"https:\/\/www.naturparkmagazin.de\/stechlin\/wp-content\/uploads\/sites\/38\/Aktiv-2016.jpg\"><img decoding=\"async\" loading=\"lazy\" class=\"alignleft size-thumbnail wp-image-4415\" src=\"https:\/\/www.naturparkmagazin.de\/stechlin\/wp-content\/uploads\/sites\/38\/Aktiv-2016-300x150.jpg\" alt=\"NP SRL\/Archiv\" width=\"300\" height=\"150\" srcset=\"https:\/\/www.naturparkmagazin.de\/stechlin\/wp-content\/uploads\/sites\/38\/Aktiv-2016-300x150.jpg 300w, https:\/\/www.naturparkmagazin.de\/stechlin\/wp-content\/uploads\/sites\/38\/Aktiv-2016.jpg 500w, https:\/\/www.naturparkmagazin.de\/stechlin\/wp-content\/uploads\/sites\/38\/Aktiv-2016-200x100.jpg 200w\" sizes=\"(max-width: 300px) 100vw, 300px\" \/><\/a><\/p>\n<p>&nbsp;<\/p>\n<p>&nbsp;<\/p>\n<p>&nbsp;<\/p>\n<p>&nbsp;<\/p>\n<p>&nbsp;<\/p>\n<p>&nbsp;<\/p>\n<p>&nbsp;<\/p>\n<p>Aktiv durch das Ruppiner Seenland zum 11. Mal in Menz<\/p>\n<p>Am 17. September 2016 findet zum 11. Mal das integrative Sportevent \u201eAktiv durch das Ruppiner Seenland\u201c in Menz statt. L\u00e4ufer, Anklemmbiker, Rennbiker, Renn-Rollstuhlfahrer, Walker, Nordic Walker, Wanderer und Radfahrer finden bei der Veranstaltung ein breites Angebot an aktiver Bet\u00e4tigung in der Natur. Alle, die gern sportlich aktiv sein m\u00f6chten, sind eingeladen daran teilzunehmen. Denn das Ziel ist es, Menschen jeden Alters und\/oder mit unterschiedlichen Handicaps bei dieser Sportveranstaltung zusammenzubringen.<\/p>\n<p>Im Mittelpunkt der Veranstaltung liegen die L\u00e4ufe \u00fcber 8 km, 12 km oder auf der Hauptstrecke 25 km. Au\u00dferdem gibt es auch die M\u00f6glichkeit, sich f\u00fcr Nordic-Walking anzumelden. Gef\u00fchrte Wanderungen werden durch den Berliner Wanderverband angeboten. Ganz neu in diesem Jahr ist das Radrennen f\u00fcr Hobby und Jedermann als Zeitfahrrennen. Die abwechslungsreiche Strecke zwischen Menz und Rheinsberg bietet allen Radbegeisterten die M\u00f6glichkeit, ordentlich &#8222;Gas zu geben&#8220;.<\/p>\n<p>Die \u201eMenzer Naturprodukte\u201c verk\u00f6stigen die Sportler mit selbst gemachten Vitamindrinks. Au\u00dferdem k\u00f6nnen alle Teilnehmer in diesem Jahr ein neues Gesundheitsangebot testen: die Physikalische Gef\u00e4\u00dftherapie der Bemer zur Trainingsunterst\u00fctzung und Regeneration.<\/p>\n<p>Der Startort f\u00fcr die L\u00e4ufe und Radrennen ist die &#8222;Theodor-Fontane- Schule&#8220;, F\u00fcrstenberger Str. 3, 16775 Stechlin OT Menz. Die Lauf- und Radfahrstecken werden ausf\u00fchrlich ausgewiesen und von den jeweiligen Mitveranstaltern beschildert und \u00fcberwacht. Beginn ist um 9.30 Uhr, die Veranstaltung endet gegen 15 Uhr. Teilnehmer k\u00f6nnen sich vorab unter <a href=\"http:\/\/www.ruppiner-reiseland.de\/aktiv-durch-das-rsl.html\">http:\/\/www.ruppiner-reiseland.de\/aktiv-durch-das-rsl.html <\/a>ausf\u00fchrlich informieren und sich f\u00fcr die verschiedenen Disziplinen anmelden.<\/p>\n<p>F\u00fcr Fragen zu der Veranstaltung steht J\u00f6rn Fritsch vom Tourismusverband Ruppiner Seeland zur Verf\u00fcgung.<\/p>\n<p>Er ist unter 03391\/65 96 36\u00a0 sowie per Mail an <a href=\"mailto:fritsch@ruppiner-reiseland.de\">fritsch@ruppiner-reiseland.de<\/a> erreichbar.<\/p>\n<p><strong>Anmeldung:<\/strong> Laufpark Stechlin e. V., Tel. 033082\/51245, <a href=\"mailto:kontakt@aufpark-stechlin.de\">kontakt@laufpark-stechlin.de<\/a>, <a href=\"http:\/\/www.laufpark-stechlin.de\">www.laufpark-stechlin.de<\/a><\/p>\n<div id=\"attachment_1275\" style=\"width: 330px\" class=\"wp-caption alignnone\"><a href=\"https:\/\/www.naturparkmagazin.de\/stechlin\/wp-content\/uploads\/sites\/38\/k-DSC_00281.jpg\"><img aria-describedby=\"caption-attachment-1275\" decoding=\"async\" loading=\"lazy\" class=\"size-full wp-image-1275\" src=\"https:\/\/www.naturparkmagazin.de\/stechlin\/wp-content\/uploads\/sites\/38\/k-DSC_00281.jpg\" alt=\"Start der Anklemmbiker\" width=\"320\" height=\"240\" srcset=\"https:\/\/www.naturparkmagazin.de\/stechlin\/wp-content\/uploads\/sites\/38\/k-DSC_00281.jpg 320w, https:\/\/www.naturparkmagazin.de\/stechlin\/wp-content\/uploads\/sites\/38\/k-DSC_00281-300x225.jpg 300w, https:\/\/www.naturparkmagazin.de\/stechlin\/wp-content\/uploads\/sites\/38\/k-DSC_00281-180x135.jpg 180w, https:\/\/www.naturparkmagazin.de\/stechlin\/wp-content\/uploads\/sites\/38\/k-DSC_00281-95x71.jpg 95w, https:\/\/www.naturparkmagazin.de\/stechlin\/wp-content\/uploads\/sites\/38\/k-DSC_00281-200x150.jpg 200w\" sizes=\"(max-width: 320px) 100vw, 320px\" \/><\/a><p id=\"caption-attachment-1275\" class=\"wp-caption-text\">Start der Anklemmbiker<\/p><\/div>\n<div id=\"attachment_1276\" style=\"width: 330px\" class=\"wp-caption alignnone\"><a href=\"https:\/\/www.naturparkmagazin.de\/stechlin\/wp-content\/uploads\/sites\/38\/k-DSC_0038.jpg\"><img aria-describedby=\"caption-attachment-1276\" decoding=\"async\" loading=\"lazy\" class=\"size-full wp-image-1276\" src=\"https:\/\/www.naturparkmagazin.de\/stechlin\/wp-content\/uploads\/sites\/38\/k-DSC_0038.jpg\" alt=\"Siegerehrung der Bambinies\" width=\"320\" height=\"240\" srcset=\"https:\/\/www.naturparkmagazin.de\/stechlin\/wp-content\/uploads\/sites\/38\/k-DSC_0038.jpg 320w, https:\/\/www.naturparkmagazin.de\/stechlin\/wp-content\/uploads\/sites\/38\/k-DSC_0038-300x225.jpg 300w, https:\/\/www.naturparkmagazin.de\/stechlin\/wp-content\/uploads\/sites\/38\/k-DSC_0038-180x135.jpg 180w, https:\/\/www.naturparkmagazin.de\/stechlin\/wp-content\/uploads\/sites\/38\/k-DSC_0038-95x71.jpg 95w, https:\/\/www.naturparkmagazin.de\/stechlin\/wp-content\/uploads\/sites\/38\/k-DSC_0038-200x150.jpg 200w\" sizes=\"(max-width: 320px) 100vw, 320px\" \/><\/a><p id=\"caption-attachment-1276\" class=\"wp-caption-text\">Siegerehrung der Bambinies<\/p><\/div>\n<p>&nbsp;<\/p>\n","protected":false},"excerpt":{"rendered":"<p>Aktiv durch das Ruppiner Seenland zum 11. Mal in Menz<\/p>\n","protected":false},"author":39,"featured_media":1273,"comment_status":"open","ping_status":"open","sticky":false,"template":"","format":"standard","meta":[],"categories":[11],"tags":[],"yoast_head":"<!-- This site is optimized with the Yoast SEO plugin v19.10 - https:\/\/yoast.com\/wordpress\/plugins\/seo\/ -->\n<title>Aktiv durch das Ruppiner Seenland - Naturpark Stechlin-Ruppiner Land<\/title>\n<meta name=\"robots\" content=\"index, follow, max-snippet:-1, max-image-preview:large, max-video-preview:-1\" \/>\n<link rel=\"canonical\" href=\"https:\/\/www.naturparkmagazin.de\/stechlin\/aktiv-durch-das-ruppiner-seenland\/\" \/>\n<meta property=\"og:locale\" content=\"de_DE\" \/>\n<meta property=\"og:type\" content=\"article\" \/>\n<meta property=\"og:title\" content=\"Aktiv durch das Ruppiner Seenland - Naturpark Stechlin-Ruppiner Land\" \/>\n<meta property=\"og:description\" content=\"Aktiv durch das Ruppiner Seenland zum 11. Mal in Menz\" \/>\n<meta property=\"og:url\" content=\"https:\/\/www.naturparkmagazin.de\/stechlin\/aktiv-durch-das-ruppiner-seenland\/\" \/>\n<meta property=\"og:site_name\" content=\"Naturpark Stechlin-Ruppiner Land\" \/>\n<meta property=\"article:published_time\" content=\"2016-08-15T13:00:18+00:00\" \/>\n<meta property=\"article:modified_time\" content=\"2016-08-22T10:58:17+00:00\" \/>\n<meta property=\"og:image\" content=\"https:\/\/www.naturparkmagazin.de\/stechlin\/wp-content\/uploads\/sites\/38\/k-DSC_0021-e1502788621150.jpg\" \/>\n\t<meta property=\"og:image:width\" content=\"200\" \/>\n\t<meta property=\"og:image:height\" content=\"150\" \/>\n\t<meta property=\"og:image:type\" content=\"image\/jpeg\" \/>\n<meta name=\"author\" content=\"marioschrumpf\" \/>\n<meta name=\"twitter:label1\" content=\"Verfasst von\" \/>\n\t<meta name=\"twitter:data1\" content=\"marioschrumpf\" \/>\n\t<meta name=\"twitter:label2\" content=\"Gesch\u00e4tzte Lesezeit\" \/>\n\t<meta name=\"twitter:data2\" content=\"2\u00a0Minuten\" \/>\n<script type=\"application\/ld+json\" class=\"yoast-schema-graph\">{\"@context\":\"https:\/\/schema.org\",\"@graph\":[{\"@type\":\"WebPage\",\"@id\":\"https:\/\/www.naturparkmagazin.de\/stechlin\/aktiv-durch-das-ruppiner-seenland\/\",\"url\":\"https:\/\/www.naturparkmagazin.de\/stechlin\/aktiv-durch-das-ruppiner-seenland\/\",\"name\":\"Aktiv durch das Ruppiner Seenland - Naturpark Stechlin-Ruppiner Land\",\"isPartOf\":{\"@id\":\"https:\/\/www.naturparkmagazin.de\/stechlin\/#website\"},\"datePublished\":\"2016-08-15T13:00:18+00:00\",\"dateModified\":\"2016-08-22T10:58:17+00:00\",\"author\":{\"@id\":\"https:\/\/www.naturparkmagazin.de\/stechlin\/#\/schema\/person\/3f0d93203df21c806dd63c76d9bb28bc\"},\"breadcrumb\":{\"@id\":\"https:\/\/www.naturparkmagazin.de\/stechlin\/aktiv-durch-das-ruppiner-seenland\/#breadcrumb\"},\"inLanguage\":\"de\",\"potentialAction\":[{\"@type\":\"ReadAction\",\"target\":[\"https:\/\/www.naturparkmagazin.de\/stechlin\/aktiv-durch-das-ruppiner-seenland\/\"]}]},{\"@type\":\"BreadcrumbList\",\"@id\":\"https:\/\/www.naturparkmagazin.de\/stechlin\/aktiv-durch-das-ruppiner-seenland\/#breadcrumb\",\"itemListElement\":[{\"@type\":\"ListItem\",\"position\":1,\"name\":\"Home\",\"item\":\"https:\/\/www.naturparkmagazin.de\/stechlin\/\"},{\"@type\":\"ListItem\",\"position\":2,\"name\":\"Aktiv durch das Ruppiner Seenland\"}]},{\"@type\":\"WebSite\",\"@id\":\"https:\/\/www.naturparkmagazin.de\/stechlin\/#website\",\"url\":\"https:\/\/www.naturparkmagazin.de\/stechlin\/\",\"name\":\"Naturpark Stechlin-Ruppiner Land\",\"description\":\"\",\"potentialAction\":[{\"@type\":\"SearchAction\",\"target\":{\"@type\":\"EntryPoint\",\"urlTemplate\":\"https:\/\/www.naturparkmagazin.de\/stechlin\/?s={search_term_string}\"},\"query-input\":\"required name=search_term_string\"}],\"inLanguage\":\"de\"},{\"@type\":\"Person\",\"@id\":\"https:\/\/www.naturparkmagazin.de\/stechlin\/#\/schema\/person\/3f0d93203df21c806dd63c76d9bb28bc\",\"name\":\"marioschrumpf\",\"url\":\"https:\/\/www.naturparkmagazin.de\/stechlin\/author\/marioschrumpf\/\"}]}<\/script>\n<!-- \/ Yoast SEO plugin. -->","yoast_head_json":{"title":"Aktiv durch das Ruppiner Seenland - Naturpark Stechlin-Ruppiner Land","robots":{"index":"index","follow":"follow","max-snippet":"max-snippet:-1","max-image-preview":"max-image-preview:large","max-video-preview":"max-video-preview:-1"},"canonical":"https:\/\/www.naturparkmagazin.de\/stechlin\/aktiv-durch-das-ruppiner-seenland\/","og_locale":"de_DE","og_type":"article","og_title":"Aktiv durch das Ruppiner Seenland - Naturpark Stechlin-Ruppiner Land","og_description":"Aktiv durch das Ruppiner Seenland zum 11. Mal in Menz","og_url":"https:\/\/www.naturparkmagazin.de\/stechlin\/aktiv-durch-das-ruppiner-seenland\/","og_site_name":"Naturpark Stechlin-Ruppiner Land","article_published_time":"2016-08-15T13:00:18+00:00","article_modified_time":"2016-08-22T10:58:17+00:00","og_image":[{"width":200,"height":150,"url":"https:\/\/www.naturparkmagazin.de\/stechlin\/wp-content\/uploads\/sites\/38\/k-DSC_0021-e1502788621150.jpg","type":"image\/jpeg"}],"author":"marioschrumpf","twitter_misc":{"Verfasst von":"marioschrumpf","Gesch\u00e4tzte Lesezeit":"2\u00a0Minuten"},"schema":{"@context":"https:\/\/schema.org","@graph":[{"@type":"WebPage","@id":"https:\/\/www.naturparkmagazin.de\/stechlin\/aktiv-durch-das-ruppiner-seenland\/","url":"https:\/\/www.naturparkmagazin.de\/stechlin\/aktiv-durch-das-ruppiner-seenland\/","name":"Aktiv durch das Ruppiner Seenland - Naturpark Stechlin-Ruppiner Land","isPartOf":{"@id":"https:\/\/www.naturparkmagazin.de\/stechlin\/#website"},"datePublished":"2016-08-15T13:00:18+00:00","dateModified":"2016-08-22T10:58:17+00:00","author":{"@id":"https:\/\/www.naturparkmagazin.de\/stechlin\/#\/schema\/person\/3f0d93203df21c806dd63c76d9bb28bc"},"breadcrumb":{"@id":"https:\/\/www.naturparkmagazin.de\/stechlin\/aktiv-durch-das-ruppiner-seenland\/#breadcrumb"},"inLanguage":"de","potentialAction":[{"@type":"ReadAction","target":["https:\/\/www.naturparkmagazin.de\/stechlin\/aktiv-durch-das-ruppiner-seenland\/"]}]},{"@type":"BreadcrumbList","@id":"https:\/\/www.naturparkmagazin.de\/stechlin\/aktiv-durch-das-ruppiner-seenland\/#breadcrumb","itemListElement":[{"@type":"ListItem","position":1,"name":"Home","item":"https:\/\/www.naturparkmagazin.de\/stechlin\/"},{"@type":"ListItem","position":2,"name":"Aktiv durch das Ruppiner Seenland"}]},{"@type":"WebSite","@id":"https:\/\/www.naturparkmagazin.de\/stechlin\/#website","url":"https:\/\/www.naturparkmagazin.de\/stechlin\/","name":"Naturpark Stechlin-Ruppiner Land","description":"","potentialAction":[{"@type":"SearchAction","target":{"@type":"EntryPoint","urlTemplate":"https:\/\/www.naturparkmagazin.de\/stechlin\/?s={search_term_string}"},"query-input":"required name=search_term_string"}],"inLanguage":"de"},{"@type":"Person","@id":"https:\/\/www.naturparkmagazin.de\/stechlin\/#\/schema\/person\/3f0d93203df21c806dd63c76d9bb28bc","name":"marioschrumpf","url":"https:\/\/www.naturparkmagazin.de\/stechlin\/author\/marioschrumpf\/"}]}},"_links":{"self":[{"href":"https:\/\/www.naturparkmagazin.de\/stechlin\/wp-json\/wp\/v2\/posts\/1272"}],"collection":[{"href":"https:\/\/www.naturparkmagazin.de\/stechlin\/wp-json\/wp\/v2\/posts"}],"about":[{"href":"https:\/\/www.naturparkmagazin.de\/stechlin\/wp-json\/wp\/v2\/types\/post"}],"author":[{"embeddable":true,"href":"https:\/\/www.naturparkmagazin.de\/stechlin\/wp-json\/wp\/v2\/users\/39"}],"replies":[{"embeddable":true,"href":"https:\/\/www.naturparkmagazin.de\/stechlin\/wp-json\/wp\/v2\/comments?post=1272"}],"version-history":[{"count":10,"href":"https:\/\/www.naturparkmagazin.de\/stechlin\/wp-json\/wp\/v2\/posts\/1272\/revisions"}],"predecessor-version":[{"id":4434,"href":"https:\/\/www.naturparkmagazin.de\/stechlin\/wp-json\/wp\/v2\/posts\/1272\/revisions\/4434"}],"wp:featuredmedia":[{"embeddable":true,"href":"https:\/\/www.naturparkmagazin.de\/stechlin\/wp-json\/wp\/v2\/media\/1273"}],"wp:attachment":[{"href":"https:\/\/www.naturparkmagazin.de\/stechlin\/wp-json\/wp\/v2\/media?parent=1272"}],"wp:term":[{"taxonomy":"category","embeddable":true,"href":"https:\/\/www.naturparkmagazin.de\/stechlin\/wp-json\/wp\/v2\/categories?post=1272"},{"taxonomy":"post_tag","embeddable":true,"href":"https:\/\/www.naturparkmagazin.de\/stechlin\/wp-json\/wp\/v2\/tags?post=1272"}],"curies":[{"name":"wp","href":"https:\/\/api.w.org\/{rel}","templated":true}]}}