{"id":12720,"date":"2022-10-15T15:00:41","date_gmt":"2022-10-15T13:00:41","guid":{"rendered":"https:\/\/www.naturparkmagazin.de\/stechlin\/?p=12720"},"modified":"2022-10-24T13:29:03","modified_gmt":"2022-10-24T11:29:03","slug":"familien-pflanzen-apfelbaeume-in-sewekow","status":"publish","type":"post","link":"https:\/\/www.naturparkmagazin.de\/stechlin\/familien-pflanzen-apfelbaeume-in-sewekow\/","title":{"rendered":"Familien pflanzen Apfelb\u00e4ume in Sewekow"},"content":{"rendered":"<p>Mehr als 20 Sewekower kamen am 22.10. zum Apfelpflanzeinsatz zum Glambeck-Weg.<\/p>\n<p>Eingeladen hatte die Vorsitzende des Dorfvereins Heidi Sch\u00e4fer. 16 Apfelhochst\u00e4mme alter Sorten aus dem Genressourcenprojekt Streuobst des Naturparks wurden gemeinsam gepflanzt.<\/p>\n<div id=\"attachment_12724\" style=\"width: 310px\" class=\"wp-caption aligncenter\"><a href=\"https:\/\/www.naturparkmagazin.de\/stechlin\/wp-content\/uploads\/sites\/38\/DSC_0105.jpg\"><img aria-describedby=\"caption-attachment-12724\" decoding=\"async\" loading=\"lazy\" class=\"size-thumbnail wp-image-12724\" src=\"https:\/\/www.naturparkmagazin.de\/stechlin\/wp-content\/uploads\/sites\/38\/DSC_0105-300x180.jpg\" alt=\"Die Kollegen vom Landschaftspflegeverein Norduckerm\u00e4rkische Seenlandschaft e.V. unterst\u00fctzten mit Technik. \u00a9 Dr. Mario Schrumpf\" width=\"300\" height=\"180\" srcset=\"https:\/\/www.naturparkmagazin.de\/stechlin\/wp-content\/uploads\/sites\/38\/DSC_0105-300x180.jpg 300w, https:\/\/www.naturparkmagazin.de\/stechlin\/wp-content\/uploads\/sites\/38\/DSC_0105.jpg 500w, https:\/\/www.naturparkmagazin.de\/stechlin\/wp-content\/uploads\/sites\/38\/DSC_0105-200x120.jpg 200w\" sizes=\"(max-width: 300px) 100vw, 300px\" \/><\/a><p id=\"caption-attachment-12724\" class=\"wp-caption-text\">Die Kollegen vom Landschaftspflegeverein Norduckerm\u00e4rkische Seenlandschaft e.V. unterst\u00fctzten mit Technik.\u00a9 Dr. Mario Schrumpf<\/p><\/div>\n<p>Der Landschaftspflegeverein Norduckerm\u00e4rkische Seenlandschaft e.V. hat das Material bereitgestellt und die fachliche Anleitung \u00fcbernommen.<\/p>\n<p>Grundlage war das von Marc Marquardt (Schwarmlandhof Heinrichsdorf) im Auftrag der Naturparkverwaltung erarbeitete Konzept zum Erhalt der alten Streuobstbest\u00e4nde um Sewekow. Darin wurde vorgeschlagen, neben einem Pflegeschnitt der Altb\u00e4ume, bestehende L\u00fccken mit jungen B\u00e4umen zu bepflanzen.<\/p>\n<div id=\"attachment_12727\" style=\"width: 310px\" class=\"wp-caption aligncenter\"><a href=\"https:\/\/www.naturparkmagazin.de\/stechlin\/wp-content\/uploads\/sites\/38\/DSC_0124.jpg\"><img aria-describedby=\"caption-attachment-12727\" decoding=\"async\" loading=\"lazy\" class=\"size-thumbnail wp-image-12727\" src=\"https:\/\/www.naturparkmagazin.de\/stechlin\/wp-content\/uploads\/sites\/38\/DSC_0124-300x500.jpg\" alt=\"Obstbaumwart Marc Marquardt erkl\u00e4rte den Pflanzschnitt. \u00a9 Dr. Mario Schrumpf\" width=\"300\" height=\"500\" srcset=\"https:\/\/www.naturparkmagazin.de\/stechlin\/wp-content\/uploads\/sites\/38\/DSC_0124.jpg 300w, https:\/\/www.naturparkmagazin.de\/stechlin\/wp-content\/uploads\/sites\/38\/DSC_0124-200x333.jpg 200w\" sizes=\"(max-width: 300px) 100vw, 300px\" \/><\/a><p id=\"caption-attachment-12727\" class=\"wp-caption-text\">Obstbaumwart Marc Marquardt erkl\u00e4rte den Pflanzschnitt.\u00a9 Dr. Mario Schrumpf<\/p><\/div>\n<p>Die Pflege der Jungb\u00e4ume erfolgt \u00fcber Baumpatenschaften. Marc Marquardt wurde vom Naturpark mit dem Erziehungsschnitt in den ersten Jahren beauftragt.<\/p>\n<div id=\"attachment_12725\" style=\"width: 310px\" class=\"wp-caption aligncenter\"><a href=\"https:\/\/www.naturparkmagazin.de\/stechlin\/wp-content\/uploads\/sites\/38\/DSC_0109.jpg\"><img aria-describedby=\"caption-attachment-12725\" decoding=\"async\" loading=\"lazy\" class=\"size-thumbnail wp-image-12725\" src=\"https:\/\/www.naturparkmagazin.de\/stechlin\/wp-content\/uploads\/sites\/38\/DSC_0109-300x180.jpg\" alt=\"Nach der Pflanzung wurde mit Wasser aus dem Wasserwagen frei\u00dfig angegossen. \u00a9 Dr. Mario Schrumpf\" width=\"300\" height=\"180\" srcset=\"https:\/\/www.naturparkmagazin.de\/stechlin\/wp-content\/uploads\/sites\/38\/DSC_0109-300x180.jpg 300w, https:\/\/www.naturparkmagazin.de\/stechlin\/wp-content\/uploads\/sites\/38\/DSC_0109.jpg 500w, https:\/\/www.naturparkmagazin.de\/stechlin\/wp-content\/uploads\/sites\/38\/DSC_0109-200x120.jpg 200w\" sizes=\"(max-width: 300px) 100vw, 300px\" \/><\/a><p id=\"caption-attachment-12725\" class=\"wp-caption-text\">Nach der Pflanzung wurde mit Wasser aus dem Wasserwagen flei\u00dfig gegossen.\u00a9 Dr. Mario Schrumpf<\/p><\/div>\n<p>Die Aktion wurde im Rahmen der Bildung f\u00fcr nachhaltige Entwicklung vom Naturpark finanziert.<\/p>\n<div id=\"attachment_12728\" style=\"width: 310px\" class=\"wp-caption aligncenter\"><a href=\"https:\/\/www.naturparkmagazin.de\/stechlin\/wp-content\/uploads\/sites\/38\/DSC_0133.jpg\"><img aria-describedby=\"caption-attachment-12728\" decoding=\"async\" loading=\"lazy\" class=\"size-thumbnail wp-image-12728\" src=\"https:\/\/www.naturparkmagazin.de\/stechlin\/wp-content\/uploads\/sites\/38\/DSC_0133-300x180.jpg\" alt=\"F\u00fcr alle B\u00e4ume wurden Buampatenschaften vergeben. \u00a9 Dr. Mario Schrumpf\" width=\"300\" height=\"180\" srcset=\"https:\/\/www.naturparkmagazin.de\/stechlin\/wp-content\/uploads\/sites\/38\/DSC_0133-300x180.jpg 300w, https:\/\/www.naturparkmagazin.de\/stechlin\/wp-content\/uploads\/sites\/38\/DSC_0133.jpg 500w, https:\/\/www.naturparkmagazin.de\/stechlin\/wp-content\/uploads\/sites\/38\/DSC_0133-200x120.jpg 200w\" sizes=\"(max-width: 300px) 100vw, 300px\" \/><\/a><p id=\"caption-attachment-12728\" class=\"wp-caption-text\">F\u00fcr alle B\u00e4ume wurden Buampatenschaften vergeben.\u00a9 Dr. Mario Schrumpf<\/p><\/div>\n","protected":false},"excerpt":{"rendered":"<p>Mehr als 20 Sewekower kamen am 22.10. zum Apfelpflanzeinsatz zum Glambeck-Weg.<\/p>\n","protected":false},"author":39,"featured_media":12726,"comment_status":"open","ping_status":"open","sticky":false,"template":"","format":"standard","meta":[],"categories":[7],"tags":[],"yoast_head":"<!-- This site is optimized with the Yoast SEO plugin v19.10 - https:\/\/yoast.com\/wordpress\/plugins\/seo\/ -->\n<title>Familien pflanzen Apfelb\u00e4ume in Sewekow - Naturpark Stechlin-Ruppiner Land<\/title>\n<meta name=\"robots\" content=\"index, follow, max-snippet:-1, max-image-preview:large, max-video-preview:-1\" \/>\n<link rel=\"canonical\" href=\"https:\/\/www.naturparkmagazin.de\/stechlin\/familien-pflanzen-apfelbaeume-in-sewekow\/\" \/>\n<meta property=\"og:locale\" content=\"de_DE\" \/>\n<meta property=\"og:type\" content=\"article\" \/>\n<meta property=\"og:title\" content=\"Familien pflanzen Apfelb\u00e4ume in Sewekow - Naturpark Stechlin-Ruppiner Land\" \/>\n<meta property=\"og:description\" content=\"Mehr als 20 Sewekower kamen am 22.10. zum Apfelpflanzeinsatz zum Glambeck-Weg.\" \/>\n<meta property=\"og:url\" content=\"https:\/\/www.naturparkmagazin.de\/stechlin\/familien-pflanzen-apfelbaeume-in-sewekow\/\" \/>\n<meta property=\"og:site_name\" content=\"Naturpark Stechlin-Ruppiner Land\" \/>\n<meta property=\"article:published_time\" content=\"2022-10-15T13:00:41+00:00\" \/>\n<meta property=\"article:modified_time\" content=\"2022-10-24T11:29:03+00:00\" \/>\n<meta property=\"og:image\" content=\"https:\/\/www.naturparkmagazin.de\/stechlin\/wp-content\/uploads\/sites\/38\/DSC_0117_a.jpg\" \/>\n\t<meta property=\"og:image:width\" content=\"200\" \/>\n\t<meta property=\"og:image:height\" content=\"200\" \/>\n\t<meta property=\"og:image:type\" content=\"image\/jpeg\" \/>\n<meta name=\"author\" content=\"marioschrumpf\" \/>\n<meta name=\"twitter:label1\" content=\"Verfasst von\" \/>\n\t<meta name=\"twitter:data1\" content=\"marioschrumpf\" \/>\n\t<meta name=\"twitter:label2\" content=\"Gesch\u00e4tzte Lesezeit\" \/>\n\t<meta name=\"twitter:data2\" content=\"1\u00a0Minute\" \/>\n<script type=\"application\/ld+json\" class=\"yoast-schema-graph\">{\"@context\":\"https:\/\/schema.org\",\"@graph\":[{\"@type\":\"WebPage\",\"@id\":\"https:\/\/www.naturparkmagazin.de\/stechlin\/familien-pflanzen-apfelbaeume-in-sewekow\/\",\"url\":\"https:\/\/www.naturparkmagazin.de\/stechlin\/familien-pflanzen-apfelbaeume-in-sewekow\/\",\"name\":\"Familien pflanzen Apfelb\u00e4ume in Sewekow - Naturpark Stechlin-Ruppiner Land\",\"isPartOf\":{\"@id\":\"https:\/\/www.naturparkmagazin.de\/stechlin\/#website\"},\"datePublished\":\"2022-10-15T13:00:41+00:00\",\"dateModified\":\"2022-10-24T11:29:03+00:00\",\"author\":{\"@id\":\"https:\/\/www.naturparkmagazin.de\/stechlin\/#\/schema\/person\/3f0d93203df21c806dd63c76d9bb28bc\"},\"breadcrumb\":{\"@id\":\"https:\/\/www.naturparkmagazin.de\/stechlin\/familien-pflanzen-apfelbaeume-in-sewekow\/#breadcrumb\"},\"inLanguage\":\"de\",\"potentialAction\":[{\"@type\":\"ReadAction\",\"target\":[\"https:\/\/www.naturparkmagazin.de\/stechlin\/familien-pflanzen-apfelbaeume-in-sewekow\/\"]}]},{\"@type\":\"BreadcrumbList\",\"@id\":\"https:\/\/www.naturparkmagazin.de\/stechlin\/familien-pflanzen-apfelbaeume-in-sewekow\/#breadcrumb\",\"itemListElement\":[{\"@type\":\"ListItem\",\"position\":1,\"name\":\"Home\",\"item\":\"https:\/\/www.naturparkmagazin.de\/stechlin\/\"},{\"@type\":\"ListItem\",\"position\":2,\"name\":\"Familien pflanzen Apfelb\u00e4ume in Sewekow\"}]},{\"@type\":\"WebSite\",\"@id\":\"https:\/\/www.naturparkmagazin.de\/stechlin\/#website\",\"url\":\"https:\/\/www.naturparkmagazin.de\/stechlin\/\",\"name\":\"Naturpark Stechlin-Ruppiner Land\",\"description\":\"\",\"potentialAction\":[{\"@type\":\"SearchAction\",\"target\":{\"@type\":\"EntryPoint\",\"urlTemplate\":\"https:\/\/www.naturparkmagazin.de\/stechlin\/?s={search_term_string}\"},\"query-input\":\"required name=search_term_string\"}],\"inLanguage\":\"de\"},{\"@type\":\"Person\",\"@id\":\"https:\/\/www.naturparkmagazin.de\/stechlin\/#\/schema\/person\/3f0d93203df21c806dd63c76d9bb28bc\",\"name\":\"marioschrumpf\",\"url\":\"https:\/\/www.naturparkmagazin.de\/stechlin\/author\/marioschrumpf\/\"}]}<\/script>\n<!-- \/ Yoast SEO plugin. -->","yoast_head_json":{"title":"Familien pflanzen Apfelb\u00e4ume in Sewekow - Naturpark Stechlin-Ruppiner Land","robots":{"index":"index","follow":"follow","max-snippet":"max-snippet:-1","max-image-preview":"max-image-preview:large","max-video-preview":"max-video-preview:-1"},"canonical":"https:\/\/www.naturparkmagazin.de\/stechlin\/familien-pflanzen-apfelbaeume-in-sewekow\/","og_locale":"de_DE","og_type":"article","og_title":"Familien pflanzen Apfelb\u00e4ume in Sewekow - Naturpark Stechlin-Ruppiner Land","og_description":"Mehr als 20 Sewekower kamen am 22.10. zum Apfelpflanzeinsatz zum Glambeck-Weg.","og_url":"https:\/\/www.naturparkmagazin.de\/stechlin\/familien-pflanzen-apfelbaeume-in-sewekow\/","og_site_name":"Naturpark Stechlin-Ruppiner Land","article_published_time":"2022-10-15T13:00:41+00:00","article_modified_time":"2022-10-24T11:29:03+00:00","og_image":[{"width":200,"height":200,"url":"https:\/\/www.naturparkmagazin.de\/stechlin\/wp-content\/uploads\/sites\/38\/DSC_0117_a.jpg","type":"image\/jpeg"}],"author":"marioschrumpf","twitter_misc":{"Verfasst von":"marioschrumpf","Gesch\u00e4tzte Lesezeit":"1\u00a0Minute"},"schema":{"@context":"https:\/\/schema.org","@graph":[{"@type":"WebPage","@id":"https:\/\/www.naturparkmagazin.de\/stechlin\/familien-pflanzen-apfelbaeume-in-sewekow\/","url":"https:\/\/www.naturparkmagazin.de\/stechlin\/familien-pflanzen-apfelbaeume-in-sewekow\/","name":"Familien pflanzen Apfelb\u00e4ume in Sewekow - Naturpark Stechlin-Ruppiner Land","isPartOf":{"@id":"https:\/\/www.naturparkmagazin.de\/stechlin\/#website"},"datePublished":"2022-10-15T13:00:41+00:00","dateModified":"2022-10-24T11:29:03+00:00","author":{"@id":"https:\/\/www.naturparkmagazin.de\/stechlin\/#\/schema\/person\/3f0d93203df21c806dd63c76d9bb28bc"},"breadcrumb":{"@id":"https:\/\/www.naturparkmagazin.de\/stechlin\/familien-pflanzen-apfelbaeume-in-sewekow\/#breadcrumb"},"inLanguage":"de","potentialAction":[{"@type":"ReadAction","target":["https:\/\/www.naturparkmagazin.de\/stechlin\/familien-pflanzen-apfelbaeume-in-sewekow\/"]}]},{"@type":"BreadcrumbList","@id":"https:\/\/www.naturparkmagazin.de\/stechlin\/familien-pflanzen-apfelbaeume-in-sewekow\/#breadcrumb","itemListElement":[{"@type":"ListItem","position":1,"name":"Home","item":"https:\/\/www.naturparkmagazin.de\/stechlin\/"},{"@type":"ListItem","position":2,"name":"Familien pflanzen Apfelb\u00e4ume in Sewekow"}]},{"@type":"WebSite","@id":"https:\/\/www.naturparkmagazin.de\/stechlin\/#website","url":"https:\/\/www.naturparkmagazin.de\/stechlin\/","name":"Naturpark Stechlin-Ruppiner Land","description":"","potentialAction":[{"@type":"SearchAction","target":{"@type":"EntryPoint","urlTemplate":"https:\/\/www.naturparkmagazin.de\/stechlin\/?s={search_term_string}"},"query-input":"required name=search_term_string"}],"inLanguage":"de"},{"@type":"Person","@id":"https:\/\/www.naturparkmagazin.de\/stechlin\/#\/schema\/person\/3f0d93203df21c806dd63c76d9bb28bc","name":"marioschrumpf","url":"https:\/\/www.naturparkmagazin.de\/stechlin\/author\/marioschrumpf\/"}]}},"_links":{"self":[{"href":"https:\/\/www.naturparkmagazin.de\/stechlin\/wp-json\/wp\/v2\/posts\/12720"}],"collection":[{"href":"https:\/\/www.naturparkmagazin.de\/stechlin\/wp-json\/wp\/v2\/posts"}],"about":[{"href":"https:\/\/www.naturparkmagazin.de\/stechlin\/wp-json\/wp\/v2\/types\/post"}],"author":[{"embeddable":true,"href":"https:\/\/www.naturparkmagazin.de\/stechlin\/wp-json\/wp\/v2\/users\/39"}],"replies":[{"embeddable":true,"href":"https:\/\/www.naturparkmagazin.de\/stechlin\/wp-json\/wp\/v2\/comments?post=12720"}],"version-history":[{"count":3,"href":"https:\/\/www.naturparkmagazin.de\/stechlin\/wp-json\/wp\/v2\/posts\/12720\/revisions"}],"predecessor-version":[{"id":12737,"href":"https:\/\/www.naturparkmagazin.de\/stechlin\/wp-json\/wp\/v2\/posts\/12720\/revisions\/12737"}],"wp:featuredmedia":[{"embeddable":true,"href":"https:\/\/www.naturparkmagazin.de\/stechlin\/wp-json\/wp\/v2\/media\/12726"}],"wp:attachment":[{"href":"https:\/\/www.naturparkmagazin.de\/stechlin\/wp-json\/wp\/v2\/media?parent=12720"}],"wp:term":[{"taxonomy":"category","embeddable":true,"href":"https:\/\/www.naturparkmagazin.de\/stechlin\/wp-json\/wp\/v2\/categories?post=12720"},{"taxonomy":"post_tag","embeddable":true,"href":"https:\/\/www.naturparkmagazin.de\/stechlin\/wp-json\/wp\/v2\/tags?post=12720"}],"curies":[{"name":"wp","href":"https:\/\/api.w.org\/{rel}","templated":true}]}}