{"id":12742,"date":"2022-10-15T14:16:47","date_gmt":"2022-10-15T12:16:47","guid":{"rendered":"https:\/\/www.naturparkmagazin.de\/stechlin\/?p=12742"},"modified":"2022-10-24T14:27:09","modified_gmt":"2022-10-24T12:27:09","slug":"helfer-fuer-pflanzeinsatz-gesucht","status":"publish","type":"post","link":"https:\/\/www.naturparkmagazin.de\/stechlin\/helfer-fuer-pflanzeinsatz-gesucht\/","title":{"rendered":"Helfer f\u00fcr Pflanzeinsatz in Kleinzerlang gesucht"},"content":{"rendered":"<p>Am <strong>5. November, 9 Uhr<\/strong> laden der Heimat- und Kulturverein Kleinzerlang und die Naturparkverwaltung zum Pflanzeinsatz ein. Entlang des Wanderweges am H\u00fcttenkanal an der Streuobstwiese soll auf einer L\u00e4nge von ca. 250 m eine Baumreihe mit 25 Steileichen gepflanzt werden.<\/p>\n<p>Die fachliche Anleitung erfolgt durch den Landschaftspflegeverein Norduckerm\u00e4rkische Seenlandschaft e.V., der auch f\u00fcr die Bereitstellung des Pflanzmaterials sorgt und die dreij\u00e4hrige Anwachspflege \u00fcbernimmt.<\/p>\n<p>&nbsp;<\/p>\n<div id=\"attachment_11819\" style=\"width: 309px\" class=\"wp-caption aligncenter\"><a href=\"https:\/\/www.naturparkmagazin.de\/stechlin\/wp-content\/uploads\/sites\/38\/Pflanzeinsatz_KaterbowAktion_0003.jpg\"><img aria-describedby=\"caption-attachment-11819\" decoding=\"async\" loading=\"lazy\" class=\"size-full wp-image-11819\" src=\"https:\/\/www.naturparkmagazin.de\/stechlin\/wp-content\/uploads\/sites\/38\/Pflanzeinsatz_KaterbowAktion_0003.jpg\" alt=\"\u00a9 Mario Schrumpf\" width=\"299\" height=\"200\" srcset=\"https:\/\/www.naturparkmagazin.de\/stechlin\/wp-content\/uploads\/sites\/38\/Pflanzeinsatz_KaterbowAktion_0003.jpg 299w, https:\/\/www.naturparkmagazin.de\/stechlin\/wp-content\/uploads\/sites\/38\/Pflanzeinsatz_KaterbowAktion_0003-200x134.jpg 200w\" sizes=\"(max-width: 299px) 100vw, 299px\" \/><\/a><p id=\"caption-attachment-11819\" class=\"wp-caption-text\">Gemeinsam macht die Arbeit mehr Spa\u00df! \u00a9 Dr.\u00a0 Mario Schrumpf<\/p><\/div>\n<p>Die Finanzierung des Vorhabens \u00fcbernimmt die Stadt Rheinsberg als Kompensation f\u00fcr gef\u00e4llte B\u00e4ume im Stadtgebiet. Die Kommune ist auch Eigent\u00fcmerin des Wegeflurst\u00fccks. Die Aktion wird von der Rheinsberger Preussenquelle und vom Naturpark unterst\u00fctzt.<\/p>\n<p>Mit der Pflanzung wird die im letzten Jahr bereits entstandene Streuobstwiese sinnvoll erg\u00e4nzt.<\/p>\n<p><strong>Alle Kleinzerlanger und G\u00e4ste sind aufgerufen, sich an der Pflanzaktion zu beteiligen!\n<\/strong><\/p>\n<p><strong>\u00a0<\/strong><\/p>\n<div id=\"attachment_11285\" style=\"width: 310px\" class=\"wp-caption aligncenter\"><a href=\"https:\/\/www.naturparkmagazin.de\/stechlin\/wp-content\/uploads\/sites\/38\/w\u00e4ssern.jpg\"><img aria-describedby=\"caption-attachment-11285\" decoding=\"async\" loading=\"lazy\" class=\"size-thumbnail wp-image-11285\" src=\"https:\/\/www.naturparkmagazin.de\/stechlin\/wp-content\/uploads\/sites\/38\/w\u00e4ssern-300x180.jpg\" alt=\"Zum Schluss wurden die Obstb\u00e4ume angegossen. \u00a9 Foto: Dr. Mario Schrumpf\" width=\"300\" height=\"180\" srcset=\"https:\/\/www.naturparkmagazin.de\/stechlin\/wp-content\/uploads\/sites\/38\/w\u00e4ssern-300x180.jpg 300w, https:\/\/www.naturparkmagazin.de\/stechlin\/wp-content\/uploads\/sites\/38\/w\u00e4ssern.jpg 500w, https:\/\/www.naturparkmagazin.de\/stechlin\/wp-content\/uploads\/sites\/38\/w\u00e4ssern-200x120.jpg 200w\" sizes=\"(max-width: 300px) 100vw, 300px\" \/><\/a><p id=\"caption-attachment-11285\" class=\"wp-caption-text\">Zum Schluss werden die B\u00e4ume angegossen.\u00a9 Foto: Dr. Mario Schrumpf<\/p><\/div>\n<p>&nbsp;<\/p>\n<p>&nbsp;<\/p>\n","protected":false},"excerpt":{"rendered":"<p>Am 5. November, 9 Uhr laden der Heimat- und Kulturverein Kleinzerlang und die Naturparkverwaltung zum Pflanzeinsatz ein. <\/p>\n","protected":false},"author":39,"featured_media":10033,"comment_status":"open","ping_status":"open","sticky":false,"template":"","format":"standard","meta":[],"categories":[11],"tags":[],"yoast_head":"<!-- This site is optimized with the Yoast SEO plugin v19.10 - https:\/\/yoast.com\/wordpress\/plugins\/seo\/ -->\n<title>Helfer f\u00fcr Pflanzeinsatz in Kleinzerlang gesucht - Naturpark Stechlin-Ruppiner Land<\/title>\n<meta name=\"robots\" content=\"index, follow, max-snippet:-1, max-image-preview:large, max-video-preview:-1\" \/>\n<link rel=\"canonical\" href=\"https:\/\/www.naturparkmagazin.de\/stechlin\/helfer-fuer-pflanzeinsatz-gesucht\/\" \/>\n<meta property=\"og:locale\" content=\"de_DE\" \/>\n<meta property=\"og:type\" content=\"article\" \/>\n<meta property=\"og:title\" content=\"Helfer f\u00fcr Pflanzeinsatz in Kleinzerlang gesucht - Naturpark Stechlin-Ruppiner Land\" \/>\n<meta property=\"og:description\" content=\"Am 5. November, 9 Uhr laden der Heimat- und Kulturverein Kleinzerlang und die Naturparkverwaltung zum Pflanzeinsatz ein.\" \/>\n<meta property=\"og:url\" content=\"https:\/\/www.naturparkmagazin.de\/stechlin\/helfer-fuer-pflanzeinsatz-gesucht\/\" \/>\n<meta property=\"og:site_name\" content=\"Naturpark Stechlin-Ruppiner Land\" \/>\n<meta property=\"article:published_time\" content=\"2022-10-15T12:16:47+00:00\" \/>\n<meta property=\"article:modified_time\" content=\"2022-10-24T12:27:09+00:00\" \/>\n<meta property=\"og:image\" content=\"https:\/\/www.naturparkmagazin.de\/stechlin\/wp-content\/uploads\/sites\/38\/aufmacher4.jpg\" \/>\n\t<meta property=\"og:image:width\" content=\"200\" \/>\n\t<meta property=\"og:image:height\" content=\"200\" \/>\n\t<meta property=\"og:image:type\" content=\"image\/jpeg\" \/>\n<meta name=\"author\" content=\"marioschrumpf\" \/>\n<meta name=\"twitter:label1\" content=\"Verfasst von\" \/>\n\t<meta name=\"twitter:data1\" content=\"marioschrumpf\" \/>\n\t<meta name=\"twitter:label2\" content=\"Gesch\u00e4tzte Lesezeit\" \/>\n\t<meta name=\"twitter:data2\" content=\"1\u00a0Minute\" \/>\n<script type=\"application\/ld+json\" class=\"yoast-schema-graph\">{\"@context\":\"https:\/\/schema.org\",\"@graph\":[{\"@type\":\"WebPage\",\"@id\":\"https:\/\/www.naturparkmagazin.de\/stechlin\/helfer-fuer-pflanzeinsatz-gesucht\/\",\"url\":\"https:\/\/www.naturparkmagazin.de\/stechlin\/helfer-fuer-pflanzeinsatz-gesucht\/\",\"name\":\"Helfer f\u00fcr Pflanzeinsatz in Kleinzerlang gesucht - Naturpark Stechlin-Ruppiner Land\",\"isPartOf\":{\"@id\":\"https:\/\/www.naturparkmagazin.de\/stechlin\/#website\"},\"datePublished\":\"2022-10-15T12:16:47+00:00\",\"dateModified\":\"2022-10-24T12:27:09+00:00\",\"author\":{\"@id\":\"https:\/\/www.naturparkmagazin.de\/stechlin\/#\/schema\/person\/3f0d93203df21c806dd63c76d9bb28bc\"},\"breadcrumb\":{\"@id\":\"https:\/\/www.naturparkmagazin.de\/stechlin\/helfer-fuer-pflanzeinsatz-gesucht\/#breadcrumb\"},\"inLanguage\":\"de\",\"potentialAction\":[{\"@type\":\"ReadAction\",\"target\":[\"https:\/\/www.naturparkmagazin.de\/stechlin\/helfer-fuer-pflanzeinsatz-gesucht\/\"]}]},{\"@type\":\"BreadcrumbList\",\"@id\":\"https:\/\/www.naturparkmagazin.de\/stechlin\/helfer-fuer-pflanzeinsatz-gesucht\/#breadcrumb\",\"itemListElement\":[{\"@type\":\"ListItem\",\"position\":1,\"name\":\"Home\",\"item\":\"https:\/\/www.naturparkmagazin.de\/stechlin\/\"},{\"@type\":\"ListItem\",\"position\":2,\"name\":\"Helfer f\u00fcr Pflanzeinsatz in Kleinzerlang gesucht\"}]},{\"@type\":\"WebSite\",\"@id\":\"https:\/\/www.naturparkmagazin.de\/stechlin\/#website\",\"url\":\"https:\/\/www.naturparkmagazin.de\/stechlin\/\",\"name\":\"Naturpark Stechlin-Ruppiner Land\",\"description\":\"\",\"potentialAction\":[{\"@type\":\"SearchAction\",\"target\":{\"@type\":\"EntryPoint\",\"urlTemplate\":\"https:\/\/www.naturparkmagazin.de\/stechlin\/?s={search_term_string}\"},\"query-input\":\"required name=search_term_string\"}],\"inLanguage\":\"de\"},{\"@type\":\"Person\",\"@id\":\"https:\/\/www.naturparkmagazin.de\/stechlin\/#\/schema\/person\/3f0d93203df21c806dd63c76d9bb28bc\",\"name\":\"marioschrumpf\",\"url\":\"https:\/\/www.naturparkmagazin.de\/stechlin\/author\/marioschrumpf\/\"}]}<\/script>\n<!-- \/ Yoast SEO plugin. -->","yoast_head_json":{"title":"Helfer f\u00fcr Pflanzeinsatz in Kleinzerlang gesucht - Naturpark Stechlin-Ruppiner Land","robots":{"index":"index","follow":"follow","max-snippet":"max-snippet:-1","max-image-preview":"max-image-preview:large","max-video-preview":"max-video-preview:-1"},"canonical":"https:\/\/www.naturparkmagazin.de\/stechlin\/helfer-fuer-pflanzeinsatz-gesucht\/","og_locale":"de_DE","og_type":"article","og_title":"Helfer f\u00fcr Pflanzeinsatz in Kleinzerlang gesucht - Naturpark Stechlin-Ruppiner Land","og_description":"Am 5. November, 9 Uhr laden der Heimat- und Kulturverein Kleinzerlang und die Naturparkverwaltung zum Pflanzeinsatz ein.","og_url":"https:\/\/www.naturparkmagazin.de\/stechlin\/helfer-fuer-pflanzeinsatz-gesucht\/","og_site_name":"Naturpark Stechlin-Ruppiner Land","article_published_time":"2022-10-15T12:16:47+00:00","article_modified_time":"2022-10-24T12:27:09+00:00","og_image":[{"width":200,"height":200,"url":"https:\/\/www.naturparkmagazin.de\/stechlin\/wp-content\/uploads\/sites\/38\/aufmacher4.jpg","type":"image\/jpeg"}],"author":"marioschrumpf","twitter_misc":{"Verfasst von":"marioschrumpf","Gesch\u00e4tzte Lesezeit":"1\u00a0Minute"},"schema":{"@context":"https:\/\/schema.org","@graph":[{"@type":"WebPage","@id":"https:\/\/www.naturparkmagazin.de\/stechlin\/helfer-fuer-pflanzeinsatz-gesucht\/","url":"https:\/\/www.naturparkmagazin.de\/stechlin\/helfer-fuer-pflanzeinsatz-gesucht\/","name":"Helfer f\u00fcr Pflanzeinsatz in Kleinzerlang gesucht - Naturpark Stechlin-Ruppiner Land","isPartOf":{"@id":"https:\/\/www.naturparkmagazin.de\/stechlin\/#website"},"datePublished":"2022-10-15T12:16:47+00:00","dateModified":"2022-10-24T12:27:09+00:00","author":{"@id":"https:\/\/www.naturparkmagazin.de\/stechlin\/#\/schema\/person\/3f0d93203df21c806dd63c76d9bb28bc"},"breadcrumb":{"@id":"https:\/\/www.naturparkmagazin.de\/stechlin\/helfer-fuer-pflanzeinsatz-gesucht\/#breadcrumb"},"inLanguage":"de","potentialAction":[{"@type":"ReadAction","target":["https:\/\/www.naturparkmagazin.de\/stechlin\/helfer-fuer-pflanzeinsatz-gesucht\/"]}]},{"@type":"BreadcrumbList","@id":"https:\/\/www.naturparkmagazin.de\/stechlin\/helfer-fuer-pflanzeinsatz-gesucht\/#breadcrumb","itemListElement":[{"@type":"ListItem","position":1,"name":"Home","item":"https:\/\/www.naturparkmagazin.de\/stechlin\/"},{"@type":"ListItem","position":2,"name":"Helfer f\u00fcr Pflanzeinsatz in Kleinzerlang gesucht"}]},{"@type":"WebSite","@id":"https:\/\/www.naturparkmagazin.de\/stechlin\/#website","url":"https:\/\/www.naturparkmagazin.de\/stechlin\/","name":"Naturpark Stechlin-Ruppiner Land","description":"","potentialAction":[{"@type":"SearchAction","target":{"@type":"EntryPoint","urlTemplate":"https:\/\/www.naturparkmagazin.de\/stechlin\/?s={search_term_string}"},"query-input":"required name=search_term_string"}],"inLanguage":"de"},{"@type":"Person","@id":"https:\/\/www.naturparkmagazin.de\/stechlin\/#\/schema\/person\/3f0d93203df21c806dd63c76d9bb28bc","name":"marioschrumpf","url":"https:\/\/www.naturparkmagazin.de\/stechlin\/author\/marioschrumpf\/"}]}},"_links":{"self":[{"href":"https:\/\/www.naturparkmagazin.de\/stechlin\/wp-json\/wp\/v2\/posts\/12742"}],"collection":[{"href":"https:\/\/www.naturparkmagazin.de\/stechlin\/wp-json\/wp\/v2\/posts"}],"about":[{"href":"https:\/\/www.naturparkmagazin.de\/stechlin\/wp-json\/wp\/v2\/types\/post"}],"author":[{"embeddable":true,"href":"https:\/\/www.naturparkmagazin.de\/stechlin\/wp-json\/wp\/v2\/users\/39"}],"replies":[{"embeddable":true,"href":"https:\/\/www.naturparkmagazin.de\/stechlin\/wp-json\/wp\/v2\/comments?post=12742"}],"version-history":[{"count":5,"href":"https:\/\/www.naturparkmagazin.de\/stechlin\/wp-json\/wp\/v2\/posts\/12742\/revisions"}],"predecessor-version":[{"id":12749,"href":"https:\/\/www.naturparkmagazin.de\/stechlin\/wp-json\/wp\/v2\/posts\/12742\/revisions\/12749"}],"wp:featuredmedia":[{"embeddable":true,"href":"https:\/\/www.naturparkmagazin.de\/stechlin\/wp-json\/wp\/v2\/media\/10033"}],"wp:attachment":[{"href":"https:\/\/www.naturparkmagazin.de\/stechlin\/wp-json\/wp\/v2\/media?parent=12742"}],"wp:term":[{"taxonomy":"category","embeddable":true,"href":"https:\/\/www.naturparkmagazin.de\/stechlin\/wp-json\/wp\/v2\/categories?post=12742"},{"taxonomy":"post_tag","embeddable":true,"href":"https:\/\/www.naturparkmagazin.de\/stechlin\/wp-json\/wp\/v2\/tags?post=12742"}],"curies":[{"name":"wp","href":"https:\/\/api.w.org\/{rel}","templated":true}]}}