{"id":12762,"date":"2022-11-16T15:00:25","date_gmt":"2022-11-16T14:00:25","guid":{"rendered":"https:\/\/www.naturparkmagazin.de\/stechlin\/?p=12762"},"modified":"2022-11-24T14:33:22","modified_gmt":"2022-11-24T13:33:22","slug":"25-stieleichen-am-huettenkanal-gepflanzt","status":"publish","type":"post","link":"https:\/\/www.naturparkmagazin.de\/stechlin\/25-stieleichen-am-huettenkanal-gepflanzt\/","title":{"rendered":"25 Stieleichen am H\u00fcttenkanal gepflanzt"},"content":{"rendered":"<p>Herbstzeit ist Pflanzzeit!\u00a0 Auch in Kleinzerlang. Am 5. November folgten mehr als 20 Einwohnerinnen und Einwohner dem Aufruf des Heimat- und Kulturvereins Kleinzerlang e.V. zur Pflanzaktion am Wanderweg am H\u00fcttenkanal.<\/p>\n<div id=\"attachment_12768\" style=\"width: 310px\" class=\"wp-caption aligncenter\"><a href=\"https:\/\/www.naturparkmagazin.de\/stechlin\/wp-content\/uploads\/sites\/38\/DSC_0067.jpg\"><img aria-describedby=\"caption-attachment-12768\" decoding=\"async\" loading=\"lazy\" class=\"size-thumbnail wp-image-12768\" src=\"https:\/\/www.naturparkmagazin.de\/stechlin\/wp-content\/uploads\/sites\/38\/DSC_0067-300x180.jpg\" alt=\"Gruppenbild der am Pflanzeinsatz Beteiligten \u00a9 Dr. Mario Schrumpf\" width=\"300\" height=\"180\" srcset=\"https:\/\/www.naturparkmagazin.de\/stechlin\/wp-content\/uploads\/sites\/38\/DSC_0067-300x180.jpg 300w, https:\/\/www.naturparkmagazin.de\/stechlin\/wp-content\/uploads\/sites\/38\/DSC_0067.jpg 500w, https:\/\/www.naturparkmagazin.de\/stechlin\/wp-content\/uploads\/sites\/38\/DSC_0067-200x120.jpg 200w\" sizes=\"(max-width: 300px) 100vw, 300px\" \/><\/a><p id=\"caption-attachment-12768\" class=\"wp-caption-text\">Gruppenbild der am Pflanzeinsatz Beteiligten\u00a9 Dr. Mario Schrumpf<\/p><\/div>\n<p>Unter fachlicher Anleitung des Landschaftspflegevereins Norduckerm\u00e4rkische Seenlandschaft e.V. wurden 25 Stieleichen entlang des beliebten Wander- und Spazierweges gepflanzt. Das Projekt wurde von der Stadt Rheinsberg im Rahmen von Ersatzpflanzungen f\u00fcr gef\u00e4llte B\u00e4ume finanziert. Der Heimat- und Kulturvereins Kleinzerlang e.V. und der Naturpark Stechlin-Ruppiner Land k\u00fcmmerten sich um die Organisation.<\/p>\n<div id=\"attachment_12767\" style=\"width: 310px\" class=\"wp-caption aligncenter\"><a href=\"https:\/\/www.naturparkmagazin.de\/stechlin\/wp-content\/uploads\/sites\/38\/DSC_0056.jpg\"><img aria-describedby=\"caption-attachment-12767\" decoding=\"async\" loading=\"lazy\" class=\"size-thumbnail wp-image-12767\" src=\"https:\/\/www.naturparkmagazin.de\/stechlin\/wp-content\/uploads\/sites\/38\/DSC_0056-300x500.jpg\" alt=\"Der Vorsitzende des Heimat- und Kulturvereins Wilfried Tagnatz beim Anbinden der B\u00e4ume \u00a9 Dr. Mario Schrumpf\" width=\"300\" height=\"500\" srcset=\"https:\/\/www.naturparkmagazin.de\/stechlin\/wp-content\/uploads\/sites\/38\/DSC_0056.jpg 300w, https:\/\/www.naturparkmagazin.de\/stechlin\/wp-content\/uploads\/sites\/38\/DSC_0056-200x333.jpg 200w\" sizes=\"(max-width: 300px) 100vw, 300px\" \/><\/a><p id=\"caption-attachment-12767\" class=\"wp-caption-text\">Der Vorsitzende des Heimat- und Kulturvereins Wilfried Tagnatz beim Anbinden der B\u00e4ume\u00a9 Dr. Mario Schrumpf<\/p><\/div>\n<p>Die Rheinsberger Preussenquelle unterst\u00fctzte personell und finanziell. Nach drei Stunden gemeinsamer Arbeit waren die B\u00e4ume im Boden. Schmalzstullen, Kaffee und Mineralwasser f\u00fcr alle waren am Ende der Lohn f\u00fcr die flei\u00dfigen Helfer. Am Ende waren sich alle einig, dass die Aktion im n\u00e4chsten Jahr eine Fortsetzung finden soll. Dann wird der noch baumlose Abschnitt bis zur Umgehungsstra\u00dfe in Angriff genommen.<\/p>\n<div id=\"attachment_12766\" style=\"width: 310px\" class=\"wp-caption aligncenter\"><a href=\"https:\/\/www.naturparkmagazin.de\/stechlin\/wp-content\/uploads\/sites\/38\/DSC_00221.jpg\"><img aria-describedby=\"caption-attachment-12766\" decoding=\"async\" loading=\"lazy\" class=\"size-thumbnail wp-image-12766\" src=\"https:\/\/www.naturparkmagazin.de\/stechlin\/wp-content\/uploads\/sites\/38\/DSC_00221-300x500.jpg\" alt=\"Auch die J\u00fcngsten legten mit Hand an \u00a9 Dr. Mario Schrumpf\" width=\"300\" height=\"500\" srcset=\"https:\/\/www.naturparkmagazin.de\/stechlin\/wp-content\/uploads\/sites\/38\/DSC_00221.jpg 300w, https:\/\/www.naturparkmagazin.de\/stechlin\/wp-content\/uploads\/sites\/38\/DSC_00221-200x333.jpg 200w\" sizes=\"(max-width: 300px) 100vw, 300px\" \/><\/a><p id=\"caption-attachment-12766\" class=\"wp-caption-text\">Auch die J\u00fcngsten legten mit Hand an\u00a9 Dr. Mario Schrumpf<\/p><\/div>\n<p>Die Stieleichen bereichern nicht nur das Landschaftsbild. Sie spenden Wanderern Schatten und bieten V\u00f6geln und Insekten Lebensraum. Zugleich sind sie ein aktiver Beitrag zum Klimaschutz. Mit einer Lebenszeit von mehreren hundert Jahren binden sie in ihrem Holz viele Tonnen des klimasch\u00e4dlichen Treibhausgases Kohlendioxid.<\/p>\n<div id=\"attachment_12764\" style=\"width: 310px\" class=\"wp-caption aligncenter\"><a href=\"https:\/\/www.naturparkmagazin.de\/stechlin\/wp-content\/uploads\/sites\/38\/DSC_00102.jpg\"><img aria-describedby=\"caption-attachment-12764\" decoding=\"async\" loading=\"lazy\" class=\"size-thumbnail wp-image-12764\" src=\"https:\/\/www.naturparkmagazin.de\/stechlin\/wp-content\/uploads\/sites\/38\/DSC_00102-300x500.jpg\" alt=\"Gemeinsam wurden die Stieleichen gepflanzt \u00a9 Dr. Mario Schrumpf\" width=\"300\" height=\"500\" srcset=\"https:\/\/www.naturparkmagazin.de\/stechlin\/wp-content\/uploads\/sites\/38\/DSC_00102.jpg 300w, https:\/\/www.naturparkmagazin.de\/stechlin\/wp-content\/uploads\/sites\/38\/DSC_00102-200x333.jpg 200w\" sizes=\"(max-width: 300px) 100vw, 300px\" \/><\/a><p id=\"caption-attachment-12764\" class=\"wp-caption-text\">Gemeinsam wurden die Stieleichen gepflanzt\u00a9 Dr. Mario Schrumpf<\/p><\/div>\n<p>Im Fr\u00fchjahr erfolgte bereits die Anlage einer Streuobstwiese am H\u00fcttenkanal auf Initiative des Heimat- und Kulturvereins Kleinzerlang e.V. Dort wurden alte Sorten aus dem Genressourcenprojektes des Naturparks gepflanzt. Eine Informationstafel am Wanderweg gibt Auskunft \u00fcber das Projekt.<\/p>\n<p>&nbsp;<\/p>\n","protected":false},"excerpt":{"rendered":"<p>Herbstzeit ist Pflanzzeit!  Auch in Kleinzerlang. Am letzten Samstag folgten mehr als 20 Einwohnerinnen und Einwohner dem Aufruf des Heimat- und Kulturvereins Kleinzerlang e.V. zur Pflanzaktion. <\/p>\n","protected":false},"author":39,"featured_media":12765,"comment_status":"open","ping_status":"open","sticky":false,"template":"","format":"standard","meta":[],"categories":[7],"tags":[],"yoast_head":"<!-- This site is optimized with the Yoast SEO plugin v19.10 - https:\/\/yoast.com\/wordpress\/plugins\/seo\/ -->\n<title>25 Stieleichen am H\u00fcttenkanal gepflanzt - Naturpark Stechlin-Ruppiner Land<\/title>\n<meta name=\"robots\" content=\"index, follow, max-snippet:-1, max-image-preview:large, max-video-preview:-1\" \/>\n<link rel=\"canonical\" href=\"https:\/\/www.naturparkmagazin.de\/stechlin\/25-stieleichen-am-huettenkanal-gepflanzt\/\" \/>\n<meta property=\"og:locale\" content=\"de_DE\" \/>\n<meta property=\"og:type\" content=\"article\" \/>\n<meta property=\"og:title\" content=\"25 Stieleichen am H\u00fcttenkanal gepflanzt - Naturpark Stechlin-Ruppiner Land\" \/>\n<meta property=\"og:description\" content=\"Herbstzeit ist Pflanzzeit! Auch in Kleinzerlang. Am letzten Samstag folgten mehr als 20 Einwohnerinnen und Einwohner dem Aufruf des Heimat- und Kulturvereins Kleinzerlang e.V. zur Pflanzaktion.\" \/>\n<meta property=\"og:url\" content=\"https:\/\/www.naturparkmagazin.de\/stechlin\/25-stieleichen-am-huettenkanal-gepflanzt\/\" \/>\n<meta property=\"og:site_name\" content=\"Naturpark Stechlin-Ruppiner Land\" \/>\n<meta property=\"article:published_time\" content=\"2022-11-16T14:00:25+00:00\" \/>\n<meta property=\"article:modified_time\" content=\"2022-11-24T13:33:22+00:00\" \/>\n<meta property=\"og:image\" content=\"https:\/\/www.naturparkmagazin.de\/stechlin\/wp-content\/uploads\/sites\/38\/DSC_0010_a.jpg\" \/>\n\t<meta property=\"og:image:width\" content=\"200\" \/>\n\t<meta property=\"og:image:height\" content=\"200\" \/>\n\t<meta property=\"og:image:type\" content=\"image\/jpeg\" \/>\n<meta name=\"author\" content=\"marioschrumpf\" \/>\n<meta name=\"twitter:label1\" content=\"Verfasst von\" \/>\n\t<meta name=\"twitter:data1\" content=\"marioschrumpf\" \/>\n\t<meta name=\"twitter:label2\" content=\"Gesch\u00e4tzte Lesezeit\" \/>\n\t<meta name=\"twitter:data2\" content=\"2\u00a0Minuten\" \/>\n<script type=\"application\/ld+json\" class=\"yoast-schema-graph\">{\"@context\":\"https:\/\/schema.org\",\"@graph\":[{\"@type\":\"WebPage\",\"@id\":\"https:\/\/www.naturparkmagazin.de\/stechlin\/25-stieleichen-am-huettenkanal-gepflanzt\/\",\"url\":\"https:\/\/www.naturparkmagazin.de\/stechlin\/25-stieleichen-am-huettenkanal-gepflanzt\/\",\"name\":\"25 Stieleichen am H\u00fcttenkanal gepflanzt - Naturpark Stechlin-Ruppiner Land\",\"isPartOf\":{\"@id\":\"https:\/\/www.naturparkmagazin.de\/stechlin\/#website\"},\"datePublished\":\"2022-11-16T14:00:25+00:00\",\"dateModified\":\"2022-11-24T13:33:22+00:00\",\"author\":{\"@id\":\"https:\/\/www.naturparkmagazin.de\/stechlin\/#\/schema\/person\/3f0d93203df21c806dd63c76d9bb28bc\"},\"breadcrumb\":{\"@id\":\"https:\/\/www.naturparkmagazin.de\/stechlin\/25-stieleichen-am-huettenkanal-gepflanzt\/#breadcrumb\"},\"inLanguage\":\"de\",\"potentialAction\":[{\"@type\":\"ReadAction\",\"target\":[\"https:\/\/www.naturparkmagazin.de\/stechlin\/25-stieleichen-am-huettenkanal-gepflanzt\/\"]}]},{\"@type\":\"BreadcrumbList\",\"@id\":\"https:\/\/www.naturparkmagazin.de\/stechlin\/25-stieleichen-am-huettenkanal-gepflanzt\/#breadcrumb\",\"itemListElement\":[{\"@type\":\"ListItem\",\"position\":1,\"name\":\"Home\",\"item\":\"https:\/\/www.naturparkmagazin.de\/stechlin\/\"},{\"@type\":\"ListItem\",\"position\":2,\"name\":\"25 Stieleichen am H\u00fcttenkanal gepflanzt\"}]},{\"@type\":\"WebSite\",\"@id\":\"https:\/\/www.naturparkmagazin.de\/stechlin\/#website\",\"url\":\"https:\/\/www.naturparkmagazin.de\/stechlin\/\",\"name\":\"Naturpark Stechlin-Ruppiner Land\",\"description\":\"\",\"potentialAction\":[{\"@type\":\"SearchAction\",\"target\":{\"@type\":\"EntryPoint\",\"urlTemplate\":\"https:\/\/www.naturparkmagazin.de\/stechlin\/?s={search_term_string}\"},\"query-input\":\"required name=search_term_string\"}],\"inLanguage\":\"de\"},{\"@type\":\"Person\",\"@id\":\"https:\/\/www.naturparkmagazin.de\/stechlin\/#\/schema\/person\/3f0d93203df21c806dd63c76d9bb28bc\",\"name\":\"marioschrumpf\",\"url\":\"https:\/\/www.naturparkmagazin.de\/stechlin\/author\/marioschrumpf\/\"}]}<\/script>\n<!-- \/ Yoast SEO plugin. -->","yoast_head_json":{"title":"25 Stieleichen am H\u00fcttenkanal gepflanzt - Naturpark Stechlin-Ruppiner Land","robots":{"index":"index","follow":"follow","max-snippet":"max-snippet:-1","max-image-preview":"max-image-preview:large","max-video-preview":"max-video-preview:-1"},"canonical":"https:\/\/www.naturparkmagazin.de\/stechlin\/25-stieleichen-am-huettenkanal-gepflanzt\/","og_locale":"de_DE","og_type":"article","og_title":"25 Stieleichen am H\u00fcttenkanal gepflanzt - Naturpark Stechlin-Ruppiner Land","og_description":"Herbstzeit ist Pflanzzeit! Auch in Kleinzerlang. Am letzten Samstag folgten mehr als 20 Einwohnerinnen und Einwohner dem Aufruf des Heimat- und Kulturvereins Kleinzerlang e.V. zur Pflanzaktion.","og_url":"https:\/\/www.naturparkmagazin.de\/stechlin\/25-stieleichen-am-huettenkanal-gepflanzt\/","og_site_name":"Naturpark Stechlin-Ruppiner Land","article_published_time":"2022-11-16T14:00:25+00:00","article_modified_time":"2022-11-24T13:33:22+00:00","og_image":[{"width":200,"height":200,"url":"https:\/\/www.naturparkmagazin.de\/stechlin\/wp-content\/uploads\/sites\/38\/DSC_0010_a.jpg","type":"image\/jpeg"}],"author":"marioschrumpf","twitter_misc":{"Verfasst von":"marioschrumpf","Gesch\u00e4tzte Lesezeit":"2\u00a0Minuten"},"schema":{"@context":"https:\/\/schema.org","@graph":[{"@type":"WebPage","@id":"https:\/\/www.naturparkmagazin.de\/stechlin\/25-stieleichen-am-huettenkanal-gepflanzt\/","url":"https:\/\/www.naturparkmagazin.de\/stechlin\/25-stieleichen-am-huettenkanal-gepflanzt\/","name":"25 Stieleichen am H\u00fcttenkanal gepflanzt - Naturpark Stechlin-Ruppiner Land","isPartOf":{"@id":"https:\/\/www.naturparkmagazin.de\/stechlin\/#website"},"datePublished":"2022-11-16T14:00:25+00:00","dateModified":"2022-11-24T13:33:22+00:00","author":{"@id":"https:\/\/www.naturparkmagazin.de\/stechlin\/#\/schema\/person\/3f0d93203df21c806dd63c76d9bb28bc"},"breadcrumb":{"@id":"https:\/\/www.naturparkmagazin.de\/stechlin\/25-stieleichen-am-huettenkanal-gepflanzt\/#breadcrumb"},"inLanguage":"de","potentialAction":[{"@type":"ReadAction","target":["https:\/\/www.naturparkmagazin.de\/stechlin\/25-stieleichen-am-huettenkanal-gepflanzt\/"]}]},{"@type":"BreadcrumbList","@id":"https:\/\/www.naturparkmagazin.de\/stechlin\/25-stieleichen-am-huettenkanal-gepflanzt\/#breadcrumb","itemListElement":[{"@type":"ListItem","position":1,"name":"Home","item":"https:\/\/www.naturparkmagazin.de\/stechlin\/"},{"@type":"ListItem","position":2,"name":"25 Stieleichen am H\u00fcttenkanal gepflanzt"}]},{"@type":"WebSite","@id":"https:\/\/www.naturparkmagazin.de\/stechlin\/#website","url":"https:\/\/www.naturparkmagazin.de\/stechlin\/","name":"Naturpark Stechlin-Ruppiner Land","description":"","potentialAction":[{"@type":"SearchAction","target":{"@type":"EntryPoint","urlTemplate":"https:\/\/www.naturparkmagazin.de\/stechlin\/?s={search_term_string}"},"query-input":"required name=search_term_string"}],"inLanguage":"de"},{"@type":"Person","@id":"https:\/\/www.naturparkmagazin.de\/stechlin\/#\/schema\/person\/3f0d93203df21c806dd63c76d9bb28bc","name":"marioschrumpf","url":"https:\/\/www.naturparkmagazin.de\/stechlin\/author\/marioschrumpf\/"}]}},"_links":{"self":[{"href":"https:\/\/www.naturparkmagazin.de\/stechlin\/wp-json\/wp\/v2\/posts\/12762"}],"collection":[{"href":"https:\/\/www.naturparkmagazin.de\/stechlin\/wp-json\/wp\/v2\/posts"}],"about":[{"href":"https:\/\/www.naturparkmagazin.de\/stechlin\/wp-json\/wp\/v2\/types\/post"}],"author":[{"embeddable":true,"href":"https:\/\/www.naturparkmagazin.de\/stechlin\/wp-json\/wp\/v2\/users\/39"}],"replies":[{"embeddable":true,"href":"https:\/\/www.naturparkmagazin.de\/stechlin\/wp-json\/wp\/v2\/comments?post=12762"}],"version-history":[{"count":6,"href":"https:\/\/www.naturparkmagazin.de\/stechlin\/wp-json\/wp\/v2\/posts\/12762\/revisions"}],"predecessor-version":[{"id":12864,"href":"https:\/\/www.naturparkmagazin.de\/stechlin\/wp-json\/wp\/v2\/posts\/12762\/revisions\/12864"}],"wp:featuredmedia":[{"embeddable":true,"href":"https:\/\/www.naturparkmagazin.de\/stechlin\/wp-json\/wp\/v2\/media\/12765"}],"wp:attachment":[{"href":"https:\/\/www.naturparkmagazin.de\/stechlin\/wp-json\/wp\/v2\/media?parent=12762"}],"wp:term":[{"taxonomy":"category","embeddable":true,"href":"https:\/\/www.naturparkmagazin.de\/stechlin\/wp-json\/wp\/v2\/categories?post=12762"},{"taxonomy":"post_tag","embeddable":true,"href":"https:\/\/www.naturparkmagazin.de\/stechlin\/wp-json\/wp\/v2\/tags?post=12762"}],"curies":[{"name":"wp","href":"https:\/\/api.w.org\/{rel}","templated":true}]}}