{"id":12771,"date":"2022-11-16T15:00:14","date_gmt":"2022-11-16T14:00:14","guid":{"rendered":"https:\/\/www.naturparkmagazin.de\/stechlin\/?p=12771"},"modified":"2022-11-21T18:02:59","modified_gmt":"2022-11-21T17:02:59","slug":"jaeger-pflanzen-apfelbaeume-in-keller","status":"publish","type":"post","link":"https:\/\/www.naturparkmagazin.de\/stechlin\/jaeger-pflanzen-apfelbaeume-in-keller\/","title":{"rendered":"J\u00e4ger pflanzen Apfelb\u00e4ume in Keller"},"content":{"rendered":"<p>Die Mitglieder der Jagdgenossenschaft Keller haben Ende Oktober eine gro\u00dfe Pflanzaktion organisiert.<\/p>\n<p>Gemeinsam wurden 30 Apfelb\u00e4ume alter Sorten am Kelleraner Neyernweg gepflanzt. Die B\u00e4ume stellte der Naturpark Stechlin-Ruppiner Land im Rahmen des Genressourcenprojektes Streuobst bereit.<\/p>\n<div id=\"attachment_12773\" style=\"width: 310px\" class=\"wp-caption aligncenter\"><a href=\"https:\/\/www.naturparkmagazin.de\/stechlin\/wp-content\/uploads\/sites\/38\/IMG_8628.jpg\"><img aria-describedby=\"caption-attachment-12773\" decoding=\"async\" loading=\"lazy\" class=\"size-thumbnail wp-image-12773\" src=\"https:\/\/www.naturparkmagazin.de\/stechlin\/wp-content\/uploads\/sites\/38\/IMG_8628-300x180.jpg\" alt=\"\u00a9 Andr\u00e9 Stenzel (Jagdgenossenschaft Keller)\" width=\"300\" height=\"180\" srcset=\"https:\/\/www.naturparkmagazin.de\/stechlin\/wp-content\/uploads\/sites\/38\/IMG_8628-300x180.jpg 300w, https:\/\/www.naturparkmagazin.de\/stechlin\/wp-content\/uploads\/sites\/38\/IMG_8628.jpg 500w, https:\/\/www.naturparkmagazin.de\/stechlin\/wp-content\/uploads\/sites\/38\/IMG_8628-200x120.jpg 200w\" sizes=\"(max-width: 300px) 100vw, 300px\" \/><\/a><p id=\"caption-attachment-12773\" class=\"wp-caption-text\">Gemeinsam wurden 30 B\u00e4ume gepflanzt \u00a9 Andr\u00e9 Stenzel (Jagdgenossenschaft Keller)<\/p><\/div>\n<p>Unterst\u00fctzt wurden die Mitglieder von vielen freiwilligen Helfern aus Keller, wobei die J\u00fcngsten im Alter von knapp 2 Jahren mit ihren kleinen Schippen und Eimern flei\u00dfig geholfen haben sowie von F\u00f6rster Aron Pigorsch-Liehr und dem Obstbaumwart Marc Marquardt.<\/p>\n<p>Seinen Abschluss fand das ganze bei einer leckeren Bratwurst.<\/p>\n<p>Ein herzliches Dankesch\u00f6n an alle Beteiligten!<\/p>\n<p>&nbsp;<\/p>\n","protected":false},"excerpt":{"rendered":"<p>Die Mitglieder der Jagdgenossenschaft Keller haben Ende Oktober eine gro\u00dfe Pflanzaktion organisiert.<\/p>\n","protected":false},"author":39,"featured_media":12774,"comment_status":"open","ping_status":"open","sticky":false,"template":"","format":"standard","meta":[],"categories":[7],"tags":[],"yoast_head":"<!-- This site is optimized with the Yoast SEO plugin v19.10 - https:\/\/yoast.com\/wordpress\/plugins\/seo\/ -->\n<title>J\u00e4ger pflanzen Apfelb\u00e4ume in Keller - Naturpark Stechlin-Ruppiner Land<\/title>\n<meta name=\"robots\" content=\"index, follow, max-snippet:-1, max-image-preview:large, max-video-preview:-1\" \/>\n<link rel=\"canonical\" href=\"https:\/\/www.naturparkmagazin.de\/stechlin\/jaeger-pflanzen-apfelbaeume-in-keller\/\" \/>\n<meta property=\"og:locale\" content=\"de_DE\" \/>\n<meta property=\"og:type\" content=\"article\" \/>\n<meta property=\"og:title\" content=\"J\u00e4ger pflanzen Apfelb\u00e4ume in Keller - Naturpark Stechlin-Ruppiner Land\" \/>\n<meta property=\"og:description\" content=\"Die Mitglieder der Jagdgenossenschaft Keller haben Ende Oktober eine gro\u00dfe Pflanzaktion organisiert.\" \/>\n<meta property=\"og:url\" content=\"https:\/\/www.naturparkmagazin.de\/stechlin\/jaeger-pflanzen-apfelbaeume-in-keller\/\" \/>\n<meta property=\"og:site_name\" content=\"Naturpark Stechlin-Ruppiner Land\" \/>\n<meta property=\"article:published_time\" content=\"2022-11-16T14:00:14+00:00\" \/>\n<meta property=\"article:modified_time\" content=\"2022-11-21T17:02:59+00:00\" \/>\n<meta property=\"og:image\" content=\"https:\/\/www.naturparkmagazin.de\/stechlin\/wp-content\/uploads\/sites\/38\/IMG_8628_a.jpg\" \/>\n\t<meta property=\"og:image:width\" content=\"200\" \/>\n\t<meta property=\"og:image:height\" content=\"200\" \/>\n\t<meta property=\"og:image:type\" content=\"image\/jpeg\" \/>\n<meta name=\"author\" content=\"marioschrumpf\" \/>\n<meta name=\"twitter:label1\" content=\"Verfasst von\" \/>\n\t<meta name=\"twitter:data1\" content=\"marioschrumpf\" \/>\n\t<meta name=\"twitter:label2\" content=\"Gesch\u00e4tzte Lesezeit\" \/>\n\t<meta name=\"twitter:data2\" content=\"1\u00a0Minute\" \/>\n<script type=\"application\/ld+json\" class=\"yoast-schema-graph\">{\"@context\":\"https:\/\/schema.org\",\"@graph\":[{\"@type\":\"WebPage\",\"@id\":\"https:\/\/www.naturparkmagazin.de\/stechlin\/jaeger-pflanzen-apfelbaeume-in-keller\/\",\"url\":\"https:\/\/www.naturparkmagazin.de\/stechlin\/jaeger-pflanzen-apfelbaeume-in-keller\/\",\"name\":\"J\u00e4ger pflanzen Apfelb\u00e4ume in Keller - Naturpark Stechlin-Ruppiner Land\",\"isPartOf\":{\"@id\":\"https:\/\/www.naturparkmagazin.de\/stechlin\/#website\"},\"datePublished\":\"2022-11-16T14:00:14+00:00\",\"dateModified\":\"2022-11-21T17:02:59+00:00\",\"author\":{\"@id\":\"https:\/\/www.naturparkmagazin.de\/stechlin\/#\/schema\/person\/3f0d93203df21c806dd63c76d9bb28bc\"},\"breadcrumb\":{\"@id\":\"https:\/\/www.naturparkmagazin.de\/stechlin\/jaeger-pflanzen-apfelbaeume-in-keller\/#breadcrumb\"},\"inLanguage\":\"de\",\"potentialAction\":[{\"@type\":\"ReadAction\",\"target\":[\"https:\/\/www.naturparkmagazin.de\/stechlin\/jaeger-pflanzen-apfelbaeume-in-keller\/\"]}]},{\"@type\":\"BreadcrumbList\",\"@id\":\"https:\/\/www.naturparkmagazin.de\/stechlin\/jaeger-pflanzen-apfelbaeume-in-keller\/#breadcrumb\",\"itemListElement\":[{\"@type\":\"ListItem\",\"position\":1,\"name\":\"Home\",\"item\":\"https:\/\/www.naturparkmagazin.de\/stechlin\/\"},{\"@type\":\"ListItem\",\"position\":2,\"name\":\"J\u00e4ger pflanzen Apfelb\u00e4ume in Keller\"}]},{\"@type\":\"WebSite\",\"@id\":\"https:\/\/www.naturparkmagazin.de\/stechlin\/#website\",\"url\":\"https:\/\/www.naturparkmagazin.de\/stechlin\/\",\"name\":\"Naturpark Stechlin-Ruppiner Land\",\"description\":\"\",\"potentialAction\":[{\"@type\":\"SearchAction\",\"target\":{\"@type\":\"EntryPoint\",\"urlTemplate\":\"https:\/\/www.naturparkmagazin.de\/stechlin\/?s={search_term_string}\"},\"query-input\":\"required name=search_term_string\"}],\"inLanguage\":\"de\"},{\"@type\":\"Person\",\"@id\":\"https:\/\/www.naturparkmagazin.de\/stechlin\/#\/schema\/person\/3f0d93203df21c806dd63c76d9bb28bc\",\"name\":\"marioschrumpf\",\"url\":\"https:\/\/www.naturparkmagazin.de\/stechlin\/author\/marioschrumpf\/\"}]}<\/script>\n<!-- \/ Yoast SEO plugin. -->","yoast_head_json":{"title":"J\u00e4ger pflanzen Apfelb\u00e4ume in Keller - Naturpark Stechlin-Ruppiner Land","robots":{"index":"index","follow":"follow","max-snippet":"max-snippet:-1","max-image-preview":"max-image-preview:large","max-video-preview":"max-video-preview:-1"},"canonical":"https:\/\/www.naturparkmagazin.de\/stechlin\/jaeger-pflanzen-apfelbaeume-in-keller\/","og_locale":"de_DE","og_type":"article","og_title":"J\u00e4ger pflanzen Apfelb\u00e4ume in Keller - Naturpark Stechlin-Ruppiner Land","og_description":"Die Mitglieder der Jagdgenossenschaft Keller haben Ende Oktober eine gro\u00dfe Pflanzaktion organisiert.","og_url":"https:\/\/www.naturparkmagazin.de\/stechlin\/jaeger-pflanzen-apfelbaeume-in-keller\/","og_site_name":"Naturpark Stechlin-Ruppiner Land","article_published_time":"2022-11-16T14:00:14+00:00","article_modified_time":"2022-11-21T17:02:59+00:00","og_image":[{"width":200,"height":200,"url":"https:\/\/www.naturparkmagazin.de\/stechlin\/wp-content\/uploads\/sites\/38\/IMG_8628_a.jpg","type":"image\/jpeg"}],"author":"marioschrumpf","twitter_misc":{"Verfasst von":"marioschrumpf","Gesch\u00e4tzte Lesezeit":"1\u00a0Minute"},"schema":{"@context":"https:\/\/schema.org","@graph":[{"@type":"WebPage","@id":"https:\/\/www.naturparkmagazin.de\/stechlin\/jaeger-pflanzen-apfelbaeume-in-keller\/","url":"https:\/\/www.naturparkmagazin.de\/stechlin\/jaeger-pflanzen-apfelbaeume-in-keller\/","name":"J\u00e4ger pflanzen Apfelb\u00e4ume in Keller - Naturpark Stechlin-Ruppiner Land","isPartOf":{"@id":"https:\/\/www.naturparkmagazin.de\/stechlin\/#website"},"datePublished":"2022-11-16T14:00:14+00:00","dateModified":"2022-11-21T17:02:59+00:00","author":{"@id":"https:\/\/www.naturparkmagazin.de\/stechlin\/#\/schema\/person\/3f0d93203df21c806dd63c76d9bb28bc"},"breadcrumb":{"@id":"https:\/\/www.naturparkmagazin.de\/stechlin\/jaeger-pflanzen-apfelbaeume-in-keller\/#breadcrumb"},"inLanguage":"de","potentialAction":[{"@type":"ReadAction","target":["https:\/\/www.naturparkmagazin.de\/stechlin\/jaeger-pflanzen-apfelbaeume-in-keller\/"]}]},{"@type":"BreadcrumbList","@id":"https:\/\/www.naturparkmagazin.de\/stechlin\/jaeger-pflanzen-apfelbaeume-in-keller\/#breadcrumb","itemListElement":[{"@type":"ListItem","position":1,"name":"Home","item":"https:\/\/www.naturparkmagazin.de\/stechlin\/"},{"@type":"ListItem","position":2,"name":"J\u00e4ger pflanzen Apfelb\u00e4ume in Keller"}]},{"@type":"WebSite","@id":"https:\/\/www.naturparkmagazin.de\/stechlin\/#website","url":"https:\/\/www.naturparkmagazin.de\/stechlin\/","name":"Naturpark Stechlin-Ruppiner Land","description":"","potentialAction":[{"@type":"SearchAction","target":{"@type":"EntryPoint","urlTemplate":"https:\/\/www.naturparkmagazin.de\/stechlin\/?s={search_term_string}"},"query-input":"required name=search_term_string"}],"inLanguage":"de"},{"@type":"Person","@id":"https:\/\/www.naturparkmagazin.de\/stechlin\/#\/schema\/person\/3f0d93203df21c806dd63c76d9bb28bc","name":"marioschrumpf","url":"https:\/\/www.naturparkmagazin.de\/stechlin\/author\/marioschrumpf\/"}]}},"_links":{"self":[{"href":"https:\/\/www.naturparkmagazin.de\/stechlin\/wp-json\/wp\/v2\/posts\/12771"}],"collection":[{"href":"https:\/\/www.naturparkmagazin.de\/stechlin\/wp-json\/wp\/v2\/posts"}],"about":[{"href":"https:\/\/www.naturparkmagazin.de\/stechlin\/wp-json\/wp\/v2\/types\/post"}],"author":[{"embeddable":true,"href":"https:\/\/www.naturparkmagazin.de\/stechlin\/wp-json\/wp\/v2\/users\/39"}],"replies":[{"embeddable":true,"href":"https:\/\/www.naturparkmagazin.de\/stechlin\/wp-json\/wp\/v2\/comments?post=12771"}],"version-history":[{"count":4,"href":"https:\/\/www.naturparkmagazin.de\/stechlin\/wp-json\/wp\/v2\/posts\/12771\/revisions"}],"predecessor-version":[{"id":12800,"href":"https:\/\/www.naturparkmagazin.de\/stechlin\/wp-json\/wp\/v2\/posts\/12771\/revisions\/12800"}],"wp:featuredmedia":[{"embeddable":true,"href":"https:\/\/www.naturparkmagazin.de\/stechlin\/wp-json\/wp\/v2\/media\/12774"}],"wp:attachment":[{"href":"https:\/\/www.naturparkmagazin.de\/stechlin\/wp-json\/wp\/v2\/media?parent=12771"}],"wp:term":[{"taxonomy":"category","embeddable":true,"href":"https:\/\/www.naturparkmagazin.de\/stechlin\/wp-json\/wp\/v2\/categories?post=12771"},{"taxonomy":"post_tag","embeddable":true,"href":"https:\/\/www.naturparkmagazin.de\/stechlin\/wp-json\/wp\/v2\/tags?post=12771"}],"curies":[{"name":"wp","href":"https:\/\/api.w.org\/{rel}","templated":true}]}}