{"id":12792,"date":"2022-11-16T17:40:51","date_gmt":"2022-11-16T16:40:51","guid":{"rendered":"https:\/\/www.naturparkmagazin.de\/stechlin\/?p=12792"},"modified":"2022-11-23T18:00:02","modified_gmt":"2022-11-23T17:00:02","slug":"apfelpflanzaktion-in-grosswoltersdorf","status":"publish","type":"post","link":"https:\/\/www.naturparkmagazin.de\/stechlin\/apfelpflanzaktion-in-grosswoltersdorf\/","title":{"rendered":"Apfelpflanzaktion in Gro\u00dfwoltersdorf"},"content":{"rendered":"<p>Mehr als 15 Freiwillige folgten am letzten Samstag der Einladung des Vereins Gemeinsam e.V. zur Pflanzaktion in der N\u00e4he des Wolfsruher Weges.<\/p>\n<div id=\"attachment_12813\" style=\"width: 310px\" class=\"wp-caption aligncenter\"><a href=\"https:\/\/www.naturparkmagazin.de\/stechlin\/wp-content\/uploads\/sites\/38\/DSC_00781.jpg\"><img aria-describedby=\"caption-attachment-12813\" decoding=\"async\" loading=\"lazy\" class=\"size-thumbnail wp-image-12813\" src=\"https:\/\/www.naturparkmagazin.de\/stechlin\/wp-content\/uploads\/sites\/38\/DSC_00781-300x180.jpg\" alt=\"Gruppenbild der freiwilligen Helfer \u00a9 Dr. Mario Schrumpf\" width=\"300\" height=\"180\" srcset=\"https:\/\/www.naturparkmagazin.de\/stechlin\/wp-content\/uploads\/sites\/38\/DSC_00781-300x180.jpg 300w, https:\/\/www.naturparkmagazin.de\/stechlin\/wp-content\/uploads\/sites\/38\/DSC_00781.jpg 500w, https:\/\/www.naturparkmagazin.de\/stechlin\/wp-content\/uploads\/sites\/38\/DSC_00781-200x120.jpg 200w\" sizes=\"(max-width: 300px) 100vw, 300px\" \/><\/a><p id=\"caption-attachment-12813\" class=\"wp-caption-text\">Gruppenbild der freiwilligen Helfer\u00a9 Dr. Mario Schrumpf<\/p><\/div>\n<p>Bei leichtem Frost und wei\u00df bepuderter Landschaft wurden 18 Apfelhochst\u00e4mme gepflanzt. Die fachliche Anleitung lag bei Marc Marquardt, Obstbaumwart aus Heinrichsdorf. Er wird sich auch in den n\u00e4chsten f\u00fcnf Jahren im Auftrag des Naturparks um den Erziehungsschnitt der B\u00e4ume k\u00fcmmern.<\/p>\n<p>Die Anwachspflege, wie Gie\u00dfen und Pflege der Baumscheibe \u00fcbernimmt der Verein Gemeinsam e.V.<\/p>\n<div id=\"attachment_12811\" style=\"width: 310px\" class=\"wp-caption aligncenter\"><a href=\"https:\/\/www.naturparkmagazin.de\/stechlin\/wp-content\/uploads\/sites\/38\/DSC_0040.jpg\"><img aria-describedby=\"caption-attachment-12811\" decoding=\"async\" loading=\"lazy\" class=\"size-thumbnail wp-image-12811\" src=\"https:\/\/www.naturparkmagazin.de\/stechlin\/wp-content\/uploads\/sites\/38\/DSC_0040-300x180.jpg\" alt=\"Die flei\u00dfigen Helfer beim Pflanzen \u00a9 Dr. Mario Schrumpf\" width=\"300\" height=\"180\" srcset=\"https:\/\/www.naturparkmagazin.de\/stechlin\/wp-content\/uploads\/sites\/38\/DSC_0040-300x180.jpg 300w, https:\/\/www.naturparkmagazin.de\/stechlin\/wp-content\/uploads\/sites\/38\/DSC_0040.jpg 500w, https:\/\/www.naturparkmagazin.de\/stechlin\/wp-content\/uploads\/sites\/38\/DSC_0040-200x120.jpg 200w\" sizes=\"(max-width: 300px) 100vw, 300px\" \/><\/a><p id=\"caption-attachment-12811\" class=\"wp-caption-text\">Die flei\u00dfigen Helfer beim Pflanzen\u00a9 Dr. Mario Schrumpf<\/p><\/div>\n<p>Der Verein organisiert bereits seit drei Jahren Pflanzaktionen zusammen mit dem Naturpark. Bisher wurden am Rande von Gro\u00dfwoltersdorf insgesamt 50 Apfelhochst\u00e4mme gepflanzt.<\/p>\n<p>Das Pflanzgut wurde vom Naturpark Stechlin-Ruppiner Land zur Verf\u00fcgung gestellt. Im Rahmen des Genressourcenprojektes Streuobst k\u00fcmmert sich die Naturparkverwaltung um den Erhalt alter Apfelsorten. Nach der Wende wurden in Nordbrandenburg alte Streuobstbest\u00e4nde erfasst und die Sorten bestimmt. Daraus entstand eine Liste alter Sorten, die erhalten werden sollen.<\/p>\n<div id=\"attachment_12812\" style=\"width: 310px\" class=\"wp-caption aligncenter\"><a href=\"https:\/\/www.naturparkmagazin.de\/stechlin\/wp-content\/uploads\/sites\/38\/DSC_0061.jpg\"><img aria-describedby=\"caption-attachment-12812\" decoding=\"async\" loading=\"lazy\" class=\"size-thumbnail wp-image-12812\" src=\"https:\/\/www.naturparkmagazin.de\/stechlin\/wp-content\/uploads\/sites\/38\/DSC_0061-300x180.jpg\" alt=\"Hei\u00dfe Suppe w\u00e4rmte nach getaner Arbeit \u00a9 Dr. Mario Schrumpf\" width=\"300\" height=\"180\" srcset=\"https:\/\/www.naturparkmagazin.de\/stechlin\/wp-content\/uploads\/sites\/38\/DSC_0061-300x180.jpg 300w, https:\/\/www.naturparkmagazin.de\/stechlin\/wp-content\/uploads\/sites\/38\/DSC_0061.jpg 500w, https:\/\/www.naturparkmagazin.de\/stechlin\/wp-content\/uploads\/sites\/38\/DSC_0061-200x120.jpg 200w\" sizes=\"(max-width: 300px) 100vw, 300px\" \/><\/a><p id=\"caption-attachment-12812\" class=\"wp-caption-text\">Hei\u00dfe Suppe w\u00e4rmte nach getaner Arbeit\u00a9 Dr. Mario Schrumpf<\/p><\/div>\n<p>Die Naturparkverwaltung hat die Barnimer Baumschule in Biesenthal mit der Anzucht von B\u00e4umen dieser alten Sorten beauftragt. In diesem Herbst wurden im Rahmen des Genressourcenprojektes Streuobst \u00fcber 200 Apfelhochst\u00e4mme im Naturpark gepflanzt.<\/p>\n<div id=\"attachment_12810\" style=\"width: 310px\" class=\"wp-caption aligncenter\"><a href=\"https:\/\/www.naturparkmagazin.de\/stechlin\/wp-content\/uploads\/sites\/38\/DSC_0013.jpg\"><img aria-describedby=\"caption-attachment-12810\" decoding=\"async\" loading=\"lazy\" class=\"size-thumbnail wp-image-12810\" src=\"https:\/\/www.naturparkmagazin.de\/stechlin\/wp-content\/uploads\/sites\/38\/DSC_0013-300x500.jpg\" alt=\"Die Kameraden der Freiwilligen Feuerwehr Gro\u00dfwoltersdorf beim Angie\u00dfen der B\u00e4ume \u00a9 Dr. Mario Schrumpf\" width=\"300\" height=\"500\" srcset=\"https:\/\/www.naturparkmagazin.de\/stechlin\/wp-content\/uploads\/sites\/38\/DSC_0013.jpg 300w, https:\/\/www.naturparkmagazin.de\/stechlin\/wp-content\/uploads\/sites\/38\/DSC_0013-200x333.jpg 200w\" sizes=\"(max-width: 300px) 100vw, 300px\" \/><\/a><p id=\"caption-attachment-12810\" class=\"wp-caption-text\">Die Kameraden der Freiwilligen Feuerwehr Gro\u00dfwoltersdorf beim Angie\u00dfen der B\u00e4ume\u00a9 Dr. Mario Schrumpf<\/p><\/div>\n<p>Ein herzliches Dankesch\u00f6n an die Kameraden der Freiwilligen Feuerwehr Gro\u00dfwoltersdorf, die beim W\u00e4ssern der B\u00e4ume halfen, an die Gemeinde Gro\u00dfwoltersdorf f\u00fcr die finanzielle Unterst\u00fctzung und an die vielen flei\u00dfigen Helfer!<\/p>\n","protected":false},"excerpt":{"rendered":"<p>Mehr als 15 Freiwillige folgten am letzten Samstag der Einladung des Vereins Gemeinsam e.V. zur Pflanzaktion in der N\u00e4he des Wolfsruher Weges.<\/p>\n","protected":false},"author":39,"featured_media":12809,"comment_status":"open","ping_status":"open","sticky":false,"template":"","format":"standard","meta":[],"categories":[7],"tags":[],"yoast_head":"<!-- This site is optimized with the Yoast SEO plugin v19.10 - https:\/\/yoast.com\/wordpress\/plugins\/seo\/ -->\n<title>Apfelpflanzaktion in Gro\u00dfwoltersdorf - Naturpark Stechlin-Ruppiner Land<\/title>\n<meta name=\"robots\" content=\"index, follow, max-snippet:-1, max-image-preview:large, max-video-preview:-1\" \/>\n<link rel=\"canonical\" href=\"https:\/\/www.naturparkmagazin.de\/stechlin\/apfelpflanzaktion-in-grosswoltersdorf\/\" \/>\n<meta property=\"og:locale\" content=\"de_DE\" \/>\n<meta property=\"og:type\" content=\"article\" \/>\n<meta property=\"og:title\" content=\"Apfelpflanzaktion in Gro\u00dfwoltersdorf - Naturpark Stechlin-Ruppiner Land\" \/>\n<meta property=\"og:description\" content=\"Mehr als 15 Freiwillige folgten am letzten Samstag der Einladung des Vereins Gemeinsam e.V. zur Pflanzaktion in der N\u00e4he des Wolfsruher Weges.\" \/>\n<meta property=\"og:url\" content=\"https:\/\/www.naturparkmagazin.de\/stechlin\/apfelpflanzaktion-in-grosswoltersdorf\/\" \/>\n<meta property=\"og:site_name\" content=\"Naturpark Stechlin-Ruppiner Land\" \/>\n<meta property=\"article:published_time\" content=\"2022-11-16T16:40:51+00:00\" \/>\n<meta property=\"article:modified_time\" content=\"2022-11-23T17:00:02+00:00\" \/>\n<meta property=\"og:image\" content=\"https:\/\/www.naturparkmagazin.de\/stechlin\/wp-content\/uploads\/sites\/38\/DSC_00022.jpg\" \/>\n\t<meta property=\"og:image:width\" content=\"200\" \/>\n\t<meta property=\"og:image:height\" content=\"200\" \/>\n\t<meta property=\"og:image:type\" content=\"image\/jpeg\" \/>\n<meta name=\"author\" content=\"marioschrumpf\" \/>\n<meta name=\"twitter:label1\" content=\"Verfasst von\" \/>\n\t<meta name=\"twitter:data1\" content=\"marioschrumpf\" \/>\n\t<meta name=\"twitter:label2\" content=\"Gesch\u00e4tzte Lesezeit\" \/>\n\t<meta name=\"twitter:data2\" content=\"1\u00a0Minute\" \/>\n<script type=\"application\/ld+json\" class=\"yoast-schema-graph\">{\"@context\":\"https:\/\/schema.org\",\"@graph\":[{\"@type\":\"WebPage\",\"@id\":\"https:\/\/www.naturparkmagazin.de\/stechlin\/apfelpflanzaktion-in-grosswoltersdorf\/\",\"url\":\"https:\/\/www.naturparkmagazin.de\/stechlin\/apfelpflanzaktion-in-grosswoltersdorf\/\",\"name\":\"Apfelpflanzaktion in Gro\u00dfwoltersdorf - Naturpark Stechlin-Ruppiner Land\",\"isPartOf\":{\"@id\":\"https:\/\/www.naturparkmagazin.de\/stechlin\/#website\"},\"datePublished\":\"2022-11-16T16:40:51+00:00\",\"dateModified\":\"2022-11-23T17:00:02+00:00\",\"author\":{\"@id\":\"https:\/\/www.naturparkmagazin.de\/stechlin\/#\/schema\/person\/3f0d93203df21c806dd63c76d9bb28bc\"},\"breadcrumb\":{\"@id\":\"https:\/\/www.naturparkmagazin.de\/stechlin\/apfelpflanzaktion-in-grosswoltersdorf\/#breadcrumb\"},\"inLanguage\":\"de\",\"potentialAction\":[{\"@type\":\"ReadAction\",\"target\":[\"https:\/\/www.naturparkmagazin.de\/stechlin\/apfelpflanzaktion-in-grosswoltersdorf\/\"]}]},{\"@type\":\"BreadcrumbList\",\"@id\":\"https:\/\/www.naturparkmagazin.de\/stechlin\/apfelpflanzaktion-in-grosswoltersdorf\/#breadcrumb\",\"itemListElement\":[{\"@type\":\"ListItem\",\"position\":1,\"name\":\"Home\",\"item\":\"https:\/\/www.naturparkmagazin.de\/stechlin\/\"},{\"@type\":\"ListItem\",\"position\":2,\"name\":\"Apfelpflanzaktion in Gro\u00dfwoltersdorf\"}]},{\"@type\":\"WebSite\",\"@id\":\"https:\/\/www.naturparkmagazin.de\/stechlin\/#website\",\"url\":\"https:\/\/www.naturparkmagazin.de\/stechlin\/\",\"name\":\"Naturpark Stechlin-Ruppiner Land\",\"description\":\"\",\"potentialAction\":[{\"@type\":\"SearchAction\",\"target\":{\"@type\":\"EntryPoint\",\"urlTemplate\":\"https:\/\/www.naturparkmagazin.de\/stechlin\/?s={search_term_string}\"},\"query-input\":\"required name=search_term_string\"}],\"inLanguage\":\"de\"},{\"@type\":\"Person\",\"@id\":\"https:\/\/www.naturparkmagazin.de\/stechlin\/#\/schema\/person\/3f0d93203df21c806dd63c76d9bb28bc\",\"name\":\"marioschrumpf\",\"url\":\"https:\/\/www.naturparkmagazin.de\/stechlin\/author\/marioschrumpf\/\"}]}<\/script>\n<!-- \/ Yoast SEO plugin. -->","yoast_head_json":{"title":"Apfelpflanzaktion in Gro\u00dfwoltersdorf - Naturpark Stechlin-Ruppiner Land","robots":{"index":"index","follow":"follow","max-snippet":"max-snippet:-1","max-image-preview":"max-image-preview:large","max-video-preview":"max-video-preview:-1"},"canonical":"https:\/\/www.naturparkmagazin.de\/stechlin\/apfelpflanzaktion-in-grosswoltersdorf\/","og_locale":"de_DE","og_type":"article","og_title":"Apfelpflanzaktion in Gro\u00dfwoltersdorf - Naturpark Stechlin-Ruppiner Land","og_description":"Mehr als 15 Freiwillige folgten am letzten Samstag der Einladung des Vereins Gemeinsam e.V. zur Pflanzaktion in der N\u00e4he des Wolfsruher Weges.","og_url":"https:\/\/www.naturparkmagazin.de\/stechlin\/apfelpflanzaktion-in-grosswoltersdorf\/","og_site_name":"Naturpark Stechlin-Ruppiner Land","article_published_time":"2022-11-16T16:40:51+00:00","article_modified_time":"2022-11-23T17:00:02+00:00","og_image":[{"width":200,"height":200,"url":"https:\/\/www.naturparkmagazin.de\/stechlin\/wp-content\/uploads\/sites\/38\/DSC_00022.jpg","type":"image\/jpeg"}],"author":"marioschrumpf","twitter_misc":{"Verfasst von":"marioschrumpf","Gesch\u00e4tzte Lesezeit":"1\u00a0Minute"},"schema":{"@context":"https:\/\/schema.org","@graph":[{"@type":"WebPage","@id":"https:\/\/www.naturparkmagazin.de\/stechlin\/apfelpflanzaktion-in-grosswoltersdorf\/","url":"https:\/\/www.naturparkmagazin.de\/stechlin\/apfelpflanzaktion-in-grosswoltersdorf\/","name":"Apfelpflanzaktion in Gro\u00dfwoltersdorf - Naturpark Stechlin-Ruppiner Land","isPartOf":{"@id":"https:\/\/www.naturparkmagazin.de\/stechlin\/#website"},"datePublished":"2022-11-16T16:40:51+00:00","dateModified":"2022-11-23T17:00:02+00:00","author":{"@id":"https:\/\/www.naturparkmagazin.de\/stechlin\/#\/schema\/person\/3f0d93203df21c806dd63c76d9bb28bc"},"breadcrumb":{"@id":"https:\/\/www.naturparkmagazin.de\/stechlin\/apfelpflanzaktion-in-grosswoltersdorf\/#breadcrumb"},"inLanguage":"de","potentialAction":[{"@type":"ReadAction","target":["https:\/\/www.naturparkmagazin.de\/stechlin\/apfelpflanzaktion-in-grosswoltersdorf\/"]}]},{"@type":"BreadcrumbList","@id":"https:\/\/www.naturparkmagazin.de\/stechlin\/apfelpflanzaktion-in-grosswoltersdorf\/#breadcrumb","itemListElement":[{"@type":"ListItem","position":1,"name":"Home","item":"https:\/\/www.naturparkmagazin.de\/stechlin\/"},{"@type":"ListItem","position":2,"name":"Apfelpflanzaktion in Gro\u00dfwoltersdorf"}]},{"@type":"WebSite","@id":"https:\/\/www.naturparkmagazin.de\/stechlin\/#website","url":"https:\/\/www.naturparkmagazin.de\/stechlin\/","name":"Naturpark Stechlin-Ruppiner Land","description":"","potentialAction":[{"@type":"SearchAction","target":{"@type":"EntryPoint","urlTemplate":"https:\/\/www.naturparkmagazin.de\/stechlin\/?s={search_term_string}"},"query-input":"required name=search_term_string"}],"inLanguage":"de"},{"@type":"Person","@id":"https:\/\/www.naturparkmagazin.de\/stechlin\/#\/schema\/person\/3f0d93203df21c806dd63c76d9bb28bc","name":"marioschrumpf","url":"https:\/\/www.naturparkmagazin.de\/stechlin\/author\/marioschrumpf\/"}]}},"_links":{"self":[{"href":"https:\/\/www.naturparkmagazin.de\/stechlin\/wp-json\/wp\/v2\/posts\/12792"}],"collection":[{"href":"https:\/\/www.naturparkmagazin.de\/stechlin\/wp-json\/wp\/v2\/posts"}],"about":[{"href":"https:\/\/www.naturparkmagazin.de\/stechlin\/wp-json\/wp\/v2\/types\/post"}],"author":[{"embeddable":true,"href":"https:\/\/www.naturparkmagazin.de\/stechlin\/wp-json\/wp\/v2\/users\/39"}],"replies":[{"embeddable":true,"href":"https:\/\/www.naturparkmagazin.de\/stechlin\/wp-json\/wp\/v2\/comments?post=12792"}],"version-history":[{"count":3,"href":"https:\/\/www.naturparkmagazin.de\/stechlin\/wp-json\/wp\/v2\/posts\/12792\/revisions"}],"predecessor-version":[{"id":12845,"href":"https:\/\/www.naturparkmagazin.de\/stechlin\/wp-json\/wp\/v2\/posts\/12792\/revisions\/12845"}],"wp:featuredmedia":[{"embeddable":true,"href":"https:\/\/www.naturparkmagazin.de\/stechlin\/wp-json\/wp\/v2\/media\/12809"}],"wp:attachment":[{"href":"https:\/\/www.naturparkmagazin.de\/stechlin\/wp-json\/wp\/v2\/media?parent=12792"}],"wp:term":[{"taxonomy":"category","embeddable":true,"href":"https:\/\/www.naturparkmagazin.de\/stechlin\/wp-json\/wp\/v2\/categories?post=12792"},{"taxonomy":"post_tag","embeddable":true,"href":"https:\/\/www.naturparkmagazin.de\/stechlin\/wp-json\/wp\/v2\/tags?post=12792"}],"curies":[{"name":"wp","href":"https:\/\/api.w.org\/{rel}","templated":true}]}}