{"id":1281,"date":"2014-08-20T12:05:30","date_gmt":"2014-08-20T10:05:30","guid":{"rendered":"http:\/\/www.naturparkmagazin.de\/stechlin\/?p=1281"},"modified":"2014-08-27T16:24:09","modified_gmt":"2014-08-27T14:24:09","slug":"geheimnisse-einer-landschaft-naturschutzgebiet-stechlin-2","status":"publish","type":"post","link":"https:\/\/www.naturparkmagazin.de\/stechlin\/geheimnisse-einer-landschaft-naturschutzgebiet-stechlin-2\/","title":{"rendered":"Geheimnisse einer Landschaft &#8211; Naturschutzgebiet Stechlin"},"content":{"rendered":"<div id=\"attachment_812\" style=\"width: 510px\" class=\"wp-caption alignnone\"><a href=\"https:\/\/www.naturparkmagazin.de\/stechlin\/wp-content\/uploads\/sites\/38\/Fontanewanderung.jpg\"><img aria-describedby=\"caption-attachment-812\" decoding=\"async\" loading=\"lazy\" class=\"size-full wp-image-812\" alt=\"Fontanewanderung\" src=\"https:\/\/www.naturparkmagazin.de\/stechlin\/wp-content\/uploads\/sites\/38\/Fontanewanderung.jpg\" width=\"500\" height=\"335\" srcset=\"https:\/\/www.naturparkmagazin.de\/stechlin\/wp-content\/uploads\/sites\/38\/Fontanewanderung.jpg 500w, https:\/\/www.naturparkmagazin.de\/stechlin\/wp-content\/uploads\/sites\/38\/Fontanewanderung-300x201.jpg 300w, https:\/\/www.naturparkmagazin.de\/stechlin\/wp-content\/uploads\/sites\/38\/Fontanewanderung-200x134.jpg 200w\" sizes=\"(max-width: 500px) 100vw, 500px\" \/><\/a><p id=\"caption-attachment-812\" class=\"wp-caption-text\">Fontanewanderung<\/p><\/div>\n<p>Renate Fechner, zertifizierte Natur- und Landschaftsf\u00fchrerin des Naturparks l\u00e4dt am 27.9. zu einer Wanderung in das herbstliche Naturschutzgebiet ein unter dem Motto <em>&#8222;Ihr sch\u00f6nen Herbsttage, wie gr\u00fc\u00df&#8216; ich euch&#8230;&#8220;<\/em> Strecke: Buchholzer Weg-Dagow-Stechlin-Neuglobsow. Die Waldnutzung in vergangenen Zeiten, Geschichten und \u00fcberlieferte Erz\u00e4hlungen sind Thema dieser Wanderung in einem unbekannten Teil des Naturschutzgebietes Stechlin.<\/p>\n<p><strong>Anmeldung:<\/strong> Tel.: 033082\/40866, 0173\/4496249<\/p>\n<p><strong>Kosten:<\/strong> 8 \u20ac Startgeld, einschlie\u00dflich 4 Std. naturkundliche F\u00fchrung; Schlusseinkehr vorgesehen<\/p>\n<p><strong>Start:<\/strong> Bhf. F\u00fcrstenberg\/H., 9.50 Uhr<\/p>\n<p><strong>Strecke:<\/strong> 10 km (4 km\/h)<\/p>\n<div id=\"attachment_813\" style=\"width: 510px\" class=\"wp-caption alignnone\"><a href=\"https:\/\/www.naturparkmagazin.de\/stechlin\/wp-content\/uploads\/sites\/38\/Buchenwald001.jpg\"><img aria-describedby=\"caption-attachment-813\" decoding=\"async\" loading=\"lazy\" class=\"size-full wp-image-813\" alt=\"Buchenwaldwanderung\" src=\"https:\/\/www.naturparkmagazin.de\/stechlin\/wp-content\/uploads\/sites\/38\/Buchenwald001.jpg\" width=\"500\" height=\"321\" srcset=\"https:\/\/www.naturparkmagazin.de\/stechlin\/wp-content\/uploads\/sites\/38\/Buchenwald001.jpg 500w, https:\/\/www.naturparkmagazin.de\/stechlin\/wp-content\/uploads\/sites\/38\/Buchenwald001-300x193.jpg 300w, https:\/\/www.naturparkmagazin.de\/stechlin\/wp-content\/uploads\/sites\/38\/Buchenwald001-200x128.jpg 200w\" sizes=\"(max-width: 500px) 100vw, 500px\" \/><\/a><p id=\"caption-attachment-813\" class=\"wp-caption-text\">Buchenwaldwanderung<\/p><\/div>\n","protected":false},"excerpt":{"rendered":"<p>Renate Fechner, zertifizierte Natur- und Landschaftsf\u00fchrerin des Naturparks l\u00e4dt am 27.9. zu einer Wanderung in das herbstliche Naturschutzgebiet ein.<\/p>\n","protected":false},"author":39,"featured_media":191,"comment_status":"open","ping_status":"open","sticky":false,"template":"","format":"standard","meta":[],"categories":[11],"tags":[],"yoast_head":"<!-- This site is optimized with the Yoast SEO plugin v19.10 - https:\/\/yoast.com\/wordpress\/plugins\/seo\/ -->\n<title>Geheimnisse einer Landschaft - Naturschutzgebiet Stechlin - Naturpark Stechlin-Ruppiner Land<\/title>\n<meta name=\"robots\" content=\"index, follow, max-snippet:-1, max-image-preview:large, max-video-preview:-1\" \/>\n<link rel=\"canonical\" href=\"https:\/\/www.naturparkmagazin.de\/stechlin\/geheimnisse-einer-landschaft-naturschutzgebiet-stechlin-2\/\" \/>\n<meta property=\"og:locale\" content=\"de_DE\" \/>\n<meta property=\"og:type\" content=\"article\" \/>\n<meta property=\"og:title\" content=\"Geheimnisse einer Landschaft - Naturschutzgebiet Stechlin - Naturpark Stechlin-Ruppiner Land\" \/>\n<meta property=\"og:description\" content=\"Renate Fechner, zertifizierte Natur- und Landschaftsf\u00fchrerin des Naturparks l\u00e4dt am 27.9. zu einer Wanderung in das herbstliche Naturschutzgebiet ein.\" \/>\n<meta property=\"og:url\" content=\"https:\/\/www.naturparkmagazin.de\/stechlin\/geheimnisse-einer-landschaft-naturschutzgebiet-stechlin-2\/\" \/>\n<meta property=\"og:site_name\" content=\"Naturpark Stechlin-Ruppiner Land\" \/>\n<meta property=\"article:published_time\" content=\"2014-08-20T10:05:30+00:00\" \/>\n<meta property=\"article:modified_time\" content=\"2014-08-27T14:24:09+00:00\" \/>\n<meta property=\"og:image\" content=\"https:\/\/www.naturparkmagazin.de\/stechlin\/wp-content\/uploads\/sites\/38\/k-Stechlinsee.jpg\" \/>\n\t<meta property=\"og:image:width\" content=\"1936\" \/>\n\t<meta property=\"og:image:height\" content=\"1296\" \/>\n\t<meta property=\"og:image:type\" content=\"image\/jpeg\" \/>\n<meta name=\"author\" content=\"marioschrumpf\" \/>\n<meta name=\"twitter:label1\" content=\"Verfasst von\" \/>\n\t<meta name=\"twitter:data1\" content=\"marioschrumpf\" \/>\n<script type=\"application\/ld+json\" class=\"yoast-schema-graph\">{\"@context\":\"https:\/\/schema.org\",\"@graph\":[{\"@type\":\"WebPage\",\"@id\":\"https:\/\/www.naturparkmagazin.de\/stechlin\/geheimnisse-einer-landschaft-naturschutzgebiet-stechlin-2\/\",\"url\":\"https:\/\/www.naturparkmagazin.de\/stechlin\/geheimnisse-einer-landschaft-naturschutzgebiet-stechlin-2\/\",\"name\":\"Geheimnisse einer Landschaft - Naturschutzgebiet Stechlin - Naturpark Stechlin-Ruppiner Land\",\"isPartOf\":{\"@id\":\"https:\/\/www.naturparkmagazin.de\/stechlin\/#website\"},\"datePublished\":\"2014-08-20T10:05:30+00:00\",\"dateModified\":\"2014-08-27T14:24:09+00:00\",\"author\":{\"@id\":\"https:\/\/www.naturparkmagazin.de\/stechlin\/#\/schema\/person\/3f0d93203df21c806dd63c76d9bb28bc\"},\"breadcrumb\":{\"@id\":\"https:\/\/www.naturparkmagazin.de\/stechlin\/geheimnisse-einer-landschaft-naturschutzgebiet-stechlin-2\/#breadcrumb\"},\"inLanguage\":\"de\",\"potentialAction\":[{\"@type\":\"ReadAction\",\"target\":[\"https:\/\/www.naturparkmagazin.de\/stechlin\/geheimnisse-einer-landschaft-naturschutzgebiet-stechlin-2\/\"]}]},{\"@type\":\"BreadcrumbList\",\"@id\":\"https:\/\/www.naturparkmagazin.de\/stechlin\/geheimnisse-einer-landschaft-naturschutzgebiet-stechlin-2\/#breadcrumb\",\"itemListElement\":[{\"@type\":\"ListItem\",\"position\":1,\"name\":\"Home\",\"item\":\"https:\/\/www.naturparkmagazin.de\/stechlin\/\"},{\"@type\":\"ListItem\",\"position\":2,\"name\":\"Geheimnisse einer Landschaft &#8211; Naturschutzgebiet Stechlin\"}]},{\"@type\":\"WebSite\",\"@id\":\"https:\/\/www.naturparkmagazin.de\/stechlin\/#website\",\"url\":\"https:\/\/www.naturparkmagazin.de\/stechlin\/\",\"name\":\"Naturpark Stechlin-Ruppiner Land\",\"description\":\"\",\"potentialAction\":[{\"@type\":\"SearchAction\",\"target\":{\"@type\":\"EntryPoint\",\"urlTemplate\":\"https:\/\/www.naturparkmagazin.de\/stechlin\/?s={search_term_string}\"},\"query-input\":\"required name=search_term_string\"}],\"inLanguage\":\"de\"},{\"@type\":\"Person\",\"@id\":\"https:\/\/www.naturparkmagazin.de\/stechlin\/#\/schema\/person\/3f0d93203df21c806dd63c76d9bb28bc\",\"name\":\"marioschrumpf\",\"url\":\"https:\/\/www.naturparkmagazin.de\/stechlin\/author\/marioschrumpf\/\"}]}<\/script>\n<!-- \/ Yoast SEO plugin. -->","yoast_head_json":{"title":"Geheimnisse einer Landschaft - Naturschutzgebiet Stechlin - Naturpark Stechlin-Ruppiner Land","robots":{"index":"index","follow":"follow","max-snippet":"max-snippet:-1","max-image-preview":"max-image-preview:large","max-video-preview":"max-video-preview:-1"},"canonical":"https:\/\/www.naturparkmagazin.de\/stechlin\/geheimnisse-einer-landschaft-naturschutzgebiet-stechlin-2\/","og_locale":"de_DE","og_type":"article","og_title":"Geheimnisse einer Landschaft - Naturschutzgebiet Stechlin - Naturpark Stechlin-Ruppiner Land","og_description":"Renate Fechner, zertifizierte Natur- und Landschaftsf\u00fchrerin des Naturparks l\u00e4dt am 27.9. zu einer Wanderung in das herbstliche Naturschutzgebiet ein.","og_url":"https:\/\/www.naturparkmagazin.de\/stechlin\/geheimnisse-einer-landschaft-naturschutzgebiet-stechlin-2\/","og_site_name":"Naturpark Stechlin-Ruppiner Land","article_published_time":"2014-08-20T10:05:30+00:00","article_modified_time":"2014-08-27T14:24:09+00:00","og_image":[{"width":1936,"height":1296,"url":"https:\/\/www.naturparkmagazin.de\/stechlin\/wp-content\/uploads\/sites\/38\/k-Stechlinsee.jpg","type":"image\/jpeg"}],"author":"marioschrumpf","twitter_misc":{"Verfasst von":"marioschrumpf"},"schema":{"@context":"https:\/\/schema.org","@graph":[{"@type":"WebPage","@id":"https:\/\/www.naturparkmagazin.de\/stechlin\/geheimnisse-einer-landschaft-naturschutzgebiet-stechlin-2\/","url":"https:\/\/www.naturparkmagazin.de\/stechlin\/geheimnisse-einer-landschaft-naturschutzgebiet-stechlin-2\/","name":"Geheimnisse einer Landschaft - Naturschutzgebiet Stechlin - Naturpark Stechlin-Ruppiner Land","isPartOf":{"@id":"https:\/\/www.naturparkmagazin.de\/stechlin\/#website"},"datePublished":"2014-08-20T10:05:30+00:00","dateModified":"2014-08-27T14:24:09+00:00","author":{"@id":"https:\/\/www.naturparkmagazin.de\/stechlin\/#\/schema\/person\/3f0d93203df21c806dd63c76d9bb28bc"},"breadcrumb":{"@id":"https:\/\/www.naturparkmagazin.de\/stechlin\/geheimnisse-einer-landschaft-naturschutzgebiet-stechlin-2\/#breadcrumb"},"inLanguage":"de","potentialAction":[{"@type":"ReadAction","target":["https:\/\/www.naturparkmagazin.de\/stechlin\/geheimnisse-einer-landschaft-naturschutzgebiet-stechlin-2\/"]}]},{"@type":"BreadcrumbList","@id":"https:\/\/www.naturparkmagazin.de\/stechlin\/geheimnisse-einer-landschaft-naturschutzgebiet-stechlin-2\/#breadcrumb","itemListElement":[{"@type":"ListItem","position":1,"name":"Home","item":"https:\/\/www.naturparkmagazin.de\/stechlin\/"},{"@type":"ListItem","position":2,"name":"Geheimnisse einer Landschaft &#8211; Naturschutzgebiet Stechlin"}]},{"@type":"WebSite","@id":"https:\/\/www.naturparkmagazin.de\/stechlin\/#website","url":"https:\/\/www.naturparkmagazin.de\/stechlin\/","name":"Naturpark Stechlin-Ruppiner Land","description":"","potentialAction":[{"@type":"SearchAction","target":{"@type":"EntryPoint","urlTemplate":"https:\/\/www.naturparkmagazin.de\/stechlin\/?s={search_term_string}"},"query-input":"required name=search_term_string"}],"inLanguage":"de"},{"@type":"Person","@id":"https:\/\/www.naturparkmagazin.de\/stechlin\/#\/schema\/person\/3f0d93203df21c806dd63c76d9bb28bc","name":"marioschrumpf","url":"https:\/\/www.naturparkmagazin.de\/stechlin\/author\/marioschrumpf\/"}]}},"_links":{"self":[{"href":"https:\/\/www.naturparkmagazin.de\/stechlin\/wp-json\/wp\/v2\/posts\/1281"}],"collection":[{"href":"https:\/\/www.naturparkmagazin.de\/stechlin\/wp-json\/wp\/v2\/posts"}],"about":[{"href":"https:\/\/www.naturparkmagazin.de\/stechlin\/wp-json\/wp\/v2\/types\/post"}],"author":[{"embeddable":true,"href":"https:\/\/www.naturparkmagazin.de\/stechlin\/wp-json\/wp\/v2\/users\/39"}],"replies":[{"embeddable":true,"href":"https:\/\/www.naturparkmagazin.de\/stechlin\/wp-json\/wp\/v2\/comments?post=1281"}],"version-history":[{"count":4,"href":"https:\/\/www.naturparkmagazin.de\/stechlin\/wp-json\/wp\/v2\/posts\/1281\/revisions"}],"predecessor-version":[{"id":1329,"href":"https:\/\/www.naturparkmagazin.de\/stechlin\/wp-json\/wp\/v2\/posts\/1281\/revisions\/1329"}],"wp:featuredmedia":[{"embeddable":true,"href":"https:\/\/www.naturparkmagazin.de\/stechlin\/wp-json\/wp\/v2\/media\/191"}],"wp:attachment":[{"href":"https:\/\/www.naturparkmagazin.de\/stechlin\/wp-json\/wp\/v2\/media?parent=1281"}],"wp:term":[{"taxonomy":"category","embeddable":true,"href":"https:\/\/www.naturparkmagazin.de\/stechlin\/wp-json\/wp\/v2\/categories?post=1281"},{"taxonomy":"post_tag","embeddable":true,"href":"https:\/\/www.naturparkmagazin.de\/stechlin\/wp-json\/wp\/v2\/tags?post=1281"}],"curies":[{"name":"wp","href":"https:\/\/api.w.org\/{rel}","templated":true}]}}