{"id":12827,"date":"2022-12-13T15:02:15","date_gmt":"2022-12-13T14:02:15","guid":{"rendered":"https:\/\/www.naturparkmagazin.de\/stechlin\/?p=12827"},"modified":"2022-12-15T08:58:03","modified_gmt":"2022-12-15T07:58:03","slug":"natur-und-landschaftsfuehrer-unterstuetzen-mobilfunkmessung","status":"publish","type":"post","link":"https:\/\/www.naturparkmagazin.de\/stechlin\/natur-und-landschaftsfuehrer-unterstuetzen-mobilfunkmessung\/","title":{"rendered":"Natur- und Landschaftsf\u00fchrer unterst\u00fctzen Mobilfunkmessung"},"content":{"rendered":"<p>Im d\u00fcnn besiedelten Ruppiner Land sind Funkl\u00f6cher nach wie vor ein gro\u00dfes Problem. Einheimische wissen das nur zu gut und Besucher oder Touristen machen immer wieder die Erfahrung, dass der Mobilfunkempfang in vielen Bereichen miserabel bis gar nicht m\u00f6glich ist.<\/p>\n<div id=\"attachment_12914\" style=\"width: 310px\" class=\"wp-caption aligncenter\"><a href=\"https:\/\/www.naturparkmagazin.de\/stechlin\/wp-content\/uploads\/sites\/38\/Olaf-Wolff-mit-Messbox-im-Rucksack.jpg\"><img aria-describedby=\"caption-attachment-12914\" decoding=\"async\" loading=\"lazy\" class=\"size-full wp-image-12914\" src=\"https:\/\/www.naturparkmagazin.de\/stechlin\/wp-content\/uploads\/sites\/38\/Olaf-Wolff-mit-Messbox-im-Rucksack.jpg\" alt=\"\" width=\"300\" height=\"500\" srcset=\"https:\/\/www.naturparkmagazin.de\/stechlin\/wp-content\/uploads\/sites\/38\/Olaf-Wolff-mit-Messbox-im-Rucksack.jpg 300w, https:\/\/www.naturparkmagazin.de\/stechlin\/wp-content\/uploads\/sites\/38\/Olaf-Wolff-mit-Messbox-im-Rucksack-200x333.jpg 200w\" sizes=\"(max-width: 300px) 100vw, 300px\" \/><\/a><p id=\"caption-attachment-12914\" class=\"wp-caption-text\">Messbox im Rucksack\u00a9 Olaf Wolff<\/p><\/div>\n<p>An einem Projekt, in dem die \u201ewei\u00dfen L\u00f6cher\u201c mittels reproduzierbarer Messwerte ermittelt und genau lokalisiert werden k\u00f6nnen, beteiligen sich nun auch die zertifizierten Natur- und Landschaftsf\u00fchrer:innen Barbara Pietschmann und Olaf Wolff. Auf ihren Wander- oder Radtouren f\u00fchren sie zur Zeit im Rucksack ein kleines K\u00e4stchen mit, dass wertvolle Informationen \u00fcber die mehr oder weniger vorhandene St\u00e4rke der Mobilfunknetze sammelt.<\/p>\n<div id=\"attachment_12913\" style=\"width: 310px\" class=\"wp-caption aligncenter\"><a href=\"https:\/\/www.naturparkmagazin.de\/stechlin\/wp-content\/uploads\/sites\/38\/Mobile-Messbox.jpg\"><img aria-describedby=\"caption-attachment-12913\" decoding=\"async\" loading=\"lazy\" class=\"size-thumbnail wp-image-12913\" src=\"https:\/\/www.naturparkmagazin.de\/stechlin\/wp-content\/uploads\/sites\/38\/Mobile-Messbox-300x180.jpg\" alt=\"\" width=\"300\" height=\"180\" srcset=\"https:\/\/www.naturparkmagazin.de\/stechlin\/wp-content\/uploads\/sites\/38\/Mobile-Messbox-300x180.jpg 300w, https:\/\/www.naturparkmagazin.de\/stechlin\/wp-content\/uploads\/sites\/38\/Mobile-Messbox-200x120.jpg 200w, https:\/\/www.naturparkmagazin.de\/stechlin\/wp-content\/uploads\/sites\/38\/Mobile-Messbox.jpg 500w\" sizes=\"(max-width: 300px) 100vw, 300px\" \/><\/a><p id=\"caption-attachment-12913\" class=\"wp-caption-text\">Mobile Messbox\u00a9 Olaf Wolff<\/p><\/div>\n<p>Mehr zum Projekt im Landkreis Ostprignitz-Ruppin:<\/p>\n<p><a href=\"https:\/\/www.youtube.com\/watch?v=_E6Ay21maLg\" target=\"_blank\" rel=\"noopener\">https:\/\/www.youtube.com\/watch?v=_E6Ay21maLg<\/a><\/p>\n","protected":false},"excerpt":{"rendered":"<p>Im d\u00fcnn besiedelten Ruppiner Land sind Funkl\u00f6cher nach wie vor ein gro\u00dfes Problem.<\/p>\n","protected":false},"author":39,"featured_media":12915,"comment_status":"open","ping_status":"open","sticky":false,"template":"","format":"standard","meta":[],"categories":[7],"tags":[],"yoast_head":"<!-- This site is optimized with the Yoast SEO plugin v19.10 - https:\/\/yoast.com\/wordpress\/plugins\/seo\/ -->\n<title>Natur- und Landschaftsf\u00fchrer unterst\u00fctzen Mobilfunkmessung - Naturpark Stechlin-Ruppiner Land<\/title>\n<meta name=\"robots\" content=\"index, follow, max-snippet:-1, max-image-preview:large, max-video-preview:-1\" \/>\n<link rel=\"canonical\" href=\"https:\/\/www.naturparkmagazin.de\/stechlin\/natur-und-landschaftsfuehrer-unterstuetzen-mobilfunkmessung\/\" \/>\n<meta property=\"og:locale\" content=\"de_DE\" \/>\n<meta property=\"og:type\" content=\"article\" \/>\n<meta property=\"og:title\" content=\"Natur- und Landschaftsf\u00fchrer unterst\u00fctzen Mobilfunkmessung - Naturpark Stechlin-Ruppiner Land\" \/>\n<meta property=\"og:description\" content=\"Im d\u00fcnn besiedelten Ruppiner Land sind Funkl\u00f6cher nach wie vor ein gro\u00dfes Problem.\" \/>\n<meta property=\"og:url\" content=\"https:\/\/www.naturparkmagazin.de\/stechlin\/natur-und-landschaftsfuehrer-unterstuetzen-mobilfunkmessung\/\" \/>\n<meta property=\"og:site_name\" content=\"Naturpark Stechlin-Ruppiner Land\" \/>\n<meta property=\"article:published_time\" content=\"2022-12-13T14:02:15+00:00\" \/>\n<meta property=\"article:modified_time\" content=\"2022-12-15T07:58:03+00:00\" \/>\n<meta property=\"og:image\" content=\"https:\/\/www.naturparkmagazin.de\/stechlin\/wp-content\/uploads\/sites\/38\/Olaf-Wolff-mit-Messbox-im-Rucksack_a.jpg\" \/>\n\t<meta property=\"og:image:width\" content=\"200\" \/>\n\t<meta property=\"og:image:height\" content=\"200\" \/>\n\t<meta property=\"og:image:type\" content=\"image\/jpeg\" \/>\n<meta name=\"author\" content=\"marioschrumpf\" \/>\n<meta name=\"twitter:label1\" content=\"Verfasst von\" \/>\n\t<meta name=\"twitter:data1\" content=\"marioschrumpf\" \/>\n\t<meta name=\"twitter:label2\" content=\"Gesch\u00e4tzte Lesezeit\" \/>\n\t<meta name=\"twitter:data2\" content=\"2\u00a0Minuten\" \/>\n<script type=\"application\/ld+json\" class=\"yoast-schema-graph\">{\"@context\":\"https:\/\/schema.org\",\"@graph\":[{\"@type\":\"WebPage\",\"@id\":\"https:\/\/www.naturparkmagazin.de\/stechlin\/natur-und-landschaftsfuehrer-unterstuetzen-mobilfunkmessung\/\",\"url\":\"https:\/\/www.naturparkmagazin.de\/stechlin\/natur-und-landschaftsfuehrer-unterstuetzen-mobilfunkmessung\/\",\"name\":\"Natur- und Landschaftsf\u00fchrer unterst\u00fctzen Mobilfunkmessung - Naturpark Stechlin-Ruppiner Land\",\"isPartOf\":{\"@id\":\"https:\/\/www.naturparkmagazin.de\/stechlin\/#website\"},\"datePublished\":\"2022-12-13T14:02:15+00:00\",\"dateModified\":\"2022-12-15T07:58:03+00:00\",\"author\":{\"@id\":\"https:\/\/www.naturparkmagazin.de\/stechlin\/#\/schema\/person\/3f0d93203df21c806dd63c76d9bb28bc\"},\"breadcrumb\":{\"@id\":\"https:\/\/www.naturparkmagazin.de\/stechlin\/natur-und-landschaftsfuehrer-unterstuetzen-mobilfunkmessung\/#breadcrumb\"},\"inLanguage\":\"de\",\"potentialAction\":[{\"@type\":\"ReadAction\",\"target\":[\"https:\/\/www.naturparkmagazin.de\/stechlin\/natur-und-landschaftsfuehrer-unterstuetzen-mobilfunkmessung\/\"]}]},{\"@type\":\"BreadcrumbList\",\"@id\":\"https:\/\/www.naturparkmagazin.de\/stechlin\/natur-und-landschaftsfuehrer-unterstuetzen-mobilfunkmessung\/#breadcrumb\",\"itemListElement\":[{\"@type\":\"ListItem\",\"position\":1,\"name\":\"Home\",\"item\":\"https:\/\/www.naturparkmagazin.de\/stechlin\/\"},{\"@type\":\"ListItem\",\"position\":2,\"name\":\"Natur- und Landschaftsf\u00fchrer unterst\u00fctzen Mobilfunkmessung\"}]},{\"@type\":\"WebSite\",\"@id\":\"https:\/\/www.naturparkmagazin.de\/stechlin\/#website\",\"url\":\"https:\/\/www.naturparkmagazin.de\/stechlin\/\",\"name\":\"Naturpark Stechlin-Ruppiner Land\",\"description\":\"\",\"potentialAction\":[{\"@type\":\"SearchAction\",\"target\":{\"@type\":\"EntryPoint\",\"urlTemplate\":\"https:\/\/www.naturparkmagazin.de\/stechlin\/?s={search_term_string}\"},\"query-input\":\"required name=search_term_string\"}],\"inLanguage\":\"de\"},{\"@type\":\"Person\",\"@id\":\"https:\/\/www.naturparkmagazin.de\/stechlin\/#\/schema\/person\/3f0d93203df21c806dd63c76d9bb28bc\",\"name\":\"marioschrumpf\",\"url\":\"https:\/\/www.naturparkmagazin.de\/stechlin\/author\/marioschrumpf\/\"}]}<\/script>\n<!-- \/ Yoast SEO plugin. -->","yoast_head_json":{"title":"Natur- und Landschaftsf\u00fchrer unterst\u00fctzen Mobilfunkmessung - Naturpark Stechlin-Ruppiner Land","robots":{"index":"index","follow":"follow","max-snippet":"max-snippet:-1","max-image-preview":"max-image-preview:large","max-video-preview":"max-video-preview:-1"},"canonical":"https:\/\/www.naturparkmagazin.de\/stechlin\/natur-und-landschaftsfuehrer-unterstuetzen-mobilfunkmessung\/","og_locale":"de_DE","og_type":"article","og_title":"Natur- und Landschaftsf\u00fchrer unterst\u00fctzen Mobilfunkmessung - Naturpark Stechlin-Ruppiner Land","og_description":"Im d\u00fcnn besiedelten Ruppiner Land sind Funkl\u00f6cher nach wie vor ein gro\u00dfes Problem.","og_url":"https:\/\/www.naturparkmagazin.de\/stechlin\/natur-und-landschaftsfuehrer-unterstuetzen-mobilfunkmessung\/","og_site_name":"Naturpark Stechlin-Ruppiner Land","article_published_time":"2022-12-13T14:02:15+00:00","article_modified_time":"2022-12-15T07:58:03+00:00","og_image":[{"width":200,"height":200,"url":"https:\/\/www.naturparkmagazin.de\/stechlin\/wp-content\/uploads\/sites\/38\/Olaf-Wolff-mit-Messbox-im-Rucksack_a.jpg","type":"image\/jpeg"}],"author":"marioschrumpf","twitter_misc":{"Verfasst von":"marioschrumpf","Gesch\u00e4tzte Lesezeit":"2\u00a0Minuten"},"schema":{"@context":"https:\/\/schema.org","@graph":[{"@type":"WebPage","@id":"https:\/\/www.naturparkmagazin.de\/stechlin\/natur-und-landschaftsfuehrer-unterstuetzen-mobilfunkmessung\/","url":"https:\/\/www.naturparkmagazin.de\/stechlin\/natur-und-landschaftsfuehrer-unterstuetzen-mobilfunkmessung\/","name":"Natur- und Landschaftsf\u00fchrer unterst\u00fctzen Mobilfunkmessung - Naturpark Stechlin-Ruppiner Land","isPartOf":{"@id":"https:\/\/www.naturparkmagazin.de\/stechlin\/#website"},"datePublished":"2022-12-13T14:02:15+00:00","dateModified":"2022-12-15T07:58:03+00:00","author":{"@id":"https:\/\/www.naturparkmagazin.de\/stechlin\/#\/schema\/person\/3f0d93203df21c806dd63c76d9bb28bc"},"breadcrumb":{"@id":"https:\/\/www.naturparkmagazin.de\/stechlin\/natur-und-landschaftsfuehrer-unterstuetzen-mobilfunkmessung\/#breadcrumb"},"inLanguage":"de","potentialAction":[{"@type":"ReadAction","target":["https:\/\/www.naturparkmagazin.de\/stechlin\/natur-und-landschaftsfuehrer-unterstuetzen-mobilfunkmessung\/"]}]},{"@type":"BreadcrumbList","@id":"https:\/\/www.naturparkmagazin.de\/stechlin\/natur-und-landschaftsfuehrer-unterstuetzen-mobilfunkmessung\/#breadcrumb","itemListElement":[{"@type":"ListItem","position":1,"name":"Home","item":"https:\/\/www.naturparkmagazin.de\/stechlin\/"},{"@type":"ListItem","position":2,"name":"Natur- und Landschaftsf\u00fchrer unterst\u00fctzen Mobilfunkmessung"}]},{"@type":"WebSite","@id":"https:\/\/www.naturparkmagazin.de\/stechlin\/#website","url":"https:\/\/www.naturparkmagazin.de\/stechlin\/","name":"Naturpark Stechlin-Ruppiner Land","description":"","potentialAction":[{"@type":"SearchAction","target":{"@type":"EntryPoint","urlTemplate":"https:\/\/www.naturparkmagazin.de\/stechlin\/?s={search_term_string}"},"query-input":"required name=search_term_string"}],"inLanguage":"de"},{"@type":"Person","@id":"https:\/\/www.naturparkmagazin.de\/stechlin\/#\/schema\/person\/3f0d93203df21c806dd63c76d9bb28bc","name":"marioschrumpf","url":"https:\/\/www.naturparkmagazin.de\/stechlin\/author\/marioschrumpf\/"}]}},"_links":{"self":[{"href":"https:\/\/www.naturparkmagazin.de\/stechlin\/wp-json\/wp\/v2\/posts\/12827"}],"collection":[{"href":"https:\/\/www.naturparkmagazin.de\/stechlin\/wp-json\/wp\/v2\/posts"}],"about":[{"href":"https:\/\/www.naturparkmagazin.de\/stechlin\/wp-json\/wp\/v2\/types\/post"}],"author":[{"embeddable":true,"href":"https:\/\/www.naturparkmagazin.de\/stechlin\/wp-json\/wp\/v2\/users\/39"}],"replies":[{"embeddable":true,"href":"https:\/\/www.naturparkmagazin.de\/stechlin\/wp-json\/wp\/v2\/comments?post=12827"}],"version-history":[{"count":5,"href":"https:\/\/www.naturparkmagazin.de\/stechlin\/wp-json\/wp\/v2\/posts\/12827\/revisions"}],"predecessor-version":[{"id":12964,"href":"https:\/\/www.naturparkmagazin.de\/stechlin\/wp-json\/wp\/v2\/posts\/12827\/revisions\/12964"}],"wp:featuredmedia":[{"embeddable":true,"href":"https:\/\/www.naturparkmagazin.de\/stechlin\/wp-json\/wp\/v2\/media\/12915"}],"wp:attachment":[{"href":"https:\/\/www.naturparkmagazin.de\/stechlin\/wp-json\/wp\/v2\/media?parent=12827"}],"wp:term":[{"taxonomy":"category","embeddable":true,"href":"https:\/\/www.naturparkmagazin.de\/stechlin\/wp-json\/wp\/v2\/categories?post=12827"},{"taxonomy":"post_tag","embeddable":true,"href":"https:\/\/www.naturparkmagazin.de\/stechlin\/wp-json\/wp\/v2\/tags?post=12827"}],"curies":[{"name":"wp","href":"https:\/\/api.w.org\/{rel}","templated":true}]}}